{"id":1808318,"date":"2026-03-05T07:32:44","date_gmt":"2026-03-05T04:32:44","guid":{"rendered":"https:\/\/analyse.optim.biz\/?p=1808318"},"modified":"2026-03-05T07:32:44","modified_gmt":"2026-03-05T04:32:44","slug":"doi-biciclisti-s-au-prabusit-pe-sosea-la-vicovu-de-jos-unul-a-ajuns-la-spital-cu-fractura-suceavalive","status":"publish","type":"post","link":"https:\/\/analyse.optim.biz\/?p=1808318","title":{"rendered":"Doi bicicli\u0219ti s-au pr\u0103bu\u0219it pe \u0219osea la Vicovu de Jos. Unul a ajuns la spital cu fractur\u0103 &#8211; SuceavaLIVE"},"content":{"rendered":"<p>[analyse_image type=&#8221;featured&#8221; src=&#8221;https:\/\/suceavalive.ro\/wp-content\/uploads\/2020\/07\/bicicleta-e1594372693673.jpghttps:\/\/suceavalive.ro\/wp-content\/uploads\/2020\/07\/bicicleta-e1594372693673.jpg&#8221;]<\/p>\n<article id=\"post-288442\" class=\"clearfix post-288442 post type-post status-publish format-standard has-post-thumbnail hentry category-comunicate\">\n<header id=\"cb-standard-featured\">\n<div id=\"cb-fis-wrap\" class=\"cb-entry-header cb-fis cb-style-standard\"><span class=\"cb-title-fi\"><\/p>\n<h1 class=\"entry-title cb-entry-title cb-single-title\">Doi bicicli\u0219ti s-au pr\u0103bu\u0219it pe \u0219osea la Vicovu de Jos. Unul a ajuns la spital cu fractur\u0103<\/h1>\n<div class=\"cb-byline cb-font-header\">\n<div class=\"cb-date cb-byline-element\"><time datetime=\"2026-03-05\">5 martie 2026<\/time><\/div>\n<\/div>\n<p><\/span><\/div>\n<\/header>\n<section class=\"cb-entry-content entry-content clearfix\">\n<p data-path-to-node=\"2\"><span>O deplasare cu bicicleta s-a \u00eencheiat brusc \u0219i dureros pentru doi b\u0103rba\u021bi, mar\u021bi diminea\u021b\u0103, pe raza comunei Vicovu de Jos. \u00cen jurul orei 11:20, \u00een timp ce se deplasau pe drumul na\u021bional DN 2H, din direc\u021bia Putna, M. M. \u0219i Z. M.s-au dezechilibrat simultan \u0219i au c\u0103zut pe partea carosabil\u0103. De\u0219i apelul la 112 efectuat de un martor indica prezen\u021ba unui \u201ebiciclist beat\u201d, realitatea constatat\u0103 de poli\u021bi\u0219tii Sec\u021biei G\u0103l\u0103ne\u0219ti a fost u\u0219or diferit\u0103, dar nu lipsit\u0103 de consecin\u021be legale.<\/span><\/p>\n<p data-path-to-node=\"3\"><span>\u00cen urma impactului cu asfaltul, Z. M., un b\u0103rbat din R\u0103d\u0103u\u021bi, a suferit cele mai grave leziuni. Acesta a fost preluat de un echipaj SMURD \u0219i transportat la Spitalul Municipal R\u0103d\u0103u\u021bi, unde medicii l-au diagnosticat cu o fractur\u0103 de tibie la piciorul st\u00e2ng. Cel\u0103lalt biciclist a sc\u0103pat nev\u0103t\u0103mat, \u00eens\u0103 ambii au fost supu\u0219i test\u0103rii cu aparatul etilotest.<\/span><\/p>\n<p data-path-to-node=\"4\"><span>Rezultatele au ar\u0103tat c\u0103 M. M. nu consumase alcool, \u00eens\u0103 \u00een cazul b\u0103rbatului r\u0103nit, aparatul a indicat o valoare de <b data-path-to-node=\"4\" data-index-in-node=\"126\">0,13 mg\/l alcool pur \u00een aerul expirat<\/b>. Chiar dac\u0103 valoarea este mic\u0103, legisla\u021bia rutier\u0103 interzice consumul de alcool pentru conduc\u0103torii de biciclete, motiv pentru care acesta a fost sanc\u021bionat contraven\u021bional. Conform procedurilor standard \u00een cazul accidentelor cu victime, poli\u021bi\u0219tii au \u00eentocmit un dosar penal sub aspectul s\u0103v\u00e2r\u0219irii infrac\u021biunii de \u201ev\u0103t\u0103mare corporal\u0103 din culp\u0103\u201d.<\/span><\/p>\n<\/section>\n<footer class=\"article-footer\">\n<div class=\"cb-social-sharing cb-post-footer-block cb-beside clearfix\">\n<div class=\"cb-title-subtle\">Share On:<\/div>\n<div class=\"cb-twitter\"><a href=\"https:\/\/twitter.com\/share\" class=\"twitter-share-button\" data-dnt=\"true\" data-count=\"horizontal\">Tweet<\/a><\/div>\n<\/div>\n<div id=\"cb-previous-next-links\" class=\"cb-post-footer-block clearfix\">\n<div id=\"cb-previous-link\"><a href=\"https:\/\/suceavalive.ro\/de-la-taiat-lemne-direct-la-spital-si-apoi-in-arest-gelozia-si-alcoolul-au-trimis-un-barbat-din-baia-in-spatele-gratiilor\/\" rel=\"prev\">De la t\u0103iat lemne, direct la spital \u0219i apoi \u00een arest: Gelozia \u0219i alcoolul au trimis un b\u0103rbat din Baia \u00een spatele gratiilor<\/a><\/div>\n<div id=\"cb-next-link\"><a href=\"https:\/\/suceavalive.ro\/senatorul-ioan-stan-psd-nu-va-vota-bugetul-daca-masurile-sociale-si-investitiile-propuse-nu-sunt-incluse\/\" rel=\"next\">Senatorul Ioan Stan: \u201ePSD nu va vota bugetul dac\u0103 m\u0103surile sociale \u0219i investi\u021biile propuse nu sunt incluse\u201d<\/a><\/div>\n<\/div>\n<div id=\"cb-author-box\" class=\"clearfix\">\n<h3 class=\"cb-block-title\">Despre autor<\/h3>\n<div class=\"cb-meta\">\n<div class=\"cb-info\">\n<div class=\"cb-author-title vcard\"><a href=\"https:\/\/suceavalive.ro\/author\/suceavalive\/\"><span class=\"fn\">SuceavaLive<\/span><\/a><\/div>\n<\/div>\n<\/div>\n<\/div>\n<div id=\"cb-related-posts\" class=\"cb-related-posts-block cb-post-end-block clearfix\">\n<h3 class=\"cb-block-title\">Postari asemanatoare<\/h3>\n<ul>\n<li class=\"cb-style-overlay cb-grid-entry cb-related-post no-1\">\n<div class=\"cb-meta cb-article-meta\">\n<h4 class=\"h3 cb-post-title\"><a href=\"https:\/\/suceavalive.ro\/bolojan-sustine-ca-primariile-care-au-granita-cu-resedinta-de-judet-sa-devina-primarii-de-sector\/\">Bolojan sus\u021bine ca prim\u0103riile care au grani\u021b\u0103 cu re\u0219edin\u021ba de jude\u021b s\u0103 devin\u0103 prim\u0103rii de sector<\/a><\/h4>\n<div class=\"cb-byline cb-font-header\">\n<div class=\"cb-date cb-byline-element\"><time datetime=\"2026-03-05\">5 martie 2026<\/time><\/div>\n<\/div>\n<\/div>\n<\/li>\n<li class=\"cb-style-overlay cb-grid-entry cb-related-post no-2\">\n<div class=\"cb-meta cb-article-meta\">\n<h4 class=\"h3 cb-post-title\"><a href=\"https:\/\/suceavalive.ro\/zona-joasa-a-judetului-suceava-sub-cod-galben-de-vant\/\">Zona joas\u0103 a jude\u021bului Suceava, sub COD GALBEN de v\u00e2nt<\/a><\/h4>\n<div class=\"cb-byline cb-font-header\">\n<div class=\"cb-date cb-byline-element\"><time datetime=\"2026-03-05\">5 martie 2026<\/time><\/div>\n<\/div>\n<\/div>\n<\/li>\n<\/ul>\n<\/div>\n<\/footer>\n<div id=\"respond\" class=\"comment-respond\">\n<h3 id=\"reply-title\" class=\"comment-reply-title\">Lasa un raspuns <small><a rel=\"nofollow\" id=\"cancel-comment-reply-link\" href=\"https:\/\/suceavalive.ro\/doi-biciclisti-s-au-prabusit-pe-sosea-la-vicovu-de-jos-unul-a-ajuns-la-spital-cu-fractura\/?fbclid=IwY2xjawQWQ7lleHRuA2FlbQIxMABicmlkETBaaUVvN0FIUmMzT1FlakNLc3J0YwZhcHBfaWQQMjIyMDM5MTc4ODIwMDg5MgABHnTGOb7rZki5coTV_t-QurXtI13xLU3tEDGlGc8pXf00CZJFNK-ieSPjYnGk_aem_E9bwC5hXmpnQK-fzDbOlqQ#respond\">Anuleaza raspunsul<\/a><\/small><\/h3>\n<p class=\"comment-notes\">Adresa ta de email nu va fi publicat\u0103.<\/p>\n<\/div>\n<\/article>\n<section class=\"cb-entry-content entry-content clearfix\">\n<p data-path-to-node=\"2\"><span>O deplasare cu bicicleta s-a \u00eencheiat brusc \u0219i dureros pentru doi b\u0103rba\u021bi, mar\u021bi diminea\u021b\u0103, pe raza comunei Vicovu de Jos. \u00cen jurul orei 11:20, \u00een timp ce se deplasau pe drumul na\u021bional DN 2H, din direc\u021bia Putna, M. M. \u0219i Z. M.s-au dezechilibrat simultan \u0219i au c\u0103zut pe partea carosabil\u0103. De\u0219i apelul la 112 efectuat de un martor indica prezen\u021ba unui \u201ebiciclist beat\u201d, realitatea constatat\u0103 de poli\u021bi\u0219tii Sec\u021biei G\u0103l\u0103ne\u0219ti a fost u\u0219or diferit\u0103, dar nu lipsit\u0103 de consecin\u021be legale.<\/span><\/p>\n<p data-path-to-node=\"3\"><span>\u00cen urma impactului cu asfaltul, Z. M., un b\u0103rbat din R\u0103d\u0103u\u021bi, a suferit cele mai grave leziuni. Acesta a fost preluat de un echipaj SMURD \u0219i transportat la Spitalul Municipal R\u0103d\u0103u\u021bi, unde medicii l-au diagnosticat cu o fractur\u0103 de tibie la piciorul st\u00e2ng. Cel\u0103lalt biciclist a sc\u0103pat nev\u0103t\u0103mat, \u00eens\u0103 ambii au fost supu\u0219i test\u0103rii cu aparatul etilotest.<\/span><\/p>\n<p data-path-to-node=\"4\"><span>Rezultatele au ar\u0103tat c\u0103 M. M. nu consumase alcool, \u00eens\u0103 \u00een cazul b\u0103rbatului r\u0103nit, aparatul a indicat o valoare de <b data-path-to-node=\"4\" data-index-in-node=\"126\">0,13 mg\/l alcool pur \u00een aerul expirat<\/b>. Chiar dac\u0103 valoarea este mic\u0103, legisla\u021bia rutier\u0103 interzice consumul de alcool pentru conduc\u0103torii de biciclete, motiv pentru care acesta a fost sanc\u021bionat contraven\u021bional. Conform procedurilor standard \u00een cazul accidentelor cu victime, poli\u021bi\u0219tii au \u00eentocmit un dosar penal sub aspectul s\u0103v\u00e2r\u0219irii infrac\u021biunii de \u201ev\u0103t\u0103mare corporal\u0103 din culp\u0103\u201d.<\/span><\/p>\n<\/section>\n<section class=\"cb-entry-content entry-content clearfix\">\n<p data-path-to-node=\"2\"><span>O deplasare cu bicicleta s-a \u00eencheiat brusc \u0219i dureros pentru doi b\u0103rba\u021bi, mar\u021bi diminea\u021b\u0103, pe raza comunei Vicovu de Jos. \u00cen jurul orei 11:20, \u00een timp ce se deplasau pe drumul na\u021bional DN 2H, din direc\u021bia Putna, M. M. \u0219i Z. M.s-au dezechilibrat simultan \u0219i au c\u0103zut pe partea carosabil\u0103. De\u0219i apelul la 112 efectuat de un martor indica prezen\u021ba unui \u201ebiciclist beat\u201d, realitatea constatat\u0103 de poli\u021bi\u0219tii Sec\u021biei G\u0103l\u0103ne\u0219ti a fost u\u0219or diferit\u0103, dar nu lipsit\u0103 de consecin\u021be legale.<\/span><\/p>\n<p data-path-to-node=\"3\"><span>\u00cen urma impactului cu asfaltul, Z. M., un b\u0103rbat din R\u0103d\u0103u\u021bi, a suferit cele mai grave leziuni. Acesta a fost preluat de un echipaj SMURD \u0219i transportat la Spitalul Municipal R\u0103d\u0103u\u021bi, unde medicii l-au diagnosticat cu o fractur\u0103 de tibie la piciorul st\u00e2ng. Cel\u0103lalt biciclist a sc\u0103pat nev\u0103t\u0103mat, \u00eens\u0103 ambii au fost supu\u0219i test\u0103rii cu aparatul etilotest.<\/span><\/p>\n<p data-path-to-node=\"4\"><span>Rezultatele au ar\u0103tat c\u0103 M. M. nu consumase alcool, \u00eens\u0103 \u00een cazul b\u0103rbatului r\u0103nit, aparatul a indicat o valoare de <b data-path-to-node=\"4\" data-index-in-node=\"126\">0,13 mg\/l alcool pur \u00een aerul expirat<\/b>. Chiar dac\u0103 valoarea este mic\u0103, legisla\u021bia rutier\u0103 interzice consumul de alcool pentru conduc\u0103torii de biciclete, motiv pentru care acesta a fost sanc\u021bionat contraven\u021bional. Conform procedurilor standard \u00een cazul accidentelor cu victime, poli\u021bi\u0219tii au \u00eentocmit un dosar penal sub aspectul s\u0103v\u00e2r\u0219irii infrac\u021biunii de \u201ev\u0103t\u0103mare corporal\u0103 din culp\u0103\u201d.<\/span><\/p>\n<\/section>\n<p>[analyse_source url=&#8221;https:\/\/suceavalive.ro\/doi-biciclisti-s-au-prabusit-pe-sosea-la-vicovu-de-jos-unul-a-ajuns-la-spital-cu-fractura\/&#8221;]<\/p>\n","protected":false},"excerpt":{"rendered":"<p>[analyse_image type=&#8221;featured&#8221; src=&#8221;https:\/\/suceavalive.ro\/wp-content\/uploads\/2020\/07\/bicicleta-e1594372693673.jpghttps:\/\/suceavalive.ro\/wp-content\/uploads\/2020\/07\/bicicleta-e1594372693673.jpg&#8221;] Doi bicicli\u0219ti s-au pr\u0103bu\u0219it pe \u0219osea la Vicovu de Jos. Unul a ajuns la spital cu fractur\u0103 5 martie 2026 O deplasare cu bicicleta s-a \u00eencheiat brusc \u0219i dureros pentru doi b\u0103rba\u021bi, mar\u021bi diminea\u021b\u0103, pe raza comunei Vicovu de Jos. \u00cen jurul orei 11:20, \u00een timp ce se deplasau pe drumul na\u021bional [&hellip;]<\/p>\n","protected":false},"author":1,"featured_media":0,"comment_status":"open","ping_status":"","sticky":false,"template":"","format":"standard","meta":{"footnotes":""},"categories":[89],"tags":[226,173],"class_list":["post-1808318","post","type-post","status-publish","format-standard","hentry","category-romania","tag-crawlmanager","tag-suceavalive-ro"],"_links":{"self":[{"href":"https:\/\/analyse.optim.biz\/index.php?rest_route=\/wp\/v2\/posts\/1808318","targetHints":{"allow":["GET"]}}],"collection":[{"href":"https:\/\/analyse.optim.biz\/index.php?rest_route=\/wp\/v2\/posts"}],"about":[{"href":"https:\/\/analyse.optim.biz\/index.php?rest_route=\/wp\/v2\/types\/post"}],"author":[{"embeddable":true,"href":"https:\/\/analyse.optim.biz\/index.php?rest_route=\/wp\/v2\/users\/1"}],"replies":[{"embeddable":true,"href":"https:\/\/analyse.optim.biz\/index.php?rest_route=%2Fwp%2Fv2%2Fcomments&post=1808318"}],"version-history":[{"count":0,"href":"https:\/\/analyse.optim.biz\/index.php?rest_route=\/wp\/v2\/posts\/1808318\/revisions"}],"wp:attachment":[{"href":"https:\/\/analyse.optim.biz\/index.php?rest_route=%2Fwp%2Fv2%2Fmedia&parent=1808318"}],"wp:term":[{"taxonomy":"category","embeddable":true,"href":"https:\/\/analyse.optim.biz\/index.php?rest_route=%2Fwp%2Fv2%2Fcategories&post=1808318"},{"taxonomy":"post_tag","embeddable":true,"href":"https:\/\/analyse.optim.biz\/index.php?rest_route=%2Fwp%2Fv2%2Ftags&post=1808318"}],"curies":[{"name":"wp","href":"https:\/\/api.w.org\/{rel}","templated":true}]}}