{"id":1807762,"date":"2026-03-03T09:45:12","date_gmt":"2026-03-03T06:45:12","guid":{"rendered":"https:\/\/analyse.optim.biz\/?p=1807762"},"modified":"2026-03-03T09:45:12","modified_gmt":"2026-03-03T06:45:12","slug":"profesorul-de-la-brodina-care-s-a-fotografiat-dezbracat-revine-la-scoala-inspectorul-ciprian-anton-suntem","status":"publish","type":"post","link":"https:\/\/analyse.optim.biz\/?p=1807762","title":{"rendered":"Profesorul de la Brodina care s-a fotografiat dezbr\u0103cat revine la \u0219coal\u0103. Inspectorul Ciprian Anton: \u201eSuntem"},"content":{"rendered":"<p>[analyse_image type=&#8221;featured&#8221; src=&#8221;https:\/\/suceavalive.ro\/wp-content\/uploads\/2026\/03\/ciprian-anton-3.jpeghttps:\/\/suceavalive.ro\/wp-content\/uploads\/2026\/03\/ciprian-anton-3.jpeg&#8221;]<\/p>\n<article id=\"post-288311\" class=\"clearfix post-288311 post type-post status-publish format-standard has-post-thumbnail hentry category-slide category-categoria-social\">\n<header id=\"cb-standard-featured\">\n<div id=\"cb-fis-wrap\" class=\"cb-entry-header cb-fis cb-style-standard\"><span class=\"cb-title-fi\"><\/p>\n<h1 class=\"entry-title cb-entry-title cb-single-title\">Profesorul de la Brodina care s-a fotografiat dezbr\u0103cat revine la \u0219coal\u0103. Inspectorul Ciprian Anton: \u201eSuntem obliga\u021bi s\u0103 respect\u0103m legisla\u021bia\u201d<\/h1>\n<div class=\"cb-byline cb-font-header\">\n<div class=\"cb-date cb-byline-element\"><time datetime=\"2026-03-03\">3 martie 2026<\/time><\/div>\n<\/div>\n<p><\/span><\/div>\n<\/header>\n<section class=\"cb-entry-content entry-content clearfix\">\n<p data-start=\"12\" data-end=\"307\"><span>Vasile Ursulean, fostul director al \u0218colii Gimnaziale Brodina care s-a fotografiat nud \u0219i i-ar fi trimis fotografiile unei eleve din Falc\u0103u, revine la \u0219coal\u0103, dup\u0103 un an de concediu f\u0103r\u0103 plat\u0103. Inspectorul \u0219colar general al ISJ Suceava, prof. Ciprian Anton, a clarificat situa\u021bia mar\u021bi, 3 martie 2026, subliniind c\u0103, de\u0219i cadrul didactic \u00eendepline\u0219te condi\u021biile legale pentru revenire, acesta nu se va \u00eentoarce la catedr\u0103.<\/span><\/p>\n<p data-path-to-node=\"1\"><span>\u00cen prezent, profesorul a depus toate documentele necesare, inclusiv cazierul judiciar \u0219i adeverin\u021ba de la medicina muncii, care sunt valabile conform legisla\u021biei \u00een vigoare. Consiliul de Administra\u021bie al \u0219colii urmeaz\u0103 s\u0103 se \u00eentruneasc\u0103 pentru a lua act de aceste acte \u0219i pentru a declan\u0219a oficial o cercetare disciplinar\u0103. Pe durata acestei proceduri, Vasile Ursulean va fi monitorizat \u0219i i se vor atribui alte sarcini prev\u0103zute \u00een fi\u0219a postului, f\u0103r\u0103 a avea permisiunea de a sus\u021bine ore sau de a interac\u021biona cu elevii p\u00e2n\u0103 la finalizarea analizei.<\/span><\/p>\n<p data-path-to-node=\"2\"><span>Situa\u021bia juridic\u0103 a fostului director r\u0103m\u00e2ne complex\u0103, deoarece exist\u0103 un dosar penal aflat \u00een lucru, cauza fiind \u00eenaintat\u0103 de c\u0103tre Poli\u021bie c\u0103tre Parchetul R\u0103d\u0103u\u021bi. Inspectoratul \u0218colar Jude\u021bean Suceava va solicita informa\u021bii oficiale pentru a clarifica stadiul anchetei, av\u00e2nd rolul de a superviza respectarea legii \u00een acest conflict de munc\u0103. De\u0219i din punct de vedere personal consider\u0103 fapta imputat\u0103 ca fiind extrem de grav\u0103 \u0219i incompatibil\u0103 cu sistemul de \u00eenv\u0103\u021b\u0103m\u00e2nt, prof. Ciprian Anton a precizat c\u0103 institu\u021bia este obligat\u0103 s\u0103 respecte procedurile legale \u0219i dreptul la munc\u0103 p\u00e2n\u0103 la o decizie final\u0103 a Parchetului.<\/span><\/p>\n<blockquote>\n<p data-start=\"12\" data-end=\"307\"><span><strong><em>\u201e\u00cen acest moment, profesorul \u00eendepline\u0219te condi\u021biile pentru a reveni la catedr\u0103. A prezentat toate documentele solicitate. Certificatul de cazier judiciar este valabil. Adeverin\u021ba medical\u0103 de la medicina muncii este valabil\u0103. Toate actele au fost depuse la unitatea de \u00eenv\u0103\u021b\u0103m\u00e2nt.<\/em><\/strong><\/span><\/p>\n<p data-start=\"309\" data-end=\"651\"><span><strong><em>M\u00e2ine, un coleg va fi prezent la \u0219coal\u0103, deoarece Consiliul de Administra\u021bie se va \u00eentruni pentru a lua act de aceste documente. \u00cen acela\u0219i timp, la nivelul \u0219colii s-a deschis o cercetare disciplinar\u0103. Profesorul va fi invitat la aceast\u0103 procedur\u0103. Pe durata cercet\u0103rii, nu va sus\u021bine ore \u0219i nu va intra la clas\u0103 p\u00e2n\u0103 la finalizarea analizei.<\/em><\/strong><\/span><\/p>\n<p data-start=\"653\" data-end=\"964\"><span><strong><em>Ace\u0219tia sunt pa\u0219ii legali pe care trebuie s\u0103 \u00eei urm\u0103m. Chiar dac\u0103 documentele sunt \u00een regul\u0103, conducerea \u0219i Consiliul de Administra\u021bie \u00eel vor \u00een\u0219tiin\u021ba oficial. I se pot atribui alte sarcini prev\u0103zute \u00een fi\u0219a postului, dac\u0103 dore\u0219te s\u0103 r\u0103m\u00e2n\u0103 \u00een \u0219coal\u0103. Nu va interac\u021biona cu elevii p\u00e2n\u0103 la finalizarea anchetei.<\/em><\/strong><\/span><\/p>\n<p data-start=\"966\" data-end=\"1365\"><span><strong><em>Exist\u0103 un dosar penal aflat \u00een lucru. Profesorul a lipsit un an din activitate. Consiliul de Administra\u021bie are posibilitatea s\u0103 se autosesizeze \u0219i s\u0103 declan\u0219eze cercetarea disciplinar\u0103. Durata acesteia depinde de situa\u021bie \u0219i de probele administrate. Decizia poate fi contestat\u0103 \u00een instan\u021b\u0103, conform legii. P\u00e2n\u0103 la un punct de vedere final, vom respecta cadrul legal \u0219i profesorul nu va intra la ore.<\/em><\/strong><\/span><\/p>\n<p data-start=\"1367\" data-end=\"1708\"><span><strong><em>Dosarul penal nu este finalizat. Poli\u021bia a \u00eenaintat cauza c\u0103tre Parchet. \u00cen prezent, dosarul se afl\u0103 la Parchetul R\u0103d\u0103u\u021bi. Vom solicita oficial informa\u021bii pentru a clarifica stadiul cauzei. Dorim o solu\u021bie care s\u0103 respecte dreptul la munc\u0103 al persoanei vizate \u0219i, \u00een acela\u0219i timp, s\u0103 evite orice abuz din partea Consiliului de Administra\u021bie.<\/em><\/strong><\/span><\/p>\n<p data-start=\"1710\" data-end=\"1939\"><span><strong><em>Contractul individual de munc\u0103 este \u00eencheiat cu directorul unit\u0103\u021bii de \u00eenv\u0103\u021b\u0103m\u00e2nt, nu cu inspectoratul. Inspectoratul are rol de supervizare, pentru a se asigura c\u0103 se respect\u0103 legea \u0219i c\u0103 nu se \u00eencalc\u0103 drepturile niciunei p\u0103r\u021bi.<\/em><\/strong><\/span><\/p>\n<p data-start=\"1941\" data-end=\"2284\" data-is-last-node data-is-only-node><span><strong><em>Din punct de vedere personal, consider c\u0103 fapta imputat\u0103 este grav\u0103 \u0219i nu are ce c\u0103uta \u00een sistemul de \u00eenv\u0103\u021b\u0103m\u00e2nt. Totu\u0219i, \u00een prezent, suntem obliga\u021bi s\u0103 respect\u0103m legisla\u021bia \u00een vigoare \u0219i procedurile legale. A\u0219tept\u0103m solu\u021bia Parchetului, deoarece aceast\u0103 decizie va avea impact \u0219i asupra modului \u00een care vom gestiona cazuri similare \u00een viitor\u201d, a declarat inspectorul genereal al Inspectoratului \u0218colar Jude\u021bean Suceava, prof. Ciprian Anton.<\/em><\/strong><\/span><\/p>\n<\/blockquote>\n<div class=\"container\">\n<div id=\"model-response-message-contentr_b947a82db7ad37aa\" class=\"markdown markdown-main-panel enable-updated-hr-color preserve-whitespaces-in-response\" dir=\"ltr\" aria-live=\"polite\">\n<p data-path-to-node=\"0\"><span><span class=\"citation-120\">Reamintim c\u0103 \u00een luna ianuarie 2025, o serie de imagini cu con\u021binut explicit, \u00een care fostul director de la Brodina ap\u0103rea nud, au fost f\u0103cute publice<\/span>. <span class=\"citation-119\">Vasile Ursulean s-a fotografiat complet dezbr\u0103cat \u00een diverse loca\u021bii, precum dormitorul sau baia, av\u00e2nd \u00een multe cadre fa\u021ba vizibil\u0103<\/span>. <span class=\"citation-118\">Aceste fotografii indecente au circulat pe mai multe grupuri de WhatsApp, provoc\u00e2nd revolta p\u0103rin\u021bilor care au solicitat m\u0103suri urgente din partea autorit\u0103\u021bilor<\/span>.<\/span><\/p>\n<p id=\"p-rc_862a40707901e635-50\" data-path-to-node=\"1\"><span><span class=\"citation-117\">Aspectul cel mai grav al situa\u021biei este faptul c\u0103 imaginile respective ar fi fost trimise de c\u0103tre Vasile Ursulean unei eleve de gimnaziu din Falc\u0103u, la clasa c\u0103reia acesta preda disciplina fizic\u0103<\/span>. <span class=\"citation-116\">Imediat dup\u0103 ce cazul a fost mediatizat, acesta a demisionat din func\u021bia de conducere \u0219i a intrat \u00eentr-un concediu f\u0103r\u0103 plat\u0103<\/span>.<\/span><\/p>\n<\/div>\n<\/div>\n<\/section>\n<footer class=\"article-footer\">\n<div class=\"cb-social-sharing cb-post-footer-block cb-beside clearfix\">\n<div class=\"cb-title-subtle\">Share On:<\/div>\n<div class=\"cb-twitter\"><a href=\"https:\/\/twitter.com\/share\" class=\"twitter-share-button\" data-dnt=\"true\" data-count=\"horizontal\">Tweet<\/a><\/div>\n<\/div>\n<div id=\"cb-previous-next-links\" class=\"cb-post-footer-block clearfix\">\n<div id=\"cb-previous-link\"><a href=\"https:\/\/suceavalive.ro\/yoga-si-slabitul-mituri-adevaruri-si-ce-functioneaza-cu-adevarat\/\" rel=\"prev\">Yoga \u0219i sl\u0103bitul: mituri, adev\u0103ruri \u0219i ce func\u021bioneaz\u0103 cu adev\u0103rat<\/a><\/div>\n<div id=\"cb-next-link\"><a href=\"https:\/\/suceavalive.ro\/un-barbat-din-frasin-a-fost-retinut-dupa-ce-a-fost-prins-la-volan-cu-permisul-suspendat-pentru-a-treia-oara\/\" rel=\"next\">Un b\u0103rbat din Frasin a fost re\u021binut dup\u0103 ce a fost prins la volan cu permisul suspendat pentru a treia oar\u0103<\/a><\/div>\n<\/div>\n<div id=\"cb-author-box\" class=\"clearfix\">\n<h3 class=\"cb-block-title\">Despre autor<\/h3>\n<div class=\"cb-meta\">\n<div class=\"cb-info\">\n<div class=\"cb-author-title vcard\"><a href=\"https:\/\/suceavalive.ro\/author\/suceavalive\/\"><span class=\"fn\">SuceavaLive<\/span><\/a><\/div>\n<\/div>\n<\/div>\n<\/div>\n<div id=\"cb-related-posts\" class=\"cb-related-posts-block cb-post-end-block clearfix\">\n<h3 class=\"cb-block-title\">Postari asemanatoare<\/h3>\n<ul>\n<li class=\"cb-style-overlay cb-grid-entry cb-related-post no-1\">\n<div class=\"cb-meta cb-article-meta\">\n<h4 class=\"h3 cb-post-title\"><a href=\"https:\/\/suceavalive.ro\/draga-turistule-de-pasii-te-vor-purta-in-bucovina-nu-uita-de-biserica-de-lemn-din-todiresti\/\">Drag\u0103 turistule, de pa\u0219ii te vor purta \u00een Bucovina, nu uita de Biserica de lemn din Todire\u0219ti<\/a><\/h4>\n<div class=\"cb-byline cb-font-header\">\n<div class=\"cb-date cb-byline-element\"><time datetime=\"2026-03-04\">4 martie 2026<\/time><\/div>\n<\/div>\n<\/div>\n<\/li>\n<li class=\"cb-style-overlay cb-grid-entry cb-related-post no-2\">\n<div class=\"cb-meta cb-article-meta\">\n<h4 class=\"h3 cb-post-title\"><a href=\"https:\/\/suceavalive.ro\/stiati-ca-muzeul-arta-lemnului-din-campulung-moldovenesc-este-unic-in-romania\/\">\u0218tia\u021bi c\u0103 Muzeul Arta Lemnului din C\u00e2mpulung Moldovenesc este unic \u00een Rom\u00e2nia?<\/a><\/h4>\n<div class=\"cb-byline cb-font-header\">\n<div class=\"cb-date cb-byline-element\"><time datetime=\"2026-03-04\">4 martie 2026<\/time><\/div>\n<\/div>\n<\/div>\n<\/li>\n<\/ul>\n<\/div>\n<\/footer>\n<div id=\"respond\" class=\"comment-respond\">\n<h3 id=\"reply-title\" class=\"comment-reply-title\">Lasa un raspuns <small><a rel=\"nofollow\" id=\"cancel-comment-reply-link\" href=\"https:\/\/suceavalive.ro\/profesorul-de-la-brodina-care-s-a-fotografiat-dezbracat-revine-la-scoala-inspectorul-ciprian-anton-suntem-obligati-sa-respectam-legislatia\/#respond\">Anuleaza raspunsul<\/a><\/small><\/h3>\n<p class=\"comment-notes\">Adresa ta de email nu va fi publicat\u0103.<\/p>\n<\/div>\n<\/article>\n<section class=\"cb-entry-content entry-content clearfix\">\n<p data-start=\"12\" data-end=\"307\"><span>Vasile Ursulean, fostul director al \u0218colii Gimnaziale Brodina care s-a fotografiat nud \u0219i i-ar fi trimis fotografiile unei eleve din Falc\u0103u, revine la \u0219coal\u0103, dup\u0103 un an de concediu f\u0103r\u0103 plat\u0103. Inspectorul \u0219colar general al ISJ Suceava, prof. Ciprian Anton, a clarificat situa\u021bia mar\u021bi, 3 martie 2026, subliniind c\u0103, de\u0219i cadrul didactic \u00eendepline\u0219te condi\u021biile legale pentru revenire, acesta nu se va \u00eentoarce la catedr\u0103.<\/span><\/p>\n<p data-path-to-node=\"1\"><span>\u00cen prezent, profesorul a depus toate documentele necesare, inclusiv cazierul judiciar \u0219i adeverin\u021ba de la medicina muncii, care sunt valabile conform legisla\u021biei \u00een vigoare. Consiliul de Administra\u021bie al \u0219colii urmeaz\u0103 s\u0103 se \u00eentruneasc\u0103 pentru a lua act de aceste acte \u0219i pentru a declan\u0219a oficial o cercetare disciplinar\u0103. Pe durata acestei proceduri, Vasile Ursulean va fi monitorizat \u0219i i se vor atribui alte sarcini prev\u0103zute \u00een fi\u0219a postului, f\u0103r\u0103 a avea permisiunea de a sus\u021bine ore sau de a interac\u021biona cu elevii p\u00e2n\u0103 la finalizarea analizei.<\/span><\/p>\n<p data-path-to-node=\"2\"><span>Situa\u021bia juridic\u0103 a fostului director r\u0103m\u00e2ne complex\u0103, deoarece exist\u0103 un dosar penal aflat \u00een lucru, cauza fiind \u00eenaintat\u0103 de c\u0103tre Poli\u021bie c\u0103tre Parchetul R\u0103d\u0103u\u021bi. Inspectoratul \u0218colar Jude\u021bean Suceava va solicita informa\u021bii oficiale pentru a clarifica stadiul anchetei, av\u00e2nd rolul de a superviza respectarea legii \u00een acest conflict de munc\u0103. De\u0219i din punct de vedere personal consider\u0103 fapta imputat\u0103 ca fiind extrem de grav\u0103 \u0219i incompatibil\u0103 cu sistemul de \u00eenv\u0103\u021b\u0103m\u00e2nt, prof. Ciprian Anton a precizat c\u0103 institu\u021bia este obligat\u0103 s\u0103 respecte procedurile legale \u0219i dreptul la munc\u0103 p\u00e2n\u0103 la o decizie final\u0103 a Parchetului.<\/span><\/p>\n<blockquote>\n<p data-start=\"12\" data-end=\"307\"><span><strong><em>\u201e\u00cen acest moment, profesorul \u00eendepline\u0219te condi\u021biile pentru a reveni la catedr\u0103. A prezentat toate documentele solicitate. Certificatul de cazier judiciar este valabil. Adeverin\u021ba medical\u0103 de la medicina muncii este valabil\u0103. Toate actele au fost depuse la unitatea de \u00eenv\u0103\u021b\u0103m\u00e2nt.<\/em><\/strong><\/span><\/p>\n<p data-start=\"309\" data-end=\"651\"><span><strong><em>M\u00e2ine, un coleg va fi prezent la \u0219coal\u0103, deoarece Consiliul de Administra\u021bie se va \u00eentruni pentru a lua act de aceste documente. \u00cen acela\u0219i timp, la nivelul \u0219colii s-a deschis o cercetare disciplinar\u0103. Profesorul va fi invitat la aceast\u0103 procedur\u0103. Pe durata cercet\u0103rii, nu va sus\u021bine ore \u0219i nu va intra la clas\u0103 p\u00e2n\u0103 la finalizarea analizei.<\/em><\/strong><\/span><\/p>\n<p data-start=\"653\" data-end=\"964\"><span><strong><em>Ace\u0219tia sunt pa\u0219ii legali pe care trebuie s\u0103 \u00eei urm\u0103m. Chiar dac\u0103 documentele sunt \u00een regul\u0103, conducerea \u0219i Consiliul de Administra\u021bie \u00eel vor \u00een\u0219tiin\u021ba oficial. I se pot atribui alte sarcini prev\u0103zute \u00een fi\u0219a postului, dac\u0103 dore\u0219te s\u0103 r\u0103m\u00e2n\u0103 \u00een \u0219coal\u0103. Nu va interac\u021biona cu elevii p\u00e2n\u0103 la finalizarea anchetei.<\/em><\/strong><\/span><\/p>\n<p data-start=\"966\" data-end=\"1365\"><span><strong><em>Exist\u0103 un dosar penal aflat \u00een lucru. Profesorul a lipsit un an din activitate. Consiliul de Administra\u021bie are posibilitatea s\u0103 se autosesizeze \u0219i s\u0103 declan\u0219eze cercetarea disciplinar\u0103. Durata acesteia depinde de situa\u021bie \u0219i de probele administrate. Decizia poate fi contestat\u0103 \u00een instan\u021b\u0103, conform legii. P\u00e2n\u0103 la un punct de vedere final, vom respecta cadrul legal \u0219i profesorul nu va intra la ore.<\/em><\/strong><\/span><\/p>\n<p data-start=\"1367\" data-end=\"1708\"><span><strong><em>Dosarul penal nu este finalizat. Poli\u021bia a \u00eenaintat cauza c\u0103tre Parchet. \u00cen prezent, dosarul se afl\u0103 la Parchetul R\u0103d\u0103u\u021bi. Vom solicita oficial informa\u021bii pentru a clarifica stadiul cauzei. Dorim o solu\u021bie care s\u0103 respecte dreptul la munc\u0103 al persoanei vizate \u0219i, \u00een acela\u0219i timp, s\u0103 evite orice abuz din partea Consiliului de Administra\u021bie.<\/em><\/strong><\/span><\/p>\n<p data-start=\"1710\" data-end=\"1939\"><span><strong><em>Contractul individual de munc\u0103 este \u00eencheiat cu directorul unit\u0103\u021bii de \u00eenv\u0103\u021b\u0103m\u00e2nt, nu cu inspectoratul. Inspectoratul are rol de supervizare, pentru a se asigura c\u0103 se respect\u0103 legea \u0219i c\u0103 nu se \u00eencalc\u0103 drepturile niciunei p\u0103r\u021bi.<\/em><\/strong><\/span><\/p>\n<p data-start=\"1941\" data-end=\"2284\" data-is-last-node data-is-only-node><span><strong><em>Din punct de vedere personal, consider c\u0103 fapta imputat\u0103 este grav\u0103 \u0219i nu are ce c\u0103uta \u00een sistemul de \u00eenv\u0103\u021b\u0103m\u00e2nt. Totu\u0219i, \u00een prezent, suntem obliga\u021bi s\u0103 respect\u0103m legisla\u021bia \u00een vigoare \u0219i procedurile legale. A\u0219tept\u0103m solu\u021bia Parchetului, deoarece aceast\u0103 decizie va avea impact \u0219i asupra modului \u00een care vom gestiona cazuri similare \u00een viitor\u201d, a declarat inspectorul genereal al Inspectoratului \u0218colar Jude\u021bean Suceava, prof. Ciprian Anton.<\/em><\/strong><\/span><\/p>\n<\/blockquote>\n<div class=\"container\">\n<div id=\"model-response-message-contentr_b947a82db7ad37aa\" class=\"markdown markdown-main-panel enable-updated-hr-color preserve-whitespaces-in-response\" dir=\"ltr\" aria-live=\"polite\">\n<p data-path-to-node=\"0\"><span><span class=\"citation-120\">Reamintim c\u0103 \u00een luna ianuarie 2025, o serie de imagini cu con\u021binut explicit, \u00een care fostul director de la Brodina ap\u0103rea nud, au fost f\u0103cute publice<\/span>. <span class=\"citation-119\">Vasile Ursulean s-a fotografiat complet dezbr\u0103cat \u00een diverse loca\u021bii, precum dormitorul sau baia, av\u00e2nd \u00een multe cadre fa\u021ba vizibil\u0103<\/span>. <span class=\"citation-118\">Aceste fotografii indecente au circulat pe mai multe grupuri de WhatsApp, provoc\u00e2nd revolta p\u0103rin\u021bilor care au solicitat m\u0103suri urgente din partea autorit\u0103\u021bilor<\/span>.<\/span><\/p>\n<p id=\"p-rc_862a40707901e635-50\" data-path-to-node=\"1\"><span><span class=\"citation-117\">Aspectul cel mai grav al situa\u021biei este faptul c\u0103 imaginile respective ar fi fost trimise de c\u0103tre Vasile Ursulean unei eleve de gimnaziu din Falc\u0103u, la clasa c\u0103reia acesta preda disciplina fizic\u0103<\/span>. <span class=\"citation-116\">Imediat dup\u0103 ce cazul a fost mediatizat, acesta a demisionat din func\u021bia de conducere \u0219i a intrat \u00eentr-un concediu f\u0103r\u0103 plat\u0103<\/span>.<\/span><\/p>\n<\/div>\n<\/div>\n<\/section>\n<section class=\"cb-entry-content entry-content clearfix\">\n<p data-start=\"12\" data-end=\"307\"><span>Vasile Ursulean, fostul director al \u0218colii Gimnaziale Brodina care s-a fotografiat nud \u0219i i-ar fi trimis fotografiile unei eleve din Falc\u0103u, revine la \u0219coal\u0103, dup\u0103 un an de concediu f\u0103r\u0103 plat\u0103. Inspectorul \u0219colar general al ISJ Suceava, prof. Ciprian Anton, a clarificat situa\u021bia mar\u021bi, 3 martie 2026, subliniind c\u0103, de\u0219i cadrul didactic \u00eendepline\u0219te condi\u021biile legale pentru revenire, acesta nu se va \u00eentoarce la catedr\u0103.<\/span><\/p>\n<p data-path-to-node=\"1\"><span>\u00cen prezent, profesorul a depus toate documentele necesare, inclusiv cazierul judiciar \u0219i adeverin\u021ba de la medicina muncii, care sunt valabile conform legisla\u021biei \u00een vigoare. Consiliul de Administra\u021bie al \u0219colii urmeaz\u0103 s\u0103 se \u00eentruneasc\u0103 pentru a lua act de aceste acte \u0219i pentru a declan\u0219a oficial o cercetare disciplinar\u0103. Pe durata acestei proceduri, Vasile Ursulean va fi monitorizat \u0219i i se vor atribui alte sarcini prev\u0103zute \u00een fi\u0219a postului, f\u0103r\u0103 a avea permisiunea de a sus\u021bine ore sau de a interac\u021biona cu elevii p\u00e2n\u0103 la finalizarea analizei.<\/span><\/p>\n<p data-path-to-node=\"2\"><span>Situa\u021bia juridic\u0103 a fostului director r\u0103m\u00e2ne complex\u0103, deoarece exist\u0103 un dosar penal aflat \u00een lucru, cauza fiind \u00eenaintat\u0103 de c\u0103tre Poli\u021bie c\u0103tre Parchetul R\u0103d\u0103u\u021bi. Inspectoratul \u0218colar Jude\u021bean Suceava va solicita informa\u021bii oficiale pentru a clarifica stadiul anchetei, av\u00e2nd rolul de a superviza respectarea legii \u00een acest conflict de munc\u0103. De\u0219i din punct de vedere personal consider\u0103 fapta imputat\u0103 ca fiind extrem de grav\u0103 \u0219i incompatibil\u0103 cu sistemul de \u00eenv\u0103\u021b\u0103m\u00e2nt, prof. Ciprian Anton a precizat c\u0103 institu\u021bia este obligat\u0103 s\u0103 respecte procedurile legale \u0219i dreptul la munc\u0103 p\u00e2n\u0103 la o decizie final\u0103 a Parchetului.<\/span><\/p>\n<blockquote>\n<p data-start=\"12\" data-end=\"307\"><span><strong><em>\u201e\u00cen acest moment, profesorul \u00eendepline\u0219te condi\u021biile pentru a reveni la catedr\u0103. A prezentat toate documentele solicitate. Certificatul de cazier judiciar este valabil. Adeverin\u021ba medical\u0103 de la medicina muncii este valabil\u0103. Toate actele au fost depuse la unitatea de \u00eenv\u0103\u021b\u0103m\u00e2nt.<\/em><\/strong><\/span><\/p>\n<p data-start=\"309\" data-end=\"651\"><span><strong><em>M\u00e2ine, un coleg va fi prezent la \u0219coal\u0103, deoarece Consiliul de Administra\u021bie se va \u00eentruni pentru a lua act de aceste documente. \u00cen acela\u0219i timp, la nivelul \u0219colii s-a deschis o cercetare disciplinar\u0103. Profesorul va fi invitat la aceast\u0103 procedur\u0103. Pe durata cercet\u0103rii, nu va sus\u021bine ore \u0219i nu va intra la clas\u0103 p\u00e2n\u0103 la finalizarea analizei.<\/em><\/strong><\/span><\/p>\n<p data-start=\"653\" data-end=\"964\"><span><strong><em>Ace\u0219tia sunt pa\u0219ii legali pe care trebuie s\u0103 \u00eei urm\u0103m. Chiar dac\u0103 documentele sunt \u00een regul\u0103, conducerea \u0219i Consiliul de Administra\u021bie \u00eel vor \u00een\u0219tiin\u021ba oficial. I se pot atribui alte sarcini prev\u0103zute \u00een fi\u0219a postului, dac\u0103 dore\u0219te s\u0103 r\u0103m\u00e2n\u0103 \u00een \u0219coal\u0103. Nu va interac\u021biona cu elevii p\u00e2n\u0103 la finalizarea anchetei.<\/em><\/strong><\/span><\/p>\n<p data-start=\"966\" data-end=\"1365\"><span><strong><em>Exist\u0103 un dosar penal aflat \u00een lucru. Profesorul a lipsit un an din activitate. Consiliul de Administra\u021bie are posibilitatea s\u0103 se autosesizeze \u0219i s\u0103 declan\u0219eze cercetarea disciplinar\u0103. Durata acesteia depinde de situa\u021bie \u0219i de probele administrate. Decizia poate fi contestat\u0103 \u00een instan\u021b\u0103, conform legii. P\u00e2n\u0103 la un punct de vedere final, vom respecta cadrul legal \u0219i profesorul nu va intra la ore.<\/em><\/strong><\/span><\/p>\n<p data-start=\"1367\" data-end=\"1708\"><span><strong><em>Dosarul penal nu este finalizat. Poli\u021bia a \u00eenaintat cauza c\u0103tre Parchet. \u00cen prezent, dosarul se afl\u0103 la Parchetul R\u0103d\u0103u\u021bi. Vom solicita oficial informa\u021bii pentru a clarifica stadiul cauzei. Dorim o solu\u021bie care s\u0103 respecte dreptul la munc\u0103 al persoanei vizate \u0219i, \u00een acela\u0219i timp, s\u0103 evite orice abuz din partea Consiliului de Administra\u021bie.<\/em><\/strong><\/span><\/p>\n<p data-start=\"1710\" data-end=\"1939\"><span><strong><em>Contractul individual de munc\u0103 este \u00eencheiat cu directorul unit\u0103\u021bii de \u00eenv\u0103\u021b\u0103m\u00e2nt, nu cu inspectoratul. Inspectoratul are rol de supervizare, pentru a se asigura c\u0103 se respect\u0103 legea \u0219i c\u0103 nu se \u00eencalc\u0103 drepturile niciunei p\u0103r\u021bi.<\/em><\/strong><\/span><\/p>\n<p data-start=\"1941\" data-end=\"2284\" data-is-last-node data-is-only-node><span><strong><em>Din punct de vedere personal, consider c\u0103 fapta imputat\u0103 este grav\u0103 \u0219i nu are ce c\u0103uta \u00een sistemul de \u00eenv\u0103\u021b\u0103m\u00e2nt. Totu\u0219i, \u00een prezent, suntem obliga\u021bi s\u0103 respect\u0103m legisla\u021bia \u00een vigoare \u0219i procedurile legale. A\u0219tept\u0103m solu\u021bia Parchetului, deoarece aceast\u0103 decizie va avea impact \u0219i asupra modului \u00een care vom gestiona cazuri similare \u00een viitor\u201d, a declarat inspectorul genereal al Inspectoratului \u0218colar Jude\u021bean Suceava, prof. Ciprian Anton.<\/em><\/strong><\/span><\/p>\n<\/blockquote>\n<div class=\"container\">\n<div id=\"model-response-message-contentr_b947a82db7ad37aa\" class=\"markdown markdown-main-panel enable-updated-hr-color preserve-whitespaces-in-response\" dir=\"ltr\" aria-live=\"polite\">\n<p data-path-to-node=\"0\"><span><span class=\"citation-120\">Reamintim c\u0103 \u00een luna ianuarie 2025, o serie de imagini cu con\u021binut explicit, \u00een care fostul director de la Brodina ap\u0103rea nud, au fost f\u0103cute publice<\/span>. <span class=\"citation-119\">Vasile Ursulean s-a fotografiat complet dezbr\u0103cat \u00een diverse loca\u021bii, precum dormitorul sau baia, av\u00e2nd \u00een multe cadre fa\u021ba vizibil\u0103<\/span>. <span class=\"citation-118\">Aceste fotografii indecente au circulat pe mai multe grupuri de WhatsApp, provoc\u00e2nd revolta p\u0103rin\u021bilor care au solicitat m\u0103suri urgente din partea autorit\u0103\u021bilor<\/span>.<\/span><\/p>\n<p id=\"p-rc_862a40707901e635-50\" data-path-to-node=\"1\"><span><span class=\"citation-117\">Aspectul cel mai grav al situa\u021biei este faptul c\u0103 imaginile respective ar fi fost trimise de c\u0103tre Vasile Ursulean unei eleve de gimnaziu din Falc\u0103u, la clasa c\u0103reia acesta preda disciplina fizic\u0103<\/span>. <span class=\"citation-116\">Imediat dup\u0103 ce cazul a fost mediatizat, acesta a demisionat din func\u021bia de conducere \u0219i a intrat \u00eentr-un concediu f\u0103r\u0103 plat\u0103<\/span>.<\/span><\/p>\n<\/div>\n<\/div>\n<\/section>\n<p>[analyse_source url=&#8221;https:\/\/suceavalive.ro\/profesorul-de-la-brodina-care-s-a-fotografiat-dezbracat-revine-la-scoala-inspectorul-ciprian-anton-suntem-obligati-sa-respectam-legislatia\/&#8221;]<\/p>\n","protected":false},"excerpt":{"rendered":"<p>[analyse_image type=&#8221;featured&#8221; src=&#8221;https:\/\/suceavalive.ro\/wp-content\/uploads\/2026\/03\/ciprian-anton-3.jpeghttps:\/\/suceavalive.ro\/wp-content\/uploads\/2026\/03\/ciprian-anton-3.jpeg&#8221;] Profesorul de la Brodina care s-a fotografiat dezbr\u0103cat revine la \u0219coal\u0103. Inspectorul Ciprian Anton: \u201eSuntem obliga\u021bi s\u0103 respect\u0103m legisla\u021bia\u201d 3 martie 2026 Vasile Ursulean, fostul director al \u0218colii Gimnaziale Brodina care s-a fotografiat nud \u0219i i-ar fi trimis fotografiile unei eleve din Falc\u0103u, revine la \u0219coal\u0103, dup\u0103 un an de concediu f\u0103r\u0103 [&hellip;]<\/p>\n","protected":false},"author":1,"featured_media":0,"comment_status":"open","ping_status":"","sticky":false,"template":"","format":"standard","meta":{"footnotes":""},"categories":[89],"tags":[226,173],"class_list":["post-1807762","post","type-post","status-publish","format-standard","hentry","category-romania","tag-crawlmanager","tag-suceavalive-ro"],"_links":{"self":[{"href":"https:\/\/analyse.optim.biz\/index.php?rest_route=\/wp\/v2\/posts\/1807762","targetHints":{"allow":["GET"]}}],"collection":[{"href":"https:\/\/analyse.optim.biz\/index.php?rest_route=\/wp\/v2\/posts"}],"about":[{"href":"https:\/\/analyse.optim.biz\/index.php?rest_route=\/wp\/v2\/types\/post"}],"author":[{"embeddable":true,"href":"https:\/\/analyse.optim.biz\/index.php?rest_route=\/wp\/v2\/users\/1"}],"replies":[{"embeddable":true,"href":"https:\/\/analyse.optim.biz\/index.php?rest_route=%2Fwp%2Fv2%2Fcomments&post=1807762"}],"version-history":[{"count":0,"href":"https:\/\/analyse.optim.biz\/index.php?rest_route=\/wp\/v2\/posts\/1807762\/revisions"}],"wp:attachment":[{"href":"https:\/\/analyse.optim.biz\/index.php?rest_route=%2Fwp%2Fv2%2Fmedia&parent=1807762"}],"wp:term":[{"taxonomy":"category","embeddable":true,"href":"https:\/\/analyse.optim.biz\/index.php?rest_route=%2Fwp%2Fv2%2Fcategories&post=1807762"},{"taxonomy":"post_tag","embeddable":true,"href":"https:\/\/analyse.optim.biz\/index.php?rest_route=%2Fwp%2Fv2%2Ftags&post=1807762"}],"curies":[{"name":"wp","href":"https:\/\/api.w.org\/{rel}","templated":true}]}}