{"id":1807759,"date":"2026-03-03T08:37:45","date_gmt":"2026-03-03T05:37:45","guid":{"rendered":"https:\/\/analyse.optim.biz\/?p=1807759"},"modified":"2026-03-03T08:37:45","modified_gmt":"2026-03-03T05:37:45","slug":"doliu-dupa-moartea-andreei-anita-tanara-din-falticeni-care-a-mobilizat-romania-in-lupta-cu-o-forma-rara-de","status":"publish","type":"post","link":"https:\/\/analyse.optim.biz\/?p=1807759","title":{"rendered":"Doliu dup\u0103 moartea Andreei Ani\u021ba. T\u00e2n\u0103ra din F\u0103lticeni care a mobilizat Rom\u00e2nia \u00een lupta cu o form\u0103 rar\u0103 de"},"content":{"rendered":"<p>[analyse_image type=&#8221;featured&#8221; src=&#8221;https:\/\/suceavalive.ro\/wp-content\/uploads\/2026\/03\/andreea-anita-tanara-falticeni-cu-cancer.jpghttps:\/\/suceavalive.ro\/wp-content\/uploads\/2026\/03\/andreea-anita-tanara-falticeni-cu-cancer.jpg&#8221;]<\/p>\n<article id=\"post-288304\" class=\"clearfix post-288304 post type-post status-publish format-standard has-post-thumbnail hentry category-slide category-categoria-social\">\n<header id=\"cb-standard-featured\">\n<div id=\"cb-fis-wrap\" class=\"cb-entry-header cb-fis cb-style-standard\"><span class=\"cb-title-fi\"><\/p>\n<h1 class=\"entry-title cb-entry-title cb-single-title\">Doliu dup\u0103 moartea Andreei Ani\u021ba. T\u00e2n\u0103ra din F\u0103lticeni care a mobilizat Rom\u00e2nia \u00een lupta cu o form\u0103 rar\u0103 de cancer<\/h1>\n<div class=\"cb-byline cb-font-header\">\n<div class=\"cb-date cb-byline-element\"><time datetime=\"2026-03-03\">3 martie 2026<\/time><\/div>\n<\/div>\n<p><\/span><\/div>\n<\/header>\n<section class=\"cb-entry-content entry-content clearfix\">\n<p data-start=\"38\" data-end=\"419\"><span><span class=\"hover:entity-accent entity-underline inline cursor-pointer align-baseline\"><span class=\"whitespace-normal\">Andreea Ani\u021ba<\/span><\/span>, t\u00e2n\u0103ra care a reu\u0219it s\u0103 mobilizeze mii de oameni \u00eentr-un val impresionant de solidaritate, a \u00eencetat din via\u021b\u0103 chiar \u00een ziua \u00een care ar fi trebuit s\u0103 \u00ee\u0219i s\u0103rb\u0103toreasc\u0103 aniversarea. Anun\u021bul trist a fost f\u0103cut de mama sa, transform\u00e2nd o zi de bucurie \u00eentr-una de profund\u0103 durere pentru familie \u0219i pentru to\u021bi cei care au sperat \u00eentr-un miracol.<\/span><\/p>\n<p data-start=\"421\" data-end=\"660\"><span>Andreea a luptat cu demnitate \u00eempotriva unei boli necru\u021b\u0103toare. De\u0219i comunitatea s-a mobilizat exemplar \u0219i a str\u00e2ns fondurile necesare pentru tratamentul din Statele Unite, organismul ei, sl\u0103bit de suferin\u021b\u0103, nu a mai putut continua lupta.<\/span><\/p>\n<p data-start=\"662\" data-end=\"790\" data-is-last-node data-is-only-node><span>R\u0103m\u00e2ne \u00een urm\u0103 amintirea unei tinere curajoase \u0219i dovada c\u0103 solidaritatea \u0219i bun\u0103tatea pot uni oameni din toate col\u021burile \u021b\u0103rii.<\/span><\/p>\n<p>\u00a0<em>A<\/em><span><em>ndreea Ani\u0163a a fost mai mult dec\u00e2t o lupt\u0103toare. A fost o lumin\u0103 care a ars constant, chiar \u0219i atunci c\u00e2nd durerea era mai puternic\u0103 dec\u00e2t speran\u021ba. Unsprezece ani a \u00eenfruntat cancerul cu o for\u021b\u0103 care a uimit medici, prieteni \u0219i oameni care nu o cunoscuser\u0103 niciodat\u0103, dar care au ajuns s\u0103 o iubeasc\u0103 at\u00e2t de mult. A unit sute de mii de inimi \u00eentr-o singur\u0103 rug\u0103ciune, \u00eentr-un singur g\u00e2nd. S\u0103 tr\u0103iasc\u0103, s\u0103 mai z\u00e2mbeasc\u0103, s\u0103 mai lupte. E at\u00e2t de nedrept \u0219i greu de \u00een\u021beles. Dar Andreea nu a pierdut. Oamenii care au luptat cu ea, care au pl\u00e2ns \u0219i au sperat pentru ea, \u0219tiu asta. Ea a c\u00e2\u0219tigat fiecare zi \u00een care a iubit, a inspirat \u0219i a adunat suflete \u00een jurul ei.<\/em><\/span><\/p>\n<p><span><em>Dac\u0103 a\u0219 putea s\u0103 o iau de la cap\u0103t, a\u0219 trece prin tot din nou. Prin fric\u0103, prin lacrimi, prin a\u0219tept\u0103ri \u0219i speran\u021be. A\u0219 alege iar \u0219i iar s\u0103 cred, s\u0103 lupt, s\u0103 nu renun\u021b, doar pentru a mai avea \u00eenc\u0103 o zi \u00een care Andreea s\u0103 fie aici, s\u0103 ne uneasc\u0103, s\u0103 ne aminteasc\u0103 ce \u00eenseamn\u0103 curajul adev\u0103rat. Cred c\u0103 Dumnezeu nu duce pe nimeni pe un drum f\u0103r\u0103 sens. Drumul Andreei nu se termin\u0103 aici, ci se transform\u0103. Dumnezeu o va purta acolo unde nu mai exist\u0103 durere, unde nu mai exist\u0103 acea lupt\u0103 care i-a marcat via\u021ba, ci doar pace, lumin\u0103 \u0219i iubire. Iar pe noi ne va purta mai departe cu amintirea ei, ca pe o lec\u021bie vie despre credin\u021b\u0103, despre putere \u0219i despre ce \u00eenseamn\u0103 s\u0103 nu renun\u021bi niciodat\u0103, chiar \u0219i atunci c\u00e2nd drumul pare imposibil.<\/em><\/span><br \/><span><em>Andreea nu a unit doar sute de mii de inimi. A l\u0103sat o urm\u0103 care nu va disp\u0103rea. \u0218i acolo unde este acum, sunt sigur c\u0103 Dumnezeu \u00eei spune: Ai luptat bine. Odihne\u0219te-te acum! \u201d este mesajul publicat de Dani Cek, omul care a \u00eenceput campania de dona\u021bii.<\/em><\/span><\/p>\n<p><span><em>Via\u021ba ei s-a \u00eemp\u0103r\u021bit \u00eentre spitale, interven\u021bii chirurgicale \u0219i tratamente dure. Pentru a \u00eencerca s\u0103 opreasc\u0103 evolu\u021bia bolii, Andreea a fost nevoit\u0103 s\u0103 accepte amputarea piciorului drept, locul unde ap\u0103ruse tumora ini\u021bial\u0103. Nici aceast\u0103 interven\u021bie radical\u0103 nu a fost suficient\u0103. Cancerul a recidivat, iar medicii au extirpat ulterior doi lobi din pl\u0103m\u00e2nul drept.<\/em><\/span><\/p>\n<p><span><em>\u00cen tot acest timp, Andreea Ani\u021ba a continuat s\u0103 lupte, devenind un exemplu de determinare pentru cei din jur.<\/em><\/span><\/p>\n<\/section>\n<footer class=\"article-footer\">\n<div class=\"cb-social-sharing cb-post-footer-block cb-beside clearfix\">\n<div class=\"cb-title-subtle\">Share On:<\/div>\n<div class=\"cb-twitter\"><a href=\"https:\/\/twitter.com\/share\" class=\"twitter-share-button\" data-dnt=\"true\" data-count=\"horizontal\">Tweet<\/a><\/div>\n<\/div>\n<div id=\"cb-previous-next-links\" class=\"cb-post-footer-block clearfix\">\n<div id=\"cb-previous-link\"><a href=\"https:\/\/suceavalive.ro\/final-de-capitol-pentru-ruta-suceava-viena-o-conexiune-de-vacanta-care-a-unit-inima-bucovinei-de-magia-austriaca\/\" rel=\"prev\">Final de capitol pentru ruta Suceava \u2013 Viena: O conexiune de vacan\u021b\u0103 care a unit inima Bucovinei de magia austriac\u0103<\/a><\/div>\n<div id=\"cb-next-link\"><a href=\"https:\/\/suceavalive.ro\/yoga-si-slabitul-mituri-adevaruri-si-ce-functioneaza-cu-adevarat\/\" rel=\"next\">Yoga \u0219i sl\u0103bitul: mituri, adev\u0103ruri \u0219i ce func\u021bioneaz\u0103 cu adev\u0103rat<\/a><\/div>\n<\/div>\n<div id=\"cb-author-box\" class=\"clearfix\">\n<h3 class=\"cb-block-title\">Despre autor<\/h3>\n<div class=\"cb-meta\">\n<div class=\"cb-info\">\n<div class=\"cb-author-title vcard\"><a href=\"https:\/\/suceavalive.ro\/author\/suceavalive\/\"><span class=\"fn\">SuceavaLive<\/span><\/a><\/div>\n<\/div>\n<\/div>\n<\/div>\n<div id=\"cb-related-posts\" class=\"cb-related-posts-block cb-post-end-block clearfix\">\n<h3 class=\"cb-block-title\">Postari asemanatoare<\/h3>\n<ul>\n<li class=\"cb-style-overlay cb-grid-entry cb-related-post no-1\">\n<div class=\"cb-meta cb-article-meta\">\n<h4 class=\"h3 cb-post-title\"><a href=\"https:\/\/suceavalive.ro\/draga-turistule-de-pasii-te-vor-purta-in-bucovina-nu-uita-de-biserica-de-lemn-din-todiresti\/\">Drag\u0103 turistule, de pa\u0219ii te vor purta \u00een Bucovina, nu uita de Biserica de lemn din Todire\u0219ti<\/a><\/h4>\n<div class=\"cb-byline cb-font-header\">\n<div class=\"cb-date cb-byline-element\"><time datetime=\"2026-03-04\">4 martie 2026<\/time><\/div>\n<\/div>\n<\/div>\n<\/li>\n<li class=\"cb-style-overlay cb-grid-entry cb-related-post no-2\">\n<div class=\"cb-meta cb-article-meta\">\n<h4 class=\"h3 cb-post-title\"><a href=\"https:\/\/suceavalive.ro\/stiati-ca-muzeul-arta-lemnului-din-campulung-moldovenesc-este-unic-in-romania\/\">\u0218tia\u021bi c\u0103 Muzeul Arta Lemnului din C\u00e2mpulung Moldovenesc este unic \u00een Rom\u00e2nia?<\/a><\/h4>\n<div class=\"cb-byline cb-font-header\">\n<div class=\"cb-date cb-byline-element\"><time datetime=\"2026-03-04\">4 martie 2026<\/time><\/div>\n<\/div>\n<\/div>\n<\/li>\n<\/ul>\n<\/div>\n<\/footer>\n<div id=\"respond\" class=\"comment-respond\">\n<h3 id=\"reply-title\" class=\"comment-reply-title\">Lasa un raspuns <small><a rel=\"nofollow\" id=\"cancel-comment-reply-link\" href=\"https:\/\/suceavalive.ro\/doliu-dupa-moartea-andreei-anita-tanara-din-falticeni-care-a-mobilizat-romania-in-lupta-cu-o-forma-rara-de-cancer\/#respond\">Anuleaza raspunsul<\/a><\/small><\/h3>\n<p class=\"comment-notes\">Adresa ta de email nu va fi publicat\u0103.<\/p>\n<\/div>\n<\/article>\n<section class=\"cb-entry-content entry-content clearfix\">\n<p data-start=\"38\" data-end=\"419\"><span><span class=\"hover:entity-accent entity-underline inline cursor-pointer align-baseline\"><span class=\"whitespace-normal\">Andreea Ani\u021ba<\/span><\/span>, t\u00e2n\u0103ra care a reu\u0219it s\u0103 mobilizeze mii de oameni \u00eentr-un val impresionant de solidaritate, a \u00eencetat din via\u021b\u0103 chiar \u00een ziua \u00een care ar fi trebuit s\u0103 \u00ee\u0219i s\u0103rb\u0103toreasc\u0103 aniversarea. Anun\u021bul trist a fost f\u0103cut de mama sa, transform\u00e2nd o zi de bucurie \u00eentr-una de profund\u0103 durere pentru familie \u0219i pentru to\u021bi cei care au sperat \u00eentr-un miracol.<\/span><\/p>\n<p data-start=\"421\" data-end=\"660\"><span>Andreea a luptat cu demnitate \u00eempotriva unei boli necru\u021b\u0103toare. De\u0219i comunitatea s-a mobilizat exemplar \u0219i a str\u00e2ns fondurile necesare pentru tratamentul din Statele Unite, organismul ei, sl\u0103bit de suferin\u021b\u0103, nu a mai putut continua lupta.<\/span><\/p>\n<p data-start=\"662\" data-end=\"790\" data-is-last-node data-is-only-node><span>R\u0103m\u00e2ne \u00een urm\u0103 amintirea unei tinere curajoase \u0219i dovada c\u0103 solidaritatea \u0219i bun\u0103tatea pot uni oameni din toate col\u021burile \u021b\u0103rii.<\/span><\/p>\n<p>\u00a0<em>A<\/em><span><em>ndreea Ani\u0163a a fost mai mult dec\u00e2t o lupt\u0103toare. A fost o lumin\u0103 care a ars constant, chiar \u0219i atunci c\u00e2nd durerea era mai puternic\u0103 dec\u00e2t speran\u021ba. Unsprezece ani a \u00eenfruntat cancerul cu o for\u021b\u0103 care a uimit medici, prieteni \u0219i oameni care nu o cunoscuser\u0103 niciodat\u0103, dar care au ajuns s\u0103 o iubeasc\u0103 at\u00e2t de mult. A unit sute de mii de inimi \u00eentr-o singur\u0103 rug\u0103ciune, \u00eentr-un singur g\u00e2nd. S\u0103 tr\u0103iasc\u0103, s\u0103 mai z\u00e2mbeasc\u0103, s\u0103 mai lupte. E at\u00e2t de nedrept \u0219i greu de \u00een\u021beles. Dar Andreea nu a pierdut. Oamenii care au luptat cu ea, care au pl\u00e2ns \u0219i au sperat pentru ea, \u0219tiu asta. Ea a c\u00e2\u0219tigat fiecare zi \u00een care a iubit, a inspirat \u0219i a adunat suflete \u00een jurul ei.<\/em><\/span><\/p>\n<p><span><em>Dac\u0103 a\u0219 putea s\u0103 o iau de la cap\u0103t, a\u0219 trece prin tot din nou. Prin fric\u0103, prin lacrimi, prin a\u0219tept\u0103ri \u0219i speran\u021be. A\u0219 alege iar \u0219i iar s\u0103 cred, s\u0103 lupt, s\u0103 nu renun\u021b, doar pentru a mai avea \u00eenc\u0103 o zi \u00een care Andreea s\u0103 fie aici, s\u0103 ne uneasc\u0103, s\u0103 ne aminteasc\u0103 ce \u00eenseamn\u0103 curajul adev\u0103rat. Cred c\u0103 Dumnezeu nu duce pe nimeni pe un drum f\u0103r\u0103 sens. Drumul Andreei nu se termin\u0103 aici, ci se transform\u0103. Dumnezeu o va purta acolo unde nu mai exist\u0103 durere, unde nu mai exist\u0103 acea lupt\u0103 care i-a marcat via\u021ba, ci doar pace, lumin\u0103 \u0219i iubire. Iar pe noi ne va purta mai departe cu amintirea ei, ca pe o lec\u021bie vie despre credin\u021b\u0103, despre putere \u0219i despre ce \u00eenseamn\u0103 s\u0103 nu renun\u021bi niciodat\u0103, chiar \u0219i atunci c\u00e2nd drumul pare imposibil.<\/em><\/span><br \/><span><em>Andreea nu a unit doar sute de mii de inimi. A l\u0103sat o urm\u0103 care nu va disp\u0103rea. \u0218i acolo unde este acum, sunt sigur c\u0103 Dumnezeu \u00eei spune: Ai luptat bine. Odihne\u0219te-te acum! \u201d este mesajul publicat de Dani Cek, omul care a \u00eenceput campania de dona\u021bii.<\/em><\/span><\/p>\n<p><span><em>Via\u021ba ei s-a \u00eemp\u0103r\u021bit \u00eentre spitale, interven\u021bii chirurgicale \u0219i tratamente dure. Pentru a \u00eencerca s\u0103 opreasc\u0103 evolu\u021bia bolii, Andreea a fost nevoit\u0103 s\u0103 accepte amputarea piciorului drept, locul unde ap\u0103ruse tumora ini\u021bial\u0103. Nici aceast\u0103 interven\u021bie radical\u0103 nu a fost suficient\u0103. Cancerul a recidivat, iar medicii au extirpat ulterior doi lobi din pl\u0103m\u00e2nul drept.<\/em><\/span><\/p>\n<p><span><em>\u00cen tot acest timp, Andreea Ani\u021ba a continuat s\u0103 lupte, devenind un exemplu de determinare pentru cei din jur.<\/em><\/span><\/p>\n<\/section>\n<section class=\"cb-entry-content entry-content clearfix\">\n<p data-start=\"38\" data-end=\"419\"><span><span class=\"hover:entity-accent entity-underline inline cursor-pointer align-baseline\"><span class=\"whitespace-normal\">Andreea Ani\u021ba<\/span><\/span>, t\u00e2n\u0103ra care a reu\u0219it s\u0103 mobilizeze mii de oameni \u00eentr-un val impresionant de solidaritate, a \u00eencetat din via\u021b\u0103 chiar \u00een ziua \u00een care ar fi trebuit s\u0103 \u00ee\u0219i s\u0103rb\u0103toreasc\u0103 aniversarea. Anun\u021bul trist a fost f\u0103cut de mama sa, transform\u00e2nd o zi de bucurie \u00eentr-una de profund\u0103 durere pentru familie \u0219i pentru to\u021bi cei care au sperat \u00eentr-un miracol.<\/span><\/p>\n<p data-start=\"421\" data-end=\"660\"><span>Andreea a luptat cu demnitate \u00eempotriva unei boli necru\u021b\u0103toare. De\u0219i comunitatea s-a mobilizat exemplar \u0219i a str\u00e2ns fondurile necesare pentru tratamentul din Statele Unite, organismul ei, sl\u0103bit de suferin\u021b\u0103, nu a mai putut continua lupta.<\/span><\/p>\n<p data-start=\"662\" data-end=\"790\" data-is-last-node data-is-only-node><span>R\u0103m\u00e2ne \u00een urm\u0103 amintirea unei tinere curajoase \u0219i dovada c\u0103 solidaritatea \u0219i bun\u0103tatea pot uni oameni din toate col\u021burile \u021b\u0103rii.<\/span><\/p>\n<p>\u00a0<em>A<\/em><span><em>ndreea Ani\u0163a a fost mai mult dec\u00e2t o lupt\u0103toare. A fost o lumin\u0103 care a ars constant, chiar \u0219i atunci c\u00e2nd durerea era mai puternic\u0103 dec\u00e2t speran\u021ba. Unsprezece ani a \u00eenfruntat cancerul cu o for\u021b\u0103 care a uimit medici, prieteni \u0219i oameni care nu o cunoscuser\u0103 niciodat\u0103, dar care au ajuns s\u0103 o iubeasc\u0103 at\u00e2t de mult. A unit sute de mii de inimi \u00eentr-o singur\u0103 rug\u0103ciune, \u00eentr-un singur g\u00e2nd. S\u0103 tr\u0103iasc\u0103, s\u0103 mai z\u00e2mbeasc\u0103, s\u0103 mai lupte. E at\u00e2t de nedrept \u0219i greu de \u00een\u021beles. Dar Andreea nu a pierdut. Oamenii care au luptat cu ea, care au pl\u00e2ns \u0219i au sperat pentru ea, \u0219tiu asta. Ea a c\u00e2\u0219tigat fiecare zi \u00een care a iubit, a inspirat \u0219i a adunat suflete \u00een jurul ei.<\/em><\/span><\/p>\n<p><span><em>Dac\u0103 a\u0219 putea s\u0103 o iau de la cap\u0103t, a\u0219 trece prin tot din nou. Prin fric\u0103, prin lacrimi, prin a\u0219tept\u0103ri \u0219i speran\u021be. A\u0219 alege iar \u0219i iar s\u0103 cred, s\u0103 lupt, s\u0103 nu renun\u021b, doar pentru a mai avea \u00eenc\u0103 o zi \u00een care Andreea s\u0103 fie aici, s\u0103 ne uneasc\u0103, s\u0103 ne aminteasc\u0103 ce \u00eenseamn\u0103 curajul adev\u0103rat. Cred c\u0103 Dumnezeu nu duce pe nimeni pe un drum f\u0103r\u0103 sens. Drumul Andreei nu se termin\u0103 aici, ci se transform\u0103. Dumnezeu o va purta acolo unde nu mai exist\u0103 durere, unde nu mai exist\u0103 acea lupt\u0103 care i-a marcat via\u021ba, ci doar pace, lumin\u0103 \u0219i iubire. Iar pe noi ne va purta mai departe cu amintirea ei, ca pe o lec\u021bie vie despre credin\u021b\u0103, despre putere \u0219i despre ce \u00eenseamn\u0103 s\u0103 nu renun\u021bi niciodat\u0103, chiar \u0219i atunci c\u00e2nd drumul pare imposibil.<\/em><\/span><br \/><span><em>Andreea nu a unit doar sute de mii de inimi. A l\u0103sat o urm\u0103 care nu va disp\u0103rea. \u0218i acolo unde este acum, sunt sigur c\u0103 Dumnezeu \u00eei spune: Ai luptat bine. Odihne\u0219te-te acum! \u201d este mesajul publicat de Dani Cek, omul care a \u00eenceput campania de dona\u021bii.<\/em><\/span><\/p>\n<p><span><em>Via\u021ba ei s-a \u00eemp\u0103r\u021bit \u00eentre spitale, interven\u021bii chirurgicale \u0219i tratamente dure. Pentru a \u00eencerca s\u0103 opreasc\u0103 evolu\u021bia bolii, Andreea a fost nevoit\u0103 s\u0103 accepte amputarea piciorului drept, locul unde ap\u0103ruse tumora ini\u021bial\u0103. Nici aceast\u0103 interven\u021bie radical\u0103 nu a fost suficient\u0103. Cancerul a recidivat, iar medicii au extirpat ulterior doi lobi din pl\u0103m\u00e2nul drept.<\/em><\/span><\/p>\n<p><span><em>\u00cen tot acest timp, Andreea Ani\u021ba a continuat s\u0103 lupte, devenind un exemplu de determinare pentru cei din jur.<\/em><\/span><\/p>\n<\/section>\n<p>[analyse_source url=&#8221;https:\/\/suceavalive.ro\/doliu-dupa-moartea-andreei-anita-tanara-din-falticeni-care-a-mobilizat-romania-in-lupta-cu-o-forma-rara-de-cancer\/&#8221;]<\/p>\n","protected":false},"excerpt":{"rendered":"<p>[analyse_image type=&#8221;featured&#8221; src=&#8221;https:\/\/suceavalive.ro\/wp-content\/uploads\/2026\/03\/andreea-anita-tanara-falticeni-cu-cancer.jpghttps:\/\/suceavalive.ro\/wp-content\/uploads\/2026\/03\/andreea-anita-tanara-falticeni-cu-cancer.jpg&#8221;] Doliu dup\u0103 moartea Andreei Ani\u021ba. T\u00e2n\u0103ra din F\u0103lticeni care a mobilizat Rom\u00e2nia \u00een lupta cu o form\u0103 rar\u0103 de cancer 3 martie 2026 Andreea Ani\u021ba, t\u00e2n\u0103ra care a reu\u0219it s\u0103 mobilizeze mii de oameni \u00eentr-un val impresionant de solidaritate, a \u00eencetat din via\u021b\u0103 chiar \u00een ziua \u00een care ar fi trebuit s\u0103 [&hellip;]<\/p>\n","protected":false},"author":1,"featured_media":0,"comment_status":"open","ping_status":"","sticky":false,"template":"","format":"standard","meta":{"footnotes":""},"categories":[89],"tags":[226,173],"class_list":["post-1807759","post","type-post","status-publish","format-standard","hentry","category-romania","tag-crawlmanager","tag-suceavalive-ro"],"_links":{"self":[{"href":"https:\/\/analyse.optim.biz\/index.php?rest_route=\/wp\/v2\/posts\/1807759","targetHints":{"allow":["GET"]}}],"collection":[{"href":"https:\/\/analyse.optim.biz\/index.php?rest_route=\/wp\/v2\/posts"}],"about":[{"href":"https:\/\/analyse.optim.biz\/index.php?rest_route=\/wp\/v2\/types\/post"}],"author":[{"embeddable":true,"href":"https:\/\/analyse.optim.biz\/index.php?rest_route=\/wp\/v2\/users\/1"}],"replies":[{"embeddable":true,"href":"https:\/\/analyse.optim.biz\/index.php?rest_route=%2Fwp%2Fv2%2Fcomments&post=1807759"}],"version-history":[{"count":0,"href":"https:\/\/analyse.optim.biz\/index.php?rest_route=\/wp\/v2\/posts\/1807759\/revisions"}],"wp:attachment":[{"href":"https:\/\/analyse.optim.biz\/index.php?rest_route=%2Fwp%2Fv2%2Fmedia&parent=1807759"}],"wp:term":[{"taxonomy":"category","embeddable":true,"href":"https:\/\/analyse.optim.biz\/index.php?rest_route=%2Fwp%2Fv2%2Fcategories&post=1807759"},{"taxonomy":"post_tag","embeddable":true,"href":"https:\/\/analyse.optim.biz\/index.php?rest_route=%2Fwp%2Fv2%2Ftags&post=1807759"}],"curies":[{"name":"wp","href":"https:\/\/api.w.org\/{rel}","templated":true}]}}