{"id":1807757,"date":"2026-03-03T06:53:06","date_gmt":"2026-03-03T03:53:06","guid":{"rendered":"https:\/\/analyse.optim.biz\/?p=1807757"},"modified":"2026-03-03T06:53:06","modified_gmt":"2026-03-03T03:53:06","slug":"parintele-constantin-oprea-instalat-protoiereu-al-protopopiatului-radauti-suceavalive","status":"publish","type":"post","link":"https:\/\/analyse.optim.biz\/?p=1807757","title":{"rendered":"P\u0103rintele Constantin Oprea, instalat protoiereu al Protopopiatului R\u0103d\u0103u\u021bi &#8211; SuceavaLIVE"},"content":{"rendered":"<p>[analyse_image type=&#8221;featured&#8221; src=&#8221;https:\/\/suceavalive.ro\/wp-content\/uploads\/2026\/03\/damaschin-oprea-1024&#215;683.jpghttps:\/\/suceavalive.ro\/wp-content\/uploads\/2026\/03\/damaschin-oprea.jpg&#8221;]<\/p>\n<article id=\"post-288295\" class=\"clearfix post-288295 post type-post status-publish format-standard has-post-thumbnail hentry category-slide category-categoria-social\">\n<header id=\"cb-standard-featured\">\n<div id=\"cb-fis-wrap\" class=\"cb-entry-header cb-fis cb-style-standard\"><span class=\"cb-title-fi\"><\/p>\n<h1 class=\"entry-title cb-entry-title cb-single-title\">P\u0103rintele Constantin Oprea, instalat protoiereu al Protopopiatului R\u0103d\u0103u\u021bi<\/h1>\n<div class=\"cb-byline cb-font-header\">\n<div class=\"cb-date cb-byline-element\"><time datetime=\"2026-03-03\">3 martie 2026<\/time><\/div>\n<\/div>\n<p><\/span><\/div>\n<\/header>\n<section class=\"cb-entry-content entry-content clearfix\">\n<p><span>Ca \u201eun moment solemn \u0219i sobru, emo\u021bionant \u0219i luminos, nou \u00eenceput pe temelie veche \u0219i trainic\u0103\u201d a fost descris evenimentul desf\u0103\u0219urat cu binecuv\u00e2ntarea \u00cenaltpreasfin\u021bitului P\u0103rinte Arhiepiscop Calinic \u00een Catedrala\u00a0<em>Pogor\u00e2rea Sf\u00e2ntului Duh<\/em>\u00a0din R\u0103d\u0103u\u021bi, \u201ela ceas de otpust al marii s\u0103rb\u0103tori a\u00a0<em>Duminicii Ortodoxiei<\/em>\u201d. \u00cent\u00e2ia zi de prim\u0103var\u0103 calendaristic\u0103, 1 martie 2026, a reprezentat \u0219i \u00eenceputul unei noi slujiri \u00een cadrul protopopiatului ocrotit de Sf\u00e2ntul Ierarh Leontie de la R\u0103d\u0103u\u021bi din <a href=\"https:\/\/www.arhiepiscopiasucevei.ro\/ceremonia-de-instalare-a-noului-protoiereu-de-radauti\/?fbclid=IwY2xjawQTZBZleHRuA2FlbQIxMQBzcnRjBmFwcF9pZBAyMjIwMzkxNzg4MjAwODkyAAEexLd_PUUGEg561VoKf0VED2KlqgiSbDNeuqLvX5sV3nrpJPheq2yDCvxZW68_aem_gNqvAly-mVi49MDlouqUWQ\" target=\"_blank\" rel=\"noopener\">Arhiepiscopia Sucevei \u0219i R\u0103d\u0103u\u021bilor<\/a>, pr. Constantin Oprea fiind instalat ca protoiereu.<\/span><\/p>\n<p><span>\u00cen mijlocul clericilor din cuprinsul Protoieriei R\u0103d\u0103u\u021bi, al credincio\u0219ilor din municipiu, al p\u0103rin\u021bilor consilieri ai Centrului Eparhial Suceava, dar \u0219i al celor veni\u021bi din Parohia Straja \u0219i din Piatra Neam\u021b, locul natal al p\u0103rintelui, s-a aflat Preasfin\u021bitul P\u0103rinte Damaschin Dorneanul, Episcop-Vicar al Arhiepiscopiei Sucevei \u0219i R\u0103d\u0103u\u021bilor.<\/span><\/p>\n<p><span>Evenimentul de celebrare s-a \u00eempletit cu rug\u0103ciunea, \u00een dup\u0103-amiaza luminosului \u00eenceput de\u00a0<em>M\u0103r\u021bi\u0219or<\/em>\u00a0fiind s\u0103v\u00e2r\u0219it\u0103 \u00een\u00a0<em>Catedrala Unirii Na\u021bionale din R\u0103d\u0103u\u021bi<\/em>\u00a0slujba Paraclisului Maicii Domnului. Invita\u021bi speciali au fost membri ai Grupului Psaltic \u201eDimitrie Suceveanu\u201d al Catedralei Arhiepiscopale din Suceava, dirija\u021bi de c\u0103tre arhid. Ilie Leonte.<\/span><\/p>\n<p><span>A urmat ceremonia de instalare a noului p\u0103rinte protoiereu, decizia de numire fiind citit\u0103 de c\u0103tre pr. Dimitrie Horga, consilier administrativ-bisericesc. Dup\u0103 prezentarea principalelor obliga\u021bii \u0219i atribu\u021bii ale protopopului, angajament asumat de \u00eensu\u0219i pr. Constantin Oprea prin depunerea jur\u0103m\u00e2ntului, hirotesia \u00eentru demnitatea de protopop a fost s\u0103v\u00e2r\u0219it\u0103 de Preasfin\u021bitul P\u0103rinte Damaschin Dorneanul, prin rostirea rug\u0103ciunilor de binecuv\u00e2ntare, invoc\u00e2ndu-se\u00a0<em>harul Sf\u00e2ntului Duh, \u00eencep\u0103torul des\u0103v\u00e2r\u0219irii<\/em>.<\/span><\/p>\n<p><span>Ierarhul i-a \u00eenm\u00e2nat apoi p\u0103rintelui protoiereu crucea pectoral\u0103, br\u00e2ul ro\u0219u \u0219i bederni\u021ba, potrivit r\u00e2nduielii, rostind un cuv\u00e2nt \u00een cadrul c\u0103ruia a subliniat c\u0103 au fost \u00een\u0103l\u021bate rug\u0103ciuni ca \u201eDumnezeu pe cel ales \u0219i hirotesit protopop s\u0103-l \u00eenfrumuse\u021beze\u00a0<em>cu bun\u0103 cuviin\u021b\u0103\u00a0<\/em>a chipului sufletului s\u0103u \u0219i s\u0103-l \u00eenvredniceasc\u0103\u00a0<em>s\u0103 se fac\u0103 pild\u0103 bun\u0103 celor de dup\u0103 el<\/em>, prin cuv\u00e2nt \u0219i via\u021b\u0103, pild\u0103 de ascultare \u0219i lucrare jertfelnic\u0103, pild\u0103 de smerenie \u0219i bun\u0103 c\u00e2rmuire\u201d.<\/span><\/p>\n<p><span>Preasfin\u021bia Sa i-a \u00eendemnat pe cinsti\u021bii p\u0103rin\u021bi din Protopopiatul R\u0103d\u0103u\u021bi\u00a0<em>s\u0103 \u00ee\u0219i primeasc\u0103 protoiereul ca pe un frate \u0219i p\u0103rinte care s\u0103 \u00eei reprezinte<\/em>. \u201eSprijini\u021bi-l \u00een \u00eemplinirea ascult\u0103rii. Duce\u021bi \u00eempreun\u0103 Crucea. Reu\u0219itele lui vor fi \u0219i ale sfin\u021biilor voastre, iar neputin\u021bele sfin\u021biilor voastre le va deconta, \u00eentr-un fel, \u0219i el. Trage\u021bi la acela\u0219i jug \u0219i nu uita\u021bi c\u0103 ogorul este unul singur, al Bisericii lui Hristos, iar parohiile nu sunt simple parcele delimitate administrativ, ci familii spirituale unite \u00een acela\u0219i Domn \u0219i acela\u0219i Duh (cf.\u00a0<em>1 Corinteni<\/em>\u00a012, 4-5). Asculta\u021bi-i \u00eendemnurile cu inima deschis\u0103, transmite\u021bi-i cu bun\u0103 cuviin\u021b\u0103 cererile, face\u021bi-v\u0103 auzite n\u0103zuin\u021bele, a\u0219eza\u021bi laolalt\u0103 experien\u021ba \u00een preo\u021bie, r\u00e2vna \u0219i dragostea pentru Acela\u0219i Hristos.\u201d<\/span><\/p>\n<p><span>Totodat\u0103, P\u0103rintele Episcop-Vicar a vorbit despre chemarea \u00eenalt\u0103 a protoiereului de a sluji cu \u00een\u021belepciune \u0219i discern\u0103m\u00e2nt, t\u0103lm\u0103cind \u00een duh pastoral r\u00e2nduielile Bisericii \u0219i pov\u0103\u021buind clerul spre \u00eemplinirea lor cu dragoste, spre folosul credincio\u0219ilor \u0219i \u00eent\u0103rirea credin\u021bei.<\/span><\/p>\n<p><span>Amintind c\u0103 de\u0219i poart\u0103 multe responsabilit\u0103\u021bi \u00een lucrarea sa pastoral\u0103 \u0219i administrativ\u0103, protoiereul nu este singur, ci se bucur\u0103 de ajutorul ierarhilor, al slujitorilor sfintelor altare \u0219i al ob\u0219tilor monahale, Preasfin\u021bitul P\u0103rinte Damaschin Dorneanul l-a sf\u0103tuit pe p\u0103rintele Constantin s\u0103 lucreze \u00een comuniune \u0219i s\u0103 cear\u0103 ne\u00eencetat mijlocirea sfin\u021bilor ocrotitori ai locului. \u201eV\u0103 \u00eendemn s\u0103 chema\u021bi \u00een ajutor pe sfin\u021bii pe care i-au odr\u0103slit aceste \u021binuturi: Sfin\u021bii Ierarhi Leontie de la R\u0103d\u0103u\u021bi \u0219i Iacob Putneanul, Sfin\u021bii Cuvio\u0219i Daniil Sihastru \u0219i Sila, Paisie \u0219i Natan de la Sih\u0103stria Putnei, \u0219i Sf\u00e2ntul Voievod \u0218tefan cel Mare. Ocrotirii, inspira\u021biei \u0219i mijlocirii lor v\u0103 \u00eencredin\u021bez pe Preacucernicia Voastr\u0103 \u0219i pe to\u021bi preo\u021bii \u0219i credincio\u0219ii din acest protopopiat, dorindu-v\u0103, tuturor, via\u021b\u0103 binepl\u0103cut\u0103 lui Dumnezeu!\u201d<\/span><\/p>\n<p><span>Despre noua responsabilitate \u00een lucrarea pastoral-misionar\u0103 \u0219i administrativ\u0103 \u00eencredin\u021bat\u0103 sfin\u021biei sale a vorbit \u0219i pr. Constantin Oprea, care a m\u0103rturisit c\u0103 slujirea \u00eencredin\u021bat\u0103 nu este o cinste lumeasc\u0103, ci o cruce a responsabilit\u0103\u021bii \u0219i a jertfei, chem\u00e2nd la o lucrare \u00een comuniune, \u00eentemeiat\u0103 pe pace, ascultare \u0219i bun\u0103 r\u00e2nduial\u0103, spre zidirea Bisericii \u0219i m\u00e2ng\u00e2ierea credincio\u0219ilor.<\/span><\/p>\n<p><span>\u201e\u00cemi doresc o colaborare sincer\u0103 \u00eentre slujitorii Bisericii, m\u0103n\u0103stiri, autorit\u0103\u021bi locale \u0219i institu\u021biile statului, \u00eentr-un climat de respect reciproc, responsabilitate \u0219i slujire a binelui comun. Voi sus\u021bine cu fermitate \u0219i echilibru pozi\u021bia Bisericii, ap\u0103r\u00e2nd interesele acesteia \u00een cadrul dialogului institu\u021bional. Biserica nu se izoleaz\u0103, ci lumineaz\u0103 societatea prin echilibru \u0219i m\u0103rturie.\u201d<\/span><\/p>\n<p><span>\u00cencredin\u021b\u00e2ndu-\u0219i lucrarea ajutorului lui Dumnezeu, ocrotirii Maicii Domnului \u0219i rug\u0103ciunilor sfin\u021bilor, sfin\u021bia sa \u0219i-a exprimat recuno\u0219tin\u021ba fa\u021b\u0103 de to\u021bi cei care i-au fost \u0219i \u00eei sunt al\u0103turi, \u00cenaltpreasfin\u021bitului P\u0103rinte Arhiepiscop Calinic, pentru \u00eencrederea acordat\u0103, Preasfin\u021bitului P\u0103rinte Damaschin Dorneanul, pentru purtarea de grij\u0103 \u0219i sprijinul constant oferit slujitorilor acestei eparhii, tuturor preacucernicilor preo\u021bi din Protopopiatul R\u0103d\u0103u\u021bi, p\u0103rin\u021bilor consilieri de la Centrul Eparhial, p\u0103rin\u021bilor stare\u021bi \u0219i maicilor stare\u021be pentru slujirea lor jertfelnic\u0103, dar \u0219i familiei, la eveniment fiind prezent \u0219i tat\u0103l sfin\u021biei sale, pr. \u0218tefan Oprea, profesor la Seminarul Teologic \u201eSfin\u021bii \u00cemp\u0103ra\u021bi Constantin \u0219i Elena\u201d din Piatra Neam\u021b.<\/span><\/p>\n<p><span>Preacucernicul p\u0103rinte Constantin Oprea a fost numit la data de 12 februarie 2026 \u00een func\u021bia de protopop al Protopopiatului R\u0103d\u0103u\u021bi, jude\u021bul Suceava, \u00eencep\u00e2nd cu data de 1 martie 2026.<\/span><\/p>\n<\/section>\n<footer class=\"article-footer\">\n<div class=\"cb-social-sharing cb-post-footer-block cb-beside clearfix\">\n<div class=\"cb-title-subtle\">Share On:<\/div>\n<div class=\"cb-twitter\"><a href=\"https:\/\/twitter.com\/share\" class=\"twitter-share-button\" data-dnt=\"true\" data-count=\"horizontal\">Tweet<\/a><\/div>\n<\/div>\n<div id=\"cb-previous-next-links\" class=\"cb-post-footer-block clearfix\">\n<div id=\"cb-previous-link\"><a href=\"https:\/\/suceavalive.ro\/ips-teodosie-ar-putea-fi-dat-afara-din-casa-a-trait-zeci-de-ani-intr-o-locuinta-data-gratuit-de-ceausescu\/\" rel=\"prev\">IPS Teodosie ar putea fi dat afar\u0103 din cas\u0103. A tr\u0103it zeci de ani \u00eentr-o locuin\u0163\u0103 dat\u0103 gratuit de Ceau\u015fescu<\/a><\/div>\n<div id=\"cb-next-link\"><a href=\"https:\/\/suceavalive.ro\/final-de-capitol-pentru-ruta-suceava-viena-o-conexiune-de-vacanta-care-a-unit-inima-bucovinei-de-magia-austriaca\/\" rel=\"next\">Final de capitol pentru ruta Suceava \u2013 Viena: O conexiune de vacan\u021b\u0103 care a unit inima Bucovinei de magia austriac\u0103<\/a><\/div>\n<\/div>\n<div id=\"cb-author-box\" class=\"clearfix\">\n<h3 class=\"cb-block-title\">Despre autor<\/h3>\n<div class=\"cb-meta\">\n<div class=\"cb-info\">\n<div class=\"cb-author-title vcard\"><a href=\"https:\/\/suceavalive.ro\/author\/suceavalive\/\"><span class=\"fn\">SuceavaLive<\/span><\/a><\/div>\n<\/div>\n<\/div>\n<\/div>\n<div id=\"cb-related-posts\" class=\"cb-related-posts-block cb-post-end-block clearfix\">\n<h3 class=\"cb-block-title\">Postari asemanatoare<\/h3>\n<ul>\n<li class=\"cb-style-overlay cb-grid-entry cb-related-post no-1\">\n<div class=\"cb-meta cb-article-meta\">\n<h4 class=\"h3 cb-post-title\"><a href=\"https:\/\/suceavalive.ro\/draga-turistule-de-pasii-te-vor-purta-in-bucovina-nu-uita-de-biserica-de-lemn-din-todiresti\/\">Drag\u0103 turistule, de pa\u0219ii te vor purta \u00een Bucovina, nu uita de Biserica de lemn din Todire\u0219ti<\/a><\/h4>\n<div class=\"cb-byline cb-font-header\">\n<div class=\"cb-date cb-byline-element\"><time datetime=\"2026-03-04\">4 martie 2026<\/time><\/div>\n<\/div>\n<\/div>\n<\/li>\n<li class=\"cb-style-overlay cb-grid-entry cb-related-post no-2\">\n<div class=\"cb-meta cb-article-meta\">\n<h4 class=\"h3 cb-post-title\"><a href=\"https:\/\/suceavalive.ro\/stiati-ca-muzeul-arta-lemnului-din-campulung-moldovenesc-este-unic-in-romania\/\">\u0218tia\u021bi c\u0103 Muzeul Arta Lemnului din C\u00e2mpulung Moldovenesc este unic \u00een Rom\u00e2nia?<\/a><\/h4>\n<div class=\"cb-byline cb-font-header\">\n<div class=\"cb-date cb-byline-element\"><time datetime=\"2026-03-04\">4 martie 2026<\/time><\/div>\n<\/div>\n<\/div>\n<\/li>\n<\/ul>\n<\/div>\n<\/footer>\n<div id=\"respond\" class=\"comment-respond\">\n<h3 id=\"reply-title\" class=\"comment-reply-title\">Lasa un raspuns <small><a rel=\"nofollow\" id=\"cancel-comment-reply-link\" href=\"https:\/\/suceavalive.ro\/parintele-constantin-oprea-instalat-protoiereu-al-protopopiatului-radauti\/#respond\">Anuleaza raspunsul<\/a><\/small><\/h3>\n<p class=\"comment-notes\">Adresa ta de email nu va fi publicat\u0103.<\/p>\n<\/div>\n<\/article>\n<section class=\"cb-entry-content entry-content clearfix\">\n<p><span>Ca \u201eun moment solemn \u0219i sobru, emo\u021bionant \u0219i luminos, nou \u00eenceput pe temelie veche \u0219i trainic\u0103\u201d a fost descris evenimentul desf\u0103\u0219urat cu binecuv\u00e2ntarea \u00cenaltpreasfin\u021bitului P\u0103rinte Arhiepiscop Calinic \u00een Catedrala\u00a0<em>Pogor\u00e2rea Sf\u00e2ntului Duh<\/em>\u00a0din R\u0103d\u0103u\u021bi, \u201ela ceas de otpust al marii s\u0103rb\u0103tori a\u00a0<em>Duminicii Ortodoxiei<\/em>\u201d. \u00cent\u00e2ia zi de prim\u0103var\u0103 calendaristic\u0103, 1 martie 2026, a reprezentat \u0219i \u00eenceputul unei noi slujiri \u00een cadrul protopopiatului ocrotit de Sf\u00e2ntul Ierarh Leontie de la R\u0103d\u0103u\u021bi din <a href=\"https:\/\/www.arhiepiscopiasucevei.ro\/ceremonia-de-instalare-a-noului-protoiereu-de-radauti\/?fbclid=IwY2xjawQTZBZleHRuA2FlbQIxMQBzcnRjBmFwcF9pZBAyMjIwMzkxNzg4MjAwODkyAAEexLd_PUUGEg561VoKf0VED2KlqgiSbDNeuqLvX5sV3nrpJPheq2yDCvxZW68_aem_gNqvAly-mVi49MDlouqUWQ\" target=\"_blank\" rel=\"noopener\">Arhiepiscopia Sucevei \u0219i R\u0103d\u0103u\u021bilor<\/a>, pr. Constantin Oprea fiind instalat ca protoiereu.<\/span><\/p>\n<p><span>\u00cen mijlocul clericilor din cuprinsul Protoieriei R\u0103d\u0103u\u021bi, al credincio\u0219ilor din municipiu, al p\u0103rin\u021bilor consilieri ai Centrului Eparhial Suceava, dar \u0219i al celor veni\u021bi din Parohia Straja \u0219i din Piatra Neam\u021b, locul natal al p\u0103rintelui, s-a aflat Preasfin\u021bitul P\u0103rinte Damaschin Dorneanul, Episcop-Vicar al Arhiepiscopiei Sucevei \u0219i R\u0103d\u0103u\u021bilor.<\/span><\/p>\n<p><span>Evenimentul de celebrare s-a \u00eempletit cu rug\u0103ciunea, \u00een dup\u0103-amiaza luminosului \u00eenceput de\u00a0<em>M\u0103r\u021bi\u0219or<\/em>\u00a0fiind s\u0103v\u00e2r\u0219it\u0103 \u00een\u00a0<em>Catedrala Unirii Na\u021bionale din R\u0103d\u0103u\u021bi<\/em>\u00a0slujba Paraclisului Maicii Domnului. Invita\u021bi speciali au fost membri ai Grupului Psaltic \u201eDimitrie Suceveanu\u201d al Catedralei Arhiepiscopale din Suceava, dirija\u021bi de c\u0103tre arhid. Ilie Leonte.<\/span><\/p>\n<p><span>A urmat ceremonia de instalare a noului p\u0103rinte protoiereu, decizia de numire fiind citit\u0103 de c\u0103tre pr. Dimitrie Horga, consilier administrativ-bisericesc. Dup\u0103 prezentarea principalelor obliga\u021bii \u0219i atribu\u021bii ale protopopului, angajament asumat de \u00eensu\u0219i pr. Constantin Oprea prin depunerea jur\u0103m\u00e2ntului, hirotesia \u00eentru demnitatea de protopop a fost s\u0103v\u00e2r\u0219it\u0103 de Preasfin\u021bitul P\u0103rinte Damaschin Dorneanul, prin rostirea rug\u0103ciunilor de binecuv\u00e2ntare, invoc\u00e2ndu-se\u00a0<em>harul Sf\u00e2ntului Duh, \u00eencep\u0103torul des\u0103v\u00e2r\u0219irii<\/em>.<\/span><\/p>\n<p><span>Ierarhul i-a \u00eenm\u00e2nat apoi p\u0103rintelui protoiereu crucea pectoral\u0103, br\u00e2ul ro\u0219u \u0219i bederni\u021ba, potrivit r\u00e2nduielii, rostind un cuv\u00e2nt \u00een cadrul c\u0103ruia a subliniat c\u0103 au fost \u00een\u0103l\u021bate rug\u0103ciuni ca \u201eDumnezeu pe cel ales \u0219i hirotesit protopop s\u0103-l \u00eenfrumuse\u021beze\u00a0<em>cu bun\u0103 cuviin\u021b\u0103\u00a0<\/em>a chipului sufletului s\u0103u \u0219i s\u0103-l \u00eenvredniceasc\u0103\u00a0<em>s\u0103 se fac\u0103 pild\u0103 bun\u0103 celor de dup\u0103 el<\/em>, prin cuv\u00e2nt \u0219i via\u021b\u0103, pild\u0103 de ascultare \u0219i lucrare jertfelnic\u0103, pild\u0103 de smerenie \u0219i bun\u0103 c\u00e2rmuire\u201d.<\/span><\/p>\n<p><span>Preasfin\u021bia Sa i-a \u00eendemnat pe cinsti\u021bii p\u0103rin\u021bi din Protopopiatul R\u0103d\u0103u\u021bi\u00a0<em>s\u0103 \u00ee\u0219i primeasc\u0103 protoiereul ca pe un frate \u0219i p\u0103rinte care s\u0103 \u00eei reprezinte<\/em>. \u201eSprijini\u021bi-l \u00een \u00eemplinirea ascult\u0103rii. Duce\u021bi \u00eempreun\u0103 Crucea. Reu\u0219itele lui vor fi \u0219i ale sfin\u021biilor voastre, iar neputin\u021bele sfin\u021biilor voastre le va deconta, \u00eentr-un fel, \u0219i el. Trage\u021bi la acela\u0219i jug \u0219i nu uita\u021bi c\u0103 ogorul este unul singur, al Bisericii lui Hristos, iar parohiile nu sunt simple parcele delimitate administrativ, ci familii spirituale unite \u00een acela\u0219i Domn \u0219i acela\u0219i Duh (cf.\u00a0<em>1 Corinteni<\/em>\u00a012, 4-5). Asculta\u021bi-i \u00eendemnurile cu inima deschis\u0103, transmite\u021bi-i cu bun\u0103 cuviin\u021b\u0103 cererile, face\u021bi-v\u0103 auzite n\u0103zuin\u021bele, a\u0219eza\u021bi laolalt\u0103 experien\u021ba \u00een preo\u021bie, r\u00e2vna \u0219i dragostea pentru Acela\u0219i Hristos.\u201d<\/span><\/p>\n<p><span>Totodat\u0103, P\u0103rintele Episcop-Vicar a vorbit despre chemarea \u00eenalt\u0103 a protoiereului de a sluji cu \u00een\u021belepciune \u0219i discern\u0103m\u00e2nt, t\u0103lm\u0103cind \u00een duh pastoral r\u00e2nduielile Bisericii \u0219i pov\u0103\u021buind clerul spre \u00eemplinirea lor cu dragoste, spre folosul credincio\u0219ilor \u0219i \u00eent\u0103rirea credin\u021bei.<\/span><\/p>\n<p><span>Amintind c\u0103 de\u0219i poart\u0103 multe responsabilit\u0103\u021bi \u00een lucrarea sa pastoral\u0103 \u0219i administrativ\u0103, protoiereul nu este singur, ci se bucur\u0103 de ajutorul ierarhilor, al slujitorilor sfintelor altare \u0219i al ob\u0219tilor monahale, Preasfin\u021bitul P\u0103rinte Damaschin Dorneanul l-a sf\u0103tuit pe p\u0103rintele Constantin s\u0103 lucreze \u00een comuniune \u0219i s\u0103 cear\u0103 ne\u00eencetat mijlocirea sfin\u021bilor ocrotitori ai locului. \u201eV\u0103 \u00eendemn s\u0103 chema\u021bi \u00een ajutor pe sfin\u021bii pe care i-au odr\u0103slit aceste \u021binuturi: Sfin\u021bii Ierarhi Leontie de la R\u0103d\u0103u\u021bi \u0219i Iacob Putneanul, Sfin\u021bii Cuvio\u0219i Daniil Sihastru \u0219i Sila, Paisie \u0219i Natan de la Sih\u0103stria Putnei, \u0219i Sf\u00e2ntul Voievod \u0218tefan cel Mare. Ocrotirii, inspira\u021biei \u0219i mijlocirii lor v\u0103 \u00eencredin\u021bez pe Preacucernicia Voastr\u0103 \u0219i pe to\u021bi preo\u021bii \u0219i credincio\u0219ii din acest protopopiat, dorindu-v\u0103, tuturor, via\u021b\u0103 binepl\u0103cut\u0103 lui Dumnezeu!\u201d<\/span><\/p>\n<p><span>Despre noua responsabilitate \u00een lucrarea pastoral-misionar\u0103 \u0219i administrativ\u0103 \u00eencredin\u021bat\u0103 sfin\u021biei sale a vorbit \u0219i pr. Constantin Oprea, care a m\u0103rturisit c\u0103 slujirea \u00eencredin\u021bat\u0103 nu este o cinste lumeasc\u0103, ci o cruce a responsabilit\u0103\u021bii \u0219i a jertfei, chem\u00e2nd la o lucrare \u00een comuniune, \u00eentemeiat\u0103 pe pace, ascultare \u0219i bun\u0103 r\u00e2nduial\u0103, spre zidirea Bisericii \u0219i m\u00e2ng\u00e2ierea credincio\u0219ilor.<\/span><\/p>\n<p><span>\u201e\u00cemi doresc o colaborare sincer\u0103 \u00eentre slujitorii Bisericii, m\u0103n\u0103stiri, autorit\u0103\u021bi locale \u0219i institu\u021biile statului, \u00eentr-un climat de respect reciproc, responsabilitate \u0219i slujire a binelui comun. Voi sus\u021bine cu fermitate \u0219i echilibru pozi\u021bia Bisericii, ap\u0103r\u00e2nd interesele acesteia \u00een cadrul dialogului institu\u021bional. Biserica nu se izoleaz\u0103, ci lumineaz\u0103 societatea prin echilibru \u0219i m\u0103rturie.\u201d<\/span><\/p>\n<p><span>\u00cencredin\u021b\u00e2ndu-\u0219i lucrarea ajutorului lui Dumnezeu, ocrotirii Maicii Domnului \u0219i rug\u0103ciunilor sfin\u021bilor, sfin\u021bia sa \u0219i-a exprimat recuno\u0219tin\u021ba fa\u021b\u0103 de to\u021bi cei care i-au fost \u0219i \u00eei sunt al\u0103turi, \u00cenaltpreasfin\u021bitului P\u0103rinte Arhiepiscop Calinic, pentru \u00eencrederea acordat\u0103, Preasfin\u021bitului P\u0103rinte Damaschin Dorneanul, pentru purtarea de grij\u0103 \u0219i sprijinul constant oferit slujitorilor acestei eparhii, tuturor preacucernicilor preo\u021bi din Protopopiatul R\u0103d\u0103u\u021bi, p\u0103rin\u021bilor consilieri de la Centrul Eparhial, p\u0103rin\u021bilor stare\u021bi \u0219i maicilor stare\u021be pentru slujirea lor jertfelnic\u0103, dar \u0219i familiei, la eveniment fiind prezent \u0219i tat\u0103l sfin\u021biei sale, pr. \u0218tefan Oprea, profesor la Seminarul Teologic \u201eSfin\u021bii \u00cemp\u0103ra\u021bi Constantin \u0219i Elena\u201d din Piatra Neam\u021b.<\/span><\/p>\n<p><span>Preacucernicul p\u0103rinte Constantin Oprea a fost numit la data de 12 februarie 2026 \u00een func\u021bia de protopop al Protopopiatului R\u0103d\u0103u\u021bi, jude\u021bul Suceava, \u00eencep\u00e2nd cu data de 1 martie 2026.<\/span><\/p>\n<\/section>\n<section class=\"cb-entry-content entry-content clearfix\">\n<p><span>Ca \u201eun moment solemn \u0219i sobru, emo\u021bionant \u0219i luminos, nou \u00eenceput pe temelie veche \u0219i trainic\u0103\u201d a fost descris evenimentul desf\u0103\u0219urat cu binecuv\u00e2ntarea \u00cenaltpreasfin\u021bitului P\u0103rinte Arhiepiscop Calinic \u00een Catedrala\u00a0<em>Pogor\u00e2rea Sf\u00e2ntului Duh<\/em>\u00a0din R\u0103d\u0103u\u021bi, \u201ela ceas de otpust al marii s\u0103rb\u0103tori a\u00a0<em>Duminicii Ortodoxiei<\/em>\u201d. \u00cent\u00e2ia zi de prim\u0103var\u0103 calendaristic\u0103, 1 martie 2026, a reprezentat \u0219i \u00eenceputul unei noi slujiri \u00een cadrul protopopiatului ocrotit de Sf\u00e2ntul Ierarh Leontie de la R\u0103d\u0103u\u021bi din <a href=\"https:\/\/www.arhiepiscopiasucevei.ro\/ceremonia-de-instalare-a-noului-protoiereu-de-radauti\/?fbclid=IwY2xjawQTZBZleHRuA2FlbQIxMQBzcnRjBmFwcF9pZBAyMjIwMzkxNzg4MjAwODkyAAEexLd_PUUGEg561VoKf0VED2KlqgiSbDNeuqLvX5sV3nrpJPheq2yDCvxZW68_aem_gNqvAly-mVi49MDlouqUWQ\" target=\"_blank\" rel=\"noopener\">Arhiepiscopia Sucevei \u0219i R\u0103d\u0103u\u021bilor<\/a>, pr. Constantin Oprea fiind instalat ca protoiereu.<\/span><\/p>\n<p><span>\u00cen mijlocul clericilor din cuprinsul Protoieriei R\u0103d\u0103u\u021bi, al credincio\u0219ilor din municipiu, al p\u0103rin\u021bilor consilieri ai Centrului Eparhial Suceava, dar \u0219i al celor veni\u021bi din Parohia Straja \u0219i din Piatra Neam\u021b, locul natal al p\u0103rintelui, s-a aflat Preasfin\u021bitul P\u0103rinte Damaschin Dorneanul, Episcop-Vicar al Arhiepiscopiei Sucevei \u0219i R\u0103d\u0103u\u021bilor.<\/span><\/p>\n<p><span>Evenimentul de celebrare s-a \u00eempletit cu rug\u0103ciunea, \u00een dup\u0103-amiaza luminosului \u00eenceput de\u00a0<em>M\u0103r\u021bi\u0219or<\/em>\u00a0fiind s\u0103v\u00e2r\u0219it\u0103 \u00een\u00a0<em>Catedrala Unirii Na\u021bionale din R\u0103d\u0103u\u021bi<\/em>\u00a0slujba Paraclisului Maicii Domnului. Invita\u021bi speciali au fost membri ai Grupului Psaltic \u201eDimitrie Suceveanu\u201d al Catedralei Arhiepiscopale din Suceava, dirija\u021bi de c\u0103tre arhid. Ilie Leonte.<\/span><\/p>\n<p><span>A urmat ceremonia de instalare a noului p\u0103rinte protoiereu, decizia de numire fiind citit\u0103 de c\u0103tre pr. Dimitrie Horga, consilier administrativ-bisericesc. Dup\u0103 prezentarea principalelor obliga\u021bii \u0219i atribu\u021bii ale protopopului, angajament asumat de \u00eensu\u0219i pr. Constantin Oprea prin depunerea jur\u0103m\u00e2ntului, hirotesia \u00eentru demnitatea de protopop a fost s\u0103v\u00e2r\u0219it\u0103 de Preasfin\u021bitul P\u0103rinte Damaschin Dorneanul, prin rostirea rug\u0103ciunilor de binecuv\u00e2ntare, invoc\u00e2ndu-se\u00a0<em>harul Sf\u00e2ntului Duh, \u00eencep\u0103torul des\u0103v\u00e2r\u0219irii<\/em>.<\/span><\/p>\n<p><span>Ierarhul i-a \u00eenm\u00e2nat apoi p\u0103rintelui protoiereu crucea pectoral\u0103, br\u00e2ul ro\u0219u \u0219i bederni\u021ba, potrivit r\u00e2nduielii, rostind un cuv\u00e2nt \u00een cadrul c\u0103ruia a subliniat c\u0103 au fost \u00een\u0103l\u021bate rug\u0103ciuni ca \u201eDumnezeu pe cel ales \u0219i hirotesit protopop s\u0103-l \u00eenfrumuse\u021beze\u00a0<em>cu bun\u0103 cuviin\u021b\u0103\u00a0<\/em>a chipului sufletului s\u0103u \u0219i s\u0103-l \u00eenvredniceasc\u0103\u00a0<em>s\u0103 se fac\u0103 pild\u0103 bun\u0103 celor de dup\u0103 el<\/em>, prin cuv\u00e2nt \u0219i via\u021b\u0103, pild\u0103 de ascultare \u0219i lucrare jertfelnic\u0103, pild\u0103 de smerenie \u0219i bun\u0103 c\u00e2rmuire\u201d.<\/span><\/p>\n<p><span>Preasfin\u021bia Sa i-a \u00eendemnat pe cinsti\u021bii p\u0103rin\u021bi din Protopopiatul R\u0103d\u0103u\u021bi\u00a0<em>s\u0103 \u00ee\u0219i primeasc\u0103 protoiereul ca pe un frate \u0219i p\u0103rinte care s\u0103 \u00eei reprezinte<\/em>. \u201eSprijini\u021bi-l \u00een \u00eemplinirea ascult\u0103rii. Duce\u021bi \u00eempreun\u0103 Crucea. Reu\u0219itele lui vor fi \u0219i ale sfin\u021biilor voastre, iar neputin\u021bele sfin\u021biilor voastre le va deconta, \u00eentr-un fel, \u0219i el. Trage\u021bi la acela\u0219i jug \u0219i nu uita\u021bi c\u0103 ogorul este unul singur, al Bisericii lui Hristos, iar parohiile nu sunt simple parcele delimitate administrativ, ci familii spirituale unite \u00een acela\u0219i Domn \u0219i acela\u0219i Duh (cf.\u00a0<em>1 Corinteni<\/em>\u00a012, 4-5). Asculta\u021bi-i \u00eendemnurile cu inima deschis\u0103, transmite\u021bi-i cu bun\u0103 cuviin\u021b\u0103 cererile, face\u021bi-v\u0103 auzite n\u0103zuin\u021bele, a\u0219eza\u021bi laolalt\u0103 experien\u021ba \u00een preo\u021bie, r\u00e2vna \u0219i dragostea pentru Acela\u0219i Hristos.\u201d<\/span><\/p>\n<p><span>Totodat\u0103, P\u0103rintele Episcop-Vicar a vorbit despre chemarea \u00eenalt\u0103 a protoiereului de a sluji cu \u00een\u021belepciune \u0219i discern\u0103m\u00e2nt, t\u0103lm\u0103cind \u00een duh pastoral r\u00e2nduielile Bisericii \u0219i pov\u0103\u021buind clerul spre \u00eemplinirea lor cu dragoste, spre folosul credincio\u0219ilor \u0219i \u00eent\u0103rirea credin\u021bei.<\/span><\/p>\n<p><span>Amintind c\u0103 de\u0219i poart\u0103 multe responsabilit\u0103\u021bi \u00een lucrarea sa pastoral\u0103 \u0219i administrativ\u0103, protoiereul nu este singur, ci se bucur\u0103 de ajutorul ierarhilor, al slujitorilor sfintelor altare \u0219i al ob\u0219tilor monahale, Preasfin\u021bitul P\u0103rinte Damaschin Dorneanul l-a sf\u0103tuit pe p\u0103rintele Constantin s\u0103 lucreze \u00een comuniune \u0219i s\u0103 cear\u0103 ne\u00eencetat mijlocirea sfin\u021bilor ocrotitori ai locului. \u201eV\u0103 \u00eendemn s\u0103 chema\u021bi \u00een ajutor pe sfin\u021bii pe care i-au odr\u0103slit aceste \u021binuturi: Sfin\u021bii Ierarhi Leontie de la R\u0103d\u0103u\u021bi \u0219i Iacob Putneanul, Sfin\u021bii Cuvio\u0219i Daniil Sihastru \u0219i Sila, Paisie \u0219i Natan de la Sih\u0103stria Putnei, \u0219i Sf\u00e2ntul Voievod \u0218tefan cel Mare. Ocrotirii, inspira\u021biei \u0219i mijlocirii lor v\u0103 \u00eencredin\u021bez pe Preacucernicia Voastr\u0103 \u0219i pe to\u021bi preo\u021bii \u0219i credincio\u0219ii din acest protopopiat, dorindu-v\u0103, tuturor, via\u021b\u0103 binepl\u0103cut\u0103 lui Dumnezeu!\u201d<\/span><\/p>\n<p><span>Despre noua responsabilitate \u00een lucrarea pastoral-misionar\u0103 \u0219i administrativ\u0103 \u00eencredin\u021bat\u0103 sfin\u021biei sale a vorbit \u0219i pr. Constantin Oprea, care a m\u0103rturisit c\u0103 slujirea \u00eencredin\u021bat\u0103 nu este o cinste lumeasc\u0103, ci o cruce a responsabilit\u0103\u021bii \u0219i a jertfei, chem\u00e2nd la o lucrare \u00een comuniune, \u00eentemeiat\u0103 pe pace, ascultare \u0219i bun\u0103 r\u00e2nduial\u0103, spre zidirea Bisericii \u0219i m\u00e2ng\u00e2ierea credincio\u0219ilor.<\/span><\/p>\n<p><span>\u201e\u00cemi doresc o colaborare sincer\u0103 \u00eentre slujitorii Bisericii, m\u0103n\u0103stiri, autorit\u0103\u021bi locale \u0219i institu\u021biile statului, \u00eentr-un climat de respect reciproc, responsabilitate \u0219i slujire a binelui comun. Voi sus\u021bine cu fermitate \u0219i echilibru pozi\u021bia Bisericii, ap\u0103r\u00e2nd interesele acesteia \u00een cadrul dialogului institu\u021bional. Biserica nu se izoleaz\u0103, ci lumineaz\u0103 societatea prin echilibru \u0219i m\u0103rturie.\u201d<\/span><\/p>\n<p><span>\u00cencredin\u021b\u00e2ndu-\u0219i lucrarea ajutorului lui Dumnezeu, ocrotirii Maicii Domnului \u0219i rug\u0103ciunilor sfin\u021bilor, sfin\u021bia sa \u0219i-a exprimat recuno\u0219tin\u021ba fa\u021b\u0103 de to\u021bi cei care i-au fost \u0219i \u00eei sunt al\u0103turi, \u00cenaltpreasfin\u021bitului P\u0103rinte Arhiepiscop Calinic, pentru \u00eencrederea acordat\u0103, Preasfin\u021bitului P\u0103rinte Damaschin Dorneanul, pentru purtarea de grij\u0103 \u0219i sprijinul constant oferit slujitorilor acestei eparhii, tuturor preacucernicilor preo\u021bi din Protopopiatul R\u0103d\u0103u\u021bi, p\u0103rin\u021bilor consilieri de la Centrul Eparhial, p\u0103rin\u021bilor stare\u021bi \u0219i maicilor stare\u021be pentru slujirea lor jertfelnic\u0103, dar \u0219i familiei, la eveniment fiind prezent \u0219i tat\u0103l sfin\u021biei sale, pr. \u0218tefan Oprea, profesor la Seminarul Teologic \u201eSfin\u021bii \u00cemp\u0103ra\u021bi Constantin \u0219i Elena\u201d din Piatra Neam\u021b.<\/span><\/p>\n<p><span>Preacucernicul p\u0103rinte Constantin Oprea a fost numit la data de 12 februarie 2026 \u00een func\u021bia de protopop al Protopopiatului R\u0103d\u0103u\u021bi, jude\u021bul Suceava, \u00eencep\u00e2nd cu data de 1 martie 2026.<\/span><\/p>\n<\/section>\n<p>[analyse_source url=&#8221;https:\/\/suceavalive.ro\/parintele-constantin-oprea-instalat-protoiereu-al-protopopiatului-radauti\/&#8221;]<\/p>\n","protected":false},"excerpt":{"rendered":"<p>[analyse_image type=&#8221;featured&#8221; src=&#8221;https:\/\/suceavalive.ro\/wp-content\/uploads\/2026\/03\/damaschin-oprea-1024&#215;683.jpghttps:\/\/suceavalive.ro\/wp-content\/uploads\/2026\/03\/damaschin-oprea.jpg&#8221;] P\u0103rintele Constantin Oprea, instalat protoiereu al Protopopiatului R\u0103d\u0103u\u021bi 3 martie 2026 Ca \u201eun moment solemn \u0219i sobru, emo\u021bionant \u0219i luminos, nou \u00eenceput pe temelie veche \u0219i trainic\u0103\u201d a fost descris evenimentul desf\u0103\u0219urat cu binecuv\u00e2ntarea \u00cenaltpreasfin\u021bitului P\u0103rinte Arhiepiscop Calinic \u00een Catedrala\u00a0Pogor\u00e2rea Sf\u00e2ntului Duh\u00a0din R\u0103d\u0103u\u021bi, \u201ela ceas de otpust al marii s\u0103rb\u0103tori a\u00a0Duminicii Ortodoxiei\u201d. [&hellip;]<\/p>\n","protected":false},"author":1,"featured_media":0,"comment_status":"open","ping_status":"","sticky":false,"template":"","format":"standard","meta":{"footnotes":""},"categories":[89],"tags":[226,173],"class_list":["post-1807757","post","type-post","status-publish","format-standard","hentry","category-romania","tag-crawlmanager","tag-suceavalive-ro"],"_links":{"self":[{"href":"https:\/\/analyse.optim.biz\/index.php?rest_route=\/wp\/v2\/posts\/1807757","targetHints":{"allow":["GET"]}}],"collection":[{"href":"https:\/\/analyse.optim.biz\/index.php?rest_route=\/wp\/v2\/posts"}],"about":[{"href":"https:\/\/analyse.optim.biz\/index.php?rest_route=\/wp\/v2\/types\/post"}],"author":[{"embeddable":true,"href":"https:\/\/analyse.optim.biz\/index.php?rest_route=\/wp\/v2\/users\/1"}],"replies":[{"embeddable":true,"href":"https:\/\/analyse.optim.biz\/index.php?rest_route=%2Fwp%2Fv2%2Fcomments&post=1807757"}],"version-history":[{"count":0,"href":"https:\/\/analyse.optim.biz\/index.php?rest_route=\/wp\/v2\/posts\/1807757\/revisions"}],"wp:attachment":[{"href":"https:\/\/analyse.optim.biz\/index.php?rest_route=%2Fwp%2Fv2%2Fmedia&parent=1807757"}],"wp:term":[{"taxonomy":"category","embeddable":true,"href":"https:\/\/analyse.optim.biz\/index.php?rest_route=%2Fwp%2Fv2%2Fcategories&post=1807757"},{"taxonomy":"post_tag","embeddable":true,"href":"https:\/\/analyse.optim.biz\/index.php?rest_route=%2Fwp%2Fv2%2Ftags&post=1807757"}],"curies":[{"name":"wp","href":"https:\/\/api.w.org\/{rel}","templated":true}]}}