{"id":1807754,"date":"2026-03-03T06:09:26","date_gmt":"2026-03-03T03:09:26","guid":{"rendered":"https:\/\/analyse.optim.biz\/?p=1807754"},"modified":"2026-03-03T06:09:26","modified_gmt":"2026-03-03T03:09:26","slug":"ips-teodosie-ar-putea-fi-dat-afara-din-casa-a-trait-zeci-de-ani-intr-o-locuinta-data-gratuit-de-ceausescu","status":"publish","type":"post","link":"https:\/\/analyse.optim.biz\/?p=1807754","title":{"rendered":"IPS Teodosie ar putea fi dat afar\u0103 din cas\u0103. A tr\u0103it zeci de ani \u00eentr-o locuin\u0163\u0103 dat\u0103 gratuit de Ceau\u015fescu &#8211;"},"content":{"rendered":"<p>[analyse_image type=&#8221;featured&#8221; src=&#8221;https:\/\/suceavalive.ro\/wp-content\/uploads\/2026\/03\/teodosie.jpghttps:\/\/suceavalive.ro\/wp-content\/uploads\/2026\/03\/teodosie.jpg&#8221;]<\/p>\n<article id=\"post-288292\" class=\"clearfix post-288292 post type-post status-publish format-standard has-post-thumbnail hentry category-slide category-categoria-social\">\n<header id=\"cb-standard-featured\">\n<div id=\"cb-fis-wrap\" class=\"cb-entry-header cb-fis cb-style-standard\"><span class=\"cb-title-fi\"><\/p>\n<h1 class=\"entry-title cb-entry-title cb-single-title\">IPS Teodosie ar putea fi dat afar\u0103 din cas\u0103. A tr\u0103it zeci de ani \u00eentr-o locuin\u0163\u0103 dat\u0103 gratuit de Ceau\u015fescu<\/h1>\n<div class=\"cb-byline cb-font-header\">\n<div class=\"cb-date cb-byline-element\"><time datetime=\"2026-03-03\">3 martie 2026<\/time><\/div>\n<\/div>\n<p><\/span><\/div>\n<\/header>\n<section class=\"cb-entry-content entry-content clearfix\">\n<p><span>\u00cenaltpreasfin\u0163itul Teodosie risc\u0103 s\u0103 r\u0103m\u00e2n\u0103 f\u0103r\u0103 un acoperi\u015f deasupra capului. Vila \u00een care locuie\u015fte Arhiepiscopul Tomisului a fost dat\u0103 gratuit, prin decret, de Nicolae Ceau\u015fescu acum 50 de ani. Documentul expir\u0103 luna aceasta, iar\u00a0\u00cenaltpreasfin\u0163itul Teodosie ar putea fi nevoit s\u0103 evacueze locuin\u0163a cu vedere spre mare.\u00a0Autorit\u0103\u0163ile locale vor decide dac\u0103 \u00eel mai las\u0103 s\u0103 stea acolo dup\u0103 ce cl\u0103direa intr\u0103 \u00een administrarea lor.<\/span><\/p>\n<div class=\"headline-wrapper\">\n<p><span>\u00cen urm\u0103 cu 50 de ani, \u00een martie 1976, Nicolae Ceau\u015fescu semna decretul care transforma casa din centrul ora\u015fului Constan\u0163a \u00een locuin\u0163\u0103 arhiepiscopal\u0103. Timp de jum\u0103tate de secol imobilul a fost folosit gratuit. Anul acesta expir\u0103 ordinele comuniste.<\/span><\/p>\n<div class=\"ads-div billboard\">\n<div id=\"div-gpt-ad-1582798227090-0\" data-google-query-id=\"COeL0ZSIg5MDFd7lDQkd42Yucw\">\n<p><span><i>\u201eCl\u0103direa care este chiar \u00een dreptul Cazinoului din Constan\u0163a cu o priveli\u015fte direct\u0103 c\u0103tre mare \u015fi care este monument istoric urmeaz\u0103 s\u0103 intre \u00een proprietatea statului \u015fi \u00een administrarea municipiului Constan\u0163a la sf\u00e2r\u015fitul acestei luni\u201d,<\/i>\u00a0transmite\u00a0<b>Andreea Filip<\/b>\u00a0pentru Observator.<\/span><\/p>\n<h2 id=\"section-1\" data-toc-index=\"1\"><span>Soarta IPS Teodosie, \u00een m\u00e2inile autorit\u0103\u021bilor locale<\/span><\/h2>\n<p><span>Autorit\u0103\u0163ile locale vor hot\u0103r\u00ee soarta \u00cenaltpreasfin\u0163itului Teodosie. Dar p\u00e2n\u0103 vine decizia arhiepiscopul ar putea fi obligat s\u0103 se mute din casa unde a locuit 22 de ani.\u00a0<\/span><\/p>\n<p><span><i>\u201eDa, \u00een luna martie, acum. I s-a spus c\u0103 totul este \u00een regul\u0103, se rezolv\u0103 sau s-a rezolvat. Nu \u015ftiu unde o s\u0103 stea c\u0103 aici nu mai poate, a\u015fa \u015ftiu c\u0103 este legea\u201d<\/i>, a declarat un fost angajat al Arhiepiscopiei.<\/span><\/p>\n<p><span><i>\u201eEi vor decide dac\u0103 vor continua parteneriatul cu Arhiepiscopia Tomisului \u015fi vor da \u00een folosin\u0163\u0103 gratuit\u0103 cl\u0103direa respectiv\u0103 sau o alt\u0103 m\u0103sur\u0103\u201d,<\/i>\u00a0a precizat\u00a0<b>Ciprian Olinici<\/b>, secretar de stat pentru Culte.<\/span><\/p>\n<p><span><i>\u201eCred c\u0103 o s\u0103 o elibereze. Nu avem noi cum s\u0103 administr\u0103m p\u00e2n\u0103 nu o avem \u00een patrimoniu, inventariat\u0103 \u015fi b\u0103gat\u0103. Nu intr\u0103 automat, este un proces de inventariere prin hot\u0103r\u00e2re de consiliu local\u201d<\/i>, a subliniat\u00a0<b>Doru Iordache<\/b>, consilier Prim\u0103ria Constan\u0163a.<\/span><\/p>\n<h2 id=\"section-2\" data-toc-index=\"2\"><span>Reac\u021bii \u00eemp\u0103r\u021bite \u00een Constan\u021ba<\/span><\/h2>\n<p><span>Cert este c\u0103 \u00eentreaga procedur\u0103 birocratic\u0103 \u015fi legislativ\u0103 este una foarte stufoas\u0103 \u015fi dureaz\u0103 foarte mult. A\u015fadar, IPS Teodosie, arhiepiscopul Tomisului, ar trebui s\u0103 ia \u00een calcul \u015fi o alt\u0103 cl\u0103dire \u00een care s\u0103 locuiasc\u0103 \u00een perioada urm\u0103toare.\u00a0\u00a0<\/span><\/p>\n<p><span>Nici \u00cenaltpreasfin\u0163itul Teodosie, nici reprezentan\u0163ii arhiepiscopiei nu au vrut s\u0103 comenteze situa\u0163ia.<\/span><\/p>\n<p><span><i>\u201eMie mi se pare c\u0103 trebuie s\u0103 plece de tot. Adic\u0103 s\u0103 se aplice legea absolut pentru to\u0163i\u201d,<\/i>\u00a0a spus un localnic.<\/span><\/p>\n<p><span><i>\u201eS\u0103 i se ofere ceva pe m\u0103sura func\u0163iei pe care o are \u015fi dac\u0103 se va putea \u015fi \u0163ine neap\u0103rat, s\u0103 revin\u0103\u201d,<\/i>\u00a0a ad\u0103ugat o alt\u0103 persoan\u0103.<\/span><\/p>\n<p><span>Vila \u201eNicolae Pilescu\u201d a apar\u0163inut medicului cu acela\u015fi nume. A fost construit\u0103 \u00een 1903 \u015fi se remarc\u0103 prin arhitectura spectaculoas\u0103, ferestrele mari care dau spre mare \u015fi balconele cu o feronerie unic\u0103, relateaz\u0103 <a href=\"https:\/\/observatornews.ro\/eveniment\/ips-teodosie-ar-putea-fi-dat-afara-din-casa-a-trait-zeci-de-ani-intro-locuinta-data-gratuit-de-ceausescu-647531.html\" target=\"_blank\" rel=\"noopener\">observatornews.ro<\/a>.<\/span><\/p>\n<\/div>\n<\/div>\n<\/div>\n<\/section>\n<footer class=\"article-footer\">\n<div class=\"cb-social-sharing cb-post-footer-block cb-beside clearfix\">\n<div class=\"cb-title-subtle\">Share On:<\/div>\n<div class=\"cb-twitter\"><a href=\"https:\/\/twitter.com\/share\" class=\"twitter-share-button\" data-dnt=\"true\" data-count=\"horizontal\">Tweet<\/a><\/div>\n<\/div>\n<div id=\"cb-previous-next-links\" class=\"cb-post-footer-block clearfix\">\n<div id=\"cb-previous-link\"><a href=\"https:\/\/suceavalive.ro\/primaria-poiana-stampei-continua-investitiile-in-educatie-un-nou-corp-de-scoala-cu-amfiteatru-modern-construit-cu-fonduri-europene\/\" rel=\"prev\">Prim\u0103ria Poiana Stampei continu\u0103 investi\u021biile \u00een educa\u021bie. Un nou corp de \u0219coal\u0103 cu amfiteatru modern, construit cu fonduri europene<\/a><\/div>\n<div id=\"cb-next-link\"><a href=\"https:\/\/suceavalive.ro\/parintele-constantin-oprea-instalat-protoiereu-al-protopopiatului-radauti\/\" rel=\"next\">P\u0103rintele Constantin Oprea, instalat protoiereu al Protopopiatului R\u0103d\u0103u\u021bi<\/a><\/div>\n<\/div>\n<div id=\"cb-author-box\" class=\"clearfix\">\n<h3 class=\"cb-block-title\">Despre autor<\/h3>\n<div class=\"cb-meta\">\n<div class=\"cb-info\">\n<div class=\"cb-author-title vcard\"><a href=\"https:\/\/suceavalive.ro\/author\/suceavalive\/\"><span class=\"fn\">SuceavaLive<\/span><\/a><\/div>\n<\/div>\n<\/div>\n<\/div>\n<div id=\"cb-related-posts\" class=\"cb-related-posts-block cb-post-end-block clearfix\">\n<h3 class=\"cb-block-title\">Postari asemanatoare<\/h3>\n<ul>\n<li class=\"cb-style-overlay cb-grid-entry cb-related-post no-1\">\n<div class=\"cb-meta cb-article-meta\">\n<h4 class=\"h3 cb-post-title\"><a href=\"https:\/\/suceavalive.ro\/draga-turistule-de-pasii-te-vor-purta-in-bucovina-nu-uita-de-biserica-de-lemn-din-todiresti\/\">Drag\u0103 turistule, de pa\u0219ii te vor purta \u00een Bucovina, nu uita de Biserica de lemn din Todire\u0219ti<\/a><\/h4>\n<div class=\"cb-byline cb-font-header\">\n<div class=\"cb-date cb-byline-element\"><time datetime=\"2026-03-04\">4 martie 2026<\/time><\/div>\n<\/div>\n<\/div>\n<\/li>\n<li class=\"cb-style-overlay cb-grid-entry cb-related-post no-2\">\n<div class=\"cb-meta cb-article-meta\">\n<h4 class=\"h3 cb-post-title\"><a href=\"https:\/\/suceavalive.ro\/stiati-ca-muzeul-arta-lemnului-din-campulung-moldovenesc-este-unic-in-romania\/\">\u0218tia\u021bi c\u0103 Muzeul Arta Lemnului din C\u00e2mpulung Moldovenesc este unic \u00een Rom\u00e2nia?<\/a><\/h4>\n<div class=\"cb-byline cb-font-header\">\n<div class=\"cb-date cb-byline-element\"><time datetime=\"2026-03-04\">4 martie 2026<\/time><\/div>\n<\/div>\n<\/div>\n<\/li>\n<\/ul>\n<\/div>\n<\/footer>\n<div id=\"respond\" class=\"comment-respond\">\n<h3 id=\"reply-title\" class=\"comment-reply-title\">Lasa un raspuns <small><a rel=\"nofollow\" id=\"cancel-comment-reply-link\" href=\"https:\/\/suceavalive.ro\/ips-teodosie-ar-putea-fi-dat-afara-din-casa-a-trait-zeci-de-ani-intr-o-locuinta-data-gratuit-de-ceausescu\/#respond\">Anuleaza raspunsul<\/a><\/small><\/h3>\n<p class=\"comment-notes\">Adresa ta de email nu va fi publicat\u0103.<\/p>\n<\/div>\n<\/article>\n<section class=\"cb-entry-content entry-content clearfix\">\n<p><span>\u00cenaltpreasfin\u0163itul Teodosie risc\u0103 s\u0103 r\u0103m\u00e2n\u0103 f\u0103r\u0103 un acoperi\u015f deasupra capului. Vila \u00een care locuie\u015fte Arhiepiscopul Tomisului a fost dat\u0103 gratuit, prin decret, de Nicolae Ceau\u015fescu acum 50 de ani. Documentul expir\u0103 luna aceasta, iar\u00a0\u00cenaltpreasfin\u0163itul Teodosie ar putea fi nevoit s\u0103 evacueze locuin\u0163a cu vedere spre mare.\u00a0Autorit\u0103\u0163ile locale vor decide dac\u0103 \u00eel mai las\u0103 s\u0103 stea acolo dup\u0103 ce cl\u0103direa intr\u0103 \u00een administrarea lor.<\/span><\/p>\n<div class=\"headline-wrapper\">\n<p><span>\u00cen urm\u0103 cu 50 de ani, \u00een martie 1976, Nicolae Ceau\u015fescu semna decretul care transforma casa din centrul ora\u015fului Constan\u0163a \u00een locuin\u0163\u0103 arhiepiscopal\u0103. Timp de jum\u0103tate de secol imobilul a fost folosit gratuit. Anul acesta expir\u0103 ordinele comuniste.<\/span><\/p>\n<div class=\"ads-div billboard\">\n<div id=\"div-gpt-ad-1582798227090-0\" data-google-query-id=\"COeL0ZSIg5MDFd7lDQkd42Yucw\">\n<p><span><i>\u201eCl\u0103direa care este chiar \u00een dreptul Cazinoului din Constan\u0163a cu o priveli\u015fte direct\u0103 c\u0103tre mare \u015fi care este monument istoric urmeaz\u0103 s\u0103 intre \u00een proprietatea statului \u015fi \u00een administrarea municipiului Constan\u0163a la sf\u00e2r\u015fitul acestei luni\u201d,<\/i>\u00a0transmite\u00a0<b>Andreea Filip<\/b>\u00a0pentru Observator.<\/span><\/p>\n<h2 id=\"section-1\" data-toc-index=\"1\"><span>Soarta IPS Teodosie, \u00een m\u00e2inile autorit\u0103\u021bilor locale<\/span><\/h2>\n<p><span>Autorit\u0103\u0163ile locale vor hot\u0103r\u00ee soarta \u00cenaltpreasfin\u0163itului Teodosie. Dar p\u00e2n\u0103 vine decizia arhiepiscopul ar putea fi obligat s\u0103 se mute din casa unde a locuit 22 de ani.\u00a0<\/span><\/p>\n<p><span><i>\u201eDa, \u00een luna martie, acum. I s-a spus c\u0103 totul este \u00een regul\u0103, se rezolv\u0103 sau s-a rezolvat. Nu \u015ftiu unde o s\u0103 stea c\u0103 aici nu mai poate, a\u015fa \u015ftiu c\u0103 este legea\u201d<\/i>, a declarat un fost angajat al Arhiepiscopiei.<\/span><\/p>\n<p><span><i>\u201eEi vor decide dac\u0103 vor continua parteneriatul cu Arhiepiscopia Tomisului \u015fi vor da \u00een folosin\u0163\u0103 gratuit\u0103 cl\u0103direa respectiv\u0103 sau o alt\u0103 m\u0103sur\u0103\u201d,<\/i>\u00a0a precizat\u00a0<b>Ciprian Olinici<\/b>, secretar de stat pentru Culte.<\/span><\/p>\n<p><span><i>\u201eCred c\u0103 o s\u0103 o elibereze. Nu avem noi cum s\u0103 administr\u0103m p\u00e2n\u0103 nu o avem \u00een patrimoniu, inventariat\u0103 \u015fi b\u0103gat\u0103. Nu intr\u0103 automat, este un proces de inventariere prin hot\u0103r\u00e2re de consiliu local\u201d<\/i>, a subliniat\u00a0<b>Doru Iordache<\/b>, consilier Prim\u0103ria Constan\u0163a.<\/span><\/p>\n<h2 id=\"section-2\" data-toc-index=\"2\"><span>Reac\u021bii \u00eemp\u0103r\u021bite \u00een Constan\u021ba<\/span><\/h2>\n<p><span>Cert este c\u0103 \u00eentreaga procedur\u0103 birocratic\u0103 \u015fi legislativ\u0103 este una foarte stufoas\u0103 \u015fi dureaz\u0103 foarte mult. A\u015fadar, IPS Teodosie, arhiepiscopul Tomisului, ar trebui s\u0103 ia \u00een calcul \u015fi o alt\u0103 cl\u0103dire \u00een care s\u0103 locuiasc\u0103 \u00een perioada urm\u0103toare.\u00a0\u00a0<\/span><\/p>\n<p><span>Nici \u00cenaltpreasfin\u0163itul Teodosie, nici reprezentan\u0163ii arhiepiscopiei nu au vrut s\u0103 comenteze situa\u0163ia.<\/span><\/p>\n<p><span><i>\u201eMie mi se pare c\u0103 trebuie s\u0103 plece de tot. Adic\u0103 s\u0103 se aplice legea absolut pentru to\u0163i\u201d,<\/i>\u00a0a spus un localnic.<\/span><\/p>\n<p><span><i>\u201eS\u0103 i se ofere ceva pe m\u0103sura func\u0163iei pe care o are \u015fi dac\u0103 se va putea \u015fi \u0163ine neap\u0103rat, s\u0103 revin\u0103\u201d,<\/i>\u00a0a ad\u0103ugat o alt\u0103 persoan\u0103.<\/span><\/p>\n<p><span>Vila \u201eNicolae Pilescu\u201d a apar\u0163inut medicului cu acela\u015fi nume. A fost construit\u0103 \u00een 1903 \u015fi se remarc\u0103 prin arhitectura spectaculoas\u0103, ferestrele mari care dau spre mare \u015fi balconele cu o feronerie unic\u0103, relateaz\u0103 <a href=\"https:\/\/observatornews.ro\/eveniment\/ips-teodosie-ar-putea-fi-dat-afara-din-casa-a-trait-zeci-de-ani-intro-locuinta-data-gratuit-de-ceausescu-647531.html\" target=\"_blank\" rel=\"noopener\">observatornews.ro<\/a>.<\/span><\/p>\n<\/div>\n<\/div>\n<\/div>\n<\/section>\n<section class=\"cb-entry-content entry-content clearfix\">\n<p><span>\u00cenaltpreasfin\u0163itul Teodosie risc\u0103 s\u0103 r\u0103m\u00e2n\u0103 f\u0103r\u0103 un acoperi\u015f deasupra capului. Vila \u00een care locuie\u015fte Arhiepiscopul Tomisului a fost dat\u0103 gratuit, prin decret, de Nicolae Ceau\u015fescu acum 50 de ani. Documentul expir\u0103 luna aceasta, iar\u00a0\u00cenaltpreasfin\u0163itul Teodosie ar putea fi nevoit s\u0103 evacueze locuin\u0163a cu vedere spre mare.\u00a0Autorit\u0103\u0163ile locale vor decide dac\u0103 \u00eel mai las\u0103 s\u0103 stea acolo dup\u0103 ce cl\u0103direa intr\u0103 \u00een administrarea lor.<\/span><\/p>\n<div class=\"headline-wrapper\">\n<p><span>\u00cen urm\u0103 cu 50 de ani, \u00een martie 1976, Nicolae Ceau\u015fescu semna decretul care transforma casa din centrul ora\u015fului Constan\u0163a \u00een locuin\u0163\u0103 arhiepiscopal\u0103. Timp de jum\u0103tate de secol imobilul a fost folosit gratuit. Anul acesta expir\u0103 ordinele comuniste.<\/span><\/p>\n<div class=\"ads-div billboard\">\n<div id=\"div-gpt-ad-1582798227090-0\" data-google-query-id=\"COeL0ZSIg5MDFd7lDQkd42Yucw\">\n<p><span><i>\u201eCl\u0103direa care este chiar \u00een dreptul Cazinoului din Constan\u0163a cu o priveli\u015fte direct\u0103 c\u0103tre mare \u015fi care este monument istoric urmeaz\u0103 s\u0103 intre \u00een proprietatea statului \u015fi \u00een administrarea municipiului Constan\u0163a la sf\u00e2r\u015fitul acestei luni\u201d,<\/i>\u00a0transmite\u00a0<b>Andreea Filip<\/b>\u00a0pentru Observator.<\/span><\/p>\n<h2 id=\"section-1\" data-toc-index=\"1\"><span>Soarta IPS Teodosie, \u00een m\u00e2inile autorit\u0103\u021bilor locale<\/span><\/h2>\n<p><span>Autorit\u0103\u0163ile locale vor hot\u0103r\u00ee soarta \u00cenaltpreasfin\u0163itului Teodosie. Dar p\u00e2n\u0103 vine decizia arhiepiscopul ar putea fi obligat s\u0103 se mute din casa unde a locuit 22 de ani.\u00a0<\/span><\/p>\n<p><span><i>\u201eDa, \u00een luna martie, acum. I s-a spus c\u0103 totul este \u00een regul\u0103, se rezolv\u0103 sau s-a rezolvat. Nu \u015ftiu unde o s\u0103 stea c\u0103 aici nu mai poate, a\u015fa \u015ftiu c\u0103 este legea\u201d<\/i>, a declarat un fost angajat al Arhiepiscopiei.<\/span><\/p>\n<p><span><i>\u201eEi vor decide dac\u0103 vor continua parteneriatul cu Arhiepiscopia Tomisului \u015fi vor da \u00een folosin\u0163\u0103 gratuit\u0103 cl\u0103direa respectiv\u0103 sau o alt\u0103 m\u0103sur\u0103\u201d,<\/i>\u00a0a precizat\u00a0<b>Ciprian Olinici<\/b>, secretar de stat pentru Culte.<\/span><\/p>\n<p><span><i>\u201eCred c\u0103 o s\u0103 o elibereze. Nu avem noi cum s\u0103 administr\u0103m p\u00e2n\u0103 nu o avem \u00een patrimoniu, inventariat\u0103 \u015fi b\u0103gat\u0103. Nu intr\u0103 automat, este un proces de inventariere prin hot\u0103r\u00e2re de consiliu local\u201d<\/i>, a subliniat\u00a0<b>Doru Iordache<\/b>, consilier Prim\u0103ria Constan\u0163a.<\/span><\/p>\n<h2 id=\"section-2\" data-toc-index=\"2\"><span>Reac\u021bii \u00eemp\u0103r\u021bite \u00een Constan\u021ba<\/span><\/h2>\n<p><span>Cert este c\u0103 \u00eentreaga procedur\u0103 birocratic\u0103 \u015fi legislativ\u0103 este una foarte stufoas\u0103 \u015fi dureaz\u0103 foarte mult. A\u015fadar, IPS Teodosie, arhiepiscopul Tomisului, ar trebui s\u0103 ia \u00een calcul \u015fi o alt\u0103 cl\u0103dire \u00een care s\u0103 locuiasc\u0103 \u00een perioada urm\u0103toare.\u00a0\u00a0<\/span><\/p>\n<p><span>Nici \u00cenaltpreasfin\u0163itul Teodosie, nici reprezentan\u0163ii arhiepiscopiei nu au vrut s\u0103 comenteze situa\u0163ia.<\/span><\/p>\n<p><span><i>\u201eMie mi se pare c\u0103 trebuie s\u0103 plece de tot. Adic\u0103 s\u0103 se aplice legea absolut pentru to\u0163i\u201d,<\/i>\u00a0a spus un localnic.<\/span><\/p>\n<p><span><i>\u201eS\u0103 i se ofere ceva pe m\u0103sura func\u0163iei pe care o are \u015fi dac\u0103 se va putea \u015fi \u0163ine neap\u0103rat, s\u0103 revin\u0103\u201d,<\/i>\u00a0a ad\u0103ugat o alt\u0103 persoan\u0103.<\/span><\/p>\n<p><span>Vila \u201eNicolae Pilescu\u201d a apar\u0163inut medicului cu acela\u015fi nume. A fost construit\u0103 \u00een 1903 \u015fi se remarc\u0103 prin arhitectura spectaculoas\u0103, ferestrele mari care dau spre mare \u015fi balconele cu o feronerie unic\u0103, relateaz\u0103 <a href=\"https:\/\/observatornews.ro\/eveniment\/ips-teodosie-ar-putea-fi-dat-afara-din-casa-a-trait-zeci-de-ani-intro-locuinta-data-gratuit-de-ceausescu-647531.html\" target=\"_blank\" rel=\"noopener\">observatornews.ro<\/a>.<\/span><\/p>\n<\/div>\n<\/div>\n<\/div>\n<\/section>\n<p>[analyse_source url=&#8221;https:\/\/suceavalive.ro\/ips-teodosie-ar-putea-fi-dat-afara-din-casa-a-trait-zeci-de-ani-intr-o-locuinta-data-gratuit-de-ceausescu\/&#8221;]<\/p>\n","protected":false},"excerpt":{"rendered":"<p>[analyse_image type=&#8221;featured&#8221; src=&#8221;https:\/\/suceavalive.ro\/wp-content\/uploads\/2026\/03\/teodosie.jpghttps:\/\/suceavalive.ro\/wp-content\/uploads\/2026\/03\/teodosie.jpg&#8221;] IPS Teodosie ar putea fi dat afar\u0103 din cas\u0103. A tr\u0103it zeci de ani \u00eentr-o locuin\u0163\u0103 dat\u0103 gratuit de Ceau\u015fescu 3 martie 2026 \u00cenaltpreasfin\u0163itul Teodosie risc\u0103 s\u0103 r\u0103m\u00e2n\u0103 f\u0103r\u0103 un acoperi\u015f deasupra capului. Vila \u00een care locuie\u015fte Arhiepiscopul Tomisului a fost dat\u0103 gratuit, prin decret, de Nicolae Ceau\u015fescu acum 50 de ani. [&hellip;]<\/p>\n","protected":false},"author":1,"featured_media":0,"comment_status":"open","ping_status":"","sticky":false,"template":"","format":"standard","meta":{"footnotes":""},"categories":[89],"tags":[226,173],"class_list":["post-1807754","post","type-post","status-publish","format-standard","hentry","category-romania","tag-crawlmanager","tag-suceavalive-ro"],"_links":{"self":[{"href":"https:\/\/analyse.optim.biz\/index.php?rest_route=\/wp\/v2\/posts\/1807754","targetHints":{"allow":["GET"]}}],"collection":[{"href":"https:\/\/analyse.optim.biz\/index.php?rest_route=\/wp\/v2\/posts"}],"about":[{"href":"https:\/\/analyse.optim.biz\/index.php?rest_route=\/wp\/v2\/types\/post"}],"author":[{"embeddable":true,"href":"https:\/\/analyse.optim.biz\/index.php?rest_route=\/wp\/v2\/users\/1"}],"replies":[{"embeddable":true,"href":"https:\/\/analyse.optim.biz\/index.php?rest_route=%2Fwp%2Fv2%2Fcomments&post=1807754"}],"version-history":[{"count":0,"href":"https:\/\/analyse.optim.biz\/index.php?rest_route=\/wp\/v2\/posts\/1807754\/revisions"}],"wp:attachment":[{"href":"https:\/\/analyse.optim.biz\/index.php?rest_route=%2Fwp%2Fv2%2Fmedia&parent=1807754"}],"wp:term":[{"taxonomy":"category","embeddable":true,"href":"https:\/\/analyse.optim.biz\/index.php?rest_route=%2Fwp%2Fv2%2Fcategories&post=1807754"},{"taxonomy":"post_tag","embeddable":true,"href":"https:\/\/analyse.optim.biz\/index.php?rest_route=%2Fwp%2Fv2%2Ftags&post=1807754"}],"curies":[{"name":"wp","href":"https:\/\/api.w.org\/{rel}","templated":true}]}}