{"id":1807454,"date":"2026-03-04T15:49:36","date_gmt":"2026-03-04T12:49:36","guid":{"rendered":"https:\/\/analyse.optim.biz\/?p=1807454"},"modified":"2026-03-04T15:49:36","modified_gmt":"2026-03-04T12:49:36","slug":"bolojan-isi-risca-capul-cel-mai-mare-partid-din-coalitia-guvernamentala-il-acuza-de-atitudine-sfidatoare-si-ca-blocheaza-bugetul-de-stat","status":"publish","type":"post","link":"https:\/\/analyse.optim.biz\/?p=1807454","title":{"rendered":"Bolojan \u00ee\u0219i risc\u0103 capul! Cel mai mare partid din coali\u021bia guvernamental\u0103 \u00eel acuz\u0103 de ,,atitudine sfid\u0103toare\u201d \u0219i c\u0103 blocheaz\u0103 bugetul de stat"},"content":{"rendered":"<p>[analyse_image type=&#8221;featured&#8221; src=&#8221;https:\/\/www.banatulazi.ro\/wp-content\/uploads\/2026\/03\/ID310051_INQUAM_Photos_Octav_Ganea.webp&#8221;]<\/p>\n<div class=\"td_block_wrap tdb_single_content tdi_64 td-pb-border-top td_block_template_1 td-post-content tagdiv-type\" data-td-block-uid=\"tdi_64\">\n<div class=\"tdb-block-inner td-fix-index\">\n<p><strong>PSD acuz\u0103 c\u0103 premierul Bolojan blocheaz\u0103 negocierile pentru buget pentru c\u0103 a inclus \u00een proiect \u201eo serie de prevederi care contravin total solicit\u0103rilor exprimate de liderii partidelor\u201d. De asemenea, social-democra\u021bii spun c\u0103 Ilie Bolojan are o atitudine \u201einflexibil\u0103 \u0219i sfid\u0103toare\u201d la adresa partenerilor de guvernare.<\/strong><\/p>\n<p>Printr-o postare pe Facebook, PSD acuz\u0103 c\u0103 \u201eIlie Bolojan a provocat ast\u0103zi un nou blocaj \u00een Coali\u021bia de guvernare \u00een cadrul negocierilor pentru elaborarea Bugetului de stat\u201d.<\/p>\n<p>Ei transmit c\u0103 Bolojan a inclus \u00een proiectul de buget, care nu a fost \u00eenc\u0103 finalizat, o serie de prevederi cu care restul partidelor de la guvernare nu sunt de acord. Printre ele se num\u0103r\u0103, potrivit post\u0103rii social-democra\u021bilor, subfinan\u021barea pachetului de solidaritate cerut de PSD, t\u0103ierea investi\u021biilor, \u201econfiscarea\u201d la bugetul de stat \u201ea unei p\u0103r\u021bi consistente din sumele cuvenite autorit\u0103\u021bilor locale\u201d.<\/p>\n<p>\u201ePrin aceast\u0103 atitudine inflexibil\u0103 \u0219i sfid\u0103toare la adresa partenerilor de Coali\u021bie, prim-ministrul devine direct responsabil de blocarea adopt\u0103rii bugetului \u0219i de instabilitatea pe care o induce \u00een actuala guvernare\u201d, mai transmite PSD.<\/p>\n<p>Ei anun\u021b\u0103 c\u0103 imediat dup\u0103 ce vor primi noua form\u0103 a bugetului, conducerea PSD se va reuni \u00eentr-o \u0219edin\u021b\u0103 pentru a decide \u201eac\u021biunile politice care se impun\u201d. Conform informa\u021biilor HotNews, \u0219edin\u021ba PSD va avea loc s\u0103pt\u0103m\u00e2na viitoare, luni.<\/p>\n<p>HotNews a solicitat un punct de vedere de la Guvern, \u00eens\u0103 p\u00e2n\u0103 la publicarea articolului, reprezentan\u021bii institu\u021biei nu au r\u0103spuns solicit\u0103rii.<\/p>\n<iframe loading=\"lazy\" src=\"https:\/\/www.facebook.com\/plugins\/post.php?href=https%3A%2F%2Fwww.facebook.com%2FPartidulSocialDemocrat%2Fposts%2Fpfbid0xZ6fZxa3xczjgLuqVyaXa4WniwyVP4hUGWTb1FT48VMv3sEcCoqAK3kZYNQHogxvl&amp;show_text=true&amp;width=500\" width=\"500\" height=\"277\" frameborder scrolling=\"no\" allowfullscreen=\"allowfullscreen\"><\/iframe>\n<h2 class=\"wp-block-heading\">Ce s-a \u00eent\u00e2mplat \u00een \u0219edin\u021ba coali\u021biei de azi<\/h2>\n<p>\u0218edin\u021ba coali\u021biei de miercuri s-a terminat dup\u0103 trei ore de discu\u021bii despre buget. Surse care au participat la \u0219edin\u021b\u0103 au explicat pentru HotNews c\u0103 liderii forma\u021biunilor de la guvernare vor consulta membrii de partid pentru a cere un acord pentru noile principii rezultate din discu\u021biile de azi.<\/p>\n<p>Ca s\u0103 se consulte cu partidele, pre\u0219edin\u021bii trebuie s\u0103 primeasc\u0103 noua form\u0103, lucru care se va \u00eent\u00e2mpla \u00een cursul zilei de azi, potrivit informa\u021biilor HotNews.<\/p>\n<p>Apoi, liderii se vor \u00eent\u00e2lni din nou, luni. Abia dup\u0103 proiectul poate intra pe circuitul de adoptare, spun surse. Reprezentan\u021bii partidelor de la guvernare \u0219i-au propus ca p\u00e2n\u0103 la finalul s\u0103pt\u0103m\u00e2nii viitoare s\u0103 pun\u0103 bugetul \u00een transparen\u021b\u0103.<\/p>\n<p>Tot azi, ministrul Finan\u021belor, Alexandru Nazare le-a propus liderilor PSD 1.7 miliarde de lei pentru pachetul de solidaritate, \u00eens\u0103 social-democra\u021bii au refuzat. Nazare a spus \u0219i c\u0103 restul de bani pentru programe sociale ar putea fi acoperite din fonduri europene. PSD a transmis c\u0103 nu vor renun\u021ba la niciuna dintre m\u0103surile incluse \u00een pachetul de solidaritate care valoreaz\u0103 aproximativ 3.4 miliarde de lei, adic\u0103 dublu fa\u021b\u0103 de c\u00e2t este dispus s\u0103 aloce Ministerul Finan\u021belor.<\/p>\n<h2 class=\"wp-block-heading\"><strong>M\u0103surile cerute de PSD<\/strong><\/h2>\n<p>Concret, PSD a solicitat ca \u00een buget s\u0103 fie inclus un pachet de m\u0103suri de solidaritate.<\/p>\n<p>E vorba despre un pachet de ajutoare financiare \u201e\u00een dou\u0103 tran\u0219e egale, aprilie \u0219i decembrie, pentru 2.8 milioane de persoane\u201d:<\/p>\n<ul class=\"wp-block-list\">\n<li>1.000 de lei pentru 1,24 milioane de pensionari cu venituri sub 1.500 de lei;<\/li>\n<li>800 de lei pentru 497 mii de pensionari cu venituri \u00eentre 1.501-2.000 de lei;<\/li>\n<li>600 de lei pentru 612 mii de pensionari cu venituri \u00eentre 2.001- 3.000 de lei.<\/li>\n<\/ul>\n<p>Doar aceste ajutoare reprezint\u0103 aproximativ 1,7 miliarde de lei.<\/p>\n<p>Pe l\u00e2ng\u0103 ele, social-democra\u021bii cer \u0219i ca bugetul s\u0103 cuprind\u0103 banii pentru investi\u021biile na\u021bionale \u0219i locale, dar \u0219i ca nicio prim\u0103rie s\u0103 nu primeasc\u0103 mai pu\u021bini bani dec\u00e2t anul trecut. De asemenea, ei vor ca toate taxele colectate local s\u0103 r\u0103m\u00e2n\u0103 prim\u0103riilor, eliminarea pl\u0103\u021bii CASS pentru mamele aflate \u00een concediul de cre\u0219tere al copilului \u0219i veteranii de r\u0103zboi, dar \u0219i ajutoare pentru mamele care se \u00eentorc la munc\u0103.<\/p>\n<p>PSD condi\u021bioneaz\u0103 votarea bugetului de acest pachet de solidaritate. Altfel, ei amenin\u021b\u0103 c\u0103 nu vor vota pachetul \u0219i guvernul nu va avea o majoritate ca s\u0103-l adopte. Surse din interiorul partidului au explicat c\u0103 o decizie de a nu vota bugetul e, automat, \u0219i un semnal pentru ie\u0219irea de la guvernare.<\/p>\n<p>Sursa: <a href=\"https:\/\/hotnews.ro\/\">https:\/\/hotnews.ro\/<\/a><\/p>\n<\/div>\n<\/div>\n<p>[analyse_source url=&#8221;https:\/\/www.banatulazi.ro\/bolojan-isi-risca-capul-cel-mai-mare-partid-din-coalitia-guvernamentala-il-acuza-de-atitudine-sfidatoare-si-ca-blocheaza-bugetul-de-stat\/&#8221;]<\/p>\n","protected":false},"excerpt":{"rendered":"<p>[analyse_image type=&#8221;featured&#8221; src=&#8221;https:\/\/www.banatulazi.ro\/wp-content\/uploads\/2026\/03\/ID310051_INQUAM_Photos_Octav_Ganea.webp&#8221;] PSD acuz\u0103 c\u0103 premierul Bolojan blocheaz\u0103 negocierile pentru buget pentru c\u0103 a inclus \u00een proiect \u201eo serie de prevederi care contravin total solicit\u0103rilor exprimate de liderii partidelor\u201d. De asemenea, social-democra\u021bii spun c\u0103 Ilie Bolojan are o atitudine \u201einflexibil\u0103 \u0219i sfid\u0103toare\u201d la adresa partenerilor de guvernare. Printr-o postare pe Facebook, PSD acuz\u0103 c\u0103 [&hellip;]<\/p>\n","protected":false},"author":1,"featured_media":0,"comment_status":"open","ping_status":"","sticky":false,"template":"","format":"standard","meta":{"footnotes":""},"categories":[89],"tags":[185,226],"class_list":["post-1807454","post","type-post","status-publish","format-standard","hentry","category-romania","tag-banatulazi-ro","tag-crawlmanager"],"_links":{"self":[{"href":"https:\/\/analyse.optim.biz\/index.php?rest_route=\/wp\/v2\/posts\/1807454","targetHints":{"allow":["GET"]}}],"collection":[{"href":"https:\/\/analyse.optim.biz\/index.php?rest_route=\/wp\/v2\/posts"}],"about":[{"href":"https:\/\/analyse.optim.biz\/index.php?rest_route=\/wp\/v2\/types\/post"}],"author":[{"embeddable":true,"href":"https:\/\/analyse.optim.biz\/index.php?rest_route=\/wp\/v2\/users\/1"}],"replies":[{"embeddable":true,"href":"https:\/\/analyse.optim.biz\/index.php?rest_route=%2Fwp%2Fv2%2Fcomments&post=1807454"}],"version-history":[{"count":0,"href":"https:\/\/analyse.optim.biz\/index.php?rest_route=\/wp\/v2\/posts\/1807454\/revisions"}],"wp:attachment":[{"href":"https:\/\/analyse.optim.biz\/index.php?rest_route=%2Fwp%2Fv2%2Fmedia&parent=1807454"}],"wp:term":[{"taxonomy":"category","embeddable":true,"href":"https:\/\/analyse.optim.biz\/index.php?rest_route=%2Fwp%2Fv2%2Fcategories&post=1807454"},{"taxonomy":"post_tag","embeddable":true,"href":"https:\/\/analyse.optim.biz\/index.php?rest_route=%2Fwp%2Fv2%2Ftags&post=1807454"}],"curies":[{"name":"wp","href":"https:\/\/api.w.org\/{rel}","templated":true}]}}