{"id":1807452,"date":"2026-03-04T18:10:12","date_gmt":"2026-03-04T15:10:12","guid":{"rendered":"https:\/\/analyse.optim.biz\/?p=1807452"},"modified":"2026-03-04T18:10:12","modified_gmt":"2026-03-04T15:10:12","slug":"incep-lucrarile-la-doua-sensuri-giratorii-pe-drumul-judetean-dintre-timisoara-si-buzias-foto-video","status":"publish","type":"post","link":"https:\/\/analyse.optim.biz\/?p=1807452","title":{"rendered":"\u00cencep lucr\u0103rile la dou\u0103 sensuri giratorii pe drumul jude\u021bean dintre Timi\u0219oara \u0219i Buzia\u0219 \/ FOTO-VIDEO"},"content":{"rendered":"<p>[analyse_image type=&#8221;featured&#8221; src=&#8221;https:\/\/www.banatulazi.ro\/wp-content\/uploads\/2026\/03\/incep-lucrarile-la-doua-sensuri-giratorii-pe-drumul-judetean-dintre-Timisoara-si-Buzias.Still001.jpg&#8221;]<\/p>\n<div class=\"td_block_wrap tdb_single_content tdi_64 td-pb-border-top td_block_template_1 td-post-content tagdiv-type\" data-td-block-uid=\"tdi_64\">\n<div class=\"tdb-block-inner td-fix-index\">\n<p class=\"has-text-align-justify has-text-align-justify\">Und\u0103 verde pentru \u00eenceperea lucr\u0103rilor pentru amenajarea a dou\u0103 noi sensuri giratorii pe \u0219oseaua care leag\u0103 Timi\u0219oara de Buzia\u0219. Este vorba despre intersec\u021biile cu drumurile spre Saco\u0219u Turcesc \u0219i spre Albina.<\/p>\n<p class=\"has-text-align-justify has-text-align-justify\">Pre\u0219edintele Consiliului Jude\u021bean Timi\u0219 a efectuat azi o vizit\u0103 \u00een teren la amplasamentele celor dou\u0103 sensuri giratorii care vor fi realizate pe drumul jude\u021bean DJ 592, la intersec\u021bia cu strada Hodo\u0219 (Albina) \u0219i la intersec\u021bia cu DJ 592A (Saco\u0219u Turcesc).<\/p>\n<p class=\"has-text-align-justify has-text-align-justify\">Astfel, potrivit lui Alfred Simonis, \u0219eful CJ Timi\u0219, este vorba despre dou\u0103 dintre cele mai periculoase intersec\u021bii din jude\u021b, locuri \u00een care de-a lungul timpului s-au produs zeci de accidente.<\/p>\n<p>\u201c<em>Noile gira\u021bii vor asigura o mai bun\u0103 fluen\u021b\u0103 a circula\u021biei \u0219i, mai ales, vor contribui la reducerea num\u0103rului de accidente. La intersec\u021bia drumului jude\u021bean 592 cu 592A, la Saco\u0219u Turcesc, pe l\u00e2ng\u0103 sensul giratoriu vor fi amenajate \u0219i o band\u0103 dedicat\u0103 direc\u021biei de deplasare dinspre Buzia\u0219 spre Timi\u0219oara \u0219i una separat\u0103 pentru virajul la dreapta, pe rela\u021bia Timi\u0219oara \u2013 Saco\u0219u Turcesc.<\/em><\/p>\n<p class=\"has-text-align-justify has-text-align-justify\"><em>La Albina, gira\u021bia va fi construit\u0103 la intersec\u021bia dintre \u0219oseaua Timi\u0219oara \u2013 Buzia\u0219 \u0219i strada Hodo\u0219. Axul drumului a fost fixat astfel \u00eenc\u00e2t proiectul de l\u0103rgire la patru benzi \u0219i leg\u0103tura cu Autostrada A9 s\u0103 fie sincronizate.<\/em><\/p>\n<p class=\"has-text-align-justify has-text-align-justify\"><em><br \/>\nPe l\u00e2ng\u0103 cele dou\u0103 sensuri, vor mai fi amenajate sta\u021bii de autobuz, trotuare \u0219i un drum de acces c\u0103tre propriet\u0103\u021bile din zon\u0103<\/em>\u201d, a precizat Alfred Simonis.<\/p>\n<div id=\"tdi_65\" class=\"td-gallery td-slide-on-2-columns\">\n<div class=\"post_td_gallery\">\n<div class=\"td-gallery-slide-top\">\n<div class=\"td-gallery-controls-wrapper\">\n<div class=\"td-gallery-slide-count\"><span class=\"td-gallery-slide-item-focus\">1<\/span> de 70<\/div>\n<\/div>\n<\/div>\n<div class=\"td-doubleSlider-1 \">\n<div class=\"td-slider\">\n<div class=\"td-slide-item td-item1\">\n<figure class=\"td-slide-galery-figure td-slide-popup-gallery\"><a class=\"slide-gallery-image-link\" href=\"https:\/\/www.banatulazi.ro\/wp-content\/uploads\/2026\/03\/incep-lucrarile-la-doua-sensuri-giratorii-pe-drumul-judetean-dintre-Timisoara-si-Buzias.Still001.jpg\" title=\"\u00eencep lucr\u0103rile la dou\u0103 sensuri giratorii pe drumul jude\u021bean dintre Timi\u0219oara \u0219i Buzia\u0219.Still001\" data-caption data-description><img decoding=\"async\" src=\"https:\/\/www.banatulazi.ro\/wp-content\/uploads\/2026\/03\/incep-lucrarile-la-doua-sensuri-giratorii-pe-drumul-judetean-dintre-Timisoara-si-Buzias.Still001-747x420.jpg\" alt><\/a><\/figure>\n<\/div>\n<div class=\"td-slide-item td-item2\">\n<figure class=\"td-slide-galery-figure td-slide-popup-gallery\"><a class=\"slide-gallery-image-link\" href=\"https:\/\/www.banatulazi.ro\/wp-content\/uploads\/2026\/03\/incep-lucrarile-la-doua-sensuri-giratorii-pe-drumul-judetean-dintre-Timisoara-si-Buzias.Still002.jpg\" title=\"\u00eencep lucr\u0103rile la dou\u0103 sensuri giratorii pe drumul jude\u021bean dintre Timi\u0219oara \u0219i Buzia\u0219.Still002\" data-caption data-description><img decoding=\"async\" src=\"https:\/\/www.banatulazi.ro\/wp-content\/uploads\/2026\/03\/incep-lucrarile-la-doua-sensuri-giratorii-pe-drumul-judetean-dintre-Timisoara-si-Buzias.Still002-747x420.jpg\" alt><\/a><\/figure>\n<\/div>\n<div class=\"td-slide-item td-item3\">\n<figure class=\"td-slide-galery-figure td-slide-popup-gallery\"><a class=\"slide-gallery-image-link\" href=\"https:\/\/www.banatulazi.ro\/wp-content\/uploads\/2026\/03\/incep-lucrarile-la-doua-sensuri-giratorii-pe-drumul-judetean-dintre-Timisoara-si-Buzias.Still003.jpg\" title=\"\u00eencep lucr\u0103rile la dou\u0103 sensuri giratorii pe drumul jude\u021bean dintre Timi\u0219oara \u0219i Buzia\u0219.Still003\" data-caption data-description><img decoding=\"async\" src=\"https:\/\/www.banatulazi.ro\/wp-content\/uploads\/2026\/03\/incep-lucrarile-la-doua-sensuri-giratorii-pe-drumul-judetean-dintre-Timisoara-si-Buzias.Still003-747x420.jpg\" alt><\/a><\/figure>\n<\/div>\n<div class=\"td-slide-item td-item4\">\n<figure class=\"td-slide-galery-figure td-slide-popup-gallery\"><a class=\"slide-gallery-image-link\" href=\"https:\/\/www.banatulazi.ro\/wp-content\/uploads\/2026\/03\/incep-lucrarile-la-doua-sensuri-giratorii-pe-drumul-judetean-dintre-Timisoara-si-Buzias.Still004.jpg\" title=\"\u00eencep lucr\u0103rile la dou\u0103 sensuri giratorii pe drumul jude\u021bean dintre Timi\u0219oara \u0219i Buzia\u0219.Still004\" data-caption data-description><img decoding=\"async\" src=\"https:\/\/www.banatulazi.ro\/wp-content\/uploads\/2026\/03\/incep-lucrarile-la-doua-sensuri-giratorii-pe-drumul-judetean-dintre-Timisoara-si-Buzias.Still004-747x420.jpg\" alt><\/a><\/figure>\n<\/div>\n<div class=\"td-slide-item td-item5\">\n<figure class=\"td-slide-galery-figure td-slide-popup-gallery\"><a class=\"slide-gallery-image-link\" href=\"https:\/\/www.banatulazi.ro\/wp-content\/uploads\/2026\/03\/incep-lucrarile-la-doua-sensuri-giratorii-pe-drumul-judetean-dintre-Timisoara-si-Buzias.Still005.jpg\" title=\"\u00eencep lucr\u0103rile la dou\u0103 sensuri giratorii pe drumul jude\u021bean dintre Timi\u0219oara \u0219i Buzia\u0219.Still005\" data-caption data-description><img decoding=\"async\" src=\"https:\/\/www.banatulazi.ro\/wp-content\/uploads\/2026\/03\/incep-lucrarile-la-doua-sensuri-giratorii-pe-drumul-judetean-dintre-Timisoara-si-Buzias.Still005-747x420.jpg\" alt><\/a><\/figure>\n<\/div>\n<div class=\"td-slide-item td-item6\">\n<figure class=\"td-slide-galery-figure td-slide-popup-gallery\"><a class=\"slide-gallery-image-link\" href=\"https:\/\/www.banatulazi.ro\/wp-content\/uploads\/2026\/03\/incep-lucrarile-la-doua-sensuri-giratorii-pe-drumul-judetean-dintre-Timisoara-si-Buzias.Still006.jpg\" title=\"\u00eencep lucr\u0103rile la dou\u0103 sensuri giratorii pe drumul jude\u021bean dintre Timi\u0219oara \u0219i Buzia\u0219.Still006\" data-caption data-description><img decoding=\"async\" src=\"https:\/\/www.banatulazi.ro\/wp-content\/uploads\/2026\/03\/incep-lucrarile-la-doua-sensuri-giratorii-pe-drumul-judetean-dintre-Timisoara-si-Buzias.Still006-747x420.jpg\" alt><\/a><\/figure>\n<\/div>\n<div class=\"td-slide-item td-item7\">\n<figure class=\"td-slide-galery-figure td-slide-popup-gallery\"><a class=\"slide-gallery-image-link\" href=\"https:\/\/www.banatulazi.ro\/wp-content\/uploads\/2026\/03\/incep-lucrarile-la-doua-sensuri-giratorii-pe-drumul-judetean-dintre-Timisoara-si-Buzias.Still007.jpg\" title=\"\u00eencep lucr\u0103rile la dou\u0103 sensuri giratorii pe drumul jude\u021bean dintre Timi\u0219oara \u0219i Buzia\u0219.Still007\" data-caption data-description><img decoding=\"async\" src=\"https:\/\/www.banatulazi.ro\/wp-content\/uploads\/2026\/03\/incep-lucrarile-la-doua-sensuri-giratorii-pe-drumul-judetean-dintre-Timisoara-si-Buzias.Still007-747x420.jpg\" alt><\/a><\/figure>\n<\/div>\n<div class=\"td-slide-item td-item8\">\n<figure class=\"td-slide-galery-figure td-slide-popup-gallery\"><a class=\"slide-gallery-image-link\" href=\"https:\/\/www.banatulazi.ro\/wp-content\/uploads\/2026\/03\/incep-lucrarile-la-doua-sensuri-giratorii-pe-drumul-judetean-dintre-Timisoara-si-Buzias.Still008.jpg\" title=\"\u00eencep lucr\u0103rile la dou\u0103 sensuri giratorii pe drumul jude\u021bean dintre Timi\u0219oara \u0219i Buzia\u0219.Still008\" data-caption data-description><img decoding=\"async\" src=\"https:\/\/www.banatulazi.ro\/wp-content\/uploads\/2026\/03\/incep-lucrarile-la-doua-sensuri-giratorii-pe-drumul-judetean-dintre-Timisoara-si-Buzias.Still008-747x420.jpg\" alt><\/a><\/figure>\n<\/div>\n<div class=\"td-slide-item td-item9\">\n<figure class=\"td-slide-galery-figure td-slide-popup-gallery\"><a class=\"slide-gallery-image-link\" href=\"https:\/\/www.banatulazi.ro\/wp-content\/uploads\/2026\/03\/incep-lucrarile-la-doua-sensuri-giratorii-pe-drumul-judetean-dintre-Timisoara-si-Buzias.Still009.jpg\" title=\"\u00eencep lucr\u0103rile la dou\u0103 sensuri giratorii pe drumul jude\u021bean dintre Timi\u0219oara \u0219i Buzia\u0219.Still009\" data-caption data-description><img decoding=\"async\" src=\"https:\/\/www.banatulazi.ro\/wp-content\/uploads\/2026\/03\/incep-lucrarile-la-doua-sensuri-giratorii-pe-drumul-judetean-dintre-Timisoara-si-Buzias.Still009-747x420.jpg\" alt><\/a><\/figure>\n<\/div>\n<div class=\"td-slide-item td-item10\">\n<figure class=\"td-slide-galery-figure td-slide-popup-gallery\"><a class=\"slide-gallery-image-link\" href=\"https:\/\/www.banatulazi.ro\/wp-content\/uploads\/2026\/03\/incep-lucrarile-la-doua-sensuri-giratorii-pe-drumul-judetean-dintre-Timisoara-si-Buzias.Still010.jpg\" title=\"\u00eencep lucr\u0103rile la dou\u0103 sensuri giratorii pe drumul jude\u021bean dintre Timi\u0219oara \u0219i Buzia\u0219.Still010\" data-caption data-description><img decoding=\"async\" src=\"https:\/\/www.banatulazi.ro\/wp-content\/uploads\/2026\/03\/incep-lucrarile-la-doua-sensuri-giratorii-pe-drumul-judetean-dintre-Timisoara-si-Buzias.Still010-747x420.jpg\" alt><\/a><\/figure>\n<\/div>\n<div class=\"td-slide-item td-item11\">\n<figure class=\"td-slide-galery-figure td-slide-popup-gallery\"><a class=\"slide-gallery-image-link\" href=\"https:\/\/www.banatulazi.ro\/wp-content\/uploads\/2026\/03\/incep-lucrarile-la-doua-sensuri-giratorii-pe-drumul-judetean-dintre-Timisoara-si-Buzias.Still011.jpg\" title=\"\u00eencep lucr\u0103rile la dou\u0103 sensuri giratorii pe drumul jude\u021bean dintre Timi\u0219oara \u0219i Buzia\u0219.Still011\" data-caption data-description><img decoding=\"async\" src=\"https:\/\/www.banatulazi.ro\/wp-content\/uploads\/2026\/03\/incep-lucrarile-la-doua-sensuri-giratorii-pe-drumul-judetean-dintre-Timisoara-si-Buzias.Still011-747x420.jpg\" alt><\/a><\/figure>\n<\/div>\n<div class=\"td-slide-item td-item12\">\n<figure class=\"td-slide-galery-figure td-slide-popup-gallery\"><a class=\"slide-gallery-image-link\" href=\"https:\/\/www.banatulazi.ro\/wp-content\/uploads\/2026\/03\/incep-lucrarile-la-doua-sensuri-giratorii-pe-drumul-judetean-dintre-Timisoara-si-Buzias.Still012.jpg\" title=\"\u00eencep lucr\u0103rile la dou\u0103 sensuri giratorii pe drumul jude\u021bean dintre Timi\u0219oara \u0219i Buzia\u0219.Still012\" data-caption data-description><img decoding=\"async\" src=\"https:\/\/www.banatulazi.ro\/wp-content\/uploads\/2026\/03\/incep-lucrarile-la-doua-sensuri-giratorii-pe-drumul-judetean-dintre-Timisoara-si-Buzias.Still012-747x420.jpg\" alt><\/a><\/figure>\n<\/div>\n<div class=\"td-slide-item td-item13\">\n<figure class=\"td-slide-galery-figure td-slide-popup-gallery\"><a class=\"slide-gallery-image-link\" href=\"https:\/\/www.banatulazi.ro\/wp-content\/uploads\/2026\/03\/incep-lucrarile-la-doua-sensuri-giratorii-pe-drumul-judetean-dintre-Timisoara-si-Buzias.Still013.jpg\" title=\"\u00eencep lucr\u0103rile la dou\u0103 sensuri giratorii pe drumul jude\u021bean dintre Timi\u0219oara \u0219i Buzia\u0219.Still013\" data-caption data-description><img decoding=\"async\" src=\"https:\/\/www.banatulazi.ro\/wp-content\/uploads\/2026\/03\/incep-lucrarile-la-doua-sensuri-giratorii-pe-drumul-judetean-dintre-Timisoara-si-Buzias.Still013-747x420.jpg\" alt><\/a><\/figure>\n<\/div>\n<div class=\"td-slide-item td-item14\">\n<figure class=\"td-slide-galery-figure td-slide-popup-gallery\"><a class=\"slide-gallery-image-link\" href=\"https:\/\/www.banatulazi.ro\/wp-content\/uploads\/2026\/03\/incep-lucrarile-la-doua-sensuri-giratorii-pe-drumul-judetean-dintre-Timisoara-si-Buzias.Still014.jpg\" title=\"\u00eencep lucr\u0103rile la dou\u0103 sensuri giratorii pe drumul jude\u021bean dintre Timi\u0219oara \u0219i Buzia\u0219.Still014\" data-caption data-description><img decoding=\"async\" src=\"https:\/\/www.banatulazi.ro\/wp-content\/uploads\/2026\/03\/incep-lucrarile-la-doua-sensuri-giratorii-pe-drumul-judetean-dintre-Timisoara-si-Buzias.Still014-747x420.jpg\" alt><\/a><\/figure>\n<\/div>\n<div class=\"td-slide-item td-item15\">\n<figure class=\"td-slide-galery-figure td-slide-popup-gallery\"><a class=\"slide-gallery-image-link\" href=\"https:\/\/www.banatulazi.ro\/wp-content\/uploads\/2026\/03\/incep-lucrarile-la-doua-sensuri-giratorii-pe-drumul-judetean-dintre-Timisoara-si-Buzias.Still015.jpg\" title=\"\u00eencep lucr\u0103rile la dou\u0103 sensuri giratorii pe drumul jude\u021bean dintre Timi\u0219oara \u0219i Buzia\u0219.Still015\" data-caption data-description><img decoding=\"async\" src=\"https:\/\/www.banatulazi.ro\/wp-content\/uploads\/2026\/03\/incep-lucrarile-la-doua-sensuri-giratorii-pe-drumul-judetean-dintre-Timisoara-si-Buzias.Still015-747x420.jpg\" alt><\/a><\/figure>\n<\/div>\n<div class=\"td-slide-item td-item16\">\n<figure class=\"td-slide-galery-figure td-slide-popup-gallery\"><a class=\"slide-gallery-image-link\" href=\"https:\/\/www.banatulazi.ro\/wp-content\/uploads\/2026\/03\/incep-lucrarile-la-doua-sensuri-giratorii-pe-drumul-judetean-dintre-Timisoara-si-Buzias.Still016.jpg\" title=\"\u00eencep lucr\u0103rile la dou\u0103 sensuri giratorii pe drumul jude\u021bean dintre Timi\u0219oara \u0219i Buzia\u0219.Still016\" data-caption data-description><img decoding=\"async\" src=\"https:\/\/www.banatulazi.ro\/wp-content\/uploads\/2026\/03\/incep-lucrarile-la-doua-sensuri-giratorii-pe-drumul-judetean-dintre-Timisoara-si-Buzias.Still016-747x420.jpg\" alt><\/a><\/figure>\n<\/div>\n<div class=\"td-slide-item td-item17\">\n<figure class=\"td-slide-galery-figure td-slide-popup-gallery\"><a class=\"slide-gallery-image-link\" href=\"https:\/\/www.banatulazi.ro\/wp-content\/uploads\/2026\/03\/incep-lucrarile-la-doua-sensuri-giratorii-pe-drumul-judetean-dintre-Timisoara-si-Buzias.Still017.jpg\" title=\"\u00eencep lucr\u0103rile la dou\u0103 sensuri giratorii pe drumul jude\u021bean dintre Timi\u0219oara \u0219i Buzia\u0219.Still017\" data-caption data-description><img decoding=\"async\" src=\"https:\/\/www.banatulazi.ro\/wp-content\/uploads\/2026\/03\/incep-lucrarile-la-doua-sensuri-giratorii-pe-drumul-judetean-dintre-Timisoara-si-Buzias.Still017-747x420.jpg\" alt><\/a><\/figure>\n<\/div>\n<div class=\"td-slide-item td-item18\">\n<figure class=\"td-slide-galery-figure td-slide-popup-gallery\"><a class=\"slide-gallery-image-link\" href=\"https:\/\/www.banatulazi.ro\/wp-content\/uploads\/2026\/03\/incep-lucrarile-la-doua-sensuri-giratorii-pe-drumul-judetean-dintre-Timisoara-si-Buzias.Still018.jpg\" title=\"\u00eencep lucr\u0103rile la dou\u0103 sensuri giratorii pe drumul jude\u021bean dintre Timi\u0219oara \u0219i Buzia\u0219.Still018\" data-caption data-description><img decoding=\"async\" src=\"https:\/\/www.banatulazi.ro\/wp-content\/uploads\/2026\/03\/incep-lucrarile-la-doua-sensuri-giratorii-pe-drumul-judetean-dintre-Timisoara-si-Buzias.Still018-747x420.jpg\" alt><\/a><\/figure>\n<\/div>\n<div class=\"td-slide-item td-item19\">\n<figure class=\"td-slide-galery-figure td-slide-popup-gallery\"><a class=\"slide-gallery-image-link\" href=\"https:\/\/www.banatulazi.ro\/wp-content\/uploads\/2026\/03\/incep-lucrarile-la-doua-sensuri-giratorii-pe-drumul-judetean-dintre-Timisoara-si-Buzias.Still019.jpg\" title=\"\u00eencep lucr\u0103rile la dou\u0103 sensuri giratorii pe drumul jude\u021bean dintre Timi\u0219oara \u0219i Buzia\u0219.Still019\" data-caption data-description><img decoding=\"async\" src=\"https:\/\/www.banatulazi.ro\/wp-content\/uploads\/2026\/03\/incep-lucrarile-la-doua-sensuri-giratorii-pe-drumul-judetean-dintre-Timisoara-si-Buzias.Still019-747x420.jpg\" alt><\/a><\/figure>\n<\/div>\n<div class=\"td-slide-item td-item20\">\n<figure class=\"td-slide-galery-figure td-slide-popup-gallery\"><a class=\"slide-gallery-image-link\" href=\"https:\/\/www.banatulazi.ro\/wp-content\/uploads\/2026\/03\/incep-lucrarile-la-doua-sensuri-giratorii-pe-drumul-judetean-dintre-Timisoara-si-Buzias.Still020.jpg\" title=\"\u00eencep lucr\u0103rile la dou\u0103 sensuri giratorii pe drumul jude\u021bean dintre Timi\u0219oara \u0219i Buzia\u0219.Still020\" data-caption data-description><img decoding=\"async\" src=\"https:\/\/www.banatulazi.ro\/wp-content\/uploads\/2026\/03\/incep-lucrarile-la-doua-sensuri-giratorii-pe-drumul-judetean-dintre-Timisoara-si-Buzias.Still020-747x420.jpg\" alt><\/a><\/figure>\n<\/div>\n<div class=\"td-slide-item td-item21\">\n<figure class=\"td-slide-galery-figure td-slide-popup-gallery\"><a class=\"slide-gallery-image-link\" href=\"https:\/\/www.banatulazi.ro\/wp-content\/uploads\/2026\/03\/incep-lucrarile-la-doua-sensuri-giratorii-pe-drumul-judetean-dintre-Timisoara-si-Buzias.Still021.jpg\" title=\"\u00eencep lucr\u0103rile la dou\u0103 sensuri giratorii pe drumul jude\u021bean dintre Timi\u0219oara \u0219i Buzia\u0219.Still021\" data-caption data-description><img decoding=\"async\" src=\"https:\/\/www.banatulazi.ro\/wp-content\/uploads\/2026\/03\/incep-lucrarile-la-doua-sensuri-giratorii-pe-drumul-judetean-dintre-Timisoara-si-Buzias.Still021-747x420.jpg\" alt><\/a><\/figure>\n<\/div>\n<div class=\"td-slide-item td-item22\">\n<figure class=\"td-slide-galery-figure td-slide-popup-gallery\"><a class=\"slide-gallery-image-link\" href=\"https:\/\/www.banatulazi.ro\/wp-content\/uploads\/2026\/03\/incep-lucrarile-la-doua-sensuri-giratorii-pe-drumul-judetean-dintre-Timisoara-si-Buzias.Still022.jpg\" title=\"\u00eencep lucr\u0103rile la dou\u0103 sensuri giratorii pe drumul jude\u021bean dintre Timi\u0219oara \u0219i Buzia\u0219.Still022\" data-caption data-description><img decoding=\"async\" src=\"https:\/\/www.banatulazi.ro\/wp-content\/uploads\/2026\/03\/incep-lucrarile-la-doua-sensuri-giratorii-pe-drumul-judetean-dintre-Timisoara-si-Buzias.Still022-747x420.jpg\" alt><\/a><\/figure>\n<\/div>\n<div class=\"td-slide-item td-item23\">\n<figure class=\"td-slide-galery-figure td-slide-popup-gallery\"><a class=\"slide-gallery-image-link\" href=\"https:\/\/www.banatulazi.ro\/wp-content\/uploads\/2026\/03\/incep-lucrarile-la-doua-sensuri-giratorii-pe-drumul-judetean-dintre-Timisoara-si-Buzias.Still023.jpg\" title=\"\u00eencep lucr\u0103rile la dou\u0103 sensuri giratorii pe drumul jude\u021bean dintre Timi\u0219oara \u0219i Buzia\u0219.Still023\" data-caption data-description><img decoding=\"async\" src=\"https:\/\/www.banatulazi.ro\/wp-content\/uploads\/2026\/03\/incep-lucrarile-la-doua-sensuri-giratorii-pe-drumul-judetean-dintre-Timisoara-si-Buzias.Still023-747x420.jpg\" alt><\/a><\/figure>\n<\/div>\n<div class=\"td-slide-item td-item24\">\n<figure class=\"td-slide-galery-figure td-slide-popup-gallery\"><a class=\"slide-gallery-image-link\" href=\"https:\/\/www.banatulazi.ro\/wp-content\/uploads\/2026\/03\/incep-lucrarile-la-doua-sensuri-giratorii-pe-drumul-judetean-dintre-Timisoara-si-Buzias.Still024.jpg\" title=\"\u00eencep lucr\u0103rile la dou\u0103 sensuri giratorii pe drumul jude\u021bean dintre Timi\u0219oara \u0219i Buzia\u0219.Still024\" data-caption data-description><img decoding=\"async\" src=\"https:\/\/www.banatulazi.ro\/wp-content\/uploads\/2026\/03\/incep-lucrarile-la-doua-sensuri-giratorii-pe-drumul-judetean-dintre-Timisoara-si-Buzias.Still024-747x420.jpg\" alt><\/a><\/figure>\n<\/div>\n<div class=\"td-slide-item td-item25\">\n<figure class=\"td-slide-galery-figure td-slide-popup-gallery\"><a class=\"slide-gallery-image-link\" href=\"https:\/\/www.banatulazi.ro\/wp-content\/uploads\/2026\/03\/incep-lucrarile-la-doua-sensuri-giratorii-pe-drumul-judetean-dintre-Timisoara-si-Buzias.Still025.jpg\" title=\"\u00eencep lucr\u0103rile la dou\u0103 sensuri giratorii pe drumul jude\u021bean dintre Timi\u0219oara \u0219i Buzia\u0219.Still025\" data-caption data-description><img decoding=\"async\" src=\"https:\/\/www.banatulazi.ro\/wp-content\/uploads\/2026\/03\/incep-lucrarile-la-doua-sensuri-giratorii-pe-drumul-judetean-dintre-Timisoara-si-Buzias.Still025-747x420.jpg\" alt><\/a><\/figure>\n<\/div>\n<div class=\"td-slide-item td-item26\">\n<figure class=\"td-slide-galery-figure td-slide-popup-gallery\"><a class=\"slide-gallery-image-link\" href=\"https:\/\/www.banatulazi.ro\/wp-content\/uploads\/2026\/03\/incep-lucrarile-la-doua-sensuri-giratorii-pe-drumul-judetean-dintre-Timisoara-si-Buzias.Still026.jpg\" title=\"\u00eencep lucr\u0103rile la dou\u0103 sensuri giratorii pe drumul jude\u021bean dintre Timi\u0219oara \u0219i Buzia\u0219.Still026\" data-caption data-description><img decoding=\"async\" src=\"https:\/\/www.banatulazi.ro\/wp-content\/uploads\/2026\/03\/incep-lucrarile-la-doua-sensuri-giratorii-pe-drumul-judetean-dintre-Timisoara-si-Buzias.Still026-747x420.jpg\" alt><\/a><\/figure>\n<\/div>\n<div class=\"td-slide-item td-item27\">\n<figure class=\"td-slide-galery-figure td-slide-popup-gallery\"><a class=\"slide-gallery-image-link\" href=\"https:\/\/www.banatulazi.ro\/wp-content\/uploads\/2026\/03\/incep-lucrarile-la-doua-sensuri-giratorii-pe-drumul-judetean-dintre-Timisoara-si-Buzias.Still027.jpg\" title=\"\u00eencep lucr\u0103rile la dou\u0103 sensuri giratorii pe drumul jude\u021bean dintre Timi\u0219oara \u0219i Buzia\u0219.Still027\" data-caption data-description><img decoding=\"async\" src=\"https:\/\/www.banatulazi.ro\/wp-content\/uploads\/2026\/03\/incep-lucrarile-la-doua-sensuri-giratorii-pe-drumul-judetean-dintre-Timisoara-si-Buzias.Still027-747x420.jpg\" alt><\/a><\/figure>\n<\/div>\n<div class=\"td-slide-item td-item28\">\n<figure class=\"td-slide-galery-figure td-slide-popup-gallery\"><a class=\"slide-gallery-image-link\" href=\"https:\/\/www.banatulazi.ro\/wp-content\/uploads\/2026\/03\/incep-lucrarile-la-doua-sensuri-giratorii-pe-drumul-judetean-dintre-Timisoara-si-Buzias.Still028.jpg\" title=\"\u00eencep lucr\u0103rile la dou\u0103 sensuri giratorii pe drumul jude\u021bean dintre Timi\u0219oara \u0219i Buzia\u0219.Still028\" data-caption data-description><img decoding=\"async\" src=\"https:\/\/www.banatulazi.ro\/wp-content\/uploads\/2026\/03\/incep-lucrarile-la-doua-sensuri-giratorii-pe-drumul-judetean-dintre-Timisoara-si-Buzias.Still028-747x420.jpg\" alt><\/a><\/figure>\n<\/div>\n<div class=\"td-slide-item td-item29\">\n<figure class=\"td-slide-galery-figure td-slide-popup-gallery\"><a class=\"slide-gallery-image-link\" href=\"https:\/\/www.banatulazi.ro\/wp-content\/uploads\/2026\/03\/incep-lucrarile-la-doua-sensuri-giratorii-pe-drumul-judetean-dintre-Timisoara-si-Buzias.Still029.jpg\" title=\"\u00eencep lucr\u0103rile la dou\u0103 sensuri giratorii pe drumul jude\u021bean dintre Timi\u0219oara \u0219i Buzia\u0219.Still029\" data-caption data-description><img decoding=\"async\" src=\"https:\/\/www.banatulazi.ro\/wp-content\/uploads\/2026\/03\/incep-lucrarile-la-doua-sensuri-giratorii-pe-drumul-judetean-dintre-Timisoara-si-Buzias.Still029-747x420.jpg\" alt><\/a><\/figure>\n<\/div>\n<div class=\"td-slide-item td-item30\">\n<figure class=\"td-slide-galery-figure td-slide-popup-gallery\"><a class=\"slide-gallery-image-link\" href=\"https:\/\/www.banatulazi.ro\/wp-content\/uploads\/2026\/03\/incep-lucrarile-la-doua-sensuri-giratorii-pe-drumul-judetean-dintre-Timisoara-si-Buzias.Still030.jpg\" title=\"\u00eencep lucr\u0103rile la dou\u0103 sensuri giratorii pe drumul jude\u021bean dintre Timi\u0219oara \u0219i Buzia\u0219.Still030\" data-caption data-description><img decoding=\"async\" src=\"https:\/\/www.banatulazi.ro\/wp-content\/uploads\/2026\/03\/incep-lucrarile-la-doua-sensuri-giratorii-pe-drumul-judetean-dintre-Timisoara-si-Buzias.Still030-747x420.jpg\" alt><\/a><\/figure>\n<\/div>\n<div class=\"td-slide-item td-item31\">\n<figure class=\"td-slide-galery-figure td-slide-popup-gallery\"><a class=\"slide-gallery-image-link\" href=\"https:\/\/www.banatulazi.ro\/wp-content\/uploads\/2026\/03\/incep-lucrarile-la-doua-sensuri-giratorii-pe-drumul-judetean-dintre-Timisoara-si-Buzias.Still031.jpg\" title=\"\u00eencep lucr\u0103rile la dou\u0103 sensuri giratorii pe drumul jude\u021bean dintre Timi\u0219oara \u0219i Buzia\u0219.Still031\" data-caption data-description><img decoding=\"async\" src=\"https:\/\/www.banatulazi.ro\/wp-content\/uploads\/2026\/03\/incep-lucrarile-la-doua-sensuri-giratorii-pe-drumul-judetean-dintre-Timisoara-si-Buzias.Still031-747x420.jpg\" alt><\/a><\/figure>\n<\/div>\n<div class=\"td-slide-item td-item32\">\n<figure class=\"td-slide-galery-figure td-slide-popup-gallery\"><a class=\"slide-gallery-image-link\" href=\"https:\/\/www.banatulazi.ro\/wp-content\/uploads\/2026\/03\/incep-lucrarile-la-doua-sensuri-giratorii-pe-drumul-judetean-dintre-Timisoara-si-Buzias.Still032.jpg\" title=\"\u00eencep lucr\u0103rile la dou\u0103 sensuri giratorii pe drumul jude\u021bean dintre Timi\u0219oara \u0219i Buzia\u0219.Still032\" data-caption data-description><img decoding=\"async\" src=\"https:\/\/www.banatulazi.ro\/wp-content\/uploads\/2026\/03\/incep-lucrarile-la-doua-sensuri-giratorii-pe-drumul-judetean-dintre-Timisoara-si-Buzias.Still032-747x420.jpg\" alt><\/a><\/figure>\n<\/div>\n<div class=\"td-slide-item td-item33\">\n<figure class=\"td-slide-galery-figure td-slide-popup-gallery\"><a class=\"slide-gallery-image-link\" href=\"https:\/\/www.banatulazi.ro\/wp-content\/uploads\/2026\/03\/incep-lucrarile-la-doua-sensuri-giratorii-pe-drumul-judetean-dintre-Timisoara-si-Buzias.Still033.jpg\" title=\"\u00eencep lucr\u0103rile la dou\u0103 sensuri giratorii pe drumul jude\u021bean dintre Timi\u0219oara \u0219i Buzia\u0219.Still033\" data-caption data-description><img decoding=\"async\" src=\"https:\/\/www.banatulazi.ro\/wp-content\/uploads\/2026\/03\/incep-lucrarile-la-doua-sensuri-giratorii-pe-drumul-judetean-dintre-Timisoara-si-Buzias.Still033-747x420.jpg\" alt><\/a><\/figure>\n<\/div>\n<div class=\"td-slide-item td-item34\">\n<figure class=\"td-slide-galery-figure td-slide-popup-gallery\"><a class=\"slide-gallery-image-link\" href=\"https:\/\/www.banatulazi.ro\/wp-content\/uploads\/2026\/03\/incep-lucrarile-la-doua-sensuri-giratorii-pe-drumul-judetean-dintre-Timisoara-si-Buzias.Still034.jpg\" title=\"\u00eencep lucr\u0103rile la dou\u0103 sensuri giratorii pe drumul jude\u021bean dintre Timi\u0219oara \u0219i Buzia\u0219.Still034\" data-caption data-description><img decoding=\"async\" src=\"https:\/\/www.banatulazi.ro\/wp-content\/uploads\/2026\/03\/incep-lucrarile-la-doua-sensuri-giratorii-pe-drumul-judetean-dintre-Timisoara-si-Buzias.Still034-747x420.jpg\" alt><\/a><\/figure>\n<\/div>\n<div class=\"td-slide-item td-item35\">\n<figure class=\"td-slide-galery-figure td-slide-popup-gallery\"><a class=\"slide-gallery-image-link\" href=\"https:\/\/www.banatulazi.ro\/wp-content\/uploads\/2026\/03\/incep-lucrarile-la-doua-sensuri-giratorii-pe-drumul-judetean-dintre-Timisoara-si-Buzias.Still035.jpg\" title=\"\u00eencep lucr\u0103rile la dou\u0103 sensuri giratorii pe drumul jude\u021bean dintre Timi\u0219oara \u0219i Buzia\u0219.Still035\" data-caption data-description><img decoding=\"async\" src=\"https:\/\/www.banatulazi.ro\/wp-content\/uploads\/2026\/03\/incep-lucrarile-la-doua-sensuri-giratorii-pe-drumul-judetean-dintre-Timisoara-si-Buzias.Still035-747x420.jpg\" alt><\/a><\/figure>\n<\/div>\n<div class=\"td-slide-item td-item36\">\n<figure class=\"td-slide-galery-figure td-slide-popup-gallery\"><a class=\"slide-gallery-image-link\" href=\"https:\/\/www.banatulazi.ro\/wp-content\/uploads\/2026\/03\/incep-lucrarile-la-doua-sensuri-giratorii-pe-drumul-judetean-dintre-Timisoara-si-Buzias.Still036.jpg\" title=\"\u00eencep lucr\u0103rile la dou\u0103 sensuri giratorii pe drumul jude\u021bean dintre Timi\u0219oara \u0219i Buzia\u0219.Still036\" data-caption data-description><img decoding=\"async\" src=\"https:\/\/www.banatulazi.ro\/wp-content\/uploads\/2026\/03\/incep-lucrarile-la-doua-sensuri-giratorii-pe-drumul-judetean-dintre-Timisoara-si-Buzias.Still036-747x420.jpg\" alt><\/a><\/figure>\n<\/div>\n<div class=\"td-slide-item td-item37\">\n<figure class=\"td-slide-galery-figure td-slide-popup-gallery\"><a class=\"slide-gallery-image-link\" href=\"https:\/\/www.banatulazi.ro\/wp-content\/uploads\/2026\/03\/incep-lucrarile-la-doua-sensuri-giratorii-pe-drumul-judetean-dintre-Timisoara-si-Buzias.Still037.jpg\" title=\"\u00eencep lucr\u0103rile la dou\u0103 sensuri giratorii pe drumul jude\u021bean dintre Timi\u0219oara \u0219i Buzia\u0219.Still037\" data-caption data-description><img decoding=\"async\" src=\"https:\/\/www.banatulazi.ro\/wp-content\/uploads\/2026\/03\/incep-lucrarile-la-doua-sensuri-giratorii-pe-drumul-judetean-dintre-Timisoara-si-Buzias.Still037-747x420.jpg\" alt><\/a><\/figure>\n<\/div>\n<div class=\"td-slide-item td-item38\">\n<figure class=\"td-slide-galery-figure td-slide-popup-gallery\"><a class=\"slide-gallery-image-link\" href=\"https:\/\/www.banatulazi.ro\/wp-content\/uploads\/2026\/03\/incep-lucrarile-la-doua-sensuri-giratorii-pe-drumul-judetean-dintre-Timisoara-si-Buzias.Still038.jpg\" title=\"\u00eencep lucr\u0103rile la dou\u0103 sensuri giratorii pe drumul jude\u021bean dintre Timi\u0219oara \u0219i Buzia\u0219.Still038\" data-caption data-description><img decoding=\"async\" src=\"https:\/\/www.banatulazi.ro\/wp-content\/uploads\/2026\/03\/incep-lucrarile-la-doua-sensuri-giratorii-pe-drumul-judetean-dintre-Timisoara-si-Buzias.Still038-747x420.jpg\" alt><\/a><\/figure>\n<\/div>\n<div class=\"td-slide-item td-item39\">\n<figure class=\"td-slide-galery-figure td-slide-popup-gallery\"><a class=\"slide-gallery-image-link\" href=\"https:\/\/www.banatulazi.ro\/wp-content\/uploads\/2026\/03\/incep-lucrarile-la-doua-sensuri-giratorii-pe-drumul-judetean-dintre-Timisoara-si-Buzias.Still039.jpg\" title=\"\u00eencep lucr\u0103rile la dou\u0103 sensuri giratorii pe drumul jude\u021bean dintre Timi\u0219oara \u0219i Buzia\u0219.Still039\" data-caption data-description><img decoding=\"async\" src=\"https:\/\/www.banatulazi.ro\/wp-content\/uploads\/2026\/03\/incep-lucrarile-la-doua-sensuri-giratorii-pe-drumul-judetean-dintre-Timisoara-si-Buzias.Still039-747x420.jpg\" alt><\/a><\/figure>\n<\/div>\n<div class=\"td-slide-item td-item40\">\n<figure class=\"td-slide-galery-figure td-slide-popup-gallery\"><a class=\"slide-gallery-image-link\" href=\"https:\/\/www.banatulazi.ro\/wp-content\/uploads\/2026\/03\/incep-lucrarile-la-doua-sensuri-giratorii-pe-drumul-judetean-dintre-Timisoara-si-Buzias.Still040.jpg\" title=\"\u00eencep lucr\u0103rile la dou\u0103 sensuri giratorii pe drumul jude\u021bean dintre Timi\u0219oara \u0219i Buzia\u0219.Still040\" data-caption data-description><img decoding=\"async\" src=\"https:\/\/www.banatulazi.ro\/wp-content\/uploads\/2026\/03\/incep-lucrarile-la-doua-sensuri-giratorii-pe-drumul-judetean-dintre-Timisoara-si-Buzias.Still040-747x420.jpg\" alt><\/a><\/figure>\n<\/div>\n<div class=\"td-slide-item td-item41\">\n<figure class=\"td-slide-galery-figure td-slide-popup-gallery\"><a class=\"slide-gallery-image-link\" href=\"https:\/\/www.banatulazi.ro\/wp-content\/uploads\/2026\/03\/incep-lucrarile-la-doua-sensuri-giratorii-pe-drumul-judetean-dintre-Timisoara-si-Buzias.Still041.jpg\" title=\"\u00eencep lucr\u0103rile la dou\u0103 sensuri giratorii pe drumul jude\u021bean dintre Timi\u0219oara \u0219i Buzia\u0219.Still041\" data-caption data-description><img decoding=\"async\" src=\"https:\/\/www.banatulazi.ro\/wp-content\/uploads\/2026\/03\/incep-lucrarile-la-doua-sensuri-giratorii-pe-drumul-judetean-dintre-Timisoara-si-Buzias.Still041-747x420.jpg\" alt><\/a><\/figure>\n<\/div>\n<div class=\"td-slide-item td-item42\">\n<figure class=\"td-slide-galery-figure td-slide-popup-gallery\"><a class=\"slide-gallery-image-link\" href=\"https:\/\/www.banatulazi.ro\/wp-content\/uploads\/2026\/03\/incep-lucrarile-la-doua-sensuri-giratorii-pe-drumul-judetean-dintre-Timisoara-si-Buzias.Still042.jpg\" title=\"\u00eencep lucr\u0103rile la dou\u0103 sensuri giratorii pe drumul jude\u021bean dintre Timi\u0219oara \u0219i Buzia\u0219.Still042\" data-caption data-description><img decoding=\"async\" src=\"https:\/\/www.banatulazi.ro\/wp-content\/uploads\/2026\/03\/incep-lucrarile-la-doua-sensuri-giratorii-pe-drumul-judetean-dintre-Timisoara-si-Buzias.Still042-747x420.jpg\" alt><\/a><\/figure>\n<\/div>\n<div class=\"td-slide-item td-item43\">\n<figure class=\"td-slide-galery-figure td-slide-popup-gallery\"><a class=\"slide-gallery-image-link\" href=\"https:\/\/www.banatulazi.ro\/wp-content\/uploads\/2026\/03\/incep-lucrarile-la-doua-sensuri-giratorii-pe-drumul-judetean-dintre-Timisoara-si-Buzias.Still043.jpg\" title=\"\u00eencep lucr\u0103rile la dou\u0103 sensuri giratorii pe drumul jude\u021bean dintre Timi\u0219oara \u0219i Buzia\u0219.Still043\" data-caption data-description><img decoding=\"async\" src=\"https:\/\/www.banatulazi.ro\/wp-content\/uploads\/2026\/03\/incep-lucrarile-la-doua-sensuri-giratorii-pe-drumul-judetean-dintre-Timisoara-si-Buzias.Still043-747x420.jpg\" alt><\/a><\/figure>\n<\/div>\n<div class=\"td-slide-item td-item44\">\n<figure class=\"td-slide-galery-figure td-slide-popup-gallery\"><a class=\"slide-gallery-image-link\" href=\"https:\/\/www.banatulazi.ro\/wp-content\/uploads\/2026\/03\/incep-lucrarile-la-doua-sensuri-giratorii-pe-drumul-judetean-dintre-Timisoara-si-Buzias.Still044.jpg\" title=\"\u00eencep lucr\u0103rile la dou\u0103 sensuri giratorii pe drumul jude\u021bean dintre Timi\u0219oara \u0219i Buzia\u0219.Still044\" data-caption data-description><img decoding=\"async\" src=\"https:\/\/www.banatulazi.ro\/wp-content\/uploads\/2026\/03\/incep-lucrarile-la-doua-sensuri-giratorii-pe-drumul-judetean-dintre-Timisoara-si-Buzias.Still044-747x420.jpg\" alt><\/a><\/figure>\n<\/div>\n<div class=\"td-slide-item td-item45\">\n<figure class=\"td-slide-galery-figure td-slide-popup-gallery\"><a class=\"slide-gallery-image-link\" href=\"https:\/\/www.banatulazi.ro\/wp-content\/uploads\/2026\/03\/incep-lucrarile-la-doua-sensuri-giratorii-pe-drumul-judetean-dintre-Timisoara-si-Buzias.Still045.jpg\" title=\"\u00eencep lucr\u0103rile la dou\u0103 sensuri giratorii pe drumul jude\u021bean dintre Timi\u0219oara \u0219i Buzia\u0219.Still045\" data-caption data-description><img decoding=\"async\" src=\"https:\/\/www.banatulazi.ro\/wp-content\/uploads\/2026\/03\/incep-lucrarile-la-doua-sensuri-giratorii-pe-drumul-judetean-dintre-Timisoara-si-Buzias.Still045-747x420.jpg\" alt><\/a><\/figure>\n<\/div>\n<div class=\"td-slide-item td-item46\">\n<figure class=\"td-slide-galery-figure td-slide-popup-gallery\"><a class=\"slide-gallery-image-link\" href=\"https:\/\/www.banatulazi.ro\/wp-content\/uploads\/2026\/03\/incep-lucrarile-la-doua-sensuri-giratorii-pe-drumul-judetean-dintre-Timisoara-si-Buzias.Still046.jpg\" title=\"\u00eencep lucr\u0103rile la dou\u0103 sensuri giratorii pe drumul jude\u021bean dintre Timi\u0219oara \u0219i Buzia\u0219.Still046\" data-caption data-description><img decoding=\"async\" src=\"https:\/\/www.banatulazi.ro\/wp-content\/uploads\/2026\/03\/incep-lucrarile-la-doua-sensuri-giratorii-pe-drumul-judetean-dintre-Timisoara-si-Buzias.Still046-747x420.jpg\" alt><\/a><\/figure>\n<\/div>\n<div class=\"td-slide-item td-item47\">\n<figure class=\"td-slide-galery-figure td-slide-popup-gallery\"><a class=\"slide-gallery-image-link\" href=\"https:\/\/www.banatulazi.ro\/wp-content\/uploads\/2026\/03\/incep-lucrarile-la-doua-sensuri-giratorii-pe-drumul-judetean-dintre-Timisoara-si-Buzias.Still047.jpg\" title=\"\u00eencep lucr\u0103rile la dou\u0103 sensuri giratorii pe drumul jude\u021bean dintre Timi\u0219oara \u0219i Buzia\u0219.Still047\" data-caption data-description><img decoding=\"async\" src=\"https:\/\/www.banatulazi.ro\/wp-content\/uploads\/2026\/03\/incep-lucrarile-la-doua-sensuri-giratorii-pe-drumul-judetean-dintre-Timisoara-si-Buzias.Still047-747x420.jpg\" alt><\/a><\/figure>\n<\/div>\n<div class=\"td-slide-item td-item48\">\n<figure class=\"td-slide-galery-figure td-slide-popup-gallery\"><a class=\"slide-gallery-image-link\" href=\"https:\/\/www.banatulazi.ro\/wp-content\/uploads\/2026\/03\/incep-lucrarile-la-doua-sensuri-giratorii-pe-drumul-judetean-dintre-Timisoara-si-Buzias.Still048.jpg\" title=\"\u00eencep lucr\u0103rile la dou\u0103 sensuri giratorii pe drumul jude\u021bean dintre Timi\u0219oara \u0219i Buzia\u0219.Still048\" data-caption data-description><img decoding=\"async\" src=\"https:\/\/www.banatulazi.ro\/wp-content\/uploads\/2026\/03\/incep-lucrarile-la-doua-sensuri-giratorii-pe-drumul-judetean-dintre-Timisoara-si-Buzias.Still048-747x420.jpg\" alt><\/a><\/figure>\n<\/div>\n<div class=\"td-slide-item td-item49\">\n<figure class=\"td-slide-galery-figure td-slide-popup-gallery\"><a class=\"slide-gallery-image-link\" href=\"https:\/\/www.banatulazi.ro\/wp-content\/uploads\/2026\/03\/incep-lucrarile-la-doua-sensuri-giratorii-pe-drumul-judetean-dintre-Timisoara-si-Buzias.Still049.jpg\" title=\"\u00eencep lucr\u0103rile la dou\u0103 sensuri giratorii pe drumul jude\u021bean dintre Timi\u0219oara \u0219i Buzia\u0219.Still049\" data-caption data-description><img decoding=\"async\" src=\"https:\/\/www.banatulazi.ro\/wp-content\/uploads\/2026\/03\/incep-lucrarile-la-doua-sensuri-giratorii-pe-drumul-judetean-dintre-Timisoara-si-Buzias.Still049-747x420.jpg\" alt><\/a><\/figure>\n<\/div>\n<div class=\"td-slide-item td-item50\">\n<figure class=\"td-slide-galery-figure td-slide-popup-gallery\"><a class=\"slide-gallery-image-link\" href=\"https:\/\/www.banatulazi.ro\/wp-content\/uploads\/2026\/03\/incep-lucrarile-la-doua-sensuri-giratorii-pe-drumul-judetean-dintre-Timisoara-si-Buzias.Still050.jpg\" title=\"\u00eencep lucr\u0103rile la dou\u0103 sensuri giratorii pe drumul jude\u021bean dintre Timi\u0219oara \u0219i Buzia\u0219.Still050\" data-caption data-description><img decoding=\"async\" src=\"https:\/\/www.banatulazi.ro\/wp-content\/uploads\/2026\/03\/incep-lucrarile-la-doua-sensuri-giratorii-pe-drumul-judetean-dintre-Timisoara-si-Buzias.Still050-747x420.jpg\" alt><\/a><\/figure>\n<\/div>\n<div class=\"td-slide-item td-item51\">\n<figure class=\"td-slide-galery-figure td-slide-popup-gallery\"><a class=\"slide-gallery-image-link\" href=\"https:\/\/www.banatulazi.ro\/wp-content\/uploads\/2026\/03\/incep-lucrarile-la-doua-sensuri-giratorii-pe-drumul-judetean-dintre-Timisoara-si-Buzias.Still051.jpg\" title=\"\u00eencep lucr\u0103rile la dou\u0103 sensuri giratorii pe drumul jude\u021bean dintre Timi\u0219oara \u0219i Buzia\u0219.Still051\" data-caption data-description><img decoding=\"async\" src=\"https:\/\/www.banatulazi.ro\/wp-content\/uploads\/2026\/03\/incep-lucrarile-la-doua-sensuri-giratorii-pe-drumul-judetean-dintre-Timisoara-si-Buzias.Still051-747x420.jpg\" alt><\/a><\/figure>\n<\/div>\n<div class=\"td-slide-item td-item52\">\n<figure class=\"td-slide-galery-figure td-slide-popup-gallery\"><a class=\"slide-gallery-image-link\" href=\"https:\/\/www.banatulazi.ro\/wp-content\/uploads\/2026\/03\/incep-lucrarile-la-doua-sensuri-giratorii-pe-drumul-judetean-dintre-Timisoara-si-Buzias.Still052.jpg\" title=\"\u00eencep lucr\u0103rile la dou\u0103 sensuri giratorii pe drumul jude\u021bean dintre Timi\u0219oara \u0219i Buzia\u0219.Still052\" data-caption data-description><img decoding=\"async\" src=\"https:\/\/www.banatulazi.ro\/wp-content\/uploads\/2026\/03\/incep-lucrarile-la-doua-sensuri-giratorii-pe-drumul-judetean-dintre-Timisoara-si-Buzias.Still052-747x420.jpg\" alt><\/a><\/figure>\n<\/div>\n<div class=\"td-slide-item td-item53\">\n<figure class=\"td-slide-galery-figure td-slide-popup-gallery\"><a class=\"slide-gallery-image-link\" href=\"https:\/\/www.banatulazi.ro\/wp-content\/uploads\/2026\/03\/incep-lucrarile-la-doua-sensuri-giratorii-pe-drumul-judetean-dintre-Timisoara-si-Buzias.Still053.jpg\" title=\"\u00eencep lucr\u0103rile la dou\u0103 sensuri giratorii pe drumul jude\u021bean dintre Timi\u0219oara \u0219i Buzia\u0219.Still053\" data-caption data-description><img decoding=\"async\" src=\"https:\/\/www.banatulazi.ro\/wp-content\/uploads\/2026\/03\/incep-lucrarile-la-doua-sensuri-giratorii-pe-drumul-judetean-dintre-Timisoara-si-Buzias.Still053-747x420.jpg\" alt><\/a><\/figure>\n<\/div>\n<div class=\"td-slide-item td-item54\">\n<figure class=\"td-slide-galery-figure td-slide-popup-gallery\"><a class=\"slide-gallery-image-link\" href=\"https:\/\/www.banatulazi.ro\/wp-content\/uploads\/2026\/03\/incep-lucrarile-la-doua-sensuri-giratorii-pe-drumul-judetean-dintre-Timisoara-si-Buzias.Still054.jpg\" title=\"\u00eencep lucr\u0103rile la dou\u0103 sensuri giratorii pe drumul jude\u021bean dintre Timi\u0219oara \u0219i Buzia\u0219.Still054\" data-caption data-description><img decoding=\"async\" src=\"https:\/\/www.banatulazi.ro\/wp-content\/uploads\/2026\/03\/incep-lucrarile-la-doua-sensuri-giratorii-pe-drumul-judetean-dintre-Timisoara-si-Buzias.Still054-747x420.jpg\" alt><\/a><\/figure>\n<\/div>\n<div class=\"td-slide-item td-item55\">\n<figure class=\"td-slide-galery-figure td-slide-popup-gallery\"><a class=\"slide-gallery-image-link\" href=\"https:\/\/www.banatulazi.ro\/wp-content\/uploads\/2026\/03\/incep-lucrarile-la-doua-sensuri-giratorii-pe-drumul-judetean-dintre-Timisoara-si-Buzias.Still055.jpg\" title=\"\u00eencep lucr\u0103rile la dou\u0103 sensuri giratorii pe drumul jude\u021bean dintre Timi\u0219oara \u0219i Buzia\u0219.Still055\" data-caption data-description><img decoding=\"async\" src=\"https:\/\/www.banatulazi.ro\/wp-content\/uploads\/2026\/03\/incep-lucrarile-la-doua-sensuri-giratorii-pe-drumul-judetean-dintre-Timisoara-si-Buzias.Still055-747x420.jpg\" alt><\/a><\/figure>\n<\/div>\n<div class=\"td-slide-item td-item56\">\n<figure class=\"td-slide-galery-figure td-slide-popup-gallery\"><a class=\"slide-gallery-image-link\" href=\"https:\/\/www.banatulazi.ro\/wp-content\/uploads\/2026\/03\/incep-lucrarile-la-doua-sensuri-giratorii-pe-drumul-judetean-dintre-Timisoara-si-Buzias.Still056.jpg\" title=\"\u00eencep lucr\u0103rile la dou\u0103 sensuri giratorii pe drumul jude\u021bean dintre Timi\u0219oara \u0219i Buzia\u0219.Still056\" data-caption data-description><img decoding=\"async\" src=\"https:\/\/www.banatulazi.ro\/wp-content\/uploads\/2026\/03\/incep-lucrarile-la-doua-sensuri-giratorii-pe-drumul-judetean-dintre-Timisoara-si-Buzias.Still056-747x420.jpg\" alt><\/a><\/figure>\n<\/div>\n<div class=\"td-slide-item td-item57\">\n<figure class=\"td-slide-galery-figure td-slide-popup-gallery\"><a class=\"slide-gallery-image-link\" href=\"https:\/\/www.banatulazi.ro\/wp-content\/uploads\/2026\/03\/incep-lucrarile-la-doua-sensuri-giratorii-pe-drumul-judetean-dintre-Timisoara-si-Buzias.Still057.jpg\" title=\"\u00eencep lucr\u0103rile la dou\u0103 sensuri giratorii pe drumul jude\u021bean dintre Timi\u0219oara \u0219i Buzia\u0219.Still057\" data-caption data-description><img decoding=\"async\" src=\"https:\/\/www.banatulazi.ro\/wp-content\/uploads\/2026\/03\/incep-lucrarile-la-doua-sensuri-giratorii-pe-drumul-judetean-dintre-Timisoara-si-Buzias.Still057-747x420.jpg\" alt><\/a><\/figure>\n<\/div>\n<div class=\"td-slide-item td-item58\">\n<figure class=\"td-slide-galery-figure td-slide-popup-gallery\"><a class=\"slide-gallery-image-link\" href=\"https:\/\/www.banatulazi.ro\/wp-content\/uploads\/2026\/03\/incep-lucrarile-la-doua-sensuri-giratorii-pe-drumul-judetean-dintre-Timisoara-si-Buzias.Still058.jpg\" title=\"\u00eencep lucr\u0103rile la dou\u0103 sensuri giratorii pe drumul jude\u021bean dintre Timi\u0219oara \u0219i Buzia\u0219.Still058\" data-caption data-description><img decoding=\"async\" src=\"https:\/\/www.banatulazi.ro\/wp-content\/uploads\/2026\/03\/incep-lucrarile-la-doua-sensuri-giratorii-pe-drumul-judetean-dintre-Timisoara-si-Buzias.Still058-747x420.jpg\" alt><\/a><\/figure>\n<\/div>\n<div class=\"td-slide-item td-item59\">\n<figure class=\"td-slide-galery-figure td-slide-popup-gallery\"><a class=\"slide-gallery-image-link\" href=\"https:\/\/www.banatulazi.ro\/wp-content\/uploads\/2026\/03\/incep-lucrarile-la-doua-sensuri-giratorii-pe-drumul-judetean-dintre-Timisoara-si-Buzias.Still059.jpg\" title=\"\u00eencep lucr\u0103rile la dou\u0103 sensuri giratorii pe drumul jude\u021bean dintre Timi\u0219oara \u0219i Buzia\u0219.Still059\" data-caption data-description><img decoding=\"async\" src=\"https:\/\/www.banatulazi.ro\/wp-content\/uploads\/2026\/03\/incep-lucrarile-la-doua-sensuri-giratorii-pe-drumul-judetean-dintre-Timisoara-si-Buzias.Still059-747x420.jpg\" alt><\/a><\/figure>\n<\/div>\n<div class=\"td-slide-item td-item60\">\n<figure class=\"td-slide-galery-figure td-slide-popup-gallery\"><a class=\"slide-gallery-image-link\" href=\"https:\/\/www.banatulazi.ro\/wp-content\/uploads\/2026\/03\/incep-lucrarile-la-doua-sensuri-giratorii-pe-drumul-judetean-dintre-Timisoara-si-Buzias.Still060.jpg\" title=\"\u00eencep lucr\u0103rile la dou\u0103 sensuri giratorii pe drumul jude\u021bean dintre Timi\u0219oara \u0219i Buzia\u0219.Still060\" data-caption data-description><img decoding=\"async\" src=\"https:\/\/www.banatulazi.ro\/wp-content\/uploads\/2026\/03\/incep-lucrarile-la-doua-sensuri-giratorii-pe-drumul-judetean-dintre-Timisoara-si-Buzias.Still060-747x420.jpg\" alt><\/a><\/figure>\n<\/div>\n<div class=\"td-slide-item td-item61\">\n<figure class=\"td-slide-galery-figure td-slide-popup-gallery\"><a class=\"slide-gallery-image-link\" href=\"https:\/\/www.banatulazi.ro\/wp-content\/uploads\/2026\/03\/incep-lucrarile-la-doua-sensuri-giratorii-pe-drumul-judetean-dintre-Timisoara-si-Buzias.Still061.jpg\" title=\"\u00eencep lucr\u0103rile la dou\u0103 sensuri giratorii pe drumul jude\u021bean dintre Timi\u0219oara \u0219i Buzia\u0219.Still061\" data-caption data-description><img decoding=\"async\" src=\"https:\/\/www.banatulazi.ro\/wp-content\/uploads\/2026\/03\/incep-lucrarile-la-doua-sensuri-giratorii-pe-drumul-judetean-dintre-Timisoara-si-Buzias.Still061-747x420.jpg\" alt><\/a><\/figure>\n<\/div>\n<div class=\"td-slide-item td-item62\">\n<figure class=\"td-slide-galery-figure td-slide-popup-gallery\"><a class=\"slide-gallery-image-link\" href=\"https:\/\/www.banatulazi.ro\/wp-content\/uploads\/2026\/03\/incep-lucrarile-la-doua-sensuri-giratorii-pe-drumul-judetean-dintre-Timisoara-si-Buzias.Still062.jpg\" title=\"\u00eencep lucr\u0103rile la dou\u0103 sensuri giratorii pe drumul jude\u021bean dintre Timi\u0219oara \u0219i Buzia\u0219.Still062\" data-caption data-description><img decoding=\"async\" src=\"https:\/\/www.banatulazi.ro\/wp-content\/uploads\/2026\/03\/incep-lucrarile-la-doua-sensuri-giratorii-pe-drumul-judetean-dintre-Timisoara-si-Buzias.Still062-747x420.jpg\" alt><\/a><\/figure>\n<\/div>\n<div class=\"td-slide-item td-item63\">\n<figure class=\"td-slide-galery-figure td-slide-popup-gallery\"><a class=\"slide-gallery-image-link\" href=\"https:\/\/www.banatulazi.ro\/wp-content\/uploads\/2026\/03\/incep-lucrarile-la-doua-sensuri-giratorii-pe-drumul-judetean-dintre-Timisoara-si-Buzias.Still063.jpg\" title=\"\u00eencep lucr\u0103rile la dou\u0103 sensuri giratorii pe drumul jude\u021bean dintre Timi\u0219oara \u0219i Buzia\u0219.Still063\" data-caption data-description><img decoding=\"async\" src=\"https:\/\/www.banatulazi.ro\/wp-content\/uploads\/2026\/03\/incep-lucrarile-la-doua-sensuri-giratorii-pe-drumul-judetean-dintre-Timisoara-si-Buzias.Still063-747x420.jpg\" alt><\/a><\/figure>\n<\/div>\n<div class=\"td-slide-item td-item64\">\n<figure class=\"td-slide-galery-figure td-slide-popup-gallery\"><a class=\"slide-gallery-image-link\" href=\"https:\/\/www.banatulazi.ro\/wp-content\/uploads\/2026\/03\/incep-lucrarile-la-doua-sensuri-giratorii-pe-drumul-judetean-dintre-Timisoara-si-Buzias.Still064.jpg\" title=\"\u00eencep lucr\u0103rile la dou\u0103 sensuri giratorii pe drumul jude\u021bean dintre Timi\u0219oara \u0219i Buzia\u0219.Still064\" data-caption data-description><img decoding=\"async\" src=\"https:\/\/www.banatulazi.ro\/wp-content\/uploads\/2026\/03\/incep-lucrarile-la-doua-sensuri-giratorii-pe-drumul-judetean-dintre-Timisoara-si-Buzias.Still064-747x420.jpg\" alt><\/a><\/figure>\n<\/div>\n<div class=\"td-slide-item td-item65\">\n<figure class=\"td-slide-galery-figure td-slide-popup-gallery\"><a class=\"slide-gallery-image-link\" href=\"https:\/\/www.banatulazi.ro\/wp-content\/uploads\/2026\/03\/incep-lucrarile-la-doua-sensuri-giratorii-pe-drumul-judetean-dintre-Timisoara-si-Buzias.Still065.jpg\" title=\"\u00eencep lucr\u0103rile la dou\u0103 sensuri giratorii pe drumul jude\u021bean dintre Timi\u0219oara \u0219i Buzia\u0219.Still065\" data-caption data-description><img decoding=\"async\" src=\"https:\/\/www.banatulazi.ro\/wp-content\/uploads\/2026\/03\/incep-lucrarile-la-doua-sensuri-giratorii-pe-drumul-judetean-dintre-Timisoara-si-Buzias.Still065-747x420.jpg\" alt><\/a><\/figure>\n<\/div>\n<div class=\"td-slide-item td-item66\">\n<figure class=\"td-slide-galery-figure td-slide-popup-gallery\"><a class=\"slide-gallery-image-link\" href=\"https:\/\/www.banatulazi.ro\/wp-content\/uploads\/2026\/03\/incep-lucrarile-la-doua-sensuri-giratorii-pe-drumul-judetean-dintre-Timisoara-si-Buzias.Still066.jpg\" title=\"\u00eencep lucr\u0103rile la dou\u0103 sensuri giratorii pe drumul jude\u021bean dintre Timi\u0219oara \u0219i Buzia\u0219.Still066\" data-caption data-description><img decoding=\"async\" src=\"https:\/\/www.banatulazi.ro\/wp-content\/uploads\/2026\/03\/incep-lucrarile-la-doua-sensuri-giratorii-pe-drumul-judetean-dintre-Timisoara-si-Buzias.Still066-747x420.jpg\" alt><\/a><\/figure>\n<\/div>\n<div class=\"td-slide-item td-item67\">\n<figure class=\"td-slide-galery-figure td-slide-popup-gallery\"><a class=\"slide-gallery-image-link\" href=\"https:\/\/www.banatulazi.ro\/wp-content\/uploads\/2026\/03\/incep-lucrarile-la-doua-sensuri-giratorii-pe-drumul-judetean-dintre-Timisoara-si-Buzias.Still067.jpg\" title=\"\u00eencep lucr\u0103rile la dou\u0103 sensuri giratorii pe drumul jude\u021bean dintre Timi\u0219oara \u0219i Buzia\u0219.Still067\" data-caption data-description><img decoding=\"async\" src=\"https:\/\/www.banatulazi.ro\/wp-content\/uploads\/2026\/03\/incep-lucrarile-la-doua-sensuri-giratorii-pe-drumul-judetean-dintre-Timisoara-si-Buzias.Still067-747x420.jpg\" alt><\/a><\/figure>\n<\/div>\n<div class=\"td-slide-item td-item68\">\n<figure class=\"td-slide-galery-figure td-slide-popup-gallery\"><a class=\"slide-gallery-image-link\" href=\"https:\/\/www.banatulazi.ro\/wp-content\/uploads\/2026\/03\/incep-lucrarile-la-doua-sensuri-giratorii-pe-drumul-judetean-dintre-Timisoara-si-Buzias.Still068.jpg\" title=\"\u00eencep lucr\u0103rile la dou\u0103 sensuri giratorii pe drumul jude\u021bean dintre Timi\u0219oara \u0219i Buzia\u0219.Still068\" data-caption data-description><img decoding=\"async\" src=\"https:\/\/www.banatulazi.ro\/wp-content\/uploads\/2026\/03\/incep-lucrarile-la-doua-sensuri-giratorii-pe-drumul-judetean-dintre-Timisoara-si-Buzias.Still068-747x420.jpg\" alt><\/a><\/figure>\n<\/div>\n<div class=\"td-slide-item td-item69\">\n<figure class=\"td-slide-galery-figure td-slide-popup-gallery\"><a class=\"slide-gallery-image-link\" href=\"https:\/\/www.banatulazi.ro\/wp-content\/uploads\/2026\/03\/incep-lucrarile-la-doua-sensuri-giratorii-pe-drumul-judetean-dintre-Timisoara-si-Buzias.Still069.jpg\" title=\"\u00eencep lucr\u0103rile la dou\u0103 sensuri giratorii pe drumul jude\u021bean dintre Timi\u0219oara \u0219i Buzia\u0219.Still069\" data-caption data-description><img decoding=\"async\" src=\"https:\/\/www.banatulazi.ro\/wp-content\/uploads\/2026\/03\/incep-lucrarile-la-doua-sensuri-giratorii-pe-drumul-judetean-dintre-Timisoara-si-Buzias.Still069-747x420.jpg\" alt><\/a><\/figure>\n<\/div>\n<div class=\"td-slide-item td-item70\">\n<figure class=\"td-slide-galery-figure td-slide-popup-gallery\"><a class=\"slide-gallery-image-link\" href=\"https:\/\/www.banatulazi.ro\/wp-content\/uploads\/2026\/03\/incep-lucrarile-la-doua-sensuri-giratorii-pe-drumul-judetean-dintre-Timisoara-si-Buzias.Still070.jpg\" title=\"\u00eencep lucr\u0103rile la dou\u0103 sensuri giratorii pe drumul jude\u021bean dintre Timi\u0219oara \u0219i Buzia\u0219.Still070\" data-caption data-description><img decoding=\"async\" src=\"https:\/\/www.banatulazi.ro\/wp-content\/uploads\/2026\/03\/incep-lucrarile-la-doua-sensuri-giratorii-pe-drumul-judetean-dintre-Timisoara-si-Buzias.Still070-747x420.jpg\" alt><\/a><\/figure>\n<\/div>\n<\/div>\n<\/div>\n<\/div>\n<\/div>\n<p>Sursa: <a href=\"https:\/\/www.observatordetimis.ro\">https:\/\/www.observatordetimis.ro\u00a0<\/a><\/p>\n<div class=\"youtube-embed\" data-video_id=\"0kAe6AtscBA\"><iframe loading=\"lazy\" title=\"\u00cencep lucr\u0103rile la dou\u0103 sensuri giratorii pe drumul jude\u021bean dintre Timi\u0219oara \u0219i Buzia\u0219\" width=\"696\" height=\"392\" src=\"https:\/\/www.youtube.com\/embed\/0kAe6AtscBA?feature=oembed&amp;enablejsapi=1\" frameborder allow=\"accelerometer; autoplay; clipboard-write; encrypted-media; gyroscope; picture-in-picture; web-share\" referrerpolicy=\"strict-origin-when-cross-origin\" allowfullscreen><\/iframe><\/div>\n<\/div>\n<\/div>\n<p>[analyse_source url=&#8221;https:\/\/www.banatulazi.ro\/incep-lucrarile-la-doua-sensuri-giratorii-pe-drumul-judetean-dintre-timisoara-si-buzias-foto-video\/&#8221;]<\/p>\n","protected":false},"excerpt":{"rendered":"<p>[analyse_image type=&#8221;featured&#8221; src=&#8221;https:\/\/www.banatulazi.ro\/wp-content\/uploads\/2026\/03\/incep-lucrarile-la-doua-sensuri-giratorii-pe-drumul-judetean-dintre-Timisoara-si-Buzias.Still001.jpg&#8221;] Und\u0103 verde pentru \u00eenceperea lucr\u0103rilor pentru amenajarea a dou\u0103 noi sensuri giratorii pe \u0219oseaua care leag\u0103 Timi\u0219oara de Buzia\u0219. Este vorba despre intersec\u021biile cu drumurile spre Saco\u0219u Turcesc \u0219i spre Albina. Pre\u0219edintele Consiliului Jude\u021bean Timi\u0219 a efectuat azi o vizit\u0103 \u00een teren la amplasamentele celor dou\u0103 sensuri giratorii care vor fi realizate [&hellip;]<\/p>\n","protected":false},"author":1,"featured_media":0,"comment_status":"open","ping_status":"","sticky":false,"template":"","format":"standard","meta":{"footnotes":""},"categories":[89],"tags":[185,226],"class_list":["post-1807452","post","type-post","status-publish","format-standard","hentry","category-romania","tag-banatulazi-ro","tag-crawlmanager"],"_links":{"self":[{"href":"https:\/\/analyse.optim.biz\/index.php?rest_route=\/wp\/v2\/posts\/1807452","targetHints":{"allow":["GET"]}}],"collection":[{"href":"https:\/\/analyse.optim.biz\/index.php?rest_route=\/wp\/v2\/posts"}],"about":[{"href":"https:\/\/analyse.optim.biz\/index.php?rest_route=\/wp\/v2\/types\/post"}],"author":[{"embeddable":true,"href":"https:\/\/analyse.optim.biz\/index.php?rest_route=\/wp\/v2\/users\/1"}],"replies":[{"embeddable":true,"href":"https:\/\/analyse.optim.biz\/index.php?rest_route=%2Fwp%2Fv2%2Fcomments&post=1807452"}],"version-history":[{"count":0,"href":"https:\/\/analyse.optim.biz\/index.php?rest_route=\/wp\/v2\/posts\/1807452\/revisions"}],"wp:attachment":[{"href":"https:\/\/analyse.optim.biz\/index.php?rest_route=%2Fwp%2Fv2%2Fmedia&parent=1807452"}],"wp:term":[{"taxonomy":"category","embeddable":true,"href":"https:\/\/analyse.optim.biz\/index.php?rest_route=%2Fwp%2Fv2%2Fcategories&post=1807452"},{"taxonomy":"post_tag","embeddable":true,"href":"https:\/\/analyse.optim.biz\/index.php?rest_route=%2Fwp%2Fv2%2Ftags&post=1807452"}],"curies":[{"name":"wp","href":"https:\/\/api.w.org\/{rel}","templated":true}]}}