{"id":1807392,"date":"2026-03-04T09:14:48","date_gmt":"2026-03-04T06:14:48","guid":{"rendered":"https:\/\/analyse.optim.biz\/?p=1807392"},"modified":"2026-03-04T09:14:48","modified_gmt":"2026-03-04T06:14:48","slug":"muzeul-national-al-bucovinei-si-muzeul-national-al-taranului-roman-organizeaza-la-bucuresti-expozitia","status":"publish","type":"post","link":"https:\/\/analyse.optim.biz\/?p=1807392","title":{"rendered":"Muzeul Na\u021bional al Bucovinei \u0219i Muzeul Na\u021bional al \u021a\u0103ranului Rom\u00e2n organizeaz\u0103 la Bucure\u0219ti expozi\u021bia"},"content":{"rendered":"<p>[analyse_image type=&#8221;featured&#8221; src=&#8221;https:\/\/suceavalive.ro\/wp-content\/uploads\/2026\/03\/afis-expo-T-Postolache-2026-725&#215;1024.jpghttps:\/\/suceavalive.ro\/wp-content\/uploads\/2026\/03\/afis-expo-T-Postolache-2026-scaled.jpg&#8221;]<\/p>\n<article id=\"post-288381\" class=\"clearfix post-288381 post type-post status-publish format-standard has-post-thumbnail hentry category-cultura category-slide category-categoria-social\">\n<header id=\"cb-standard-featured\">\n<div id=\"cb-fis-wrap\" class=\"cb-entry-header cb-fis cb-style-standard\"><span class=\"cb-title-fi\"><\/p>\n<h1 class=\"entry-title cb-entry-title cb-single-title\">Muzeul Na\u021bional al Bucovinei \u0219i Muzeul Na\u021bional al \u021a\u0103ranului Rom\u00e2n organizeaz\u0103 la Bucure\u0219ti expozi\u021bia \u201eTraian Postolache. Drumul spre lumin\u0103\u201d<\/h1>\n<div class=\"cb-byline cb-font-header\">\n<div class=\"cb-date cb-byline-element\"><time datetime=\"2026-03-04\">4 martie 2026<\/time><\/div>\n<\/div>\n<p><\/span><\/div>\n<\/header>\n<section class=\"cb-entry-content entry-content clearfix\">\n<p><span><span>Muzeul Na\u021bional al Bucovinei \u0219i Muzeul Na\u021bional al \u021a\u0103ranului Rom\u00e2n invit\u0103 publicul bucure\u0219tean la vernisajul expozi\u021biei <\/span><b>Traian Postolache. Drumul spre lumin\u0103<\/b><span>, eveniment care va avea loc miercuri, 11 martie, ora 17.00, \u00een Sala \u201eTancred B\u0103n\u0103\u021beanu\u201d a institu\u021biei bucure\u0219tene. Prezint\u0103 dr. Marius Ti\u021ba.\u00a0\u00a0<\/span><\/span><\/p>\n<p><span>Proiectul este finan\u021bat de Consiliul Jude\u021bean Suceava \u0219i se desf\u0103\u0219oar\u0103 sub egida Consiliului Interna\u021bional al Muzeelor (ICOM).\u00a0<\/span><\/p>\n<p><span>Expozi\u021bia este organizat\u0103 la \u00eemplinirea unui deceniu de la plecarea \u201e\u00een Lumin\u0103\u201d a pictorului Traian Postolache, artist bucovinean pentru care spa\u021biul religios, coroborat cu solide lecturi esoterice, a reprezentat una dintre sursele constante de inspira\u021bie. De\u0219i mai pu\u021bin cunoscut publicului larg, acesta r\u0103m\u00e2ne una dintre cele mai profunde voci plastice bucovinene, poate cea mai profund\u0103 \u2013 raportat\u0103 la spa\u021biul sacru care se circumscrie Bucovinei.<\/span><\/p>\n<p><span>N\u0103scut la R\u0103d\u0103u\u021bi, la 7 septembrie 1953, artistul urmeaz\u0103 cursurile Facult\u0103\u021bii de Arte Plastice din Ia\u0219i, la clasa profesorului Ion Neagoe (1975-1979). Devine membru al Uniunii Arti\u0219tilor Plastici din Rom\u00e2nia \u00een anul 1990. A activat ca designer industrial (1979\u20131990), bibliotecar la Biblioteca Municipal\u0103 R\u0103d\u0103u\u021bi \u0219i muzeograf (1995\u20131999), fiind ulterior director al Muzeului de Etnografie \u201eSamuil \u0219i Eugenia Ione\u021b\u201d din R\u0103d\u0103u\u021bi (1999\u20132008). Este fondatorul Galeriei de Art\u0103 din R\u0103d\u0103u\u021bi. Editorialist la ziarul \u201e7 zile bucovinene\u201d, a semnat cronici de art\u0103 \u00een presa cultural\u0103, iar din 2005 a publicat eseuri \u00een revista \u201eStudii \u0219i Scrieri Tradi\u021bionale\u201d din Bucure\u0219ti.<\/span><\/p>\n<p><span>A avut expozi\u021bii personale la Bucure\u0219ti (1981, 1983, 1987, 1988, 1990), R\u0103d\u0103u\u021bi (1985, 1991, 1995, 2000, 2001) \u0219i Suceava (1998, 2005, 2009). A participat la expozi\u021biile anuale ale Cenaclului U.A.P. Suceava (1978, 1981\u20131988, 1990), precum \u0219i la numeroase expozi\u021bii de grup, \u00een \u021bar\u0103 \u0219i \u00een str\u0103in\u0103tate: Cern\u0103u\u021bi (1984), Tokio (1990), Chicago \u0219i Washington (1998, 1999). A fost distins cu Premiul Special al Juriului (1992) \u0219i Premiul III (1994) la Festivalul Na\u021bional \u201eVorone\u021biana\u201d. Lucr\u0103rile sale se reg\u0103sesc \u00een colec\u021bii muzeale \u0219i particulare.<\/span><\/p>\n<p><span><span>Expozi\u021bia <\/span><b>Traian Postolache. Drumul spre lumin\u0103<\/b><span> poate fi vizitat\u0103 la Muzeul Na\u021bional al \u021a\u0103ranului Rom\u00e2n \u00een perioada 11 martie \u2013 5 aprilie 2026 \u0219i ofer\u0103 publicului ocazia de a descoperi universul artistic al unui creator autentic \u0219i profund, \u00een ale c\u0103rui c\u0103ut\u0103ri spirituale se poate reg\u0103si.<\/span><\/span><\/p>\n<\/section>\n<footer class=\"article-footer\">\n<div class=\"cb-social-sharing cb-post-footer-block cb-beside clearfix\">\n<div class=\"cb-title-subtle\">Share On:<\/div>\n<div class=\"cb-twitter\"><a href=\"https:\/\/twitter.com\/share\" class=\"twitter-share-button\" data-dnt=\"true\" data-count=\"horizontal\">Tweet<\/a><\/div>\n<\/div>\n<div id=\"cb-previous-next-links\" class=\"cb-post-footer-block clearfix\">\n<div id=\"cb-previous-link\"><a href=\"https:\/\/suceavalive.ro\/alexandru-covasa-purtatorul-de-cuvant-al-primariei-suceava-atrage-atentia-asupra-modului-in-care-sunt-colectate-datele-personale-in-cadrul-campaniei-de-strangere-de-semnaturi-demarate-de-mihai-craci\/\" rel=\"prev\">Alexandru Cova\u0219\u0103, purt\u0103torul de cuv\u00e2nt al Prim\u0103riei Suceava, atrage aten\u021bia asupra modului \u00een care sunt colectate datele personale \u00een cadrul campaniei de str\u00e2ngere de semn\u0103turi demarate de Mihai Cr\u0103ciun<\/a><\/div>\n<div id=\"cb-next-link\"><a href=\"https:\/\/suceavalive.ro\/deputatul-petru-negrea-atrage-atentia-asupra-situatiei-dramatice-in-care-au-ajuns-crescatorii-de-suine-din-romania\/\" rel=\"next\">Deputatul Petru Negrea atrage aten\u021bia asupra situa\u021biei dramatice \u00een care au ajuns cresc\u0103torii de suine din Rom\u00e2nia<\/a><\/div>\n<\/div>\n<div id=\"cb-author-box\" class=\"clearfix\">\n<h3 class=\"cb-block-title\">Despre autor<\/h3>\n<div class=\"cb-meta\">\n<div class=\"cb-info\">\n<div class=\"cb-author-title vcard\"><a href=\"https:\/\/suceavalive.ro\/author\/suceavalive\/\"><span class=\"fn\">SuceavaLive<\/span><\/a><\/div>\n<\/div>\n<\/div>\n<\/div>\n<div id=\"cb-related-posts\" class=\"cb-related-posts-block cb-post-end-block clearfix\">\n<h3 class=\"cb-block-title\">Postari asemanatoare<\/h3>\n<ul>\n<li class=\"cb-style-overlay cb-grid-entry cb-related-post no-1\">\n<div class=\"cb-meta cb-article-meta\">\n<h4 class=\"h3 cb-post-title\"><a href=\"https:\/\/suceavalive.ro\/draga-turistule-de-pasii-te-vor-purta-in-bucovina-nu-uita-de-biserica-de-lemn-din-todiresti\/\">Drag\u0103 turistule, de pa\u0219ii te vor purta \u00een Bucovina, nu uita de Biserica de lemn din Todire\u0219ti<\/a><\/h4>\n<div class=\"cb-byline cb-font-header\">\n<div class=\"cb-date cb-byline-element\"><time datetime=\"2026-03-04\">4 martie 2026<\/time><\/div>\n<\/div>\n<\/div>\n<\/li>\n<li class=\"cb-style-overlay cb-grid-entry cb-related-post no-2\">\n<div class=\"cb-meta cb-article-meta\">\n<h4 class=\"h3 cb-post-title\"><a href=\"https:\/\/suceavalive.ro\/stiati-ca-muzeul-arta-lemnului-din-campulung-moldovenesc-este-unic-in-romania\/\">\u0218tia\u021bi c\u0103 Muzeul Arta Lemnului din C\u00e2mpulung Moldovenesc este unic \u00een Rom\u00e2nia?<\/a><\/h4>\n<div class=\"cb-byline cb-font-header\">\n<div class=\"cb-date cb-byline-element\"><time datetime=\"2026-03-04\">4 martie 2026<\/time><\/div>\n<\/div>\n<\/div>\n<\/li>\n<\/ul>\n<\/div>\n<\/footer>\n<div id=\"respond\" class=\"comment-respond\">\n<h3 id=\"reply-title\" class=\"comment-reply-title\">Lasa un raspuns <small><a rel=\"nofollow\" id=\"cancel-comment-reply-link\" href=\"https:\/\/suceavalive.ro\/muzeul-national-al-bucovinei-si-muzeul-national-al-taranului-roman-organizeaza-la-bucuresti-expozitia-traian-postolache-drumul-spre-lumina\/#respond\">Anuleaza raspunsul<\/a><\/small><\/h3>\n<p class=\"comment-notes\">Adresa ta de email nu va fi publicat\u0103.<\/p>\n<\/div>\n<\/article>\n<section class=\"cb-entry-content entry-content clearfix\">\n<p><span><span>Muzeul Na\u021bional al Bucovinei \u0219i Muzeul Na\u021bional al \u021a\u0103ranului Rom\u00e2n invit\u0103 publicul bucure\u0219tean la vernisajul expozi\u021biei <\/span><b>Traian Postolache. Drumul spre lumin\u0103<\/b><span>, eveniment care va avea loc miercuri, 11 martie, ora 17.00, \u00een Sala \u201eTancred B\u0103n\u0103\u021beanu\u201d a institu\u021biei bucure\u0219tene. Prezint\u0103 dr. Marius Ti\u021ba.\u00a0\u00a0<\/span><\/span><\/p>\n<p><span>Proiectul este finan\u021bat de Consiliul Jude\u021bean Suceava \u0219i se desf\u0103\u0219oar\u0103 sub egida Consiliului Interna\u021bional al Muzeelor (ICOM).\u00a0<\/span><\/p>\n<p><span>Expozi\u021bia este organizat\u0103 la \u00eemplinirea unui deceniu de la plecarea \u201e\u00een Lumin\u0103\u201d a pictorului Traian Postolache, artist bucovinean pentru care spa\u021biul religios, coroborat cu solide lecturi esoterice, a reprezentat una dintre sursele constante de inspira\u021bie. De\u0219i mai pu\u021bin cunoscut publicului larg, acesta r\u0103m\u00e2ne una dintre cele mai profunde voci plastice bucovinene, poate cea mai profund\u0103 \u2013 raportat\u0103 la spa\u021biul sacru care se circumscrie Bucovinei.<\/span><\/p>\n<p><span>N\u0103scut la R\u0103d\u0103u\u021bi, la 7 septembrie 1953, artistul urmeaz\u0103 cursurile Facult\u0103\u021bii de Arte Plastice din Ia\u0219i, la clasa profesorului Ion Neagoe (1975-1979). Devine membru al Uniunii Arti\u0219tilor Plastici din Rom\u00e2nia \u00een anul 1990. A activat ca designer industrial (1979\u20131990), bibliotecar la Biblioteca Municipal\u0103 R\u0103d\u0103u\u021bi \u0219i muzeograf (1995\u20131999), fiind ulterior director al Muzeului de Etnografie \u201eSamuil \u0219i Eugenia Ione\u021b\u201d din R\u0103d\u0103u\u021bi (1999\u20132008). Este fondatorul Galeriei de Art\u0103 din R\u0103d\u0103u\u021bi. Editorialist la ziarul \u201e7 zile bucovinene\u201d, a semnat cronici de art\u0103 \u00een presa cultural\u0103, iar din 2005 a publicat eseuri \u00een revista \u201eStudii \u0219i Scrieri Tradi\u021bionale\u201d din Bucure\u0219ti.<\/span><\/p>\n<p><span>A avut expozi\u021bii personale la Bucure\u0219ti (1981, 1983, 1987, 1988, 1990), R\u0103d\u0103u\u021bi (1985, 1991, 1995, 2000, 2001) \u0219i Suceava (1998, 2005, 2009). A participat la expozi\u021biile anuale ale Cenaclului U.A.P. Suceava (1978, 1981\u20131988, 1990), precum \u0219i la numeroase expozi\u021bii de grup, \u00een \u021bar\u0103 \u0219i \u00een str\u0103in\u0103tate: Cern\u0103u\u021bi (1984), Tokio (1990), Chicago \u0219i Washington (1998, 1999). A fost distins cu Premiul Special al Juriului (1992) \u0219i Premiul III (1994) la Festivalul Na\u021bional \u201eVorone\u021biana\u201d. Lucr\u0103rile sale se reg\u0103sesc \u00een colec\u021bii muzeale \u0219i particulare.<\/span><\/p>\n<p><span><span>Expozi\u021bia <\/span><b>Traian Postolache. Drumul spre lumin\u0103<\/b><span> poate fi vizitat\u0103 la Muzeul Na\u021bional al \u021a\u0103ranului Rom\u00e2n \u00een perioada 11 martie \u2013 5 aprilie 2026 \u0219i ofer\u0103 publicului ocazia de a descoperi universul artistic al unui creator autentic \u0219i profund, \u00een ale c\u0103rui c\u0103ut\u0103ri spirituale se poate reg\u0103si.<\/span><\/span><\/p>\n<\/section>\n<section class=\"cb-entry-content entry-content clearfix\">\n<p><span><span>Muzeul Na\u021bional al Bucovinei \u0219i Muzeul Na\u021bional al \u021a\u0103ranului Rom\u00e2n invit\u0103 publicul bucure\u0219tean la vernisajul expozi\u021biei <\/span><b>Traian Postolache. Drumul spre lumin\u0103<\/b><span>, eveniment care va avea loc miercuri, 11 martie, ora 17.00, \u00een Sala \u201eTancred B\u0103n\u0103\u021beanu\u201d a institu\u021biei bucure\u0219tene. Prezint\u0103 dr. Marius Ti\u021ba.\u00a0\u00a0<\/span><\/span><\/p>\n<p><span>Proiectul este finan\u021bat de Consiliul Jude\u021bean Suceava \u0219i se desf\u0103\u0219oar\u0103 sub egida Consiliului Interna\u021bional al Muzeelor (ICOM).\u00a0<\/span><\/p>\n<p><span>Expozi\u021bia este organizat\u0103 la \u00eemplinirea unui deceniu de la plecarea \u201e\u00een Lumin\u0103\u201d a pictorului Traian Postolache, artist bucovinean pentru care spa\u021biul religios, coroborat cu solide lecturi esoterice, a reprezentat una dintre sursele constante de inspira\u021bie. De\u0219i mai pu\u021bin cunoscut publicului larg, acesta r\u0103m\u00e2ne una dintre cele mai profunde voci plastice bucovinene, poate cea mai profund\u0103 \u2013 raportat\u0103 la spa\u021biul sacru care se circumscrie Bucovinei.<\/span><\/p>\n<p><span>N\u0103scut la R\u0103d\u0103u\u021bi, la 7 septembrie 1953, artistul urmeaz\u0103 cursurile Facult\u0103\u021bii de Arte Plastice din Ia\u0219i, la clasa profesorului Ion Neagoe (1975-1979). Devine membru al Uniunii Arti\u0219tilor Plastici din Rom\u00e2nia \u00een anul 1990. A activat ca designer industrial (1979\u20131990), bibliotecar la Biblioteca Municipal\u0103 R\u0103d\u0103u\u021bi \u0219i muzeograf (1995\u20131999), fiind ulterior director al Muzeului de Etnografie \u201eSamuil \u0219i Eugenia Ione\u021b\u201d din R\u0103d\u0103u\u021bi (1999\u20132008). Este fondatorul Galeriei de Art\u0103 din R\u0103d\u0103u\u021bi. Editorialist la ziarul \u201e7 zile bucovinene\u201d, a semnat cronici de art\u0103 \u00een presa cultural\u0103, iar din 2005 a publicat eseuri \u00een revista \u201eStudii \u0219i Scrieri Tradi\u021bionale\u201d din Bucure\u0219ti.<\/span><\/p>\n<p><span>A avut expozi\u021bii personale la Bucure\u0219ti (1981, 1983, 1987, 1988, 1990), R\u0103d\u0103u\u021bi (1985, 1991, 1995, 2000, 2001) \u0219i Suceava (1998, 2005, 2009). A participat la expozi\u021biile anuale ale Cenaclului U.A.P. Suceava (1978, 1981\u20131988, 1990), precum \u0219i la numeroase expozi\u021bii de grup, \u00een \u021bar\u0103 \u0219i \u00een str\u0103in\u0103tate: Cern\u0103u\u021bi (1984), Tokio (1990), Chicago \u0219i Washington (1998, 1999). A fost distins cu Premiul Special al Juriului (1992) \u0219i Premiul III (1994) la Festivalul Na\u021bional \u201eVorone\u021biana\u201d. Lucr\u0103rile sale se reg\u0103sesc \u00een colec\u021bii muzeale \u0219i particulare.<\/span><\/p>\n<p><span><span>Expozi\u021bia <\/span><b>Traian Postolache. Drumul spre lumin\u0103<\/b><span> poate fi vizitat\u0103 la Muzeul Na\u021bional al \u021a\u0103ranului Rom\u00e2n \u00een perioada 11 martie \u2013 5 aprilie 2026 \u0219i ofer\u0103 publicului ocazia de a descoperi universul artistic al unui creator autentic \u0219i profund, \u00een ale c\u0103rui c\u0103ut\u0103ri spirituale se poate reg\u0103si.<\/span><\/span><\/p>\n<\/section>\n<p>[analyse_source url=&#8221;https:\/\/suceavalive.ro\/muzeul-national-al-bucovinei-si-muzeul-national-al-taranului-roman-organizeaza-la-bucuresti-expozitia-traian-postolache-drumul-spre-lumina\/&#8221;]<\/p>\n","protected":false},"excerpt":{"rendered":"<p>[analyse_image type=&#8221;featured&#8221; src=&#8221;https:\/\/suceavalive.ro\/wp-content\/uploads\/2026\/03\/afis-expo-T-Postolache-2026-725&#215;1024.jpghttps:\/\/suceavalive.ro\/wp-content\/uploads\/2026\/03\/afis-expo-T-Postolache-2026-scaled.jpg&#8221;] Muzeul Na\u021bional al Bucovinei \u0219i Muzeul Na\u021bional al \u021a\u0103ranului Rom\u00e2n organizeaz\u0103 la Bucure\u0219ti expozi\u021bia \u201eTraian Postolache. Drumul spre lumin\u0103\u201d 4 martie 2026 Muzeul Na\u021bional al Bucovinei \u0219i Muzeul Na\u021bional al \u021a\u0103ranului Rom\u00e2n invit\u0103 publicul bucure\u0219tean la vernisajul expozi\u021biei Traian Postolache. Drumul spre lumin\u0103, eveniment care va avea loc miercuri, 11 martie, ora [&hellip;]<\/p>\n","protected":false},"author":1,"featured_media":0,"comment_status":"open","ping_status":"","sticky":false,"template":"","format":"standard","meta":{"footnotes":""},"categories":[89],"tags":[226,173],"class_list":["post-1807392","post","type-post","status-publish","format-standard","hentry","category-romania","tag-crawlmanager","tag-suceavalive-ro"],"_links":{"self":[{"href":"https:\/\/analyse.optim.biz\/index.php?rest_route=\/wp\/v2\/posts\/1807392","targetHints":{"allow":["GET"]}}],"collection":[{"href":"https:\/\/analyse.optim.biz\/index.php?rest_route=\/wp\/v2\/posts"}],"about":[{"href":"https:\/\/analyse.optim.biz\/index.php?rest_route=\/wp\/v2\/types\/post"}],"author":[{"embeddable":true,"href":"https:\/\/analyse.optim.biz\/index.php?rest_route=\/wp\/v2\/users\/1"}],"replies":[{"embeddable":true,"href":"https:\/\/analyse.optim.biz\/index.php?rest_route=%2Fwp%2Fv2%2Fcomments&post=1807392"}],"version-history":[{"count":0,"href":"https:\/\/analyse.optim.biz\/index.php?rest_route=\/wp\/v2\/posts\/1807392\/revisions"}],"wp:attachment":[{"href":"https:\/\/analyse.optim.biz\/index.php?rest_route=%2Fwp%2Fv2%2Fmedia&parent=1807392"}],"wp:term":[{"taxonomy":"category","embeddable":true,"href":"https:\/\/analyse.optim.biz\/index.php?rest_route=%2Fwp%2Fv2%2Fcategories&post=1807392"},{"taxonomy":"post_tag","embeddable":true,"href":"https:\/\/analyse.optim.biz\/index.php?rest_route=%2Fwp%2Fv2%2Ftags&post=1807392"}],"curies":[{"name":"wp","href":"https:\/\/api.w.org\/{rel}","templated":true}]}}