{"id":1807388,"date":"2026-03-04T07:08:41","date_gmt":"2026-03-04T04:08:41","guid":{"rendered":"https:\/\/analyse.optim.biz\/?p=1807388"},"modified":"2026-03-04T07:08:41","modified_gmt":"2026-03-04T04:08:41","slug":"negocieri-la-sange-intre-pnl-si-psd-pe-tema-bugetului-liderii-coalitiei-se-intalnesc-miercuri-pentru","status":"publish","type":"post","link":"https:\/\/analyse.optim.biz\/?p=1807388","title":{"rendered":"Negocieri la s\u00e2nge \u00eentre PNL \u015fi PSD pe tema bugetului. Liderii Coali\u0163iei se \u00eent\u00e2lnesc miercuri pentru"},"content":{"rendered":"<p>[analyse_image type=&#8221;featured&#8221; src=&#8221;https:\/\/suceavalive.ro\/wp-content\/uploads\/2025\/10\/bolojan-grindeanu.webphttps:\/\/suceavalive.ro\/wp-content\/uploads\/2025\/10\/bolojan-grindeanu.webp&#8221;]<\/p>\n<article id=\"post-288376\" class=\"clearfix post-288376 post type-post status-publish format-standard has-post-thumbnail hentry category-national-2 category-slide category-categoria-social\">\n<header id=\"cb-standard-featured\">\n<div id=\"cb-fis-wrap\" class=\"cb-entry-header cb-fis cb-style-standard\"><span class=\"cb-title-fi\"><\/p>\n<h1 class=\"entry-title cb-entry-title cb-single-title\">Negocieri la s\u00e2nge \u00eentre PNL \u015fi PSD pe tema bugetului. Liderii Coali\u0163iei se \u00eent\u00e2lnesc miercuri pentru discu\u0163ii<\/h1>\n<div class=\"cb-byline cb-font-header\">\n<div class=\"cb-date cb-byline-element\"><time datetime=\"2026-03-04\">4 martie 2026<\/time><\/div>\n<\/div>\n<p><\/span><\/div>\n<\/header>\n<section class=\"cb-entry-content entry-content clearfix\">\n<p><span>Negocieri la s\u00e2nge \u00eentre PSD \u015fi PNL pe tema bugetului. Liderii Coali\u0163iei se \u00eent\u00e2lnesc \u00een aceast\u0103 diminea\u0163\u0103 pentru a \u00eencerca s\u0103 ajung\u0103 la un acord final pe \u00eemp\u0103r\u0163irea baniilor.<\/span><\/p>\n<div class=\"headline-wrapper\">\n<p><span>Ministerele care vor primi cei mai mul\u021bi bani sunt Munca, Educa\u021bia, Ap\u0103rarea, Transporturile, Internele, S\u0103n\u0103tatea \u0219i Dezvoltarea.\u00a0Majoritatea, \u00eens\u0103,\u00a0vor primi mai pu\u021bini bani fa\u021b\u0103 de anul trecut.<\/span><\/p>\n<div class=\"ads-div billboard\">\n<div id=\"div-gpt-ad-1582798227090-0\" data-google-query-id=\"COLf0rnXhZMDFTbTDQkdqrwIAg\">\n<p><span>Liderii PSD amenin\u0163\u0103 c\u0103 vor rupe Coali\u0163ia dac\u0103 ajutoarele sociale pentru\u00a0pensionari\u00a0\u015fi alte categorii vulnerabile nu vor fi incluse \u00een Buget<\/span><\/p>\n<p><span>Pachetul PSD are un impact de 3,5 miliarde lei, dar Ministerul\u00a0Finan\u0163elor are la dispozitie doar 1,5 miliarde de\u00a0lei.<\/span><\/p>\n<p><span>Liderii PSD amenin\u0163\u0103 c\u0103, f\u0103r\u0103 pachetul social, nu vor vota Bugetul \u015fi vor cere schimbarea premierului Bolojan \u015fi eliminarea USR de la guvernare, relateaz\u0103 <a href=\"https:\/\/observatornews.ro\/politic\/negocieri-la-sange-intre-pnl-si-psd-pe-tema-bugetului-liderii-coalitiei-se-intalnesc-miercuri-pentru-discutii-647665.html\" target=\"_blank\" rel=\"noopener\">observatornews.ro<\/a>.<\/span><\/p>\n<\/div>\n<\/div>\n<\/div>\n<\/section>\n<footer class=\"article-footer\">\n<div class=\"cb-social-sharing cb-post-footer-block cb-beside clearfix\">\n<div class=\"cb-title-subtle\">Share On:<\/div>\n<div class=\"cb-twitter\"><a href=\"https:\/\/twitter.com\/share\" class=\"twitter-share-button\" data-dnt=\"true\" data-count=\"horizontal\">Tweet<\/a><\/div>\n<\/div>\n<div id=\"cb-previous-next-links\" class=\"cb-post-footer-block clearfix\">\n<div id=\"cb-previous-link\"><a href=\"https:\/\/suceavalive.ro\/deputatul-ioan-balan-si-dumitru-mihalescul-vizita-de-lucru-la-vicovu-de-sus-vasile-iliut-este-unul-dintre-cei-mai-activi-primari-liberali-din-judet\/\" rel=\"prev\">Deputatul Ioan Balan \u0219i Dumitru Mihalescul, vizit\u0103 de lucru la Vicovu de Sus: \u201eVasile Iliu\u021b este unul dintre cei mai activi primari liberali din jude\u021b\u201d<\/a><\/div>\n<div id=\"cb-next-link\"><a href=\"https:\/\/suceavalive.ro\/alexandru-covasa-purtatorul-de-cuvant-al-primariei-suceava-atrage-atentia-asupra-modului-in-care-sunt-colectate-datele-personale-in-cadrul-campaniei-de-strangere-de-semnaturi-demarate-de-mihai-craci\/\" rel=\"next\">Alexandru Cova\u0219\u0103, purt\u0103torul de cuv\u00e2nt al Prim\u0103riei Suceava, atrage aten\u021bia asupra modului \u00een care sunt colectate datele personale \u00een cadrul campaniei de str\u00e2ngere de semn\u0103turi demarate de Mihai Cr\u0103ciun<\/a><\/div>\n<\/div>\n<div id=\"cb-author-box\" class=\"clearfix\">\n<h3 class=\"cb-block-title\">Despre autor<\/h3>\n<div class=\"cb-meta\">\n<div class=\"cb-info\">\n<div class=\"cb-author-title vcard\"><a href=\"https:\/\/suceavalive.ro\/author\/suceavalive\/\"><span class=\"fn\">SuceavaLive<\/span><\/a><\/div>\n<\/div>\n<\/div>\n<\/div>\n<div id=\"cb-related-posts\" class=\"cb-related-posts-block cb-post-end-block clearfix\">\n<h3 class=\"cb-block-title\">Postari asemanatoare<\/h3>\n<ul>\n<li class=\"cb-style-overlay cb-grid-entry cb-related-post no-1\">\n<div class=\"cb-meta cb-article-meta\">\n<h4 class=\"h3 cb-post-title\"><a href=\"https:\/\/suceavalive.ro\/draga-turistule-de-pasii-te-vor-purta-in-bucovina-nu-uita-de-biserica-de-lemn-din-todiresti\/\">Drag\u0103 turistule, de pa\u0219ii te vor purta \u00een Bucovina, nu uita de Biserica de lemn din Todire\u0219ti<\/a><\/h4>\n<div class=\"cb-byline cb-font-header\">\n<div class=\"cb-date cb-byline-element\"><time datetime=\"2026-03-04\">4 martie 2026<\/time><\/div>\n<\/div>\n<\/div>\n<\/li>\n<li class=\"cb-style-overlay cb-grid-entry cb-related-post no-2\">\n<div class=\"cb-meta cb-article-meta\">\n<h4 class=\"h3 cb-post-title\"><a href=\"https:\/\/suceavalive.ro\/stiati-ca-muzeul-arta-lemnului-din-campulung-moldovenesc-este-unic-in-romania\/\">\u0218tia\u021bi c\u0103 Muzeul Arta Lemnului din C\u00e2mpulung Moldovenesc este unic \u00een Rom\u00e2nia?<\/a><\/h4>\n<div class=\"cb-byline cb-font-header\">\n<div class=\"cb-date cb-byline-element\"><time datetime=\"2026-03-04\">4 martie 2026<\/time><\/div>\n<\/div>\n<\/div>\n<\/li>\n<\/ul>\n<\/div>\n<\/footer>\n<div id=\"respond\" class=\"comment-respond\">\n<h3 id=\"reply-title\" class=\"comment-reply-title\">Lasa un raspuns <small><a rel=\"nofollow\" id=\"cancel-comment-reply-link\" href=\"https:\/\/suceavalive.ro\/negocieri-la-sange-intre-pnl-si-psd-pe-tema-bugetului-liderii-coalitiei-se-intalnesc-miercuri-pentru-discutii\/#respond\">Anuleaza raspunsul<\/a><\/small><\/h3>\n<p class=\"comment-notes\">Adresa ta de email nu va fi publicat\u0103.<\/p>\n<\/div>\n<\/article>\n<section class=\"cb-entry-content entry-content clearfix\">\n<p><span>Negocieri la s\u00e2nge \u00eentre PSD \u015fi PNL pe tema bugetului. Liderii Coali\u0163iei se \u00eent\u00e2lnesc \u00een aceast\u0103 diminea\u0163\u0103 pentru a \u00eencerca s\u0103 ajung\u0103 la un acord final pe \u00eemp\u0103r\u0163irea baniilor.<\/span><\/p>\n<div class=\"headline-wrapper\">\n<p><span>Ministerele care vor primi cei mai mul\u021bi bani sunt Munca, Educa\u021bia, Ap\u0103rarea, Transporturile, Internele, S\u0103n\u0103tatea \u0219i Dezvoltarea.\u00a0Majoritatea, \u00eens\u0103,\u00a0vor primi mai pu\u021bini bani fa\u021b\u0103 de anul trecut.<\/span><\/p>\n<div class=\"ads-div billboard\">\n<div id=\"div-gpt-ad-1582798227090-0\" data-google-query-id=\"COLf0rnXhZMDFTbTDQkdqrwIAg\">\n<p><span>Liderii PSD amenin\u0163\u0103 c\u0103 vor rupe Coali\u0163ia dac\u0103 ajutoarele sociale pentru\u00a0pensionari\u00a0\u015fi alte categorii vulnerabile nu vor fi incluse \u00een Buget<\/span><\/p>\n<p><span>Pachetul PSD are un impact de 3,5 miliarde lei, dar Ministerul\u00a0Finan\u0163elor are la dispozitie doar 1,5 miliarde de\u00a0lei.<\/span><\/p>\n<p><span>Liderii PSD amenin\u0163\u0103 c\u0103, f\u0103r\u0103 pachetul social, nu vor vota Bugetul \u015fi vor cere schimbarea premierului Bolojan \u015fi eliminarea USR de la guvernare, relateaz\u0103 <a href=\"https:\/\/observatornews.ro\/politic\/negocieri-la-sange-intre-pnl-si-psd-pe-tema-bugetului-liderii-coalitiei-se-intalnesc-miercuri-pentru-discutii-647665.html\" target=\"_blank\" rel=\"noopener\">observatornews.ro<\/a>.<\/span><\/p>\n<\/div>\n<\/div>\n<\/div>\n<\/section>\n<section class=\"cb-entry-content entry-content clearfix\">\n<p><span>Negocieri la s\u00e2nge \u00eentre PSD \u015fi PNL pe tema bugetului. Liderii Coali\u0163iei se \u00eent\u00e2lnesc \u00een aceast\u0103 diminea\u0163\u0103 pentru a \u00eencerca s\u0103 ajung\u0103 la un acord final pe \u00eemp\u0103r\u0163irea baniilor.<\/span><\/p>\n<div class=\"headline-wrapper\">\n<p><span>Ministerele care vor primi cei mai mul\u021bi bani sunt Munca, Educa\u021bia, Ap\u0103rarea, Transporturile, Internele, S\u0103n\u0103tatea \u0219i Dezvoltarea.\u00a0Majoritatea, \u00eens\u0103,\u00a0vor primi mai pu\u021bini bani fa\u021b\u0103 de anul trecut.<\/span><\/p>\n<div class=\"ads-div billboard\">\n<div id=\"div-gpt-ad-1582798227090-0\" data-google-query-id=\"COLf0rnXhZMDFTbTDQkdqrwIAg\">\n<p><span>Liderii PSD amenin\u0163\u0103 c\u0103 vor rupe Coali\u0163ia dac\u0103 ajutoarele sociale pentru\u00a0pensionari\u00a0\u015fi alte categorii vulnerabile nu vor fi incluse \u00een Buget<\/span><\/p>\n<p><span>Pachetul PSD are un impact de 3,5 miliarde lei, dar Ministerul\u00a0Finan\u0163elor are la dispozitie doar 1,5 miliarde de\u00a0lei.<\/span><\/p>\n<p><span>Liderii PSD amenin\u0163\u0103 c\u0103, f\u0103r\u0103 pachetul social, nu vor vota Bugetul \u015fi vor cere schimbarea premierului Bolojan \u015fi eliminarea USR de la guvernare, relateaz\u0103 <a href=\"https:\/\/observatornews.ro\/politic\/negocieri-la-sange-intre-pnl-si-psd-pe-tema-bugetului-liderii-coalitiei-se-intalnesc-miercuri-pentru-discutii-647665.html\" target=\"_blank\" rel=\"noopener\">observatornews.ro<\/a>.<\/span><\/p>\n<\/div>\n<\/div>\n<\/div>\n<\/section>\n<p>[analyse_source url=&#8221;https:\/\/suceavalive.ro\/negocieri-la-sange-intre-pnl-si-psd-pe-tema-bugetului-liderii-coalitiei-se-intalnesc-miercuri-pentru-discutii\/&#8221;]<\/p>\n","protected":false},"excerpt":{"rendered":"<p>[analyse_image type=&#8221;featured&#8221; src=&#8221;https:\/\/suceavalive.ro\/wp-content\/uploads\/2025\/10\/bolojan-grindeanu.webphttps:\/\/suceavalive.ro\/wp-content\/uploads\/2025\/10\/bolojan-grindeanu.webp&#8221;] Negocieri la s\u00e2nge \u00eentre PNL \u015fi PSD pe tema bugetului. Liderii Coali\u0163iei se \u00eent\u00e2lnesc miercuri pentru discu\u0163ii 4 martie 2026 Negocieri la s\u00e2nge \u00eentre PSD \u015fi PNL pe tema bugetului. Liderii Coali\u0163iei se \u00eent\u00e2lnesc \u00een aceast\u0103 diminea\u0163\u0103 pentru a \u00eencerca s\u0103 ajung\u0103 la un acord final pe \u00eemp\u0103r\u0163irea baniilor. Ministerele care vor [&hellip;]<\/p>\n","protected":false},"author":1,"featured_media":0,"comment_status":"open","ping_status":"","sticky":false,"template":"","format":"standard","meta":{"footnotes":""},"categories":[89],"tags":[226,173],"class_list":["post-1807388","post","type-post","status-publish","format-standard","hentry","category-romania","tag-crawlmanager","tag-suceavalive-ro"],"_links":{"self":[{"href":"https:\/\/analyse.optim.biz\/index.php?rest_route=\/wp\/v2\/posts\/1807388","targetHints":{"allow":["GET"]}}],"collection":[{"href":"https:\/\/analyse.optim.biz\/index.php?rest_route=\/wp\/v2\/posts"}],"about":[{"href":"https:\/\/analyse.optim.biz\/index.php?rest_route=\/wp\/v2\/types\/post"}],"author":[{"embeddable":true,"href":"https:\/\/analyse.optim.biz\/index.php?rest_route=\/wp\/v2\/users\/1"}],"replies":[{"embeddable":true,"href":"https:\/\/analyse.optim.biz\/index.php?rest_route=%2Fwp%2Fv2%2Fcomments&post=1807388"}],"version-history":[{"count":0,"href":"https:\/\/analyse.optim.biz\/index.php?rest_route=\/wp\/v2\/posts\/1807388\/revisions"}],"wp:attachment":[{"href":"https:\/\/analyse.optim.biz\/index.php?rest_route=%2Fwp%2Fv2%2Fmedia&parent=1807388"}],"wp:term":[{"taxonomy":"category","embeddable":true,"href":"https:\/\/analyse.optim.biz\/index.php?rest_route=%2Fwp%2Fv2%2Fcategories&post=1807388"},{"taxonomy":"post_tag","embeddable":true,"href":"https:\/\/analyse.optim.biz\/index.php?rest_route=%2Fwp%2Fv2%2Ftags&post=1807388"}],"curies":[{"name":"wp","href":"https:\/\/api.w.org\/{rel}","templated":true}]}}