{"id":1806797,"date":"2026-03-04T20:12:10","date_gmt":"2026-03-04T17:12:10","guid":{"rendered":"https:\/\/analyse.optim.biz\/?p=1806797"},"modified":"2026-03-04T20:12:10","modified_gmt":"2026-03-04T17:12:10","slug":"reactive-pentru-evaluarea-riscurilor-climatice-in-romania","status":"publish","type":"post","link":"https:\/\/analyse.optim.biz\/?p=1806797","title":{"rendered":"\u201cREACTIVE\u201d, pentru evaluarea riscurilor climatice \u00een Rom\u00e2nia"},"content":{"rendered":"<p>[analyse_image type=&#8221;featured&#8221; src=&#8221;https:\/\/www.tvbuzau.ro\/wp-content\/uploads\/2026\/03\/sddefault-8.jpghttps:\/\/www.tvbuzau.ro\/wp-content\/uploads\/2026\/03\/sddefault-8.jpg&#8221;]<\/p>\n<div class=\"td-ss-main-content\">\n<article id=\"post-118236\" class=\"post-118236 post type-post status-publish format-video has-post-thumbnail hentry category-actualitate post_format-post-format-video\">\n<div class=\"td-post-header\">\n<ul class=\"td-category\">\n<li class=\"entry-category\"><a href=\"https:\/\/www.tvbuzau.ro\/category\/actualitate\/\">Actualitate<\/a><\/li>\n<\/ul>\n<header class=\"td-post-title\">\n<h1 class=\"entry-title\">\u201cREACTIVE\u201d, pentru evaluarea riscurilor climatice \u00een Rom\u00e2nia<\/h1>\n<div class=\"td-module-meta-info\">\n<div class=\"td-post-author-name\">De c\u0103tre <a href=\"https:\/\/www.tvbuzau.ro\/author\/mihai-vasilescu\/\">TV Buz\u0103u<\/a> &#8211; <\/div>\n<p><span class=\"td-post-date\"><time class=\"entry-date updated td-module-date\" datetime=\"2026-03-04T20:12:10+00:00\">martie 4, 2026<\/time><\/span><\/p>\n<div class=\"td-post-comments\"><a href=\"https:\/\/www.tvbuzau.ro\/reactive-pentru-evaluarea-riscurilor-climatice-in-romania\/#respond\">0<\/a><\/div>\n<div class=\"td-post-views\"><span class=\"td-nr-views-118236\">6<\/span><\/div>\n<\/div>\n<\/header>\n<\/div>\n<div class=\"td-post-sharing td-post-sharing-top td-with-like\">\n<div class=\"td-default-sharing\"><a class=\"td-social-sharing-buttons td-social-facebook\" href=\"http:\/\/www.facebook.com\/sharer.php?u=https%3A%2F%2Fwww.tvbuzau.ro%2Freactive-pentru-evaluarea-riscurilor-climatice-in-romania%2F\"><\/p>\n<div class=\"td-social-but-text\">Distribui\u021bi pe Facebook<\/div>\n<p><\/a><a class=\"td-social-sharing-buttons td-social-twitter\" href=\"https:\/\/twitter.com\/intent\/tweet?text=%E2%80%9CREACTIVE%E2%80%9D%2C+pentru+evaluarea+riscurilor+climatice+%C3%AEn+Rom%C3%A2nia&amp;url=https%3A%2F%2Fwww.tvbuzau.ro%2Freactive-pentru-evaluarea-riscurilor-climatice-in-romania%2F&amp;via=TV+Buz%C4%83u\"><\/p>\n<div class=\"td-social-but-text\">Distribui\u021bi pe Twitter<\/div>\n<p><\/a><\/div>\n<div class=\"td-classic-sharing\">\n<ul>\n<li class=\"td-classic-facebook\"><iframe frameborder src=\"https:\/\/www.facebook.com\/plugins\/like.php?href=https:\/\/www.tvbuzau.ro\/reactive-pentru-evaluarea-riscurilor-climatice-in-romania\/&amp;layout=button_count&amp;show_faces=false&amp;width=105&amp;action=like&amp;colorscheme=light&amp;height=21\"><\/iframe><\/li>\n<li class=\"td-classic-twitter\"><a href=\"https:\/\/twitter.com\/share\" class=\"twitter-share-button\" data-url=\"https:\/\/www.tvbuzau.ro\/reactive-pentru-evaluarea-riscurilor-climatice-in-romania\/\" data-text=\"\u201cREACTIVE\u201d, pentru evaluarea riscurilor climatice \u00een Rom\u00e2nia\" data-via data-lang=\"en\">tweet<\/a><\/li>\n<\/ul>\n<\/div>\n<\/div>\n<div class=\"td-post-content\">\n<div class=\"td-featured-image-rec\">\n<div class=\"wpb_video_wrapper\">\n                    <iframe loading=\"lazy\" id=\"td_youtube_player\" width=\"600\" height=\"560\" src=\"https:\/\/www.youtube.com\/embed\/Lftq_zjvXvQ?enablejsapi=1&amp;feature=oembed&amp;wmode=opaque&amp;vq=hd720\" frameborder allowfullscreen><\/iframe><\/p><\/div>\n<\/div>\n<p>\u00cen\u021belegerea modului \u00een care climas-a modificat \u00een ultimii 75 de ani<br \/>\nInstitutul Na\u021bional de Cercetare-Dezvoltare pentru Fizica P\u0103m\u00e2ntului a anun\u0163at dezvoltarea unor aplica\u0163ii  pentru identificarea \u0219i evaluarea evenimentelor extreme prin utilizarea re\u021belelor de monitorizare, \u00een contextul proiectului REACTIVE.<\/p>\n<p>INCDFP<br \/>\n\u201cUna dintre aceste aplica\u021bii este Climate variables Dashboard, o platform\u0103 interactiv\u0103 destinat\u0103 evalu\u0103rii evolu\u021biei schimb\u0103rilor climatice \u0219i a efectelor acesteia asupra infrastructurilor critice \u00een Rom\u00e2nia. Platforma ofer\u0103 op\u021biuni de vizualizare a tendin\u021belor pe termen lung precum \u0219i a variabilit\u0103\u021bilor principalilor parametri atmosferici. Platforma pune la dispozi\u021bia utilizatorilor seturi de date pe o perioad\u0103 de 75 de ani (1950 \u2013 2024) \u0219i se adreseaz\u0103 \u00een special cercet\u0103torilor, factorilor de decizie \u0219i p\u0103r\u021bilor interesate implicate \u00een evaluarea riscurilor climatice \u0219i planificarea m\u0103surilor de adaptare\u201d, arat\u0103 INCDFP.<br \/>\nUtilizatorii pot accesa \u0219i vizualiza diferite statistici temporale, lunare \u0219i anuale, unde pot inspecta valorile minime, medii \u0219i maxime pentru intervalul de timp selectat. Parametri atmosferici inclu\u0219i \u00een acest studiu sunt:<\/p>\n<p>INCDFP<br \/>\n\u201cDatorit\u0103 datelor \u0219i func\u021bionalit\u0103\u021bilor sale, aceast\u0103 aplica\u021bie ofer\u0103 utilizatorilor o imagine mai clar\u0103 \u0219i o mai bun\u0103 \u00een\u021belegere a modului \u00een care clima Rom\u00e2niei s-a modificat \u00een ultimii 75 de ani \u0219i continu\u0103 s\u0103 se schimbe. Acest portal faciliteaz\u0103 totodat\u0103 \u0219i analiza r\u0103spunsurilor climatice regionale, identificarea zonelor vulnerabile \u0219i elaborarea unor strategii eficiente de adaptare\u201d, informeaz\u0103 institu\u0163ia de cercetare.<\/p>\n<p>Proiectul are ca obiectiv principal dezvoltarea unui serviciu integrat de monitorizare multi-hazard pentru a evalua \u0219i gestiona riscurile complexe din Rom\u00e2nia.<\/p>\n<div class=\"post-views post-118236 entry-meta\"><span class=\"post-views-label\">Post Views: <\/span><span class=\"post-views-count\">74<\/span><\/div>\n<\/div>\n<footer>\n<div class=\"td-post-sharing td-post-sharing-bottom td-with-like\"><span class=\"td-post-share-title\">DISTRIBUI\u021aI<\/span><\/p>\n<div class=\"td-default-sharing\"><a class=\"td-social-sharing-buttons td-social-facebook\" href=\"http:\/\/www.facebook.com\/sharer.php?u=https%3A%2F%2Fwww.tvbuzau.ro%2Freactive-pentru-evaluarea-riscurilor-climatice-in-romania%2F\"><\/p>\n<div class=\"td-social-but-text\">Facebook<\/div>\n<p><\/a><a class=\"td-social-sharing-buttons td-social-twitter\" href=\"https:\/\/twitter.com\/intent\/tweet?text=%E2%80%9CREACTIVE%E2%80%9D%2C+pentru+evaluarea+riscurilor+climatice+%C3%AEn+Rom%C3%A2nia&amp;url=https%3A%2F%2Fwww.tvbuzau.ro%2Freactive-pentru-evaluarea-riscurilor-climatice-in-romania%2F&amp;via=TV+Buz%C4%83u\"><\/p>\n<div class=\"td-social-but-text\">Twitter<\/div>\n<p><\/a><\/div>\n<div class=\"td-classic-sharing\">\n<ul>\n<li class=\"td-classic-facebook\"><iframe frameborder src=\"https:\/\/www.facebook.com\/plugins\/like.php?href=https:\/\/www.tvbuzau.ro\/reactive-pentru-evaluarea-riscurilor-climatice-in-romania\/&amp;layout=button_count&amp;show_faces=false&amp;width=105&amp;action=like&amp;colorscheme=light&amp;height=21\"><\/iframe><\/li>\n<li class=\"td-classic-twitter\"><a href=\"https:\/\/twitter.com\/share\" class=\"twitter-share-button\" data-url=\"https:\/\/www.tvbuzau.ro\/reactive-pentru-evaluarea-riscurilor-climatice-in-romania\/\" data-text=\"\u201cREACTIVE\u201d, pentru evaluarea riscurilor climatice \u00een Rom\u00e2nia\" data-via data-lang=\"en\">tweet<\/a><\/li>\n<\/ul>\n<\/div>\n<\/div>\n<div class=\"td-author-name vcard author\"><span class=\"fn\"><a href=\"https:\/\/www.tvbuzau.ro\/author\/mihai-vasilescu\/\">TV Buz\u0103u<\/a><\/span><\/div>\n<p><span><\/span><span><span><\/span><\/span><span><\/span><\/footer>\n<\/article>\n<div class=\"td_block_wrap td_block_related_posts td_uid_1_69a87e1007aa2_rand td_with_ajax_pagination td-pb-border-top\" data-td-block-uid=\"td_uid_1_69a87e1007aa2\">\n<h4 class=\"td-related-title\"><a id=\"td_uid_2_69a87e100d1f0\" class=\"td-related-left td-cur-simple-item\" data-td_filter_value data-td_block_id=\"td_uid_1_69a87e1007aa2\" href=\"https:\/\/www.tvbuzau.ro\/reactive-pentru-evaluarea-riscurilor-climatice-in-romania\/\">ARTICOLE SIMILARE<\/a><a id=\"td_uid_3_69a87e100d22a\" class=\"td-related-right\" data-td_filter_value=\"td_related_more_from_author\" data-td_block_id=\"td_uid_1_69a87e1007aa2\" href=\"https:\/\/www.tvbuzau.ro\/reactive-pentru-evaluarea-riscurilor-climatice-in-romania\/\">DE LA ACELA\u0218I AUTOR<\/a><\/h4>\n<div id=\"td_uid_1_69a87e1007aa2\" class=\"td_block_inner\">\n<div class=\"td-related-row\">\n<div class=\"td-related-span4\">\n<div class=\"td_module_related_posts td-animation-stack td_mod_related_posts\">\n<div class=\"td-module-image\">\n<div class=\"td-module-thumb\"><a href=\"https:\/\/www.tvbuzau.ro\/sute-de-exemplare-de-pisica-salbatica-in-padurile-judetului-buzau\/\" rel=\"bookmark\" title=\"Sute de exemplare de pisic\u0103 s\u0103lbatic\u0103 \u00een p\u0103durile jude\u0163ului Buz\u0103u\"><img loading=\"lazy\" decoding=\"async\" width=\"218\" height=\"150\" class=\"entry-thumb\" src=\"https:\/\/www.tvbuzau.ro\/wp-content\/uploads\/2026\/03\/bscap0000-218x150.jpg\" alt title=\"Sute de exemplare de pisic\u0103 s\u0103lbatic\u0103 \u00een p\u0103durile jude\u0163ului Buz\u0103u\"><span class=\"td-video-play-ico\"><img loading=\"lazy\" decoding=\"async\" width=\"40\" height=\"40\" class=\"td-retina\" src=\"https:\/\/www.tvbuzau.ro\/wp-content\/themes\/Newspaper\/images\/icons\/ico-video-large.png\" alt=\"video\"><\/span><\/a><\/div>\n<p><a href=\"https:\/\/www.tvbuzau.ro\/category\/actualitate\/\" class=\"td-post-category\">Actualitate<\/a><\/div>\n<div class=\"item-details\">\n<h3 class=\"entry-title td-module-title\"><a href=\"https:\/\/www.tvbuzau.ro\/sute-de-exemplare-de-pisica-salbatica-in-padurile-judetului-buzau\/\" rel=\"bookmark\" title=\"Sute de exemplare de pisic\u0103 s\u0103lbatic\u0103 \u00een p\u0103durile jude\u0163ului Buz\u0103u\">Sute de exemplare de pisic\u0103 s\u0103lbatic\u0103 \u00een p\u0103durile jude\u0163ului Buz\u0103u<\/a><\/h3>\n<\/div>\n<\/div>\n<\/div>\n<div class=\"td-related-span4\">\n<div class=\"td_module_related_posts td-animation-stack td_mod_related_posts\">\n<div class=\"td-module-image\">\n<div class=\"td-module-thumb\"><a href=\"https:\/\/www.tvbuzau.ro\/se-fac-controale-rutiere-pe-a7\/\" rel=\"bookmark\" title=\"Se fac controale rutiere pe A7?\"><img loading=\"lazy\" decoding=\"async\" width=\"218\" height=\"150\" class=\"entry-thumb\" src=\"https:\/\/www.tvbuzau.ro\/wp-content\/uploads\/2026\/03\/sddefault-9-218x150.jpg\" alt title=\"Se fac controale rutiere pe A7?\"><span class=\"td-video-play-ico\"><img loading=\"lazy\" decoding=\"async\" width=\"40\" height=\"40\" class=\"td-retina\" src=\"https:\/\/www.tvbuzau.ro\/wp-content\/themes\/Newspaper\/images\/icons\/ico-video-large.png\" alt=\"video\"><\/span><\/a><\/div>\n<p><a href=\"https:\/\/www.tvbuzau.ro\/category\/actualitate\/\" class=\"td-post-category\">Actualitate<\/a><\/div>\n<div class=\"item-details\">\n<h3 class=\"entry-title td-module-title\"><a href=\"https:\/\/www.tvbuzau.ro\/se-fac-controale-rutiere-pe-a7\/\" rel=\"bookmark\" title=\"Se fac controale rutiere pe A7?\">Se fac controale rutiere pe A7?<\/a><\/h3>\n<\/div>\n<\/div>\n<\/div>\n<div class=\"td-related-span4\">\n<div class=\"td_module_related_posts td-animation-stack td_mod_related_posts\">\n<div class=\"td-module-image\">\n<div class=\"td-module-thumb\"><a href=\"https:\/\/www.tvbuzau.ro\/investitii-in-apa-si-canalizare-pana-in-2027\/\" rel=\"bookmark\" title=\"Investi\u0163ii \u00een ap\u0103 \u015fi canalizare p\u00e2n\u0103 \u00een 2027\"><img loading=\"lazy\" decoding=\"async\" width=\"218\" height=\"150\" class=\"entry-thumb\" src=\"https:\/\/www.tvbuzau.ro\/wp-content\/uploads\/2026\/03\/sddefault-7-218x150.jpg\" alt title=\"Investi\u0163ii \u00een ap\u0103 \u015fi canalizare p\u00e2n\u0103 \u00een 2027\"><span class=\"td-video-play-ico\"><img loading=\"lazy\" decoding=\"async\" width=\"40\" height=\"40\" class=\"td-retina\" src=\"https:\/\/www.tvbuzau.ro\/wp-content\/themes\/Newspaper\/images\/icons\/ico-video-large.png\" alt=\"video\"><\/span><\/a><\/div>\n<p><a href=\"https:\/\/www.tvbuzau.ro\/category\/actualitate\/\" class=\"td-post-category\">Actualitate<\/a><\/div>\n<div class=\"item-details\">\n<h3 class=\"entry-title td-module-title\"><a href=\"https:\/\/www.tvbuzau.ro\/investitii-in-apa-si-canalizare-pana-in-2027\/\" rel=\"bookmark\" title=\"Investi\u0163ii \u00een ap\u0103 \u015fi canalizare p\u00e2n\u0103 \u00een 2027\">Investi\u0163ii \u00een ap\u0103 \u015fi canalizare p\u00e2n\u0103 \u00een 2027<\/a><\/h3>\n<\/div>\n<\/div>\n<\/div>\n<\/div>\n<div class=\"td-related-row\">\n<div class=\"td-related-span4\">\n<div class=\"td_module_related_posts td-animation-stack td_mod_related_posts\">\n<div class=\"td-module-image\">\n<div class=\"td-module-thumb\"><a href=\"https:\/\/www.tvbuzau.ro\/panouri-antiorbire-doborate-pe-a7\/\" rel=\"bookmark\" title=\"Panouri antiorbire dobor\u00e2te pe A7\"><img loading=\"lazy\" decoding=\"async\" width=\"218\" height=\"150\" class=\"entry-thumb\" src=\"https:\/\/www.tvbuzau.ro\/wp-content\/uploads\/2026\/03\/hqdefault-3-218x150.jpg\" alt title=\"Panouri antiorbire dobor\u00e2te pe A7\"><span class=\"td-video-play-ico\"><img loading=\"lazy\" decoding=\"async\" width=\"40\" height=\"40\" class=\"td-retina\" src=\"https:\/\/www.tvbuzau.ro\/wp-content\/themes\/Newspaper\/images\/icons\/ico-video-large.png\" alt=\"video\"><\/span><\/a><\/div>\n<p><a href=\"https:\/\/www.tvbuzau.ro\/category\/actualitate\/\" class=\"td-post-category\">Actualitate<\/a><\/div>\n<div class=\"item-details\">\n<h3 class=\"entry-title td-module-title\"><a href=\"https:\/\/www.tvbuzau.ro\/panouri-antiorbire-doborate-pe-a7\/\" rel=\"bookmark\" title=\"Panouri antiorbire dobor\u00e2te pe A7\">Panouri antiorbire dobor\u00e2te pe A7<\/a><\/h3>\n<\/div>\n<\/div>\n<\/div>\n<div class=\"td-related-span4\">\n<div class=\"td_module_related_posts td-animation-stack td_mod_related_posts\">\n<div class=\"td-module-image\">\n<div class=\"td-module-thumb\"><a href=\"https:\/\/www.tvbuzau.ro\/cum-au-functionat-barajele-si-pragurile-din-bazinul-tisau-cheia\/\" rel=\"bookmark\" title=\"Cum au func\u0163ionat barajele \u015fi pragurile din bazinul Tis\u0103u-Cheia\"><img loading=\"lazy\" decoding=\"async\" width=\"218\" height=\"150\" class=\"entry-thumb\" src=\"https:\/\/www.tvbuzau.ro\/wp-content\/uploads\/2026\/03\/sddefault-6-218x150.jpg\" alt title=\"Cum au func\u0163ionat barajele \u015fi pragurile din bazinul Tis\u0103u-Cheia\"><span class=\"td-video-play-ico\"><img loading=\"lazy\" decoding=\"async\" width=\"40\" height=\"40\" class=\"td-retina\" src=\"https:\/\/www.tvbuzau.ro\/wp-content\/themes\/Newspaper\/images\/icons\/ico-video-large.png\" alt=\"video\"><\/span><\/a><\/div>\n<p><a href=\"https:\/\/www.tvbuzau.ro\/category\/actualitate\/\" class=\"td-post-category\">Actualitate<\/a><\/div>\n<div class=\"item-details\">\n<h3 class=\"entry-title td-module-title\"><a href=\"https:\/\/www.tvbuzau.ro\/cum-au-functionat-barajele-si-pragurile-din-bazinul-tisau-cheia\/\" rel=\"bookmark\" title=\"Cum au func\u0163ionat barajele \u015fi pragurile din bazinul Tis\u0103u-Cheia\">Cum au func\u0163ionat barajele \u015fi pragurile din bazinul Tis\u0103u-Cheia<\/a><\/h3>\n<\/div>\n<\/div>\n<\/div>\n<div class=\"td-related-span4\">\n<div class=\"td_module_related_posts td-animation-stack td_mod_related_posts\">\n<div class=\"td-module-image\">\n<div class=\"td-module-thumb\"><a href=\"https:\/\/www.tvbuzau.ro\/care-este-gradul-de-ocupare-cu-personal-la-isu-buzau\/\" rel=\"bookmark\" title=\"Care este gradul de ocupare cu personal la ISU Buz\u0103u\"><img loading=\"lazy\" decoding=\"async\" width=\"218\" height=\"150\" class=\"entry-thumb\" src=\"https:\/\/www.tvbuzau.ro\/wp-content\/uploads\/2026\/03\/hqdefault-2-218x150.jpg\" alt title=\"Care este gradul de ocupare cu personal la ISU Buz\u0103u\"><span class=\"td-video-play-ico\"><img loading=\"lazy\" decoding=\"async\" width=\"40\" height=\"40\" class=\"td-retina\" src=\"https:\/\/www.tvbuzau.ro\/wp-content\/themes\/Newspaper\/images\/icons\/ico-video-large.png\" alt=\"video\"><\/span><\/a><\/div>\n<p><a href=\"https:\/\/www.tvbuzau.ro\/category\/actualitate\/\" class=\"td-post-category\">Actualitate<\/a><\/div>\n<div class=\"item-details\">\n<h3 class=\"entry-title td-module-title\"><a href=\"https:\/\/www.tvbuzau.ro\/care-este-gradul-de-ocupare-cu-personal-la-isu-buzau\/\" rel=\"bookmark\" title=\"Care este gradul de ocupare cu personal la ISU Buz\u0103u\">Care este gradul de ocupare cu personal la ISU Buz\u0103u<\/a><\/h3>\n<\/div>\n<\/div>\n<\/div>\n<\/div>\n<\/div>\n<\/div>\n<div class=\"comments\" id=\"comments\">\n<div id=\"respond\" class=\"comment-respond\">\n<h3 id=\"reply-title\" class=\"comment-reply-title\">L\u0102SA\u021aI UN MESAJ <small><a rel=\"nofollow\" id=\"cancel-comment-reply-link\" href=\"https:\/\/www.tvbuzau.ro\/reactive-pentru-evaluarea-riscurilor-climatice-in-romania\/#respond\">Renun\u021ba\u021bi la r\u0103spuns<\/a><\/small><\/h3>\n<\/div>\n<\/div>\n<\/div>\n<div class=\"td-post-content\">\n<div class=\"td-featured-image-rec\">\n<div class=\"wpb_video_wrapper\">\n                    <iframe loading=\"lazy\" id=\"td_youtube_player\" width=\"600\" height=\"560\" src=\"https:\/\/www.youtube.com\/embed\/Lftq_zjvXvQ?enablejsapi=1&amp;feature=oembed&amp;wmode=opaque&amp;vq=hd720\" frameborder allowfullscreen><\/iframe><\/p><\/div>\n<\/div>\n<p>\u00cen\u021belegerea modului \u00een care climas-a modificat \u00een ultimii 75 de ani<br \/>\nInstitutul Na\u021bional de Cercetare-Dezvoltare pentru Fizica P\u0103m\u00e2ntului a anun\u0163at dezvoltarea unor aplica\u0163ii  pentru identificarea \u0219i evaluarea evenimentelor extreme prin utilizarea re\u021belelor de monitorizare, \u00een contextul proiectului REACTIVE.<\/p>\n<p>INCDFP<br \/>\n\u201cUna dintre aceste aplica\u021bii este Climate variables Dashboard, o platform\u0103 interactiv\u0103 destinat\u0103 evalu\u0103rii evolu\u021biei schimb\u0103rilor climatice \u0219i a efectelor acesteia asupra infrastructurilor critice \u00een Rom\u00e2nia. Platforma ofer\u0103 op\u021biuni de vizualizare a tendin\u021belor pe termen lung precum \u0219i a variabilit\u0103\u021bilor principalilor parametri atmosferici. Platforma pune la dispozi\u021bia utilizatorilor seturi de date pe o perioad\u0103 de 75 de ani (1950 \u2013 2024) \u0219i se adreseaz\u0103 \u00een special cercet\u0103torilor, factorilor de decizie \u0219i p\u0103r\u021bilor interesate implicate \u00een evaluarea riscurilor climatice \u0219i planificarea m\u0103surilor de adaptare\u201d, arat\u0103 INCDFP.<br \/>\nUtilizatorii pot accesa \u0219i vizualiza diferite statistici temporale, lunare \u0219i anuale, unde pot inspecta valorile minime, medii \u0219i maxime pentru intervalul de timp selectat. Parametri atmosferici inclu\u0219i \u00een acest studiu sunt:<\/p>\n<p>INCDFP<br \/>\n\u201cDatorit\u0103 datelor \u0219i func\u021bionalit\u0103\u021bilor sale, aceast\u0103 aplica\u021bie ofer\u0103 utilizatorilor o imagine mai clar\u0103 \u0219i o mai bun\u0103 \u00een\u021belegere a modului \u00een care clima Rom\u00e2niei s-a modificat \u00een ultimii 75 de ani \u0219i continu\u0103 s\u0103 se schimbe. Acest portal faciliteaz\u0103 totodat\u0103 \u0219i analiza r\u0103spunsurilor climatice regionale, identificarea zonelor vulnerabile \u0219i elaborarea unor strategii eficiente de adaptare\u201d, informeaz\u0103 institu\u0163ia de cercetare.<\/p>\n<p>Proiectul are ca obiectiv principal dezvoltarea unui serviciu integrat de monitorizare multi-hazard pentru a evalua \u0219i gestiona riscurile complexe din Rom\u00e2nia.<\/p>\n<div class=\"post-views post-118236 entry-meta\"><span class=\"post-views-label\">Post Views: <\/span><span class=\"post-views-count\">74<\/span><\/div>\n<\/div>\n<p>[analyse_source url=&#8221;https:\/\/www.tvbuzau.ro\/reactive-pentru-evaluarea-riscurilor-climatice-in-romania\/&#8221;]<\/p>\n","protected":false},"excerpt":{"rendered":"<p>[analyse_image type=&#8221;featured&#8221; src=&#8221;https:\/\/www.tvbuzau.ro\/wp-content\/uploads\/2026\/03\/sddefault-8.jpghttps:\/\/www.tvbuzau.ro\/wp-content\/uploads\/2026\/03\/sddefault-8.jpg&#8221;] Actualitate \u201cREACTIVE\u201d, pentru evaluarea riscurilor climatice \u00een Rom\u00e2nia De c\u0103tre TV Buz\u0103u &#8211; martie 4, 2026 0 6 Distribui\u021bi pe Facebook Distribui\u021bi pe Twitter tweet \u00cen\u021belegerea modului \u00een care climas-a modificat \u00een ultimii 75 de ani Institutul Na\u021bional de Cercetare-Dezvoltare pentru Fizica P\u0103m\u00e2ntului a anun\u0163at dezvoltarea unor aplica\u0163ii pentru identificarea \u0219i evaluarea [&hellip;]<\/p>\n","protected":false},"author":1,"featured_media":0,"comment_status":"open","ping_status":"","sticky":false,"template":"","format":"standard","meta":{"footnotes":""},"categories":[2],"tags":[226,116],"class_list":["post-1806797","post","type-post","status-publish","format-standard","hentry","category-politics","tag-crawlmanager","tag-tvbuzau-ro"],"_links":{"self":[{"href":"https:\/\/analyse.optim.biz\/index.php?rest_route=\/wp\/v2\/posts\/1806797","targetHints":{"allow":["GET"]}}],"collection":[{"href":"https:\/\/analyse.optim.biz\/index.php?rest_route=\/wp\/v2\/posts"}],"about":[{"href":"https:\/\/analyse.optim.biz\/index.php?rest_route=\/wp\/v2\/types\/post"}],"author":[{"embeddable":true,"href":"https:\/\/analyse.optim.biz\/index.php?rest_route=\/wp\/v2\/users\/1"}],"replies":[{"embeddable":true,"href":"https:\/\/analyse.optim.biz\/index.php?rest_route=%2Fwp%2Fv2%2Fcomments&post=1806797"}],"version-history":[{"count":0,"href":"https:\/\/analyse.optim.biz\/index.php?rest_route=\/wp\/v2\/posts\/1806797\/revisions"}],"wp:attachment":[{"href":"https:\/\/analyse.optim.biz\/index.php?rest_route=%2Fwp%2Fv2%2Fmedia&parent=1806797"}],"wp:term":[{"taxonomy":"category","embeddable":true,"href":"https:\/\/analyse.optim.biz\/index.php?rest_route=%2Fwp%2Fv2%2Fcategories&post=1806797"},{"taxonomy":"post_tag","embeddable":true,"href":"https:\/\/analyse.optim.biz\/index.php?rest_route=%2Fwp%2Fv2%2Ftags&post=1806797"}],"curies":[{"name":"wp","href":"https:\/\/api.w.org\/{rel}","templated":true}]}}