{"id":1806796,"date":"2026-03-04T20:08:45","date_gmt":"2026-03-04T17:08:45","guid":{"rendered":"https:\/\/analyse.optim.biz\/?p=1806796"},"modified":"2026-03-04T20:08:45","modified_gmt":"2026-03-04T17:08:45","slug":"panouri-antiorbire-doborate-pe-a7","status":"publish","type":"post","link":"https:\/\/analyse.optim.biz\/?p=1806796","title":{"rendered":"Panouri antiorbire dobor\u00e2te pe A7"},"content":{"rendered":"<p>[analyse_image type=&#8221;featured&#8221; src=&#8221;https:\/\/www.tvbuzau.ro\/wp-content\/uploads\/2026\/03\/hqdefault-3.jpghttps:\/\/www.tvbuzau.ro\/wp-content\/uploads\/2026\/03\/hqdefault-3.jpg&#8221;]<\/p>\n<div class=\"td-ss-main-content\">\n<article id=\"post-118230\" class=\"post-118230 post type-post status-publish format-video has-post-thumbnail hentry category-actualitate post_format-post-format-video\">\n<div class=\"td-post-header\">\n<ul class=\"td-category\">\n<li class=\"entry-category\"><a href=\"https:\/\/www.tvbuzau.ro\/category\/actualitate\/\">Actualitate<\/a><\/li>\n<\/ul>\n<header class=\"td-post-title\">\n<h1 class=\"entry-title\">Panouri antiorbire dobor\u00e2te pe A7<\/h1>\n<div class=\"td-module-meta-info\">\n<div class=\"td-post-author-name\">De c\u0103tre <a href=\"https:\/\/www.tvbuzau.ro\/author\/mihai-vasilescu\/\">TV Buz\u0103u<\/a> &#8211; <\/div>\n<p><span class=\"td-post-date\"><time class=\"entry-date updated td-module-date\" datetime=\"2026-03-04T20:08:45+00:00\">martie 4, 2026<\/time><\/span><\/p>\n<div class=\"td-post-comments\"><a href=\"https:\/\/www.tvbuzau.ro\/panouri-antiorbire-doborate-pe-a7\/#respond\">0<\/a><\/div>\n<div class=\"td-post-views\"><span class=\"td-nr-views-118230\">8<\/span><\/div>\n<\/div>\n<\/header>\n<\/div>\n<div class=\"td-post-sharing td-post-sharing-top td-with-like\">\n<div class=\"td-default-sharing\"><a class=\"td-social-sharing-buttons td-social-facebook\" href=\"http:\/\/www.facebook.com\/sharer.php?u=https%3A%2F%2Fwww.tvbuzau.ro%2Fpanouri-antiorbire-doborate-pe-a7%2F\"><\/p>\n<div class=\"td-social-but-text\">Distribui\u021bi pe Facebook<\/div>\n<p><\/a><a class=\"td-social-sharing-buttons td-social-twitter\" href=\"https:\/\/twitter.com\/intent\/tweet?text=Panouri+antiorbire+dobor%C3%A2te+pe+A7&amp;url=https%3A%2F%2Fwww.tvbuzau.ro%2Fpanouri-antiorbire-doborate-pe-a7%2F&amp;via=TV+Buz%C4%83u\"><\/p>\n<div class=\"td-social-but-text\">Distribui\u021bi pe Twitter<\/div>\n<p><\/a><\/div>\n<div class=\"td-classic-sharing\">\n<ul>\n<li class=\"td-classic-facebook\"><iframe frameborder src=\"https:\/\/www.facebook.com\/plugins\/like.php?href=https:\/\/www.tvbuzau.ro\/panouri-antiorbire-doborate-pe-a7\/&amp;layout=button_count&amp;show_faces=false&amp;width=105&amp;action=like&amp;colorscheme=light&amp;height=21\"><\/iframe><\/li>\n<li class=\"td-classic-twitter\"><a href=\"https:\/\/twitter.com\/share\" class=\"twitter-share-button\" data-url=\"https:\/\/www.tvbuzau.ro\/panouri-antiorbire-doborate-pe-a7\/\" data-text=\"Panouri antiorbire dobor\u00e2te pe A7\" data-via data-lang=\"en\">tweet<\/a><\/li>\n<\/ul>\n<\/div>\n<\/div>\n<div class=\"td-post-content\">\n<div class=\"td-featured-image-rec\">\n<div class=\"wpb_video_wrapper\">\n                    <iframe loading=\"lazy\" id=\"td_youtube_player\" width=\"600\" height=\"560\" src=\"https:\/\/www.youtube.com\/embed\/JtS7lVTGjyc?enablejsapi=1&amp;feature=oembed&amp;wmode=opaque&amp;vq=hd720\" frameborder allowfullscreen><\/iframe><\/p><\/div>\n<\/div>\n<p>Directorul DRDP \u00een teren pentru verific\u0103ri pe  DN 2C<br \/>\nDirec\u0163ia Regional\u0103 de Drumuri \u015fi Poduri Buz\u0103u a \u00eenceput verificare \u00een teren a lucr\u0103rilor de repara\u021bii asfaltice realizate \u00een regie proprie pe DN 2C. Interven\u021biile vizeaz\u0103 exclusiv zonele cu degrad\u0103ri punctuale, pentru a asigura men\u021binerea traficului \u00een condi\u021bii de siguran\u021b\u0103. Astfel, directorul DRDP Buz\u0103u, Sorin Robu, a efectuat o verificare \u00een teren a lucr\u0103rilor, evalu\u00e2nd modul de execu\u021bie \u0219i ritmul interven\u021biilor, precum \u0219i calitatea materialelor utilizate.<br \/>\nAceste lucr\u0103ri fac parte din programul permanent de \u00eentre\u021binere al re\u021belei rutiere, realizat cu resurse proprii, pentru a asigura durabilitatea drumului \u0219i confortul participan\u021bilor la trafic, a anun\u0163at DRDP Buz\u0103u.<br \/>\nTotodat\u0103, pe Autostrada A7, pe sectoarele unde panourile antiorbire au fost dobor\u00e2te de v\u00e2ntul puternic din ultimele zile, constructorul a revenit \u0219i a \u00eenceput montarea elementelor deteriorate, \u00een conformitate cu obliga\u021biile asumate prin contractul de garan\u021bie.<br \/>\nInterven\u021bia este realizat\u0103 integral pe cheltuiala constructorului, f\u0103r\u0103 costuri suplimentare pentru beneficiar, iar lucr\u0103rile vizeaz\u0103 readucerea zonei la parametrii de siguran\u021b\u0103 prev\u0103zu\u021bi \u00een proiect.<br \/>\nEchipele sunt mobilizate pe tronsoanele afectate, astfel \u00eenc\u00e2t panourile antiorbire s\u0103 fie repuse \u00een func\u021biune \u00een cel mai scurt timp, pentru a asigura protec\u021bia vizual\u0103 necesar\u0103 \u00eentre sensurile de mers \u0219i pentru a men\u021bine condi\u021biile optime de circula\u021bie pe autostrad\u0103, arat\u0103 DRDP Buz\u0103u.<\/p>\n<div class=\"post-views post-118230 entry-meta\"><span class=\"post-views-label\">Post Views: <\/span><span class=\"post-views-count\">72<\/span><\/div>\n<\/div>\n<footer>\n<div class=\"td-post-sharing td-post-sharing-bottom td-with-like\"><span class=\"td-post-share-title\">DISTRIBUI\u021aI<\/span><\/p>\n<div class=\"td-default-sharing\"><a class=\"td-social-sharing-buttons td-social-facebook\" href=\"http:\/\/www.facebook.com\/sharer.php?u=https%3A%2F%2Fwww.tvbuzau.ro%2Fpanouri-antiorbire-doborate-pe-a7%2F\"><\/p>\n<div class=\"td-social-but-text\">Facebook<\/div>\n<p><\/a><a class=\"td-social-sharing-buttons td-social-twitter\" href=\"https:\/\/twitter.com\/intent\/tweet?text=Panouri+antiorbire+dobor%C3%A2te+pe+A7&amp;url=https%3A%2F%2Fwww.tvbuzau.ro%2Fpanouri-antiorbire-doborate-pe-a7%2F&amp;via=TV+Buz%C4%83u\"><\/p>\n<div class=\"td-social-but-text\">Twitter<\/div>\n<p><\/a><\/div>\n<div class=\"td-classic-sharing\">\n<ul>\n<li class=\"td-classic-facebook\"><iframe frameborder src=\"https:\/\/www.facebook.com\/plugins\/like.php?href=https:\/\/www.tvbuzau.ro\/panouri-antiorbire-doborate-pe-a7\/&amp;layout=button_count&amp;show_faces=false&amp;width=105&amp;action=like&amp;colorscheme=light&amp;height=21\"><\/iframe><\/li>\n<li class=\"td-classic-twitter\"><a href=\"https:\/\/twitter.com\/share\" class=\"twitter-share-button\" data-url=\"https:\/\/www.tvbuzau.ro\/panouri-antiorbire-doborate-pe-a7\/\" data-text=\"Panouri antiorbire dobor\u00e2te pe A7\" data-via data-lang=\"en\">tweet<\/a><\/li>\n<\/ul>\n<\/div>\n<\/div>\n<div class=\"td-author-name vcard author\"><span class=\"fn\"><a href=\"https:\/\/www.tvbuzau.ro\/author\/mihai-vasilescu\/\">TV Buz\u0103u<\/a><\/span><\/div>\n<p><span><\/span><span><span><\/span><\/span><span><\/span><\/footer>\n<\/article>\n<div class=\"td_block_wrap td_block_related_posts td_uid_1_69a87de564077_rand td_with_ajax_pagination td-pb-border-top\" data-td-block-uid=\"td_uid_1_69a87de564077\">\n<h4 class=\"td-related-title\"><a id=\"td_uid_2_69a87de569a16\" class=\"td-related-left td-cur-simple-item\" data-td_filter_value data-td_block_id=\"td_uid_1_69a87de564077\" href=\"https:\/\/www.tvbuzau.ro\/panouri-antiorbire-doborate-pe-a7\/\">ARTICOLE SIMILARE<\/a><a id=\"td_uid_3_69a87de569a51\" class=\"td-related-right\" data-td_filter_value=\"td_related_more_from_author\" data-td_block_id=\"td_uid_1_69a87de564077\" href=\"https:\/\/www.tvbuzau.ro\/panouri-antiorbire-doborate-pe-a7\/\">DE LA ACELA\u0218I AUTOR<\/a><\/h4>\n<div id=\"td_uid_1_69a87de564077\" class=\"td_block_inner\">\n<div class=\"td-related-row\">\n<div class=\"td-related-span4\">\n<div class=\"td_module_related_posts td-animation-stack td_mod_related_posts\">\n<div class=\"td-module-image\">\n<div class=\"td-module-thumb\"><a href=\"https:\/\/www.tvbuzau.ro\/sute-de-exemplare-de-pisica-salbatica-in-padurile-judetului-buzau\/\" rel=\"bookmark\" title=\"Sute de exemplare de pisic\u0103 s\u0103lbatic\u0103 \u00een p\u0103durile jude\u0163ului Buz\u0103u\"><img loading=\"lazy\" decoding=\"async\" width=\"218\" height=\"150\" class=\"entry-thumb\" src=\"https:\/\/www.tvbuzau.ro\/wp-content\/uploads\/2026\/03\/bscap0000-218x150.jpg\" alt title=\"Sute de exemplare de pisic\u0103 s\u0103lbatic\u0103 \u00een p\u0103durile jude\u0163ului Buz\u0103u\"><span class=\"td-video-play-ico\"><img loading=\"lazy\" decoding=\"async\" width=\"40\" height=\"40\" class=\"td-retina\" src=\"https:\/\/www.tvbuzau.ro\/wp-content\/themes\/Newspaper\/images\/icons\/ico-video-large.png\" alt=\"video\"><\/span><\/a><\/div>\n<p><a href=\"https:\/\/www.tvbuzau.ro\/category\/actualitate\/\" class=\"td-post-category\">Actualitate<\/a><\/div>\n<div class=\"item-details\">\n<h3 class=\"entry-title td-module-title\"><a href=\"https:\/\/www.tvbuzau.ro\/sute-de-exemplare-de-pisica-salbatica-in-padurile-judetului-buzau\/\" rel=\"bookmark\" title=\"Sute de exemplare de pisic\u0103 s\u0103lbatic\u0103 \u00een p\u0103durile jude\u0163ului Buz\u0103u\">Sute de exemplare de pisic\u0103 s\u0103lbatic\u0103 \u00een p\u0103durile jude\u0163ului Buz\u0103u<\/a><\/h3>\n<\/div>\n<\/div>\n<\/div>\n<div class=\"td-related-span4\">\n<div class=\"td_module_related_posts td-animation-stack td_mod_related_posts\">\n<div class=\"td-module-image\">\n<div class=\"td-module-thumb\"><a href=\"https:\/\/www.tvbuzau.ro\/se-fac-controale-rutiere-pe-a7\/\" rel=\"bookmark\" title=\"Se fac controale rutiere pe A7?\"><img loading=\"lazy\" decoding=\"async\" width=\"218\" height=\"150\" class=\"entry-thumb\" src=\"https:\/\/www.tvbuzau.ro\/wp-content\/uploads\/2026\/03\/sddefault-9-218x150.jpg\" alt title=\"Se fac controale rutiere pe A7?\"><span class=\"td-video-play-ico\"><img loading=\"lazy\" decoding=\"async\" width=\"40\" height=\"40\" class=\"td-retina\" src=\"https:\/\/www.tvbuzau.ro\/wp-content\/themes\/Newspaper\/images\/icons\/ico-video-large.png\" alt=\"video\"><\/span><\/a><\/div>\n<p><a href=\"https:\/\/www.tvbuzau.ro\/category\/actualitate\/\" class=\"td-post-category\">Actualitate<\/a><\/div>\n<div class=\"item-details\">\n<h3 class=\"entry-title td-module-title\"><a href=\"https:\/\/www.tvbuzau.ro\/se-fac-controale-rutiere-pe-a7\/\" rel=\"bookmark\" title=\"Se fac controale rutiere pe A7?\">Se fac controale rutiere pe A7?<\/a><\/h3>\n<\/div>\n<\/div>\n<\/div>\n<div class=\"td-related-span4\">\n<div class=\"td_module_related_posts td-animation-stack td_mod_related_posts\">\n<div class=\"td-module-image\">\n<div class=\"td-module-thumb\"><a href=\"https:\/\/www.tvbuzau.ro\/reactive-pentru-evaluarea-riscurilor-climatice-in-romania\/\" rel=\"bookmark\" title=\"\u201cREACTIVE\u201d, pentru evaluarea riscurilor climatice \u00een Rom\u00e2nia\"><img loading=\"lazy\" decoding=\"async\" width=\"218\" height=\"150\" class=\"entry-thumb\" src=\"https:\/\/www.tvbuzau.ro\/wp-content\/uploads\/2026\/03\/sddefault-8-218x150.jpg\" alt title=\"\u201cREACTIVE\u201d, pentru evaluarea riscurilor climatice \u00een Rom\u00e2nia\"><span class=\"td-video-play-ico\"><img loading=\"lazy\" decoding=\"async\" width=\"40\" height=\"40\" class=\"td-retina\" src=\"https:\/\/www.tvbuzau.ro\/wp-content\/themes\/Newspaper\/images\/icons\/ico-video-large.png\" alt=\"video\"><\/span><\/a><\/div>\n<p><a href=\"https:\/\/www.tvbuzau.ro\/category\/actualitate\/\" class=\"td-post-category\">Actualitate<\/a><\/div>\n<div class=\"item-details\">\n<h3 class=\"entry-title td-module-title\"><a href=\"https:\/\/www.tvbuzau.ro\/reactive-pentru-evaluarea-riscurilor-climatice-in-romania\/\" rel=\"bookmark\" title=\"\u201cREACTIVE\u201d, pentru evaluarea riscurilor climatice \u00een Rom\u00e2nia\">\u201cREACTIVE\u201d, pentru evaluarea riscurilor climatice \u00een Rom\u00e2nia<\/a><\/h3>\n<\/div>\n<\/div>\n<\/div>\n<\/div>\n<div class=\"td-related-row\">\n<div class=\"td-related-span4\">\n<div class=\"td_module_related_posts td-animation-stack td_mod_related_posts\">\n<div class=\"td-module-image\">\n<div class=\"td-module-thumb\"><a href=\"https:\/\/www.tvbuzau.ro\/investitii-in-apa-si-canalizare-pana-in-2027\/\" rel=\"bookmark\" title=\"Investi\u0163ii \u00een ap\u0103 \u015fi canalizare p\u00e2n\u0103 \u00een 2027\"><img loading=\"lazy\" decoding=\"async\" width=\"218\" height=\"150\" class=\"entry-thumb\" src=\"https:\/\/www.tvbuzau.ro\/wp-content\/uploads\/2026\/03\/sddefault-7-218x150.jpg\" alt title=\"Investi\u0163ii \u00een ap\u0103 \u015fi canalizare p\u00e2n\u0103 \u00een 2027\"><span class=\"td-video-play-ico\"><img loading=\"lazy\" decoding=\"async\" width=\"40\" height=\"40\" class=\"td-retina\" src=\"https:\/\/www.tvbuzau.ro\/wp-content\/themes\/Newspaper\/images\/icons\/ico-video-large.png\" alt=\"video\"><\/span><\/a><\/div>\n<p><a href=\"https:\/\/www.tvbuzau.ro\/category\/actualitate\/\" class=\"td-post-category\">Actualitate<\/a><\/div>\n<div class=\"item-details\">\n<h3 class=\"entry-title td-module-title\"><a href=\"https:\/\/www.tvbuzau.ro\/investitii-in-apa-si-canalizare-pana-in-2027\/\" rel=\"bookmark\" title=\"Investi\u0163ii \u00een ap\u0103 \u015fi canalizare p\u00e2n\u0103 \u00een 2027\">Investi\u0163ii \u00een ap\u0103 \u015fi canalizare p\u00e2n\u0103 \u00een 2027<\/a><\/h3>\n<\/div>\n<\/div>\n<\/div>\n<div class=\"td-related-span4\">\n<div class=\"td_module_related_posts td-animation-stack td_mod_related_posts\">\n<div class=\"td-module-image\">\n<div class=\"td-module-thumb\"><a href=\"https:\/\/www.tvbuzau.ro\/cum-au-functionat-barajele-si-pragurile-din-bazinul-tisau-cheia\/\" rel=\"bookmark\" title=\"Cum au func\u0163ionat barajele \u015fi pragurile din bazinul Tis\u0103u-Cheia\"><img loading=\"lazy\" decoding=\"async\" width=\"218\" height=\"150\" class=\"entry-thumb\" src=\"https:\/\/www.tvbuzau.ro\/wp-content\/uploads\/2026\/03\/sddefault-6-218x150.jpg\" alt title=\"Cum au func\u0163ionat barajele \u015fi pragurile din bazinul Tis\u0103u-Cheia\"><span class=\"td-video-play-ico\"><img loading=\"lazy\" decoding=\"async\" width=\"40\" height=\"40\" class=\"td-retina\" src=\"https:\/\/www.tvbuzau.ro\/wp-content\/themes\/Newspaper\/images\/icons\/ico-video-large.png\" alt=\"video\"><\/span><\/a><\/div>\n<p><a href=\"https:\/\/www.tvbuzau.ro\/category\/actualitate\/\" class=\"td-post-category\">Actualitate<\/a><\/div>\n<div class=\"item-details\">\n<h3 class=\"entry-title td-module-title\"><a href=\"https:\/\/www.tvbuzau.ro\/cum-au-functionat-barajele-si-pragurile-din-bazinul-tisau-cheia\/\" rel=\"bookmark\" title=\"Cum au func\u0163ionat barajele \u015fi pragurile din bazinul Tis\u0103u-Cheia\">Cum au func\u0163ionat barajele \u015fi pragurile din bazinul Tis\u0103u-Cheia<\/a><\/h3>\n<\/div>\n<\/div>\n<\/div>\n<div class=\"td-related-span4\">\n<div class=\"td_module_related_posts td-animation-stack td_mod_related_posts\">\n<div class=\"td-module-image\">\n<div class=\"td-module-thumb\"><a href=\"https:\/\/www.tvbuzau.ro\/care-este-gradul-de-ocupare-cu-personal-la-isu-buzau\/\" rel=\"bookmark\" title=\"Care este gradul de ocupare cu personal la ISU Buz\u0103u\"><img loading=\"lazy\" decoding=\"async\" width=\"218\" height=\"150\" class=\"entry-thumb\" src=\"https:\/\/www.tvbuzau.ro\/wp-content\/uploads\/2026\/03\/hqdefault-2-218x150.jpg\" alt title=\"Care este gradul de ocupare cu personal la ISU Buz\u0103u\"><span class=\"td-video-play-ico\"><img loading=\"lazy\" decoding=\"async\" width=\"40\" height=\"40\" class=\"td-retina\" src=\"https:\/\/www.tvbuzau.ro\/wp-content\/themes\/Newspaper\/images\/icons\/ico-video-large.png\" alt=\"video\"><\/span><\/a><\/div>\n<p><a href=\"https:\/\/www.tvbuzau.ro\/category\/actualitate\/\" class=\"td-post-category\">Actualitate<\/a><\/div>\n<div class=\"item-details\">\n<h3 class=\"entry-title td-module-title\"><a href=\"https:\/\/www.tvbuzau.ro\/care-este-gradul-de-ocupare-cu-personal-la-isu-buzau\/\" rel=\"bookmark\" title=\"Care este gradul de ocupare cu personal la ISU Buz\u0103u\">Care este gradul de ocupare cu personal la ISU Buz\u0103u<\/a><\/h3>\n<\/div>\n<\/div>\n<\/div>\n<\/div>\n<\/div>\n<\/div>\n<div class=\"comments\" id=\"comments\">\n<div id=\"respond\" class=\"comment-respond\">\n<h3 id=\"reply-title\" class=\"comment-reply-title\">L\u0102SA\u021aI UN MESAJ <small><a rel=\"nofollow\" id=\"cancel-comment-reply-link\" href=\"https:\/\/www.tvbuzau.ro\/panouri-antiorbire-doborate-pe-a7\/#respond\">Renun\u021ba\u021bi la r\u0103spuns<\/a><\/small><\/h3>\n<\/div>\n<\/div>\n<\/div>\n<div class=\"td-post-content\">\n<div class=\"td-featured-image-rec\">\n<div class=\"wpb_video_wrapper\">\n                    <iframe loading=\"lazy\" id=\"td_youtube_player\" width=\"600\" height=\"560\" src=\"https:\/\/www.youtube.com\/embed\/JtS7lVTGjyc?enablejsapi=1&amp;feature=oembed&amp;wmode=opaque&amp;vq=hd720\" frameborder allowfullscreen><\/iframe><\/p><\/div>\n<\/div>\n<p>Directorul DRDP \u00een teren pentru verific\u0103ri pe  DN 2C<br \/>\nDirec\u0163ia Regional\u0103 de Drumuri \u015fi Poduri Buz\u0103u a \u00eenceput verificare \u00een teren a lucr\u0103rilor de repara\u021bii asfaltice realizate \u00een regie proprie pe DN 2C. Interven\u021biile vizeaz\u0103 exclusiv zonele cu degrad\u0103ri punctuale, pentru a asigura men\u021binerea traficului \u00een condi\u021bii de siguran\u021b\u0103. Astfel, directorul DRDP Buz\u0103u, Sorin Robu, a efectuat o verificare \u00een teren a lucr\u0103rilor, evalu\u00e2nd modul de execu\u021bie \u0219i ritmul interven\u021biilor, precum \u0219i calitatea materialelor utilizate.<br \/>\nAceste lucr\u0103ri fac parte din programul permanent de \u00eentre\u021binere al re\u021belei rutiere, realizat cu resurse proprii, pentru a asigura durabilitatea drumului \u0219i confortul participan\u021bilor la trafic, a anun\u0163at DRDP Buz\u0103u.<br \/>\nTotodat\u0103, pe Autostrada A7, pe sectoarele unde panourile antiorbire au fost dobor\u00e2te de v\u00e2ntul puternic din ultimele zile, constructorul a revenit \u0219i a \u00eenceput montarea elementelor deteriorate, \u00een conformitate cu obliga\u021biile asumate prin contractul de garan\u021bie.<br \/>\nInterven\u021bia este realizat\u0103 integral pe cheltuiala constructorului, f\u0103r\u0103 costuri suplimentare pentru beneficiar, iar lucr\u0103rile vizeaz\u0103 readucerea zonei la parametrii de siguran\u021b\u0103 prev\u0103zu\u021bi \u00een proiect.<br \/>\nEchipele sunt mobilizate pe tronsoanele afectate, astfel \u00eenc\u00e2t panourile antiorbire s\u0103 fie repuse \u00een func\u021biune \u00een cel mai scurt timp, pentru a asigura protec\u021bia vizual\u0103 necesar\u0103 \u00eentre sensurile de mers \u0219i pentru a men\u021bine condi\u021biile optime de circula\u021bie pe autostrad\u0103, arat\u0103 DRDP Buz\u0103u.<\/p>\n<div class=\"post-views post-118230 entry-meta\"><span class=\"post-views-label\">Post Views: <\/span><span class=\"post-views-count\">72<\/span><\/div>\n<\/div>\n<p>[analyse_source url=&#8221;https:\/\/www.tvbuzau.ro\/panouri-antiorbire-doborate-pe-a7\/&#8221;]<\/p>\n","protected":false},"excerpt":{"rendered":"<p>[analyse_image type=&#8221;featured&#8221; src=&#8221;https:\/\/www.tvbuzau.ro\/wp-content\/uploads\/2026\/03\/hqdefault-3.jpghttps:\/\/www.tvbuzau.ro\/wp-content\/uploads\/2026\/03\/hqdefault-3.jpg&#8221;] Actualitate Panouri antiorbire dobor\u00e2te pe A7 De c\u0103tre TV Buz\u0103u &#8211; martie 4, 2026 0 8 Distribui\u021bi pe Facebook Distribui\u021bi pe Twitter tweet Directorul DRDP \u00een teren pentru verific\u0103ri pe DN 2C Direc\u0163ia Regional\u0103 de Drumuri \u015fi Poduri Buz\u0103u a \u00eenceput verificare \u00een teren a lucr\u0103rilor de repara\u021bii asfaltice realizate \u00een regie [&hellip;]<\/p>\n","protected":false},"author":1,"featured_media":0,"comment_status":"open","ping_status":"","sticky":false,"template":"","format":"standard","meta":{"footnotes":""},"categories":[2],"tags":[226,116],"class_list":["post-1806796","post","type-post","status-publish","format-standard","hentry","category-politics","tag-crawlmanager","tag-tvbuzau-ro"],"_links":{"self":[{"href":"https:\/\/analyse.optim.biz\/index.php?rest_route=\/wp\/v2\/posts\/1806796","targetHints":{"allow":["GET"]}}],"collection":[{"href":"https:\/\/analyse.optim.biz\/index.php?rest_route=\/wp\/v2\/posts"}],"about":[{"href":"https:\/\/analyse.optim.biz\/index.php?rest_route=\/wp\/v2\/types\/post"}],"author":[{"embeddable":true,"href":"https:\/\/analyse.optim.biz\/index.php?rest_route=\/wp\/v2\/users\/1"}],"replies":[{"embeddable":true,"href":"https:\/\/analyse.optim.biz\/index.php?rest_route=%2Fwp%2Fv2%2Fcomments&post=1806796"}],"version-history":[{"count":0,"href":"https:\/\/analyse.optim.biz\/index.php?rest_route=\/wp\/v2\/posts\/1806796\/revisions"}],"wp:attachment":[{"href":"https:\/\/analyse.optim.biz\/index.php?rest_route=%2Fwp%2Fv2%2Fmedia&parent=1806796"}],"wp:term":[{"taxonomy":"category","embeddable":true,"href":"https:\/\/analyse.optim.biz\/index.php?rest_route=%2Fwp%2Fv2%2Fcategories&post=1806796"},{"taxonomy":"post_tag","embeddable":true,"href":"https:\/\/analyse.optim.biz\/index.php?rest_route=%2Fwp%2Fv2%2Ftags&post=1806796"}],"curies":[{"name":"wp","href":"https:\/\/api.w.org\/{rel}","templated":true}]}}