{"id":1806795,"date":"2026-03-04T16:08:02","date_gmt":"2026-03-04T13:08:02","guid":{"rendered":"https:\/\/analyse.optim.biz\/?p=1806795"},"modified":"2026-03-04T16:08:02","modified_gmt":"2026-03-04T13:08:02","slug":"cum-au-functionat-barajele-si-pragurile-din-bazinul-tisau-cheia","status":"publish","type":"post","link":"https:\/\/analyse.optim.biz\/?p=1806795","title":{"rendered":"Cum au func\u0163ionat barajele \u015fi pragurile din bazinul Tis\u0103u-Cheia"},"content":{"rendered":"<p>[analyse_image type=&#8221;featured&#8221; src=&#8221;https:\/\/www.tvbuzau.ro\/wp-content\/uploads\/2026\/03\/sddefault-6.jpghttps:\/\/www.tvbuzau.ro\/wp-content\/uploads\/2026\/03\/sddefault-6.jpg&#8221;]<\/p>\n<div class=\"td-ss-main-content\">\n<article id=\"post-118227\" class=\"post-118227 post type-post status-publish format-video has-post-thumbnail hentry category-actualitate post_format-post-format-video\">\n<div class=\"td-post-header\">\n<ul class=\"td-category\">\n<li class=\"entry-category\"><a href=\"https:\/\/www.tvbuzau.ro\/category\/actualitate\/\">Actualitate<\/a><\/li>\n<\/ul>\n<header class=\"td-post-title\">\n<h1 class=\"entry-title\">Cum au func\u0163ionat barajele \u015fi pragurile din bazinul Tis\u0103u-Cheia<\/h1>\n<div class=\"td-module-meta-info\">\n<div class=\"td-post-author-name\">De c\u0103tre <a href=\"https:\/\/www.tvbuzau.ro\/author\/mihai-vasilescu\/\">TV Buz\u0103u<\/a> &#8211; <\/div>\n<p><span class=\"td-post-date\"><time class=\"entry-date updated td-module-date\" datetime=\"2026-03-04T16:08:02+00:00\">martie 4, 2026<\/time><\/span><\/p>\n<div class=\"td-post-comments\"><a href=\"https:\/\/www.tvbuzau.ro\/cum-au-functionat-barajele-si-pragurile-din-bazinul-tisau-cheia\/#respond\">0<\/a><\/div>\n<div class=\"td-post-views\"><span class=\"td-nr-views-118227\">12<\/span><\/div>\n<\/div>\n<\/header>\n<\/div>\n<div class=\"td-post-sharing td-post-sharing-top td-with-like\">\n<div class=\"td-default-sharing\"><a class=\"td-social-sharing-buttons td-social-facebook\" href=\"http:\/\/www.facebook.com\/sharer.php?u=https%3A%2F%2Fwww.tvbuzau.ro%2Fcum-au-functionat-barajele-si-pragurile-din-bazinul-tisau-cheia%2F\"><\/p>\n<div class=\"td-social-but-text\">Distribui\u021bi pe Facebook<\/div>\n<p><\/a><a class=\"td-social-sharing-buttons td-social-twitter\" href=\"https:\/\/twitter.com\/intent\/tweet?text=Cum+au+func%C5%A3ionat+barajele+%C5%9Fi+pragurile+din+bazinul+Tis%C4%83u-Cheia&amp;url=https%3A%2F%2Fwww.tvbuzau.ro%2Fcum-au-functionat-barajele-si-pragurile-din-bazinul-tisau-cheia%2F&amp;via=TV+Buz%C4%83u\"><\/p>\n<div class=\"td-social-but-text\">Distribui\u021bi pe Twitter<\/div>\n<p><\/a><\/div>\n<div class=\"td-classic-sharing\">\n<ul>\n<li class=\"td-classic-facebook\"><iframe frameborder src=\"https:\/\/www.facebook.com\/plugins\/like.php?href=https:\/\/www.tvbuzau.ro\/cum-au-functionat-barajele-si-pragurile-din-bazinul-tisau-cheia\/&amp;layout=button_count&amp;show_faces=false&amp;width=105&amp;action=like&amp;colorscheme=light&amp;height=21\"><\/iframe><\/li>\n<li class=\"td-classic-twitter\"><a href=\"https:\/\/twitter.com\/share\" class=\"twitter-share-button\" data-url=\"https:\/\/www.tvbuzau.ro\/cum-au-functionat-barajele-si-pragurile-din-bazinul-tisau-cheia\/\" data-text=\"Cum au func\u0163ionat barajele \u015fi pragurile din bazinul Tis\u0103u-Cheia\" data-via data-lang=\"en\">tweet<\/a><\/li>\n<\/ul>\n<\/div>\n<\/div>\n<div class=\"td-post-content\">\n<div class=\"td-featured-image-rec\">\n<div class=\"wpb_video_wrapper\">\n                    <iframe loading=\"lazy\" id=\"td_youtube_player\" width=\"600\" height=\"560\" src=\"https:\/\/www.youtube.com\/embed\/InN0sMLl_CM?enablejsapi=1&amp;feature=oembed&amp;wmode=opaque&amp;vq=hd720\" frameborder allowfullscreen><\/iframe><\/p><\/div>\n<\/div>\n<p>Au preluat undele de viitur\u0103<br \/>\nOcolul Silvic Tis\u0103u, din cadrul Direc\u021bia Silvic\u0103 Buz\u0103u, a realizat film\u0103ri la construc\u021biile hidrotehnice executate \u0219i finalizate prin proiectul finan\u021bat din Planul Na\u021bional de Redresare \u0219i Rezilien\u021b\u0103 (PNRR) \u2013 \u201eCorectarea toren\u021bilor din bazinul hidrografic P\u00e2r\u00e2ul Tis\u0103u Cheia, jude\u021bul Buz\u0103u\u201d. Potrivit Direc\u0163iei Silvice, barajele \u0219i pragurile construite au un rol esen\u021bial \u00een protejarea ecosistemului \u0219i a comunit\u0103\u021bilor din zon\u0103.<br \/>\nBarajele \u015fi pragurile, potrivit speciali\u015ftilor contribuie la preluarea undelor de viitur\u0103  formate \u00een bazinul hidrografic al ob\u00e2r\u0219iei Tis\u0103ului \u0219i la disiparea energiei cinetice a apei prin trepte, reduc\u00e2nd for\u021ba distructiv\u0103 a toren\u021bilor.<br \/>\nImportan\u021ba acestor lucr\u0103ri a fost vizibil\u0103 \u00een urma precipita\u021biilor \u00eensemnate cantitativ din zona Tis\u0103u.<\/p>\n<div class=\"post-views post-118227 entry-meta\"><span class=\"post-views-label\">Post Views: <\/span><span class=\"post-views-count\">141<\/span><\/div>\n<\/div>\n<footer>\n<div class=\"td-post-sharing td-post-sharing-bottom td-with-like\"><span class=\"td-post-share-title\">DISTRIBUI\u021aI<\/span><\/p>\n<div class=\"td-default-sharing\"><a class=\"td-social-sharing-buttons td-social-facebook\" href=\"http:\/\/www.facebook.com\/sharer.php?u=https%3A%2F%2Fwww.tvbuzau.ro%2Fcum-au-functionat-barajele-si-pragurile-din-bazinul-tisau-cheia%2F\"><\/p>\n<div class=\"td-social-but-text\">Facebook<\/div>\n<p><\/a><a class=\"td-social-sharing-buttons td-social-twitter\" href=\"https:\/\/twitter.com\/intent\/tweet?text=Cum+au+func%C5%A3ionat+barajele+%C5%9Fi+pragurile+din+bazinul+Tis%C4%83u-Cheia&amp;url=https%3A%2F%2Fwww.tvbuzau.ro%2Fcum-au-functionat-barajele-si-pragurile-din-bazinul-tisau-cheia%2F&amp;via=TV+Buz%C4%83u\"><\/p>\n<div class=\"td-social-but-text\">Twitter<\/div>\n<p><\/a><\/div>\n<div class=\"td-classic-sharing\">\n<ul>\n<li class=\"td-classic-facebook\"><iframe frameborder src=\"https:\/\/www.facebook.com\/plugins\/like.php?href=https:\/\/www.tvbuzau.ro\/cum-au-functionat-barajele-si-pragurile-din-bazinul-tisau-cheia\/&amp;layout=button_count&amp;show_faces=false&amp;width=105&amp;action=like&amp;colorscheme=light&amp;height=21\"><\/iframe><\/li>\n<li class=\"td-classic-twitter\"><a href=\"https:\/\/twitter.com\/share\" class=\"twitter-share-button\" data-url=\"https:\/\/www.tvbuzau.ro\/cum-au-functionat-barajele-si-pragurile-din-bazinul-tisau-cheia\/\" data-text=\"Cum au func\u0163ionat barajele \u015fi pragurile din bazinul Tis\u0103u-Cheia\" data-via data-lang=\"en\">tweet<\/a><\/li>\n<\/ul>\n<\/div>\n<\/div>\n<div class=\"td-author-name vcard author\"><span class=\"fn\"><a href=\"https:\/\/www.tvbuzau.ro\/author\/mihai-vasilescu\/\">TV Buz\u0103u<\/a><\/span><\/div>\n<p><span><\/span><span><span><\/span><\/span><span><\/span><\/footer>\n<\/article>\n<div class=\"td_block_wrap td_block_related_posts td_uid_1_69a87db733e65_rand td_with_ajax_pagination td-pb-border-top\" data-td-block-uid=\"td_uid_1_69a87db733e65\">\n<h4 class=\"td-related-title\"><a id=\"td_uid_2_69a87db73949b\" class=\"td-related-left td-cur-simple-item\" data-td_filter_value data-td_block_id=\"td_uid_1_69a87db733e65\" href=\"https:\/\/www.tvbuzau.ro\/cum-au-functionat-barajele-si-pragurile-din-bazinul-tisau-cheia\/\">ARTICOLE SIMILARE<\/a><a id=\"td_uid_3_69a87db7394d5\" class=\"td-related-right\" data-td_filter_value=\"td_related_more_from_author\" data-td_block_id=\"td_uid_1_69a87db733e65\" href=\"https:\/\/www.tvbuzau.ro\/cum-au-functionat-barajele-si-pragurile-din-bazinul-tisau-cheia\/\">DE LA ACELA\u0218I AUTOR<\/a><\/h4>\n<div id=\"td_uid_1_69a87db733e65\" class=\"td_block_inner\">\n<div class=\"td-related-row\">\n<div class=\"td-related-span4\">\n<div class=\"td_module_related_posts td-animation-stack td_mod_related_posts\">\n<div class=\"td-module-image\">\n<div class=\"td-module-thumb\"><a href=\"https:\/\/www.tvbuzau.ro\/sute-de-exemplare-de-pisica-salbatica-in-padurile-judetului-buzau\/\" rel=\"bookmark\" title=\"Sute de exemplare de pisic\u0103 s\u0103lbatic\u0103 \u00een p\u0103durile jude\u0163ului Buz\u0103u\"><img loading=\"lazy\" decoding=\"async\" width=\"218\" height=\"150\" class=\"entry-thumb\" src=\"https:\/\/www.tvbuzau.ro\/wp-content\/uploads\/2026\/03\/bscap0000-218x150.jpg\" alt title=\"Sute de exemplare de pisic\u0103 s\u0103lbatic\u0103 \u00een p\u0103durile jude\u0163ului Buz\u0103u\"><span class=\"td-video-play-ico\"><img loading=\"lazy\" decoding=\"async\" width=\"40\" height=\"40\" class=\"td-retina\" src=\"https:\/\/www.tvbuzau.ro\/wp-content\/themes\/Newspaper\/images\/icons\/ico-video-large.png\" alt=\"video\"><\/span><\/a><\/div>\n<p><a href=\"https:\/\/www.tvbuzau.ro\/category\/actualitate\/\" class=\"td-post-category\">Actualitate<\/a><\/div>\n<div class=\"item-details\">\n<h3 class=\"entry-title td-module-title\"><a href=\"https:\/\/www.tvbuzau.ro\/sute-de-exemplare-de-pisica-salbatica-in-padurile-judetului-buzau\/\" rel=\"bookmark\" title=\"Sute de exemplare de pisic\u0103 s\u0103lbatic\u0103 \u00een p\u0103durile jude\u0163ului Buz\u0103u\">Sute de exemplare de pisic\u0103 s\u0103lbatic\u0103 \u00een p\u0103durile jude\u0163ului Buz\u0103u<\/a><\/h3>\n<\/div>\n<\/div>\n<\/div>\n<div class=\"td-related-span4\">\n<div class=\"td_module_related_posts td-animation-stack td_mod_related_posts\">\n<div class=\"td-module-image\">\n<div class=\"td-module-thumb\"><a href=\"https:\/\/www.tvbuzau.ro\/se-fac-controale-rutiere-pe-a7\/\" rel=\"bookmark\" title=\"Se fac controale rutiere pe A7?\"><img loading=\"lazy\" decoding=\"async\" width=\"218\" height=\"150\" class=\"entry-thumb\" src=\"https:\/\/www.tvbuzau.ro\/wp-content\/uploads\/2026\/03\/sddefault-9-218x150.jpg\" alt title=\"Se fac controale rutiere pe A7?\"><span class=\"td-video-play-ico\"><img loading=\"lazy\" decoding=\"async\" width=\"40\" height=\"40\" class=\"td-retina\" src=\"https:\/\/www.tvbuzau.ro\/wp-content\/themes\/Newspaper\/images\/icons\/ico-video-large.png\" alt=\"video\"><\/span><\/a><\/div>\n<p><a href=\"https:\/\/www.tvbuzau.ro\/category\/actualitate\/\" class=\"td-post-category\">Actualitate<\/a><\/div>\n<div class=\"item-details\">\n<h3 class=\"entry-title td-module-title\"><a href=\"https:\/\/www.tvbuzau.ro\/se-fac-controale-rutiere-pe-a7\/\" rel=\"bookmark\" title=\"Se fac controale rutiere pe A7?\">Se fac controale rutiere pe A7?<\/a><\/h3>\n<\/div>\n<\/div>\n<\/div>\n<div class=\"td-related-span4\">\n<div class=\"td_module_related_posts td-animation-stack td_mod_related_posts\">\n<div class=\"td-module-image\">\n<div class=\"td-module-thumb\"><a href=\"https:\/\/www.tvbuzau.ro\/reactive-pentru-evaluarea-riscurilor-climatice-in-romania\/\" rel=\"bookmark\" title=\"\u201cREACTIVE\u201d, pentru evaluarea riscurilor climatice \u00een Rom\u00e2nia\"><img loading=\"lazy\" decoding=\"async\" width=\"218\" height=\"150\" class=\"entry-thumb\" src=\"https:\/\/www.tvbuzau.ro\/wp-content\/uploads\/2026\/03\/sddefault-8-218x150.jpg\" alt title=\"\u201cREACTIVE\u201d, pentru evaluarea riscurilor climatice \u00een Rom\u00e2nia\"><span class=\"td-video-play-ico\"><img loading=\"lazy\" decoding=\"async\" width=\"40\" height=\"40\" class=\"td-retina\" src=\"https:\/\/www.tvbuzau.ro\/wp-content\/themes\/Newspaper\/images\/icons\/ico-video-large.png\" alt=\"video\"><\/span><\/a><\/div>\n<p><a href=\"https:\/\/www.tvbuzau.ro\/category\/actualitate\/\" class=\"td-post-category\">Actualitate<\/a><\/div>\n<div class=\"item-details\">\n<h3 class=\"entry-title td-module-title\"><a href=\"https:\/\/www.tvbuzau.ro\/reactive-pentru-evaluarea-riscurilor-climatice-in-romania\/\" rel=\"bookmark\" title=\"\u201cREACTIVE\u201d, pentru evaluarea riscurilor climatice \u00een Rom\u00e2nia\">\u201cREACTIVE\u201d, pentru evaluarea riscurilor climatice \u00een Rom\u00e2nia<\/a><\/h3>\n<\/div>\n<\/div>\n<\/div>\n<\/div>\n<div class=\"td-related-row\">\n<div class=\"td-related-span4\">\n<div class=\"td_module_related_posts td-animation-stack td_mod_related_posts\">\n<div class=\"td-module-image\">\n<div class=\"td-module-thumb\"><a href=\"https:\/\/www.tvbuzau.ro\/investitii-in-apa-si-canalizare-pana-in-2027\/\" rel=\"bookmark\" title=\"Investi\u0163ii \u00een ap\u0103 \u015fi canalizare p\u00e2n\u0103 \u00een 2027\"><img loading=\"lazy\" decoding=\"async\" width=\"218\" height=\"150\" class=\"entry-thumb\" src=\"https:\/\/www.tvbuzau.ro\/wp-content\/uploads\/2026\/03\/sddefault-7-218x150.jpg\" alt title=\"Investi\u0163ii \u00een ap\u0103 \u015fi canalizare p\u00e2n\u0103 \u00een 2027\"><span class=\"td-video-play-ico\"><img loading=\"lazy\" decoding=\"async\" width=\"40\" height=\"40\" class=\"td-retina\" src=\"https:\/\/www.tvbuzau.ro\/wp-content\/themes\/Newspaper\/images\/icons\/ico-video-large.png\" alt=\"video\"><\/span><\/a><\/div>\n<p><a href=\"https:\/\/www.tvbuzau.ro\/category\/actualitate\/\" class=\"td-post-category\">Actualitate<\/a><\/div>\n<div class=\"item-details\">\n<h3 class=\"entry-title td-module-title\"><a href=\"https:\/\/www.tvbuzau.ro\/investitii-in-apa-si-canalizare-pana-in-2027\/\" rel=\"bookmark\" title=\"Investi\u0163ii \u00een ap\u0103 \u015fi canalizare p\u00e2n\u0103 \u00een 2027\">Investi\u0163ii \u00een ap\u0103 \u015fi canalizare p\u00e2n\u0103 \u00een 2027<\/a><\/h3>\n<\/div>\n<\/div>\n<\/div>\n<div class=\"td-related-span4\">\n<div class=\"td_module_related_posts td-animation-stack td_mod_related_posts\">\n<div class=\"td-module-image\">\n<div class=\"td-module-thumb\"><a href=\"https:\/\/www.tvbuzau.ro\/panouri-antiorbire-doborate-pe-a7\/\" rel=\"bookmark\" title=\"Panouri antiorbire dobor\u00e2te pe A7\"><img loading=\"lazy\" decoding=\"async\" width=\"218\" height=\"150\" class=\"entry-thumb\" src=\"https:\/\/www.tvbuzau.ro\/wp-content\/uploads\/2026\/03\/hqdefault-3-218x150.jpg\" alt title=\"Panouri antiorbire dobor\u00e2te pe A7\"><span class=\"td-video-play-ico\"><img loading=\"lazy\" decoding=\"async\" width=\"40\" height=\"40\" class=\"td-retina\" src=\"https:\/\/www.tvbuzau.ro\/wp-content\/themes\/Newspaper\/images\/icons\/ico-video-large.png\" alt=\"video\"><\/span><\/a><\/div>\n<p><a href=\"https:\/\/www.tvbuzau.ro\/category\/actualitate\/\" class=\"td-post-category\">Actualitate<\/a><\/div>\n<div class=\"item-details\">\n<h3 class=\"entry-title td-module-title\"><a href=\"https:\/\/www.tvbuzau.ro\/panouri-antiorbire-doborate-pe-a7\/\" rel=\"bookmark\" title=\"Panouri antiorbire dobor\u00e2te pe A7\">Panouri antiorbire dobor\u00e2te pe A7<\/a><\/h3>\n<\/div>\n<\/div>\n<\/div>\n<div class=\"td-related-span4\">\n<div class=\"td_module_related_posts td-animation-stack td_mod_related_posts\">\n<div class=\"td-module-image\">\n<div class=\"td-module-thumb\"><a href=\"https:\/\/www.tvbuzau.ro\/care-este-gradul-de-ocupare-cu-personal-la-isu-buzau\/\" rel=\"bookmark\" title=\"Care este gradul de ocupare cu personal la ISU Buz\u0103u\"><img loading=\"lazy\" decoding=\"async\" width=\"218\" height=\"150\" class=\"entry-thumb\" src=\"https:\/\/www.tvbuzau.ro\/wp-content\/uploads\/2026\/03\/hqdefault-2-218x150.jpg\" alt title=\"Care este gradul de ocupare cu personal la ISU Buz\u0103u\"><span class=\"td-video-play-ico\"><img loading=\"lazy\" decoding=\"async\" width=\"40\" height=\"40\" class=\"td-retina\" src=\"https:\/\/www.tvbuzau.ro\/wp-content\/themes\/Newspaper\/images\/icons\/ico-video-large.png\" alt=\"video\"><\/span><\/a><\/div>\n<p><a href=\"https:\/\/www.tvbuzau.ro\/category\/actualitate\/\" class=\"td-post-category\">Actualitate<\/a><\/div>\n<div class=\"item-details\">\n<h3 class=\"entry-title td-module-title\"><a href=\"https:\/\/www.tvbuzau.ro\/care-este-gradul-de-ocupare-cu-personal-la-isu-buzau\/\" rel=\"bookmark\" title=\"Care este gradul de ocupare cu personal la ISU Buz\u0103u\">Care este gradul de ocupare cu personal la ISU Buz\u0103u<\/a><\/h3>\n<\/div>\n<\/div>\n<\/div>\n<\/div>\n<\/div>\n<\/div>\n<div class=\"comments\" id=\"comments\">\n<div id=\"respond\" class=\"comment-respond\">\n<h3 id=\"reply-title\" class=\"comment-reply-title\">L\u0102SA\u021aI UN MESAJ <small><a rel=\"nofollow\" id=\"cancel-comment-reply-link\" href=\"https:\/\/www.tvbuzau.ro\/cum-au-functionat-barajele-si-pragurile-din-bazinul-tisau-cheia\/#respond\">Renun\u021ba\u021bi la r\u0103spuns<\/a><\/small><\/h3>\n<\/div>\n<\/div>\n<\/div>\n<div class=\"td-post-content\">\n<div class=\"td-featured-image-rec\">\n<div class=\"wpb_video_wrapper\">\n                    <iframe loading=\"lazy\" id=\"td_youtube_player\" width=\"600\" height=\"560\" src=\"https:\/\/www.youtube.com\/embed\/InN0sMLl_CM?enablejsapi=1&amp;feature=oembed&amp;wmode=opaque&amp;vq=hd720\" frameborder allowfullscreen><\/iframe><\/p><\/div>\n<\/div>\n<p>Au preluat undele de viitur\u0103<br \/>\nOcolul Silvic Tis\u0103u, din cadrul Direc\u021bia Silvic\u0103 Buz\u0103u, a realizat film\u0103ri la construc\u021biile hidrotehnice executate \u0219i finalizate prin proiectul finan\u021bat din Planul Na\u021bional de Redresare \u0219i Rezilien\u021b\u0103 (PNRR) \u2013 \u201eCorectarea toren\u021bilor din bazinul hidrografic P\u00e2r\u00e2ul Tis\u0103u Cheia, jude\u021bul Buz\u0103u\u201d. Potrivit Direc\u0163iei Silvice, barajele \u0219i pragurile construite au un rol esen\u021bial \u00een protejarea ecosistemului \u0219i a comunit\u0103\u021bilor din zon\u0103.<br \/>\nBarajele \u015fi pragurile, potrivit speciali\u015ftilor contribuie la preluarea undelor de viitur\u0103  formate \u00een bazinul hidrografic al ob\u00e2r\u0219iei Tis\u0103ului \u0219i la disiparea energiei cinetice a apei prin trepte, reduc\u00e2nd for\u021ba distructiv\u0103 a toren\u021bilor.<br \/>\nImportan\u021ba acestor lucr\u0103ri a fost vizibil\u0103 \u00een urma precipita\u021biilor \u00eensemnate cantitativ din zona Tis\u0103u.<\/p>\n<div class=\"post-views post-118227 entry-meta\"><span class=\"post-views-label\">Post Views: <\/span><span class=\"post-views-count\">141<\/span><\/div>\n<\/div>\n<p>[analyse_source url=&#8221;https:\/\/www.tvbuzau.ro\/cum-au-functionat-barajele-si-pragurile-din-bazinul-tisau-cheia\/&#8221;]<\/p>\n","protected":false},"excerpt":{"rendered":"<p>[analyse_image type=&#8221;featured&#8221; src=&#8221;https:\/\/www.tvbuzau.ro\/wp-content\/uploads\/2026\/03\/sddefault-6.jpghttps:\/\/www.tvbuzau.ro\/wp-content\/uploads\/2026\/03\/sddefault-6.jpg&#8221;] Actualitate Cum au func\u0163ionat barajele \u015fi pragurile din bazinul Tis\u0103u-Cheia De c\u0103tre TV Buz\u0103u &#8211; martie 4, 2026 0 12 Distribui\u021bi pe Facebook Distribui\u021bi pe Twitter tweet Au preluat undele de viitur\u0103 Ocolul Silvic Tis\u0103u, din cadrul Direc\u021bia Silvic\u0103 Buz\u0103u, a realizat film\u0103ri la construc\u021biile hidrotehnice executate \u0219i finalizate prin proiectul finan\u021bat [&hellip;]<\/p>\n","protected":false},"author":1,"featured_media":0,"comment_status":"open","ping_status":"","sticky":false,"template":"","format":"standard","meta":{"footnotes":""},"categories":[2],"tags":[226,116],"class_list":["post-1806795","post","type-post","status-publish","format-standard","hentry","category-politics","tag-crawlmanager","tag-tvbuzau-ro"],"_links":{"self":[{"href":"https:\/\/analyse.optim.biz\/index.php?rest_route=\/wp\/v2\/posts\/1806795","targetHints":{"allow":["GET"]}}],"collection":[{"href":"https:\/\/analyse.optim.biz\/index.php?rest_route=\/wp\/v2\/posts"}],"about":[{"href":"https:\/\/analyse.optim.biz\/index.php?rest_route=\/wp\/v2\/types\/post"}],"author":[{"embeddable":true,"href":"https:\/\/analyse.optim.biz\/index.php?rest_route=\/wp\/v2\/users\/1"}],"replies":[{"embeddable":true,"href":"https:\/\/analyse.optim.biz\/index.php?rest_route=%2Fwp%2Fv2%2Fcomments&post=1806795"}],"version-history":[{"count":0,"href":"https:\/\/analyse.optim.biz\/index.php?rest_route=\/wp\/v2\/posts\/1806795\/revisions"}],"wp:attachment":[{"href":"https:\/\/analyse.optim.biz\/index.php?rest_route=%2Fwp%2Fv2%2Fmedia&parent=1806795"}],"wp:term":[{"taxonomy":"category","embeddable":true,"href":"https:\/\/analyse.optim.biz\/index.php?rest_route=%2Fwp%2Fv2%2Fcategories&post=1806795"},{"taxonomy":"post_tag","embeddable":true,"href":"https:\/\/analyse.optim.biz\/index.php?rest_route=%2Fwp%2Fv2%2Ftags&post=1806795"}],"curies":[{"name":"wp","href":"https:\/\/api.w.org\/{rel}","templated":true}]}}