{"id":1806794,"date":"2026-03-04T16:06:52","date_gmt":"2026-03-04T13:06:52","guid":{"rendered":"https:\/\/analyse.optim.biz\/?p=1806794"},"modified":"2026-03-04T16:06:52","modified_gmt":"2026-03-04T13:06:52","slug":"care-este-gradul-de-ocupare-cu-personal-la-isu-buzau","status":"publish","type":"post","link":"https:\/\/analyse.optim.biz\/?p=1806794","title":{"rendered":"Care este gradul de ocupare cu personal la ISU Buz\u0103u"},"content":{"rendered":"<p>[analyse_image type=&#8221;featured&#8221; src=&#8221;https:\/\/www.tvbuzau.ro\/wp-content\/uploads\/2026\/03\/hqdefault-2.jpghttps:\/\/www.tvbuzau.ro\/wp-content\/uploads\/2026\/03\/hqdefault-2.jpg&#8221;]<\/p>\n<div class=\"td-ss-main-content\">\n<article id=\"post-118224\" class=\"post-118224 post type-post status-publish format-video has-post-thumbnail hentry category-actualitate post_format-post-format-video\">\n<div class=\"td-post-header\">\n<ul class=\"td-category\">\n<li class=\"entry-category\"><a href=\"https:\/\/www.tvbuzau.ro\/category\/actualitate\/\">Actualitate<\/a><\/li>\n<\/ul>\n<header class=\"td-post-title\">\n<h1 class=\"entry-title\">Care este gradul de ocupare cu personal la ISU Buz\u0103u<\/h1>\n<div class=\"td-module-meta-info\">\n<div class=\"td-post-author-name\">De c\u0103tre <a href=\"https:\/\/www.tvbuzau.ro\/author\/mihai-vasilescu\/\">TV Buz\u0103u<\/a> &#8211; <\/div>\n<p><span class=\"td-post-date\"><time class=\"entry-date updated td-module-date\" datetime=\"2026-03-04T16:06:52+00:00\">martie 4, 2026<\/time><\/span><\/p>\n<div class=\"td-post-comments\"><a href=\"https:\/\/www.tvbuzau.ro\/care-este-gradul-de-ocupare-cu-personal-la-isu-buzau\/#respond\">0<\/a><\/div>\n<div class=\"td-post-views\"><span class=\"td-nr-views-118224\">18<\/span><\/div>\n<\/div>\n<\/header>\n<\/div>\n<div class=\"td-post-sharing td-post-sharing-top td-with-like\">\n<div class=\"td-default-sharing\"><a class=\"td-social-sharing-buttons td-social-facebook\" href=\"http:\/\/www.facebook.com\/sharer.php?u=https%3A%2F%2Fwww.tvbuzau.ro%2Fcare-este-gradul-de-ocupare-cu-personal-la-isu-buzau%2F\"><\/p>\n<div class=\"td-social-but-text\">Distribui\u021bi pe Facebook<\/div>\n<p><\/a><a class=\"td-social-sharing-buttons td-social-twitter\" href=\"https:\/\/twitter.com\/intent\/tweet?text=Care+este+gradul+de+ocupare+cu+personal+la+ISU+Buz%C4%83u&amp;url=https%3A%2F%2Fwww.tvbuzau.ro%2Fcare-este-gradul-de-ocupare-cu-personal-la-isu-buzau%2F&amp;via=TV+Buz%C4%83u\"><\/p>\n<div class=\"td-social-but-text\">Distribui\u021bi pe Twitter<\/div>\n<p><\/a><\/div>\n<div class=\"td-classic-sharing\">\n<ul>\n<li class=\"td-classic-facebook\"><iframe frameborder src=\"https:\/\/www.facebook.com\/plugins\/like.php?href=https:\/\/www.tvbuzau.ro\/care-este-gradul-de-ocupare-cu-personal-la-isu-buzau\/&amp;layout=button_count&amp;show_faces=false&amp;width=105&amp;action=like&amp;colorscheme=light&amp;height=21\"><\/iframe><\/li>\n<li class=\"td-classic-twitter\"><a href=\"https:\/\/twitter.com\/share\" class=\"twitter-share-button\" data-url=\"https:\/\/www.tvbuzau.ro\/care-este-gradul-de-ocupare-cu-personal-la-isu-buzau\/\" data-text=\"Care este gradul de ocupare cu personal la ISU Buz\u0103u\" data-via data-lang=\"en\">tweet<\/a><\/li>\n<\/ul>\n<\/div>\n<\/div>\n<div class=\"td-post-content\">\n<div class=\"td-featured-image-rec\">\n<div class=\"wpb_video_wrapper\">\n                    <iframe loading=\"lazy\" id=\"td_youtube_player\" width=\"600\" height=\"560\" src=\"https:\/\/www.youtube.com\/embed\/HtbFKMykJ9I?enablejsapi=1&amp;feature=oembed&amp;wmode=opaque&amp;vq=hd720\" frameborder allowfullscreen><\/iframe><\/p><\/div>\n<\/div>\n<p>Dou\u0103 structuri au nevoie de angaja\u0163i<br \/>\nGradul de \u00eencadrare cu personal la nivelul Inspectoratului pentru Situ\u0163ii de Urgen\u0163\u0103 Buz\u0103u este de aproximativ 70%. Potrivit conducerii institu\u0163iei, procentul este \u00een sc\u0103dere, dup\u0103 ce mai mul\u0163i agaja\u0163i au p\u0103r\u0103sit sistemul.<br \/>\nSunt \u015fi puncte de lucru ale ISU Buz\u0103u unde gradul de \u00eencdrare cu personal este ceva mai mare.<br \/>\n\u00cen anul 2025, \u00een zona de competen\u0163\u0103 a Inspectoratului pentru Situa\u0163ii de \u201eNeron  Lupa\u015fcu\u201d al jude\u0163ului Buz\u0103u s-au produs peste 9300 de evenimente care au necesitat interven\u0163ia serviciilor profesioniste, voluntare \u015fi private pentru situa\u0163ii de urgen\u0163\u0103. Conform datelor statistice, \u00een anul 2025 s-a \u00eenregistrat o medie de 25,5 interven\u021bii pe zi.<\/p>\n<div class=\"post-views post-118224 entry-meta\"><span class=\"post-views-label\">Post Views: <\/span><span class=\"post-views-count\">119<\/span><\/div>\n<\/div>\n<footer>\n<div class=\"td-post-sharing td-post-sharing-bottom td-with-like\"><span class=\"td-post-share-title\">DISTRIBUI\u021aI<\/span><\/p>\n<div class=\"td-default-sharing\"><a class=\"td-social-sharing-buttons td-social-facebook\" href=\"http:\/\/www.facebook.com\/sharer.php?u=https%3A%2F%2Fwww.tvbuzau.ro%2Fcare-este-gradul-de-ocupare-cu-personal-la-isu-buzau%2F\"><\/p>\n<div class=\"td-social-but-text\">Facebook<\/div>\n<p><\/a><a class=\"td-social-sharing-buttons td-social-twitter\" href=\"https:\/\/twitter.com\/intent\/tweet?text=Care+este+gradul+de+ocupare+cu+personal+la+ISU+Buz%C4%83u&amp;url=https%3A%2F%2Fwww.tvbuzau.ro%2Fcare-este-gradul-de-ocupare-cu-personal-la-isu-buzau%2F&amp;via=TV+Buz%C4%83u\"><\/p>\n<div class=\"td-social-but-text\">Twitter<\/div>\n<p><\/a><\/div>\n<div class=\"td-classic-sharing\">\n<ul>\n<li class=\"td-classic-facebook\"><iframe frameborder src=\"https:\/\/www.facebook.com\/plugins\/like.php?href=https:\/\/www.tvbuzau.ro\/care-este-gradul-de-ocupare-cu-personal-la-isu-buzau\/&amp;layout=button_count&amp;show_faces=false&amp;width=105&amp;action=like&amp;colorscheme=light&amp;height=21\"><\/iframe><\/li>\n<li class=\"td-classic-twitter\"><a href=\"https:\/\/twitter.com\/share\" class=\"twitter-share-button\" data-url=\"https:\/\/www.tvbuzau.ro\/care-este-gradul-de-ocupare-cu-personal-la-isu-buzau\/\" data-text=\"Care este gradul de ocupare cu personal la ISU Buz\u0103u\" data-via data-lang=\"en\">tweet<\/a><\/li>\n<\/ul>\n<\/div>\n<\/div>\n<div class=\"td-author-name vcard author\"><span class=\"fn\"><a href=\"https:\/\/www.tvbuzau.ro\/author\/mihai-vasilescu\/\">TV Buz\u0103u<\/a><\/span><\/div>\n<p><span><\/span><span><span><\/span><\/span><span><\/span><\/footer>\n<\/article>\n<div class=\"td_block_wrap td_block_related_posts td_uid_1_69a87d898d468_rand td_with_ajax_pagination td-pb-border-top\" data-td-block-uid=\"td_uid_1_69a87d898d468\">\n<h4 class=\"td-related-title\"><a id=\"td_uid_2_69a87d89929e2\" class=\"td-related-left td-cur-simple-item\" data-td_filter_value data-td_block_id=\"td_uid_1_69a87d898d468\" href=\"https:\/\/www.tvbuzau.ro\/care-este-gradul-de-ocupare-cu-personal-la-isu-buzau\/\">ARTICOLE SIMILARE<\/a><a id=\"td_uid_3_69a87d8992a1c\" class=\"td-related-right\" data-td_filter_value=\"td_related_more_from_author\" data-td_block_id=\"td_uid_1_69a87d898d468\" href=\"https:\/\/www.tvbuzau.ro\/care-este-gradul-de-ocupare-cu-personal-la-isu-buzau\/\">DE LA ACELA\u0218I AUTOR<\/a><\/h4>\n<div id=\"td_uid_1_69a87d898d468\" class=\"td_block_inner\">\n<div class=\"td-related-row\">\n<div class=\"td-related-span4\">\n<div class=\"td_module_related_posts td-animation-stack td_mod_related_posts\">\n<div class=\"td-module-image\">\n<div class=\"td-module-thumb\"><a href=\"https:\/\/www.tvbuzau.ro\/sute-de-exemplare-de-pisica-salbatica-in-padurile-judetului-buzau\/\" rel=\"bookmark\" title=\"Sute de exemplare de pisic\u0103 s\u0103lbatic\u0103 \u00een p\u0103durile jude\u0163ului Buz\u0103u\"><img loading=\"lazy\" decoding=\"async\" width=\"218\" height=\"150\" class=\"entry-thumb\" src=\"https:\/\/www.tvbuzau.ro\/wp-content\/uploads\/2026\/03\/bscap0000-218x150.jpg\" alt title=\"Sute de exemplare de pisic\u0103 s\u0103lbatic\u0103 \u00een p\u0103durile jude\u0163ului Buz\u0103u\"><span class=\"td-video-play-ico\"><img loading=\"lazy\" decoding=\"async\" width=\"40\" height=\"40\" class=\"td-retina\" src=\"https:\/\/www.tvbuzau.ro\/wp-content\/themes\/Newspaper\/images\/icons\/ico-video-large.png\" alt=\"video\"><\/span><\/a><\/div>\n<p><a href=\"https:\/\/www.tvbuzau.ro\/category\/actualitate\/\" class=\"td-post-category\">Actualitate<\/a><\/div>\n<div class=\"item-details\">\n<h3 class=\"entry-title td-module-title\"><a href=\"https:\/\/www.tvbuzau.ro\/sute-de-exemplare-de-pisica-salbatica-in-padurile-judetului-buzau\/\" rel=\"bookmark\" title=\"Sute de exemplare de pisic\u0103 s\u0103lbatic\u0103 \u00een p\u0103durile jude\u0163ului Buz\u0103u\">Sute de exemplare de pisic\u0103 s\u0103lbatic\u0103 \u00een p\u0103durile jude\u0163ului Buz\u0103u<\/a><\/h3>\n<\/div>\n<\/div>\n<\/div>\n<div class=\"td-related-span4\">\n<div class=\"td_module_related_posts td-animation-stack td_mod_related_posts\">\n<div class=\"td-module-image\">\n<div class=\"td-module-thumb\"><a href=\"https:\/\/www.tvbuzau.ro\/se-fac-controale-rutiere-pe-a7\/\" rel=\"bookmark\" title=\"Se fac controale rutiere pe A7?\"><img loading=\"lazy\" decoding=\"async\" width=\"218\" height=\"150\" class=\"entry-thumb\" src=\"https:\/\/www.tvbuzau.ro\/wp-content\/uploads\/2026\/03\/sddefault-9-218x150.jpg\" alt title=\"Se fac controale rutiere pe A7?\"><span class=\"td-video-play-ico\"><img loading=\"lazy\" decoding=\"async\" width=\"40\" height=\"40\" class=\"td-retina\" src=\"https:\/\/www.tvbuzau.ro\/wp-content\/themes\/Newspaper\/images\/icons\/ico-video-large.png\" alt=\"video\"><\/span><\/a><\/div>\n<p><a href=\"https:\/\/www.tvbuzau.ro\/category\/actualitate\/\" class=\"td-post-category\">Actualitate<\/a><\/div>\n<div class=\"item-details\">\n<h3 class=\"entry-title td-module-title\"><a href=\"https:\/\/www.tvbuzau.ro\/se-fac-controale-rutiere-pe-a7\/\" rel=\"bookmark\" title=\"Se fac controale rutiere pe A7?\">Se fac controale rutiere pe A7?<\/a><\/h3>\n<\/div>\n<\/div>\n<\/div>\n<div class=\"td-related-span4\">\n<div class=\"td_module_related_posts td-animation-stack td_mod_related_posts\">\n<div class=\"td-module-image\">\n<div class=\"td-module-thumb\"><a href=\"https:\/\/www.tvbuzau.ro\/reactive-pentru-evaluarea-riscurilor-climatice-in-romania\/\" rel=\"bookmark\" title=\"\u201cREACTIVE\u201d, pentru evaluarea riscurilor climatice \u00een Rom\u00e2nia\"><img loading=\"lazy\" decoding=\"async\" width=\"218\" height=\"150\" class=\"entry-thumb\" src=\"https:\/\/www.tvbuzau.ro\/wp-content\/uploads\/2026\/03\/sddefault-8-218x150.jpg\" alt title=\"\u201cREACTIVE\u201d, pentru evaluarea riscurilor climatice \u00een Rom\u00e2nia\"><span class=\"td-video-play-ico\"><img loading=\"lazy\" decoding=\"async\" width=\"40\" height=\"40\" class=\"td-retina\" src=\"https:\/\/www.tvbuzau.ro\/wp-content\/themes\/Newspaper\/images\/icons\/ico-video-large.png\" alt=\"video\"><\/span><\/a><\/div>\n<p><a href=\"https:\/\/www.tvbuzau.ro\/category\/actualitate\/\" class=\"td-post-category\">Actualitate<\/a><\/div>\n<div class=\"item-details\">\n<h3 class=\"entry-title td-module-title\"><a href=\"https:\/\/www.tvbuzau.ro\/reactive-pentru-evaluarea-riscurilor-climatice-in-romania\/\" rel=\"bookmark\" title=\"\u201cREACTIVE\u201d, pentru evaluarea riscurilor climatice \u00een Rom\u00e2nia\">\u201cREACTIVE\u201d, pentru evaluarea riscurilor climatice \u00een Rom\u00e2nia<\/a><\/h3>\n<\/div>\n<\/div>\n<\/div>\n<\/div>\n<div class=\"td-related-row\">\n<div class=\"td-related-span4\">\n<div class=\"td_module_related_posts td-animation-stack td_mod_related_posts\">\n<div class=\"td-module-image\">\n<div class=\"td-module-thumb\"><a href=\"https:\/\/www.tvbuzau.ro\/investitii-in-apa-si-canalizare-pana-in-2027\/\" rel=\"bookmark\" title=\"Investi\u0163ii \u00een ap\u0103 \u015fi canalizare p\u00e2n\u0103 \u00een 2027\"><img loading=\"lazy\" decoding=\"async\" width=\"218\" height=\"150\" class=\"entry-thumb\" src=\"https:\/\/www.tvbuzau.ro\/wp-content\/uploads\/2026\/03\/sddefault-7-218x150.jpg\" alt title=\"Investi\u0163ii \u00een ap\u0103 \u015fi canalizare p\u00e2n\u0103 \u00een 2027\"><span class=\"td-video-play-ico\"><img loading=\"lazy\" decoding=\"async\" width=\"40\" height=\"40\" class=\"td-retina\" src=\"https:\/\/www.tvbuzau.ro\/wp-content\/themes\/Newspaper\/images\/icons\/ico-video-large.png\" alt=\"video\"><\/span><\/a><\/div>\n<p><a href=\"https:\/\/www.tvbuzau.ro\/category\/actualitate\/\" class=\"td-post-category\">Actualitate<\/a><\/div>\n<div class=\"item-details\">\n<h3 class=\"entry-title td-module-title\"><a href=\"https:\/\/www.tvbuzau.ro\/investitii-in-apa-si-canalizare-pana-in-2027\/\" rel=\"bookmark\" title=\"Investi\u0163ii \u00een ap\u0103 \u015fi canalizare p\u00e2n\u0103 \u00een 2027\">Investi\u0163ii \u00een ap\u0103 \u015fi canalizare p\u00e2n\u0103 \u00een 2027<\/a><\/h3>\n<\/div>\n<\/div>\n<\/div>\n<div class=\"td-related-span4\">\n<div class=\"td_module_related_posts td-animation-stack td_mod_related_posts\">\n<div class=\"td-module-image\">\n<div class=\"td-module-thumb\"><a href=\"https:\/\/www.tvbuzau.ro\/panouri-antiorbire-doborate-pe-a7\/\" rel=\"bookmark\" title=\"Panouri antiorbire dobor\u00e2te pe A7\"><img loading=\"lazy\" decoding=\"async\" width=\"218\" height=\"150\" class=\"entry-thumb\" src=\"https:\/\/www.tvbuzau.ro\/wp-content\/uploads\/2026\/03\/hqdefault-3-218x150.jpg\" alt title=\"Panouri antiorbire dobor\u00e2te pe A7\"><span class=\"td-video-play-ico\"><img loading=\"lazy\" decoding=\"async\" width=\"40\" height=\"40\" class=\"td-retina\" src=\"https:\/\/www.tvbuzau.ro\/wp-content\/themes\/Newspaper\/images\/icons\/ico-video-large.png\" alt=\"video\"><\/span><\/a><\/div>\n<p><a href=\"https:\/\/www.tvbuzau.ro\/category\/actualitate\/\" class=\"td-post-category\">Actualitate<\/a><\/div>\n<div class=\"item-details\">\n<h3 class=\"entry-title td-module-title\"><a href=\"https:\/\/www.tvbuzau.ro\/panouri-antiorbire-doborate-pe-a7\/\" rel=\"bookmark\" title=\"Panouri antiorbire dobor\u00e2te pe A7\">Panouri antiorbire dobor\u00e2te pe A7<\/a><\/h3>\n<\/div>\n<\/div>\n<\/div>\n<div class=\"td-related-span4\">\n<div class=\"td_module_related_posts td-animation-stack td_mod_related_posts\">\n<div class=\"td-module-image\">\n<div class=\"td-module-thumb\"><a href=\"https:\/\/www.tvbuzau.ro\/cum-au-functionat-barajele-si-pragurile-din-bazinul-tisau-cheia\/\" rel=\"bookmark\" title=\"Cum au func\u0163ionat barajele \u015fi pragurile din bazinul Tis\u0103u-Cheia\"><img loading=\"lazy\" decoding=\"async\" width=\"218\" height=\"150\" class=\"entry-thumb\" src=\"https:\/\/www.tvbuzau.ro\/wp-content\/uploads\/2026\/03\/sddefault-6-218x150.jpg\" alt title=\"Cum au func\u0163ionat barajele \u015fi pragurile din bazinul Tis\u0103u-Cheia\"><span class=\"td-video-play-ico\"><img loading=\"lazy\" decoding=\"async\" width=\"40\" height=\"40\" class=\"td-retina\" src=\"https:\/\/www.tvbuzau.ro\/wp-content\/themes\/Newspaper\/images\/icons\/ico-video-large.png\" alt=\"video\"><\/span><\/a><\/div>\n<p><a href=\"https:\/\/www.tvbuzau.ro\/category\/actualitate\/\" class=\"td-post-category\">Actualitate<\/a><\/div>\n<div class=\"item-details\">\n<h3 class=\"entry-title td-module-title\"><a href=\"https:\/\/www.tvbuzau.ro\/cum-au-functionat-barajele-si-pragurile-din-bazinul-tisau-cheia\/\" rel=\"bookmark\" title=\"Cum au func\u0163ionat barajele \u015fi pragurile din bazinul Tis\u0103u-Cheia\">Cum au func\u0163ionat barajele \u015fi pragurile din bazinul Tis\u0103u-Cheia<\/a><\/h3>\n<\/div>\n<\/div>\n<\/div>\n<\/div>\n<\/div>\n<\/div>\n<div class=\"comments\" id=\"comments\">\n<div id=\"respond\" class=\"comment-respond\">\n<h3 id=\"reply-title\" class=\"comment-reply-title\">L\u0102SA\u021aI UN MESAJ <small><a rel=\"nofollow\" id=\"cancel-comment-reply-link\" href=\"https:\/\/www.tvbuzau.ro\/care-este-gradul-de-ocupare-cu-personal-la-isu-buzau\/#respond\">Renun\u021ba\u021bi la r\u0103spuns<\/a><\/small><\/h3>\n<\/div>\n<\/div>\n<\/div>\n<div class=\"td-post-content\">\n<div class=\"td-featured-image-rec\">\n<div class=\"wpb_video_wrapper\">\n                    <iframe loading=\"lazy\" id=\"td_youtube_player\" width=\"600\" height=\"560\" src=\"https:\/\/www.youtube.com\/embed\/HtbFKMykJ9I?enablejsapi=1&amp;feature=oembed&amp;wmode=opaque&amp;vq=hd720\" frameborder allowfullscreen><\/iframe><\/p><\/div>\n<\/div>\n<p>Dou\u0103 structuri au nevoie de angaja\u0163i<br \/>\nGradul de \u00eencadrare cu personal la nivelul Inspectoratului pentru Situ\u0163ii de Urgen\u0163\u0103 Buz\u0103u este de aproximativ 70%. Potrivit conducerii institu\u0163iei, procentul este \u00een sc\u0103dere, dup\u0103 ce mai mul\u0163i agaja\u0163i au p\u0103r\u0103sit sistemul.<br \/>\nSunt \u015fi puncte de lucru ale ISU Buz\u0103u unde gradul de \u00eencdrare cu personal este ceva mai mare.<br \/>\n\u00cen anul 2025, \u00een zona de competen\u0163\u0103 a Inspectoratului pentru Situa\u0163ii de \u201eNeron  Lupa\u015fcu\u201d al jude\u0163ului Buz\u0103u s-au produs peste 9300 de evenimente care au necesitat interven\u0163ia serviciilor profesioniste, voluntare \u015fi private pentru situa\u0163ii de urgen\u0163\u0103. Conform datelor statistice, \u00een anul 2025 s-a \u00eenregistrat o medie de 25,5 interven\u021bii pe zi.<\/p>\n<div class=\"post-views post-118224 entry-meta\"><span class=\"post-views-label\">Post Views: <\/span><span class=\"post-views-count\">119<\/span><\/div>\n<\/div>\n<p>[analyse_source url=&#8221;https:\/\/www.tvbuzau.ro\/care-este-gradul-de-ocupare-cu-personal-la-isu-buzau\/&#8221;]<\/p>\n","protected":false},"excerpt":{"rendered":"<p>[analyse_image type=&#8221;featured&#8221; src=&#8221;https:\/\/www.tvbuzau.ro\/wp-content\/uploads\/2026\/03\/hqdefault-2.jpghttps:\/\/www.tvbuzau.ro\/wp-content\/uploads\/2026\/03\/hqdefault-2.jpg&#8221;] Actualitate Care este gradul de ocupare cu personal la ISU Buz\u0103u De c\u0103tre TV Buz\u0103u &#8211; martie 4, 2026 0 18 Distribui\u021bi pe Facebook Distribui\u021bi pe Twitter tweet Dou\u0103 structuri au nevoie de angaja\u0163i Gradul de \u00eencadrare cu personal la nivelul Inspectoratului pentru Situ\u0163ii de Urgen\u0163\u0103 Buz\u0103u este de aproximativ 70%. Potrivit [&hellip;]<\/p>\n","protected":false},"author":1,"featured_media":0,"comment_status":"open","ping_status":"","sticky":false,"template":"","format":"standard","meta":{"footnotes":""},"categories":[2],"tags":[226,116],"class_list":["post-1806794","post","type-post","status-publish","format-standard","hentry","category-politics","tag-crawlmanager","tag-tvbuzau-ro"],"_links":{"self":[{"href":"https:\/\/analyse.optim.biz\/index.php?rest_route=\/wp\/v2\/posts\/1806794","targetHints":{"allow":["GET"]}}],"collection":[{"href":"https:\/\/analyse.optim.biz\/index.php?rest_route=\/wp\/v2\/posts"}],"about":[{"href":"https:\/\/analyse.optim.biz\/index.php?rest_route=\/wp\/v2\/types\/post"}],"author":[{"embeddable":true,"href":"https:\/\/analyse.optim.biz\/index.php?rest_route=\/wp\/v2\/users\/1"}],"replies":[{"embeddable":true,"href":"https:\/\/analyse.optim.biz\/index.php?rest_route=%2Fwp%2Fv2%2Fcomments&post=1806794"}],"version-history":[{"count":0,"href":"https:\/\/analyse.optim.biz\/index.php?rest_route=\/wp\/v2\/posts\/1806794\/revisions"}],"wp:attachment":[{"href":"https:\/\/analyse.optim.biz\/index.php?rest_route=%2Fwp%2Fv2%2Fmedia&parent=1806794"}],"wp:term":[{"taxonomy":"category","embeddable":true,"href":"https:\/\/analyse.optim.biz\/index.php?rest_route=%2Fwp%2Fv2%2Fcategories&post=1806794"},{"taxonomy":"post_tag","embeddable":true,"href":"https:\/\/analyse.optim.biz\/index.php?rest_route=%2Fwp%2Fv2%2Ftags&post=1806794"}],"curies":[{"name":"wp","href":"https:\/\/api.w.org\/{rel}","templated":true}]}}