{"id":180675,"date":"2015-06-01T14:04:05","date_gmt":"2015-06-01T11:04:05","guid":{"rendered":"https:\/\/analyse.optim.biz\/?p=180675"},"modified":"2015-06-01T14:04:05","modified_gmt":"2015-06-01T11:04:05","slug":"galerie-foto-klaus-iohannis-inconjurat-de-copii-ei-vor-deveni-adultii-impliniti-de-care-societatea-noastra-are-atat-de-multa-nevoie","status":"publish","type":"post","link":"https:\/\/analyse.optim.biz\/?p=180675","title":{"rendered":"GALERIE FOTO. Klaus Iohannis, \u00eenconjurat de copii: Ei vor deveni adul\u021bii \u00eemplini\u021bi de care societatea noastr\u0103 are at\u00e2t de mult\u0103 nevoie"},"content":{"rendered":"<div class=\"entry data-app-meta data-app-meta-article\" data-embed-base-url-canonical=\"https:\/\/www.digi24.ro\/embed\/stiri\/actualitate\/politica\/galerie-foto-klaus-iohannis-inconjurat-de-copii-ei-vor-deveni-adultii-impliniti-de-care-societatea-noastra-are-atat-de-multa-nevoie-398254\">\n<p data-index=\"1\">\u00a0<img decoding=\"async\" src=\"https:\/\/analyse.optim.biz\/wp-content\/uploads\/2024\/09\/mzq0yjq0zjuznwq2ymy5nzlkzjeyngm4mwq2-thumb_.jpg\" data-skip-htmlfix=\"1\" title=\"mzq0yjq0zjuznwq2ymy5nzlkzjeyngm4mwq2-thumb_\"><\/p>\n<p data-index=\"2\"><img decoding=\"async\" src=\"https:\/\/analyse.optim.biz\/wp-content\/uploads\/2024\/09\/ztq1n2i5mjdiyjmzmmi5ymjlnzlkzgyyzgm4-thumb_.jpg\" data-skip-htmlfix=\"1\" title=\"ztq1n2i5mjdiyjmzmmi5ymjlnzlkzgyyzgm4-thumb_\"><\/p>\n<p data-index=\"3\">\u201e<span>Cu ocazia Zilei Interna\u021bionale a Copilului, Sala Unirii \u0219i Gr\u0103dina Palatului Cotroceni au fost pline de copii. Avem responsabilitatea de a le asigura o copil\u0103rie fericit\u0103 \u0219i un viitor mai bun copiilor din Rom\u00e2nia. Ei sunt cei care vor deveni tinerii cu idealuri \u00eenalte \u0219i, mai apoi, adul\u021bii \u00eemplini\u021bi de care societatea noastr\u0103 are at\u00e2t de mult\u0103 nevoie.<\/span><\/p>\n<p data-index=\"4\"><span><em><span>VIDEO Klaus Iohannis, \u00een mijlocul copiilor<\/span><\/em><\/span><\/p>\n<p data-index=\"5\">Felicit cu acest prilej oamenii inimo\u015fi de la Salva\u0163i Copiii Romania, organiza\u0163ie care, de 25 de ani, depune eforturi pentru ca drepturile copiilor s\u0103 fie respectate \u00een \u00eentregime \u015fi la noi \u00een \u0163ar\u0103. De asemenea, felicit Romfilatelia, pentru ini\u0163iativa de a marca aceast\u0103 zi printr-un eveniment filatelic.<\/p>\n<p data-index=\"6\">La mul\u0163i ani tuturor copiilor!\u201d, se arat\u0103 \u00een mesajul de pe pagina de Facebooka lui Klaus Iohannis.<\/p>\n<p data-index=\"7\"><img decoding=\"async\" src=\"https:\/\/analyse.optim.biz\/wp-content\/uploads\/2024\/09\/owy5mtrmzwnkowe5n2m1ymjhzwi5m2q2ytq0-thumb_.jpg\" data-skip-htmlfix=\"1\" title=\"owy5mtrmzwnkowe5n2m1ymjhzwi5m2q2ytq0-thumb_\"><\/p>\n<p data-index=\"8\"><img decoding=\"async\" src=\"https:\/\/analyse.optim.biz\/wp-content\/uploads\/2024\/09\/zdi4mgm3ndm2nzm0mgmyyta4yje4ntcymtq3-thumb_.jpg\" data-skip-htmlfix=\"1\" title=\"zdi4mgm3ndm2nzm0mgmyyta4yje4ntcymtq3-thumb_\"><\/p>\n<p data-index=\"9\"><img decoding=\"async\" src=\"https:\/\/analyse.optim.biz\/wp-content\/uploads\/2024\/09\/zjqyztzhmtayy2mxnzzjodu1ndy0nwewzdhi-thumb_.jpg\" data-skip-htmlfix=\"1\" title=\"zjqyztzhmtayy2mxnzzjodu1ndy0nwewzdhi-thumb_\"><\/p>\n<p data-index=\"10\"><strong>De altfel, tot ast\u0103zi, <a href=\"https:\/\/www.digi24.ro\/Stiri\/Digi24\/Actualitate\/Social\/Klaus+Iohannis+a+promulgat+legea+care+dubleaza+alocatiile+pentru\" data-skip-linkfix=\"1\">Klaus Iohannis a promulgat legea care dubleaz\u0103 aloca\u0163iile de stat pentru copii, de la 42 de lei la 84 de lei<\/a>.<\/strong><\/p>\n<p data-index=\"11\"><img decoding=\"async\" src=\"https:\/\/analyse.optim.biz\/wp-content\/uploads\/2024\/09\/ngi1zgmzmdrlmdaynzgzm2vmzdnhzdu5nzkz-thumb_.jpg\" data-skip-htmlfix=\"1\" title=\"ngi1zgmzmdrlmdaynzgzm2vmzdnhzdu5nzkz-thumb_\"><\/p>\n<p data-index=\"12\"><img decoding=\"async\" src=\"https:\/\/analyse.optim.biz\/wp-content\/uploads\/2024\/09\/ywewntdimji4ngvmzdezyjnizjy0odqynge5-thumb_.jpg\" data-skip-htmlfix=\"1\" title=\"ywewntdimji4ngvmzdezyjnizjy0odqynge5-thumb_\"><\/p>\n<p data-index=\"13\">Plenul Camerei Deputa\u021bilor a votat, pe 20 mai, dublarea aloca\u021biilor de stat pentru copii. Deputa\u0163ii au aprobat, cu unanimitate de voturi, majorarea aloca\u0163iei de stat pentru copii de la 42 la 84 de lei.<\/p>\n<p data-index=\"14\">Guvernul vrea s\u0103 schimbe modul de acordare a banilor, astfel c\u0103 valoarea aloca\u0163iei pentru copii ar putea fi diferit\u0103, \u00een func\u0163ie de veniturile fiec\u0103rei familii.<\/p>\n<p data-index=\"15\">Ministrul Muncii, Rovana Plumb, a declarat deja c\u0103 va cere Cur\u0163ii Constitu\u0163ionale un punct de vedere pe aceast\u0103 tem\u0103, urm\u00e2nd ca Executivul s\u0103 \u00eentrebe judec\u0103torii dac\u0103 aloca\u0163ia copiilor este drept universal sau diferen\u0163iat.\u00a0<\/p>\n<\/div>\n<p> Source URL: https:\/\/www.digi24.ro\/stiri\/actualitate\/politica\/galerie-foto-klaus-iohannis-inconjurat-de-copii-ei-vor-deveni-adultii-impliniti-de-care-societatea-noastra-are-atat-de-multa-nevoie-398254<\/p>\n","protected":false},"excerpt":{"rendered":"<p>\u00a0 \u201eCu ocazia Zilei Interna\u021bionale a Copilului, Sala Unirii \u0219i Gr\u0103dina Palatului Cotroceni au fost pline de copii. Avem responsabilitatea de a le asigura o copil\u0103rie fericit\u0103 \u0219i un viitor mai bun copiilor din Rom\u00e2nia. Ei sunt cei care vor deveni tinerii cu idealuri \u00eenalte \u0219i, mai apoi, adul\u021bii \u00eemplini\u021bi de care societatea noastr\u0103 are [&hellip;]<\/p>\n","protected":false},"author":1,"featured_media":180676,"comment_status":"open","ping_status":"","sticky":false,"template":"","format":"standard","meta":{"footnotes":""},"categories":[2],"tags":[11],"class_list":["post-180675","post","type-post","status-publish","format-standard","has-post-thumbnail","hentry","category-politics","tag-digi24"],"_links":{"self":[{"href":"https:\/\/analyse.optim.biz\/index.php?rest_route=\/wp\/v2\/posts\/180675","targetHints":{"allow":["GET"]}}],"collection":[{"href":"https:\/\/analyse.optim.biz\/index.php?rest_route=\/wp\/v2\/posts"}],"about":[{"href":"https:\/\/analyse.optim.biz\/index.php?rest_route=\/wp\/v2\/types\/post"}],"author":[{"embeddable":true,"href":"https:\/\/analyse.optim.biz\/index.php?rest_route=\/wp\/v2\/users\/1"}],"replies":[{"embeddable":true,"href":"https:\/\/analyse.optim.biz\/index.php?rest_route=%2Fwp%2Fv2%2Fcomments&post=180675"}],"version-history":[{"count":0,"href":"https:\/\/analyse.optim.biz\/index.php?rest_route=\/wp\/v2\/posts\/180675\/revisions"}],"wp:featuredmedia":[{"embeddable":true,"href":"https:\/\/analyse.optim.biz\/index.php?rest_route=\/wp\/v2\/media\/180676"}],"wp:attachment":[{"href":"https:\/\/analyse.optim.biz\/index.php?rest_route=%2Fwp%2Fv2%2Fmedia&parent=180675"}],"wp:term":[{"taxonomy":"category","embeddable":true,"href":"https:\/\/analyse.optim.biz\/index.php?rest_route=%2Fwp%2Fv2%2Fcategories&post=180675"},{"taxonomy":"post_tag","embeddable":true,"href":"https:\/\/analyse.optim.biz\/index.php?rest_route=%2Fwp%2Fv2%2Ftags&post=180675"}],"curies":[{"name":"wp","href":"https:\/\/api.w.org\/{rel}","templated":true}]}}