{"id":180663,"date":"2015-06-02T07:23:42","date_gmt":"2015-06-02T04:23:42","guid":{"rendered":"https:\/\/analyse.optim.biz\/?p=180663"},"modified":"2015-06-02T07:23:42","modified_gmt":"2015-06-02T04:23:42","slug":"dan-sova-scapa-a-doua-oara-de-arest","status":"publish","type":"post","link":"https:\/\/analyse.optim.biz\/?p=180663","title":{"rendered":"Dan \u015eova scap\u0103 a doua oar\u0103 de arest"},"content":{"rendered":"<div class=\"entry data-app-meta data-app-meta-article\" data-embed-base-url-canonical=\"https:\/\/www.digi24.ro\/embed\/stiri\/actualitate\/politica\/dan-sova-scapa-a-doua-oara-de-arest-398541\">\n<p data-index=\"1\"><img decoding=\"async\" src=\"https:\/\/analyse.optim.biz\/wp-content\/uploads\/2024\/09\/nzawzmqwzjiwmmi3m2jkytk5yjgyotk4nw-thumb_.jpg\" data-skip-htmlfix=\"1\" title=\"nzawzmqwzjiwmmi3m2jkytk5yjgyotk4nw-thumb_\"><\/p>\n<p data-index=\"2\"><span><em>Dan \u015eova: FOTO Mediafax<\/em><\/span><\/p>\n<p data-index=\"3\"><strong><strong><strong><strong>ACTUALIZARE 20.20.\u00a0<\/strong><\/strong><\/strong><\/strong>\u201eDan \u0218ova a f\u0103cut doar o scurt\u0103 declara\u021bie dup\u0103 votul Parlamentului: \u201eNu vreau s\u0103 calific votul Senatului. Vreau s\u0103 v\u0103 spun o singur\u0103 propozi\u021bie: \u00eemi doresc, a\u0219a cum am cerut \u0219i instan\u021bei supreme, s\u0103 trimit\u0103 dosarul \u00een instan\u021b\u0103 ca s\u0103 ne l\u0103murim, s\u0103 termin\u0103m cu toate discu\u021biile acestea politicianiste\u201d.<\/p>\n<p data-index=\"4\">Pre\u0219edintele Senatului, C\u0103lin Popescu T\u0103riceanu, a avut o reac\u021bie dur\u0103 la adresa liberalilor.<\/p>\n<p data-index=\"5\">\u201ePentru mine a fost o experien\u021b\u0103 interesant\u0103. Fiind \u00een sal\u0103, am v\u0103zut pu\u021bin mai bine configura\u021bia Senatului si a opiniilor. Sunt \u00een fa\u0163a unei constat\u0103ri amare. PNL a devenit un partid bol\u0219evic, pentru care drepturile \u0219i libert\u0103\u021bile individuale nu valoreaz\u0103 mare lucru, dar v\u0103d c\u0103 apreciaz\u0103 foarte mult c\u0103tu\u0219ele\u201d, a spus el.<\/p>\n<p data-index=\"6\"><strong><strong><strong><strong>ACTUALIZARE 19.32.\u00a0<\/strong><\/strong>Senatul a votat \u00eempotriva cererii DNA de arestare preventiv\u0103 a lui Dan \u0218ova. Au fost 66 de voturi pentru \u0219i 72 \u00eempotriva cererii.<\/strong><\/strong><\/p>\n<hr>\n<p data-index=\"7\"><strong><strong><br \/><\/strong><\/strong><\/p>\n<p data-index=\"8\"><strong><strong>ACTUALIZARE 19.15. A \u00eenceput votul\u00a0<span>\u00een cazul cererii DNA privind arestarea lui Dan \u015eova.<\/span><\/strong><\/strong><\/p>\n<p data-index=\"9\"><strong><strong>ACTUALIZARE 19.05. <\/strong><\/strong>Votul nu a \u00eenceput \u00eenc\u0103, din cauza unor dispute \u00eentre Putere \u0219i Opozi\u021bie. Liberalii cer s\u0103 fie luat \u00een considerare rezultatul primului vot \u0219i amenin\u021b\u0103 c\u0103 vor contesta un nou vot la Curtea Constitu\u021bional\u0103. Social-democra\u021bii, care s-au mobilizat pentru aceast\u0103 \u0219edin\u021b\u0103, vor \u00eens\u0103 ca votul asupra cererii DNA privind arestarea lui Dan \u0218ova s\u0103 fie reluat.<\/p>\n<p data-index=\"10\"><strong><strong><br \/><\/strong><\/strong><\/p>\n<p data-index=\"11\"><strong>ACTUALIZARE 14.05<\/strong>.\u00a0Votul \u00een cazul cererii privind arestarea lui Dan \u015eova va fi reluat. Decizia a fost luat\u0103 de conducerea Senatului.<\/p>\n<p data-index=\"12\">Ovidiu Don\u0163u, vicepre\u015fedintele Comisiei Juridice, a declarat c\u0103 pe ordinea de zi de ast\u0103zi se afl\u0103 mo\u0163iunea de cenzur\u0103 pe S\u0103n\u0103tate, fiind introdus ca punct suplimentar \u015fi cazul \u015eova.<\/p>\n<p data-index=\"13\">\u201e<span><strong>S-au introdus pe ordinea de zi luarea \u00een discu\u0163ie, dezbaterea \u015fi votul privind solicitarea ministrului Justi\u0163iei privind \u00eencuviin\u0163area re\u0163inerii \u015fi arest\u0103rii lui Dan \u015eova<\/strong>\u201d, a declarat Don\u0163u.<\/span><\/p>\n<p data-index=\"14\"><span><em>VIDEO Ovidiu Don\u0163u<\/em><\/span><\/p>\n<p data-index=\"15\"><strong>ACTUALIZARE 11.20.\u00a0<\/strong>Senatorii juri\u015fti nu au ajuns la un consens, a declarat pre\u015fedintele Comisiei Juridice a Senatului, C\u0103t\u0103lin Boboc.\u00a0<\/p>\n<p data-index=\"16\">Cererea PNL de a se \u00eencuviin\u0163a cererea DNA nu a trecut la vot. Au fost cinci voturi \u201epentru\u201d \u015fi cinci \u201e\u00eempotriv\u0103\u201d. Reprezentantul UDMR nu a venit la \u015fedin\u0163\u0103.<\/p>\n<p data-index=\"17\"><span><em>VIDEO C\u0103t\u0103lin Boboc<\/em><\/span><\/p>\n<p data-index=\"18\">\u201ePSD nu \u015ftie ce tertipuri s\u0103 mai g\u0103seasc\u0103 pentru a am\u00e2na. Trebuia s\u0103 prezent\u0103m plenului o chestiune simpl\u0103, ne f\u0103ceam treaba \u015fi r\u0103spundeam unei solicit\u0103ri\u201d, a declarat C\u0103t\u0103lin Boboc.\u00a0<\/p>\n<p data-index=\"19\">Biroul Permanent (BP) va decide ce se va \u00eent\u00e2mpla mai departe. Dac\u0103 acest caz se va pune pe ordinea de zi a BP, la ora 13.00, este posibil ca subiectul s\u0103 fie supus votului \u00een \u015fedin\u0163a de Plen de ast\u0103zi care va \u00eencepe la ora 16.00.<\/p>\n<hr>\n<p data-index=\"20\">Social-democra\u0163ii propun reluarea \u00eentregii proceduri, inclusiv votul, iar liberalii cer redactarea unei hot\u0103r\u00e2ri care s\u0103 constate admiterea cererii DNA de ridicare a imunit\u0103\u0163ii.<\/p>\n<p data-index=\"21\">Curtea Constitu\u0163ional\u0103 a f\u0103cut public\u0103, s\u0103pt\u0103m\u00e2na trecut\u0103, motivarea \u00een cazul<a href=\"https:\/\/www.digi24.ro\/Stiri\/Digi24\/Actualitate\/Justitie\/CCR+a+admis+sesizarea+PNL+in+cazul+lui+Dan+Sova+La+baza+votului+\" target=\"_blank\" data-skip-linkfix=\"1\" rel=\"noopener\"><strong>\u00a0deciziei din 6 mai\u00a0<\/strong><\/a>\u00een ceea ce prive\u015fte hot\u0103r\u00e2rea Senatului privind votul din 25 martie pe cererea de arestare a lui Dan \u0218ova.<\/p>\n<p data-index=\"22\">Judec\u0103torii CCR <a href=\"https:\/\/www.digi24.ro\/Stiri\/Digi24\/Actualitate\/Justitie\/Curtea+Constitutionala+a+publicat+motivarea+deciziei+in+cazul+lu\" target=\"_blank\" data-skip-linkfix=\"1\" rel=\"noopener\"><strong>puncteaz\u0103 \u00een motivare<\/strong><\/a>c\u0103\u00a0decizia ar fi trebuit s\u0103 fie luat\u0103 de majoritatea membrilor prezen\u021bi, nu cu majoritatea total\u0103 a membrilor Camerei.\u00a0<\/p>\n<p data-index=\"23\">\u201eA\u015fadar, se constat\u0103 c\u0103, potrivit dispozi\u0163iilor constitu\u0163ionale, \u00een condi\u0163iile respect\u0103rii cvorumului legal de \u015fedin\u0163\u0103,\u00a0regula care guverneaz\u0103 adoptarea hot\u0103r\u00e2rilor Parlamentului este \u00eentrunirea cvorumului decizional al majorit\u0103\u0163ii simple de voturi, respectiv jum\u0103tate plus unu din num\u0103rul senatorilor \u015fi\/sau deputa\u0163ilor prezen\u0163i la \u015fedin\u0163\u0103, excep\u0163iile de la aceast\u0103 regul\u0103 fiind expres prev\u0103zute de Legea fundamental\u0103.<\/p>\n<p data-index=\"24\">rezult\u0103 c\u0103 toate hot\u0103r\u00e2rile adoptate de Camera Deputa\u0163ilor sau de Senat, \u00een \u015fedin\u0163e separate, cu excep\u0163ia celor referitoare la regulamentele proprii de organizare \u015fi func\u0163ionare, urmeaz\u0103 regula stabilit\u0103 de dispozi\u0163iile art.76 alin.(2) din Constitu\u0163ie, respectiv se adopt\u0103 cu votul majorit\u0103\u0163ii membrilor prezen\u0163i \u00een fiecare Camer\u0103\u201d, a explicat CCR. \u00a0<\/p>\n<p data-index=\"25\">\u201eCurtea apreciaz\u0103 c\u0103 hot\u0103r\u00e2rea prin care Senatul r\u0103spunde cererii de \u00eencuviin\u0163are a re\u0163inerii sau arest\u0103rii unui membru al Camerei trebuie s\u0103 fie adoptat\u0103 cu respectarea dispozi\u0163iilor constitu\u0163ionale referitoare la cvorumul de adoptare, respectiv cu majoritatea membrilor prezen\u0163i la \u015fedin\u0163a plenului Senatului \u00een care se supune aprob\u0103rii cererea adresat\u0103 de Parchetul de pe l\u00e2ng\u0103 \u00cenalta Curte de Casa\u0163ie \u015fi Justi\u0163ie, prin intermediul ministrului justi\u0163iei\u201d, au concluzionat judec\u0103torii constitu\u0163ionali. \u00a0<span>DNA l-a pus pe Dan \u015eova sub urm\u0103rire penal\u0103 pentru trei fapte de complicitate la abuz \u00een serviciu. Procurorii spun c\u0103 \u00een perioada 2007-2008 firma de avocatur\u0103 \u201e\u015eova \u015fi Asocia\u0163ii\u201d a \u00eencheiat trei contracte de asisten\u0163\u0103 juridic\u0103 \u00een urma c\u0103rora complexurile Turceni \u015fi Rovinari au fost prejudiciate cu aproape 3,5 milioane de lei.\u00a0<\/span><\/p>\n<\/div>\n<p> Source URL: https:\/\/www.digi24.ro\/stiri\/actualitate\/politica\/dan-sova-scapa-a-doua-oara-de-arest-398541<\/p>\n","protected":false},"excerpt":{"rendered":"<p>Dan \u015eova: FOTO Mediafax ACTUALIZARE 20.20.\u00a0\u201eDan \u0218ova a f\u0103cut doar o scurt\u0103 declara\u021bie dup\u0103 votul Parlamentului: \u201eNu vreau s\u0103 calific votul Senatului. Vreau s\u0103 v\u0103 spun o singur\u0103 propozi\u021bie: \u00eemi doresc, a\u0219a cum am cerut \u0219i instan\u021bei supreme, s\u0103 trimit\u0103 dosarul \u00een instan\u021b\u0103 ca s\u0103 ne l\u0103murim, s\u0103 termin\u0103m cu toate discu\u021biile acestea politicianiste\u201d. Pre\u0219edintele [&hellip;]<\/p>\n","protected":false},"author":1,"featured_media":180664,"comment_status":"open","ping_status":"","sticky":false,"template":"","format":"standard","meta":{"footnotes":""},"categories":[2],"tags":[11],"class_list":["post-180663","post","type-post","status-publish","format-standard","has-post-thumbnail","hentry","category-politics","tag-digi24"],"_links":{"self":[{"href":"https:\/\/analyse.optim.biz\/index.php?rest_route=\/wp\/v2\/posts\/180663","targetHints":{"allow":["GET"]}}],"collection":[{"href":"https:\/\/analyse.optim.biz\/index.php?rest_route=\/wp\/v2\/posts"}],"about":[{"href":"https:\/\/analyse.optim.biz\/index.php?rest_route=\/wp\/v2\/types\/post"}],"author":[{"embeddable":true,"href":"https:\/\/analyse.optim.biz\/index.php?rest_route=\/wp\/v2\/users\/1"}],"replies":[{"embeddable":true,"href":"https:\/\/analyse.optim.biz\/index.php?rest_route=%2Fwp%2Fv2%2Fcomments&post=180663"}],"version-history":[{"count":0,"href":"https:\/\/analyse.optim.biz\/index.php?rest_route=\/wp\/v2\/posts\/180663\/revisions"}],"wp:featuredmedia":[{"embeddable":true,"href":"https:\/\/analyse.optim.biz\/index.php?rest_route=\/wp\/v2\/media\/180664"}],"wp:attachment":[{"href":"https:\/\/analyse.optim.biz\/index.php?rest_route=%2Fwp%2Fv2%2Fmedia&parent=180663"}],"wp:term":[{"taxonomy":"category","embeddable":true,"href":"https:\/\/analyse.optim.biz\/index.php?rest_route=%2Fwp%2Fv2%2Fcategories&post=180663"},{"taxonomy":"post_tag","embeddable":true,"href":"https:\/\/analyse.optim.biz\/index.php?rest_route=%2Fwp%2Fv2%2Ftags&post=180663"}],"curies":[{"name":"wp","href":"https:\/\/api.w.org\/{rel}","templated":true}]}}