{"id":180652,"date":"2015-06-02T10:43:28","date_gmt":"2015-06-02T07:43:28","guid":{"rendered":"https:\/\/analyse.optim.biz\/?p=180652"},"modified":"2015-06-02T10:43:28","modified_gmt":"2015-06-02T07:43:28","slug":"victor-ponta-ataca-justitia-din-nou-daca-liviu-dragnea-era-achitat-cred-ca-acum-judecatoarele-erau-si-arestate","status":"publish","type":"post","link":"https:\/\/analyse.optim.biz\/?p=180652","title":{"rendered":"Victor Ponta atac\u0103 Justi\u021bia din nou: Dac\u0103 Liviu Dragnea era achitat, cred c\u0103 acum judec\u0103toarele erau \u0219i arestate"},"content":{"rendered":"<div class=\"entry data-app-meta data-app-meta-article\" data-embed-base-url-canonical=\"https:\/\/www.digi24.ro\/embed\/stiri\/actualitate\/politica\/victor-ponta-ataca-justitia-din-nou-daca-liviu-dragnea-era-achitat-cred-ca-acum-judecatoarele-erau-si-arestate-398632\">\n<p data-index=\"1\"><strong>Victor Ponta<\/strong>, <a href=\"http:\/\/www.romaniatv.net\/victor-ponta-daca-liviu-dragnea-era-achitat-cred-ca-acum-judecatoarele-erau-arestate_223849.html\" target=\"_blank\" data-skip-linkfix=\"1\" rel=\"noopener\">la Rom\u00e2nia TV<\/a>: <strong>\u201e<em>V\u0103 da\u0163i seama c\u0103 judec\u0103toarele de la Dragnea, dac\u0103 cumva \u00eel achitau cred c\u0103 erau \u015fi arestate acum. Au dat \u015fi ele un an cu suspendare, dar pentru noi e un lucru nedrept pentru c\u0103 nu doar noi, ci \u015fi PNL a fost cu noi la suspendare. Sigur c\u0103 e o stare de nemul\u0163umire pentru c\u0103 e o nedreptate care ni se face<\/em>\u201d<\/strong>.<\/p>\n<p data-index=\"2\">Premierul consider\u0103 c\u0103 Justi\u0163ia are prea mult\u0103 putere \u00een Rom\u00e2nia.<\/p>\n<p data-index=\"3\"><strong>Victor Ponta<\/strong>, la Rom\u00e2nia TV: <strong>\u201e<em>Eu cred c\u0103 \u00een acest moment exist\u0103 o singur\u0103 putere, iar noi ceilal\u0163i &#8211; Parlament, Guvern, pre\u015fedinte &#8211; facem \u015fi noi ce putem<\/em>\u201d<\/strong>.<\/p>\n<p data-index=\"4\"><strong>Liviu Dragnea<\/strong> a fost condamnat \u00een dosarul Referendumului la un an de \u00eenchisoare cu suspendare pentru fraudarea votului de la consultarea popular\u0103 din 2012 privind demiterea pre\u015fedintelui Traian B\u0103sescu. Dup\u0103 ce a aflat sentin\u0163a, Liviu Dragnea a anun\u0163at c\u0103 se retrage din func\u0163ia de ministru al Dezvolt\u0103rii \u015fi din fruntea PSD.<\/p>\n<p data-index=\"5\"><strong>Liviu Dragnea<\/strong>, declara pe 27 mai: <strong>\u201eNu am de g\u00e2nd nici s\u0103 m\u0103 evapor, nici s\u0103 fug din partid. R\u0103m\u00e2n \u00een continuare la dispozi\u021bia partidului\u201d<\/strong>.<\/p>\n<p data-index=\"6\">Oficial,<strong><a href=\"https:\/\/www.digi24.ro\/Utile\/Search\/?q=liviu+dragnea\" data-skip-linkfix=\"1\"> Liviu Dragnea<\/a><\/strong> a renun\u0163at la func\u0163ia de pre\u015fedinte executiv al PSD. Victor Ponta a anun\u0163at, \u00eens\u0103, c\u0103 social-democratul va coordona \u015fi pe viitor partidul, pentru c\u0103 to\u0163i colegii \u00eel consider\u0103 nevinovat, de\u015fi a fost condamnat de instan\u0163\u0103.<\/p>\n<h5><span>Citi\u021bi \u0219i<\/span><\/h5>\n<h5><a href=\"https:\/\/www.digi24.ro\/Stiri\/Digi24\/Actualitate\/Politica\/Liviu+Dragnea+demisionar+cu+atributii+de+lider+Baronii+locali+fa\" data-skip-linkfix=\"1\"><span>Liviu Dragnea, demisionar cu atribu\u021bii de lider. Baronii locali fac scut \u00een jurul fostului num\u0103r doi din PSD<\/span><\/a><\/h5>\n<h5><span><a href=\"https:\/\/www.digi24.ro\/Stiri\/Digi24\/Actualitate\/Politica\/Sevil+Shhaideh+fina+lui+L+Dragnea+si+a+lui+N+Constantinescu+noul\" data-skip-linkfix=\"1\">Sevil Shhaideh, noul ministru al Dezvolt\u0103rii<\/a><\/span><\/h5>\n<h5><a href=\"https:\/\/www.digi24.ro\/Stiri\/Digi24\/Actualitate\/Politica\/C+T+Popescu+Dragnea+testeaza+face+ce+a+facut+Ceausescu+in+ultime\" data-skip-linkfix=\"1\"><span>C. T. Popescu: Dragnea testeaz\u0103, face ce a f\u0103cut Ceau\u0219escu \u00een ultimele sale zile<\/span><\/a><\/h5>\n<h5><a href=\"https:\/\/www.digi24.ro\/Stiri\/Digi24\/Actualitate\/Politica\/Liviu+Dragnea+dupa+condamnare+Fratele+meu+a+murit+din+cauza+dosa\" data-skip-linkfix=\"1\"><span>Liviu Dragnea, dup\u0103 condamnare: Fratele meu a murit din cauza dosarului \u201eReferendumul\u201d<\/span><\/a><\/h5>\n<h5><a href=\"https:\/\/www.digi24.ro\/Stiri\/Digi24\/Actualitate\/Politica\/C+T+Popescu+Sentinta+primita+de+Liviu+Dragnea+e+o+dojana\" data-skip-linkfix=\"1\"><span>C.T. Popescu: Sentin\u021ba primit\u0103 de Liviu Dragnea e \u201eo dojan\u0103\u201d<\/span><\/a><\/h5>\n<\/div>\n<p> Source URL: https:\/\/www.digi24.ro\/stiri\/actualitate\/politica\/victor-ponta-ataca-justitia-din-nou-daca-liviu-dragnea-era-achitat-cred-ca-acum-judecatoarele-erau-si-arestate-398632<\/p>\n","protected":false},"excerpt":{"rendered":"<p>Victor Ponta, la Rom\u00e2nia TV: \u201eV\u0103 da\u0163i seama c\u0103 judec\u0103toarele de la Dragnea, dac\u0103 cumva \u00eel achitau cred c\u0103 erau \u015fi arestate acum. Au dat \u015fi ele un an cu suspendare, dar pentru noi e un lucru nedrept pentru c\u0103 nu doar noi, ci \u015fi PNL a fost cu noi la suspendare. Sigur c\u0103 e [&hellip;]<\/p>\n","protected":false},"author":1,"featured_media":180653,"comment_status":"open","ping_status":"","sticky":false,"template":"","format":"standard","meta":{"footnotes":""},"categories":[2],"tags":[11],"class_list":["post-180652","post","type-post","status-publish","format-standard","has-post-thumbnail","hentry","category-politics","tag-digi24"],"_links":{"self":[{"href":"https:\/\/analyse.optim.biz\/index.php?rest_route=\/wp\/v2\/posts\/180652","targetHints":{"allow":["GET"]}}],"collection":[{"href":"https:\/\/analyse.optim.biz\/index.php?rest_route=\/wp\/v2\/posts"}],"about":[{"href":"https:\/\/analyse.optim.biz\/index.php?rest_route=\/wp\/v2\/types\/post"}],"author":[{"embeddable":true,"href":"https:\/\/analyse.optim.biz\/index.php?rest_route=\/wp\/v2\/users\/1"}],"replies":[{"embeddable":true,"href":"https:\/\/analyse.optim.biz\/index.php?rest_route=%2Fwp%2Fv2%2Fcomments&post=180652"}],"version-history":[{"count":0,"href":"https:\/\/analyse.optim.biz\/index.php?rest_route=\/wp\/v2\/posts\/180652\/revisions"}],"wp:featuredmedia":[{"embeddable":true,"href":"https:\/\/analyse.optim.biz\/index.php?rest_route=\/wp\/v2\/media\/180653"}],"wp:attachment":[{"href":"https:\/\/analyse.optim.biz\/index.php?rest_route=%2Fwp%2Fv2%2Fmedia&parent=180652"}],"wp:term":[{"taxonomy":"category","embeddable":true,"href":"https:\/\/analyse.optim.biz\/index.php?rest_route=%2Fwp%2Fv2%2Fcategories&post=180652"},{"taxonomy":"post_tag","embeddable":true,"href":"https:\/\/analyse.optim.biz\/index.php?rest_route=%2Fwp%2Fv2%2Ftags&post=180652"}],"curies":[{"name":"wp","href":"https:\/\/api.w.org\/{rel}","templated":true}]}}