{"id":1806471,"date":"2026-03-04T09:18:55","date_gmt":"2026-03-04T06:18:55","guid":{"rendered":"https:\/\/analyse.optim.biz\/?p=1806471"},"modified":"2026-03-04T09:18:55","modified_gmt":"2026-03-04T06:18:55","slug":"deputatul-petru-negrea-atrage-atentia-asupra-situatiei-dramatice-in-care-au-ajuns-crescatorii-de-suine-din","status":"publish","type":"post","link":"https:\/\/analyse.optim.biz\/?p=1806471","title":{"rendered":"Deputatul Petru Negrea atrage aten\u021bia asupra situa\u021biei dramatice \u00een care au ajuns cresc\u0103torii de suine din"},"content":{"rendered":"<p>[analyse_image type=&#8221;featured&#8221; src=&#8221;https:\/\/suceavalive.ro\/wp-content\/uploads\/2026\/03\/negrea-3.jpeghttps:\/\/suceavalive.ro\/wp-content\/uploads\/2026\/03\/negrea-3.jpeg&#8221;]<\/p>\n<article id=\"post-288385\" class=\"clearfix post-288385 post type-post status-publish format-standard has-post-thumbnail hentry category-politic category-slide\">\n<header id=\"cb-standard-featured\">\n<div id=\"cb-fis-wrap\" class=\"cb-entry-header cb-fis cb-style-standard\"><span class=\"cb-title-fi\"><\/p>\n<h1 class=\"entry-title cb-entry-title cb-single-title\">Deputatul Petru Negrea atrage aten\u021bia asupra situa\u021biei dramatice \u00een care au ajuns cresc\u0103torii de suine din Rom\u00e2nia<\/h1>\n<div class=\"cb-byline cb-font-header\">\n<div class=\"cb-date cb-byline-element\"><time datetime=\"2026-03-04\">4 martie 2026<\/time><\/div>\n<\/div>\n<p><\/span><\/div>\n<\/header>\n<section class=\"cb-entry-content entry-content clearfix\">\n<p><span>Deputatul AUR de Suceava\u00a0 Petru-Gabriel Negrea a atras aten\u021bia, de la tribuna parlamentului, asupra situa\u021biei dramatice \u00een care au ajuns cresc\u0103torii de suine din Rom\u00e2nia, care v\u00e2nd \u00een pierdere de peste 20 de s\u0103pt\u0103m\u00e2ni consecutive.<\/span><\/p>\n<blockquote>\n<p><span><strong><em>\u201e\u00cen loc ca statul rom\u00e2n s\u0103 intervin\u0103 pentru a stabiliza pia\u021ba \u0219i pentru a sprijini fermierii, asist\u0103m la o pasivitate total\u0103. Mai grav, Rom\u00e2nia accept\u0103 acorduri comerciale care pot lovi \u0219i mai puternic sectorul zootehnic rom\u00e2nesc\u201d, a declarat deputatul Petru-Gabriel Negrea.<\/em><\/strong><\/span><\/p>\n<\/blockquote>\n<p><span>Parlamentarul atrage aten\u021bia c\u0103, \u00een acest moment critic pentru fermierii rom\u00e2ni, acordul comercial dintre Uniunea European\u0103 \u0219i statele Mercosur risc\u0103 s\u0103 introduc\u0103 pe pia\u021ba european\u0103 volume suplimentare de carne provenit\u0103 din \u021b\u0103ri cu costuri de produc\u021bie mult mai sc\u0103zute, ceea ce va accentua presiunea asupra fermelor rom\u00e2ne\u0219ti.<\/span><\/p>\n<blockquote>\n<p><span><strong><em>\u201e\u00cen loc s\u0103 \u00ee\u0219i protejeze fermierii, statul rom\u00e2n \u00eei \u00eempinge spre faliment. Sectorul suin din Rom\u00e2nia este deja sl\u0103bit dup\u0103 ani de crize \u0219i dup\u0103 efectele pestei porcine africane, iar presiunea suplimentar\u0103 creat\u0103 de importuri ieftine poate accelera \u00eenchiderea fermelor\u201d, a subliniat deputatul AUR.<\/em><\/strong><\/span><\/p>\n<\/blockquote>\n<p><span>Petru-Gabriel Negrea a explicat c\u0103 problema nu este doar una economic\u0103, ci \u0219i una de siguran\u021b\u0103 na\u021bional\u0103, mai ales \u00een actualul context interna\u021bional.<\/span><\/p>\n<blockquote>\n<p><span><strong><em>\u201eTr\u0103im \u00eentr-un moment geopolitic extrem de tensionat. Conflictul dintre Israel \u0219i Iran a escaladat \u0219i produce deja efecte dramatice la nivel global, de la volatilitatea pie\u021belor p\u00e2n\u0103 la perturbarea lan\u021burilor comerciale. \u00centr-un astfel de context, dependen\u021ba masiv\u0103 de importuri alimentare devine o vulnerabilitate strategic\u0103. O \u021bar\u0103 care nu \u00ee\u0219i poate asigura produc\u021bia alimentar\u0103 de baz\u0103 \u00ee\u0219i reduce drastic capacitatea de reac\u021bie \u00een situa\u021bii de criz\u0103\u201d, a declarat deputatul.<\/em><\/strong><\/span><\/p>\n<\/blockquote>\n<p><span>Parlamentarul atrage aten\u021bia c\u0103 Rom\u00e2nia a ajuns s\u0103 importe aproximativ 70% din carnea de porc consumat\u0103, iar deficitul comercial din acest sector dep\u0103\u0219e\u0219te anual un miliard de euro.<\/span><\/p>\n<blockquote>\n<p><span><strong><em>\u201eRom\u00e2nia are poten\u021bial agricol, are fermieri cu experien\u021b\u0103 \u0219i are pia\u021b\u0103 intern\u0103. Ceea ce a lipsit p\u00e2n\u0103 acum a fost o strategie serioas\u0103 pentru reconstruc\u021bia zootehniei rom\u00e2ne\u0219ti. Dac\u0103 nu ac\u021bion\u0103m rapid pentru sprijinirea fermierilor \u0219i pentru refacerea efectivelor, risc\u0103m s\u0103 pierdem definitiv acest sector strategic\u201d, a avertizat deputatul Petru-Gabriel Negrea.<\/em><\/strong><\/span><\/p>\n<\/blockquote>\n<p><span>Deputatul AUR solicit\u0103 Guvernului Rom\u00e2niei s\u0103 trateze securitatea alimentar\u0103 ca pe o prioritate na\u021bional\u0103 \u0219i s\u0103 adopte m\u0103suri urgente pentru stabilizarea pie\u021bei \u0219i sprijinirea sectorului zootehnic.<\/span><\/p>\n<p>\u00a0<\/p>\n<p>\u00a0<\/p>\n<\/section>\n<footer class=\"article-footer\">\n<div class=\"cb-social-sharing cb-post-footer-block cb-beside clearfix\">\n<div class=\"cb-title-subtle\">Share On:<\/div>\n<div class=\"cb-twitter\"><a href=\"https:\/\/twitter.com\/share\" class=\"twitter-share-button\" data-dnt=\"true\" data-count=\"horizontal\">Tweet<\/a><\/div>\n<\/div>\n<div id=\"cb-previous-next-links\" class=\"cb-post-footer-block clearfix\">\n<div id=\"cb-previous-link\"><a href=\"https:\/\/suceavalive.ro\/muzeul-national-al-bucovinei-si-muzeul-national-al-taranului-roman-organizeaza-la-bucuresti-expozitia-traian-postolache-drumul-spre-lumina\/\" rel=\"prev\">Muzeul Na\u021bional al Bucovinei \u0219i Muzeul Na\u021bional al \u021a\u0103ranului Rom\u00e2n organizeaz\u0103 la Bucure\u0219ti expozi\u021bia \u201eTraian Postolache. Drumul spre lumin\u0103\u201d<\/a><\/div>\n<div id=\"cb-next-link\"><a href=\"https:\/\/suceavalive.ro\/oamenii-legii-au-descins-la-un-cunoscut-om-de-afaceri-din-comuna-vama-s-au-confiscat-peste-400-mc-de-lemn-fara-acte\/\" rel=\"next\">Oamenii legii au descins la un cunoscut om de afaceri din comuna Vama. S-au confiscat peste 400 mc de lemn f\u0103r\u0103 acte<\/a><\/div>\n<\/div>\n<div id=\"cb-author-box\" class=\"clearfix\">\n<h3 class=\"cb-block-title\">Despre autor<\/h3>\n<div class=\"cb-meta\">\n<div class=\"cb-info\">\n<div class=\"cb-author-title vcard\"><a href=\"https:\/\/suceavalive.ro\/author\/suceavalive\/\"><span class=\"fn\">SuceavaLive<\/span><\/a><\/div>\n<\/div>\n<\/div>\n<\/div>\n<div id=\"cb-related-posts\" class=\"cb-related-posts-block cb-post-end-block clearfix\">\n<h3 class=\"cb-block-title\">Postari asemanatoare<\/h3>\n<ul>\n<li class=\"cb-style-overlay cb-grid-entry cb-related-post no-1\">\n<div class=\"cb-meta cb-article-meta\">\n<h4 class=\"h3 cb-post-title\"><a href=\"https:\/\/suceavalive.ro\/stiati-ca-muzeul-arta-lemnului-din-campulung-moldovenesc-este-unic-in-romania\/\">\u0218tia\u021bi c\u0103 Muzeul Arta Lemnului din C\u00e2mpulung Moldovenesc este unic \u00een Rom\u00e2nia?<\/a><\/h4>\n<div class=\"cb-byline cb-font-header\">\n<div class=\"cb-date cb-byline-element\"><time datetime=\"2026-03-04\">4 martie 2026<\/time><\/div>\n<\/div>\n<\/div>\n<\/li>\n<li class=\"cb-style-overlay cb-grid-entry cb-related-post no-2\">\n<div class=\"cb-meta cb-article-meta\">\n<h4 class=\"h3 cb-post-title\"><a href=\"https:\/\/suceavalive.ro\/gabriela-prelipcean-preia-conducerea-universitatii-stefan-cel-mare-din-suceava\/\">Gabriela Prelipcean preia conducerea Universit\u0103\u021bii \u201e\u0218tefan cel Mare\u201d din Suceava<\/a><\/h4>\n<div class=\"cb-byline cb-font-header\">\n<div class=\"cb-date cb-byline-element\"><time datetime=\"2026-03-04\">4 martie 2026<\/time><\/div>\n<\/div>\n<\/div>\n<\/li>\n<\/ul>\n<\/div>\n<\/footer>\n<div id=\"respond\" class=\"comment-respond\">\n<h3 id=\"reply-title\" class=\"comment-reply-title\">Lasa un raspuns <small><a rel=\"nofollow\" id=\"cancel-comment-reply-link\" href=\"https:\/\/suceavalive.ro\/deputatul-petru-negrea-atrage-atentia-asupra-situatiei-dramatice-in-care-au-ajuns-crescatorii-de-suine-din-romania\/#respond\">Anuleaza raspunsul<\/a><\/small><\/h3>\n<p class=\"comment-notes\">Adresa ta de email nu va fi publicat\u0103.<\/p>\n<\/div>\n<\/article>\n<section class=\"cb-entry-content entry-content clearfix\">\n<p><span>Deputatul AUR de Suceava\u00a0 Petru-Gabriel Negrea a atras aten\u021bia, de la tribuna parlamentului, asupra situa\u021biei dramatice \u00een care au ajuns cresc\u0103torii de suine din Rom\u00e2nia, care v\u00e2nd \u00een pierdere de peste 20 de s\u0103pt\u0103m\u00e2ni consecutive.<\/span><\/p>\n<blockquote>\n<p><span><strong><em>\u201e\u00cen loc ca statul rom\u00e2n s\u0103 intervin\u0103 pentru a stabiliza pia\u021ba \u0219i pentru a sprijini fermierii, asist\u0103m la o pasivitate total\u0103. Mai grav, Rom\u00e2nia accept\u0103 acorduri comerciale care pot lovi \u0219i mai puternic sectorul zootehnic rom\u00e2nesc\u201d, a declarat deputatul Petru-Gabriel Negrea.<\/em><\/strong><\/span><\/p>\n<\/blockquote>\n<p><span>Parlamentarul atrage aten\u021bia c\u0103, \u00een acest moment critic pentru fermierii rom\u00e2ni, acordul comercial dintre Uniunea European\u0103 \u0219i statele Mercosur risc\u0103 s\u0103 introduc\u0103 pe pia\u021ba european\u0103 volume suplimentare de carne provenit\u0103 din \u021b\u0103ri cu costuri de produc\u021bie mult mai sc\u0103zute, ceea ce va accentua presiunea asupra fermelor rom\u00e2ne\u0219ti.<\/span><\/p>\n<blockquote>\n<p><span><strong><em>\u201e\u00cen loc s\u0103 \u00ee\u0219i protejeze fermierii, statul rom\u00e2n \u00eei \u00eempinge spre faliment. Sectorul suin din Rom\u00e2nia este deja sl\u0103bit dup\u0103 ani de crize \u0219i dup\u0103 efectele pestei porcine africane, iar presiunea suplimentar\u0103 creat\u0103 de importuri ieftine poate accelera \u00eenchiderea fermelor\u201d, a subliniat deputatul AUR.<\/em><\/strong><\/span><\/p>\n<\/blockquote>\n<p><span>Petru-Gabriel Negrea a explicat c\u0103 problema nu este doar una economic\u0103, ci \u0219i una de siguran\u021b\u0103 na\u021bional\u0103, mai ales \u00een actualul context interna\u021bional.<\/span><\/p>\n<blockquote>\n<p><span><strong><em>\u201eTr\u0103im \u00eentr-un moment geopolitic extrem de tensionat. Conflictul dintre Israel \u0219i Iran a escaladat \u0219i produce deja efecte dramatice la nivel global, de la volatilitatea pie\u021belor p\u00e2n\u0103 la perturbarea lan\u021burilor comerciale. \u00centr-un astfel de context, dependen\u021ba masiv\u0103 de importuri alimentare devine o vulnerabilitate strategic\u0103. O \u021bar\u0103 care nu \u00ee\u0219i poate asigura produc\u021bia alimentar\u0103 de baz\u0103 \u00ee\u0219i reduce drastic capacitatea de reac\u021bie \u00een situa\u021bii de criz\u0103\u201d, a declarat deputatul.<\/em><\/strong><\/span><\/p>\n<\/blockquote>\n<p><span>Parlamentarul atrage aten\u021bia c\u0103 Rom\u00e2nia a ajuns s\u0103 importe aproximativ 70% din carnea de porc consumat\u0103, iar deficitul comercial din acest sector dep\u0103\u0219e\u0219te anual un miliard de euro.<\/span><\/p>\n<blockquote>\n<p><span><strong><em>\u201eRom\u00e2nia are poten\u021bial agricol, are fermieri cu experien\u021b\u0103 \u0219i are pia\u021b\u0103 intern\u0103. Ceea ce a lipsit p\u00e2n\u0103 acum a fost o strategie serioas\u0103 pentru reconstruc\u021bia zootehniei rom\u00e2ne\u0219ti. Dac\u0103 nu ac\u021bion\u0103m rapid pentru sprijinirea fermierilor \u0219i pentru refacerea efectivelor, risc\u0103m s\u0103 pierdem definitiv acest sector strategic\u201d, a avertizat deputatul Petru-Gabriel Negrea.<\/em><\/strong><\/span><\/p>\n<\/blockquote>\n<p><span>Deputatul AUR solicit\u0103 Guvernului Rom\u00e2niei s\u0103 trateze securitatea alimentar\u0103 ca pe o prioritate na\u021bional\u0103 \u0219i s\u0103 adopte m\u0103suri urgente pentru stabilizarea pie\u021bei \u0219i sprijinirea sectorului zootehnic.<\/span><\/p>\n<p>\u00a0<\/p>\n<p>\u00a0<\/p>\n<\/section>\n<section class=\"cb-entry-content entry-content clearfix\">\n<p><span>Deputatul AUR de Suceava\u00a0 Petru-Gabriel Negrea a atras aten\u021bia, de la tribuna parlamentului, asupra situa\u021biei dramatice \u00een care au ajuns cresc\u0103torii de suine din Rom\u00e2nia, care v\u00e2nd \u00een pierdere de peste 20 de s\u0103pt\u0103m\u00e2ni consecutive.<\/span><\/p>\n<blockquote>\n<p><span><strong><em>\u201e\u00cen loc ca statul rom\u00e2n s\u0103 intervin\u0103 pentru a stabiliza pia\u021ba \u0219i pentru a sprijini fermierii, asist\u0103m la o pasivitate total\u0103. Mai grav, Rom\u00e2nia accept\u0103 acorduri comerciale care pot lovi \u0219i mai puternic sectorul zootehnic rom\u00e2nesc\u201d, a declarat deputatul Petru-Gabriel Negrea.<\/em><\/strong><\/span><\/p>\n<\/blockquote>\n<p><span>Parlamentarul atrage aten\u021bia c\u0103, \u00een acest moment critic pentru fermierii rom\u00e2ni, acordul comercial dintre Uniunea European\u0103 \u0219i statele Mercosur risc\u0103 s\u0103 introduc\u0103 pe pia\u021ba european\u0103 volume suplimentare de carne provenit\u0103 din \u021b\u0103ri cu costuri de produc\u021bie mult mai sc\u0103zute, ceea ce va accentua presiunea asupra fermelor rom\u00e2ne\u0219ti.<\/span><\/p>\n<blockquote>\n<p><span><strong><em>\u201e\u00cen loc s\u0103 \u00ee\u0219i protejeze fermierii, statul rom\u00e2n \u00eei \u00eempinge spre faliment. Sectorul suin din Rom\u00e2nia este deja sl\u0103bit dup\u0103 ani de crize \u0219i dup\u0103 efectele pestei porcine africane, iar presiunea suplimentar\u0103 creat\u0103 de importuri ieftine poate accelera \u00eenchiderea fermelor\u201d, a subliniat deputatul AUR.<\/em><\/strong><\/span><\/p>\n<\/blockquote>\n<p><span>Petru-Gabriel Negrea a explicat c\u0103 problema nu este doar una economic\u0103, ci \u0219i una de siguran\u021b\u0103 na\u021bional\u0103, mai ales \u00een actualul context interna\u021bional.<\/span><\/p>\n<blockquote>\n<p><span><strong><em>\u201eTr\u0103im \u00eentr-un moment geopolitic extrem de tensionat. Conflictul dintre Israel \u0219i Iran a escaladat \u0219i produce deja efecte dramatice la nivel global, de la volatilitatea pie\u021belor p\u00e2n\u0103 la perturbarea lan\u021burilor comerciale. \u00centr-un astfel de context, dependen\u021ba masiv\u0103 de importuri alimentare devine o vulnerabilitate strategic\u0103. O \u021bar\u0103 care nu \u00ee\u0219i poate asigura produc\u021bia alimentar\u0103 de baz\u0103 \u00ee\u0219i reduce drastic capacitatea de reac\u021bie \u00een situa\u021bii de criz\u0103\u201d, a declarat deputatul.<\/em><\/strong><\/span><\/p>\n<\/blockquote>\n<p><span>Parlamentarul atrage aten\u021bia c\u0103 Rom\u00e2nia a ajuns s\u0103 importe aproximativ 70% din carnea de porc consumat\u0103, iar deficitul comercial din acest sector dep\u0103\u0219e\u0219te anual un miliard de euro.<\/span><\/p>\n<blockquote>\n<p><span><strong><em>\u201eRom\u00e2nia are poten\u021bial agricol, are fermieri cu experien\u021b\u0103 \u0219i are pia\u021b\u0103 intern\u0103. Ceea ce a lipsit p\u00e2n\u0103 acum a fost o strategie serioas\u0103 pentru reconstruc\u021bia zootehniei rom\u00e2ne\u0219ti. Dac\u0103 nu ac\u021bion\u0103m rapid pentru sprijinirea fermierilor \u0219i pentru refacerea efectivelor, risc\u0103m s\u0103 pierdem definitiv acest sector strategic\u201d, a avertizat deputatul Petru-Gabriel Negrea.<\/em><\/strong><\/span><\/p>\n<\/blockquote>\n<p><span>Deputatul AUR solicit\u0103 Guvernului Rom\u00e2niei s\u0103 trateze securitatea alimentar\u0103 ca pe o prioritate na\u021bional\u0103 \u0219i s\u0103 adopte m\u0103suri urgente pentru stabilizarea pie\u021bei \u0219i sprijinirea sectorului zootehnic.<\/span><\/p>\n<p>\u00a0<\/p>\n<p>\u00a0<\/p>\n<\/section>\n<p>[analyse_source url=&#8221;https:\/\/suceavalive.ro\/deputatul-petru-negrea-atrage-atentia-asupra-situatiei-dramatice-in-care-au-ajuns-crescatorii-de-suine-din-romania\/&#8221;]<\/p>\n","protected":false},"excerpt":{"rendered":"<p>[analyse_image type=&#8221;featured&#8221; src=&#8221;https:\/\/suceavalive.ro\/wp-content\/uploads\/2026\/03\/negrea-3.jpeghttps:\/\/suceavalive.ro\/wp-content\/uploads\/2026\/03\/negrea-3.jpeg&#8221;] Deputatul Petru Negrea atrage aten\u021bia asupra situa\u021biei dramatice \u00een care au ajuns cresc\u0103torii de suine din Rom\u00e2nia 4 martie 2026 Deputatul AUR de Suceava\u00a0 Petru-Gabriel Negrea a atras aten\u021bia, de la tribuna parlamentului, asupra situa\u021biei dramatice \u00een care au ajuns cresc\u0103torii de suine din Rom\u00e2nia, care v\u00e2nd \u00een pierdere de peste 20 [&hellip;]<\/p>\n","protected":false},"author":1,"featured_media":0,"comment_status":"open","ping_status":"","sticky":false,"template":"","format":"standard","meta":{"footnotes":""},"categories":[89],"tags":[226,173],"class_list":["post-1806471","post","type-post","status-publish","format-standard","hentry","category-romania","tag-crawlmanager","tag-suceavalive-ro"],"_links":{"self":[{"href":"https:\/\/analyse.optim.biz\/index.php?rest_route=\/wp\/v2\/posts\/1806471","targetHints":{"allow":["GET"]}}],"collection":[{"href":"https:\/\/analyse.optim.biz\/index.php?rest_route=\/wp\/v2\/posts"}],"about":[{"href":"https:\/\/analyse.optim.biz\/index.php?rest_route=\/wp\/v2\/types\/post"}],"author":[{"embeddable":true,"href":"https:\/\/analyse.optim.biz\/index.php?rest_route=\/wp\/v2\/users\/1"}],"replies":[{"embeddable":true,"href":"https:\/\/analyse.optim.biz\/index.php?rest_route=%2Fwp%2Fv2%2Fcomments&post=1806471"}],"version-history":[{"count":0,"href":"https:\/\/analyse.optim.biz\/index.php?rest_route=\/wp\/v2\/posts\/1806471\/revisions"}],"wp:attachment":[{"href":"https:\/\/analyse.optim.biz\/index.php?rest_route=%2Fwp%2Fv2%2Fmedia&parent=1806471"}],"wp:term":[{"taxonomy":"category","embeddable":true,"href":"https:\/\/analyse.optim.biz\/index.php?rest_route=%2Fwp%2Fv2%2Fcategories&post=1806471"},{"taxonomy":"post_tag","embeddable":true,"href":"https:\/\/analyse.optim.biz\/index.php?rest_route=%2Fwp%2Fv2%2Ftags&post=1806471"}],"curies":[{"name":"wp","href":"https:\/\/api.w.org\/{rel}","templated":true}]}}