{"id":1806468,"date":"2026-03-04T07:00:17","date_gmt":"2026-03-04T04:00:17","guid":{"rendered":"https:\/\/analyse.optim.biz\/?p=1806468"},"modified":"2026-03-04T07:00:17","modified_gmt":"2026-03-04T04:00:17","slug":"deputatul-ioan-balan-si-dumitru-mihalescul-vizita-de-lucru-la-vicovu-de-sus-vasile-iliut-este-unul-dintre","status":"publish","type":"post","link":"https:\/\/analyse.optim.biz\/?p=1806468","title":{"rendered":"Deputatul Ioan Balan \u0219i Dumitru Mihalescul, vizit\u0103 de lucru la Vicovu de Sus: \u201eVasile Iliu\u021b este unul dintre"},"content":{"rendered":"<p>[analyse_image type=&#8221;featured&#8221; src=&#8221;https:\/\/suceavalive.ro\/wp-content\/uploads\/2026\/03\/balan-iliut-mihalescul.jpghttps:\/\/suceavalive.ro\/wp-content\/uploads\/2026\/03\/balan-iliut-mihalescul.jpg&#8221;]<\/p>\n<article id=\"post-288373\" class=\"clearfix post-288373 post type-post status-publish format-standard has-post-thumbnail hentry category-politic category-slide\">\n<header id=\"cb-standard-featured\">\n<div id=\"cb-fis-wrap\" class=\"cb-entry-header cb-fis cb-style-standard\"><span class=\"cb-title-fi\"><\/p>\n<h1 class=\"entry-title cb-entry-title cb-single-title\">Deputatul Ioan Balan \u0219i Dumitru Mihalescul, vizit\u0103 de lucru la Vicovu de Sus: \u201eVasile Iliu\u021b este unul dintre cei mai activi primari liberali din jude\u021b\u201d<\/h1>\n<div class=\"cb-byline cb-font-header\">\n<div class=\"cb-date cb-byline-element\"><time datetime=\"2026-03-04\">4 martie 2026<\/time><\/div>\n<\/div>\n<p><\/span><\/div>\n<\/header>\n<section class=\"cb-entry-content entry-content clearfix\">\n<div class=\"xdj266r x14z9mp xat24cr x1lziwak x1vvkbs x126k92a\">\n<div dir=\"auto\"><span>La ini\u021biativa pre\u0219edintei PNL Suceava, Angelica F\u0103dor, conducerea jude\u021bean\u0103 a demarat o serie de vizite de lucru la primarii liberali din teritoriu. Prima dintre acestea a avut loc mar\u021bi, 3 martie, la Vicovu de Sus, unde deputatul Ioan Balan \u0219i Dumitru Mihalescul, coordonator al organiza\u021biilor PNL din zona R\u0103d\u0103u\u021bi \u2013 Marginea \u2013 Vicovu de Sus, s-au \u00eent\u00e2lnit cu primarul liberal Vasile Iliu\u021b. Discu\u021biile au acoperit at\u00e2t aspecte administrative, c\u00e2t \u0219i politice.<\/span><\/div>\n<\/div>\n<div class=\"x14z9mp xat24cr x1lziwak x1vvkbs xtlvy1s x126k92a\">\n<blockquote>\n<div dir=\"auto\"><span><strong><em>\u201eVasile Iliu\u021b este unul dintre cei mai activi primari liberali din jude\u021bul Suceava, un edil care a transformat Vicovu de Sus dintr-un ora\u0219 cu infrastructur\u0103 precar\u0103 \u00eentr-o localitate cu un portofoliu de investi\u021bii de aproape 200 de milioane de euro, dintre care peste 130 de milioane se aflau deja \u00een implementare \u00een 2025. Localitatea este recunoscut\u0103 ca unul dintre cei mai mari absorbitori de fonduri europene din regiunea Nord-Est, cu investi\u021bii care acoper\u0103 practic toate domeniile: re\u021bele de utilit\u0103\u021bi, infrastructur\u0103 rutier\u0103, educa\u021bie, sport \u0219i mobilitate urban\u0103, plus un viitor centru ambulatoriu care va deservi un bazin de peste 70.000 de locuitori.<\/em><\/strong><\/span><\/div>\n<\/blockquote>\n<\/div>\n<div class=\"x14z9mp xat24cr x1lziwak x1vvkbs xtlvy1s x126k92a\">\n<blockquote>\n<div dir=\"auto\"><span><strong><em>PNL Suceava pre\u021buie\u0219te astfel de primari, pentru c\u0103 ei demonstreaz\u0103 zilnic c\u0103 administra\u021bia liberal\u0103 \u00eenseamn\u0103 mai mult dec\u00e2t promisiuni electorale\u201d, a precizat deputatul PNL de Suceava, Ioan Balan.<\/em><\/strong><\/span><\/div>\n<\/blockquote>\n<\/div>\n<div class=\"x14z9mp xat24cr x1lziwak x1vvkbs xtlvy1s x126k92a\">\n<div dir=\"auto\"><span>Obiectivul acestor \u00eent\u00e2lniri este simplu: conducerea jude\u021bean\u0103 vrea s\u0103 fie c\u00e2t mai aproape de administra\u021biile locale, s\u0103 cunoasc\u0103 nevoile reale din teren \u0219i s\u0103 sprijine rezolvarea situa\u021biilor care necesit\u0103 interven\u021bie la nivel jude\u021bean sau central. <\/span><\/div>\n<blockquote>\n<div dir=\"auto\"><strong><em><span>\u201eEste angajamentul pe care PNL l-a onorat \u00eentotdeauna fa\u021b\u0103 de comunit\u0103\u021bile pe care le conduce\u201d, a conchis Balan.<\/span><\/em><\/strong><\/div>\n<\/blockquote>\n<\/div>\n<\/section>\n<footer class=\"article-footer\">\n<div class=\"cb-social-sharing cb-post-footer-block cb-beside clearfix\">\n<div class=\"cb-title-subtle\">Share On:<\/div>\n<div class=\"cb-twitter\"><a href=\"https:\/\/twitter.com\/share\" class=\"twitter-share-button\" data-dnt=\"true\" data-count=\"horizontal\">Tweet<\/a><\/div>\n<\/div>\n<div id=\"cb-previous-next-links\" class=\"cb-post-footer-block clearfix\">\n<div id=\"cb-previous-link\"><a href=\"https:\/\/suceavalive.ro\/mihai-craciun-anunta-ca-7-500-de-suceveni-au-semnat-pana-acum-pentru-demiterea-primarului-si-consiliului-local-suceava-nu-mai-este-mult\/\" rel=\"prev\">Mihai Cr\u0103ciun anun\u021b\u0103 c\u0103 7.500 de suceveni au semnat p\u00e2n\u0103 acum pentru demiterea primarului \u0219i Consiliului Local Suceava: \u201eNu mai este mult!\u201d<\/a><\/div>\n<div id=\"cb-next-link\"><a href=\"https:\/\/suceavalive.ro\/negocieri-la-sange-intre-pnl-si-psd-pe-tema-bugetului-liderii-coalitiei-se-intalnesc-miercuri-pentru-discutii\/\" rel=\"next\">Negocieri la s\u00e2nge \u00eentre PNL \u015fi PSD pe tema bugetului. Liderii Coali\u0163iei se \u00eent\u00e2lnesc miercuri pentru discu\u0163ii<\/a><\/div>\n<\/div>\n<div id=\"cb-author-box\" class=\"clearfix\">\n<h3 class=\"cb-block-title\">Despre autor<\/h3>\n<div class=\"cb-meta\">\n<div class=\"cb-info\">\n<div class=\"cb-author-title vcard\"><a href=\"https:\/\/suceavalive.ro\/author\/suceavalive\/\"><span class=\"fn\">SuceavaLive<\/span><\/a><\/div>\n<\/div>\n<\/div>\n<\/div>\n<div id=\"cb-related-posts\" class=\"cb-related-posts-block cb-post-end-block clearfix\">\n<h3 class=\"cb-block-title\">Postari asemanatoare<\/h3>\n<ul>\n<li class=\"cb-style-overlay cb-grid-entry cb-related-post no-1\">\n<div class=\"cb-meta cb-article-meta\">\n<h4 class=\"h3 cb-post-title\"><a href=\"https:\/\/suceavalive.ro\/stiati-ca-muzeul-arta-lemnului-din-campulung-moldovenesc-este-unic-in-romania\/\">\u0218tia\u021bi c\u0103 Muzeul Arta Lemnului din C\u00e2mpulung Moldovenesc este unic \u00een Rom\u00e2nia?<\/a><\/h4>\n<div class=\"cb-byline cb-font-header\">\n<div class=\"cb-date cb-byline-element\"><time datetime=\"2026-03-04\">4 martie 2026<\/time><\/div>\n<\/div>\n<\/div>\n<\/li>\n<li class=\"cb-style-overlay cb-grid-entry cb-related-post no-2\">\n<div class=\"cb-meta cb-article-meta\">\n<h4 class=\"h3 cb-post-title\"><a href=\"https:\/\/suceavalive.ro\/gabriela-prelipcean-preia-conducerea-universitatii-stefan-cel-mare-din-suceava\/\">Gabriela Prelipcean preia conducerea Universit\u0103\u021bii \u201e\u0218tefan cel Mare\u201d din Suceava<\/a><\/h4>\n<div class=\"cb-byline cb-font-header\">\n<div class=\"cb-date cb-byline-element\"><time datetime=\"2026-03-04\">4 martie 2026<\/time><\/div>\n<\/div>\n<\/div>\n<\/li>\n<\/ul>\n<\/div>\n<\/footer>\n<div id=\"respond\" class=\"comment-respond\">\n<h3 id=\"reply-title\" class=\"comment-reply-title\">Lasa un raspuns <small><a rel=\"nofollow\" id=\"cancel-comment-reply-link\" href=\"https:\/\/suceavalive.ro\/deputatul-ioan-balan-si-dumitru-mihalescul-vizita-de-lucru-la-vicovu-de-sus-vasile-iliut-este-unul-dintre-cei-mai-activi-primari-liberali-din-judet\/#respond\">Anuleaza raspunsul<\/a><\/small><\/h3>\n<p class=\"comment-notes\">Adresa ta de email nu va fi publicat\u0103.<\/p>\n<\/div>\n<\/article>\n<section class=\"cb-entry-content entry-content clearfix\">\n<div class=\"xdj266r x14z9mp xat24cr x1lziwak x1vvkbs x126k92a\">\n<div dir=\"auto\"><span>La ini\u021biativa pre\u0219edintei PNL Suceava, Angelica F\u0103dor, conducerea jude\u021bean\u0103 a demarat o serie de vizite de lucru la primarii liberali din teritoriu. Prima dintre acestea a avut loc mar\u021bi, 3 martie, la Vicovu de Sus, unde deputatul Ioan Balan \u0219i Dumitru Mihalescul, coordonator al organiza\u021biilor PNL din zona R\u0103d\u0103u\u021bi \u2013 Marginea \u2013 Vicovu de Sus, s-au \u00eent\u00e2lnit cu primarul liberal Vasile Iliu\u021b. Discu\u021biile au acoperit at\u00e2t aspecte administrative, c\u00e2t \u0219i politice.<\/span><\/div>\n<\/div>\n<div class=\"x14z9mp xat24cr x1lziwak x1vvkbs xtlvy1s x126k92a\">\n<blockquote>\n<div dir=\"auto\"><span><strong><em>\u201eVasile Iliu\u021b este unul dintre cei mai activi primari liberali din jude\u021bul Suceava, un edil care a transformat Vicovu de Sus dintr-un ora\u0219 cu infrastructur\u0103 precar\u0103 \u00eentr-o localitate cu un portofoliu de investi\u021bii de aproape 200 de milioane de euro, dintre care peste 130 de milioane se aflau deja \u00een implementare \u00een 2025. Localitatea este recunoscut\u0103 ca unul dintre cei mai mari absorbitori de fonduri europene din regiunea Nord-Est, cu investi\u021bii care acoper\u0103 practic toate domeniile: re\u021bele de utilit\u0103\u021bi, infrastructur\u0103 rutier\u0103, educa\u021bie, sport \u0219i mobilitate urban\u0103, plus un viitor centru ambulatoriu care va deservi un bazin de peste 70.000 de locuitori.<\/em><\/strong><\/span><\/div>\n<\/blockquote>\n<\/div>\n<div class=\"x14z9mp xat24cr x1lziwak x1vvkbs xtlvy1s x126k92a\">\n<blockquote>\n<div dir=\"auto\"><span><strong><em>PNL Suceava pre\u021buie\u0219te astfel de primari, pentru c\u0103 ei demonstreaz\u0103 zilnic c\u0103 administra\u021bia liberal\u0103 \u00eenseamn\u0103 mai mult dec\u00e2t promisiuni electorale\u201d, a precizat deputatul PNL de Suceava, Ioan Balan.<\/em><\/strong><\/span><\/div>\n<\/blockquote>\n<\/div>\n<div class=\"x14z9mp xat24cr x1lziwak x1vvkbs xtlvy1s x126k92a\">\n<div dir=\"auto\"><span>Obiectivul acestor \u00eent\u00e2lniri este simplu: conducerea jude\u021bean\u0103 vrea s\u0103 fie c\u00e2t mai aproape de administra\u021biile locale, s\u0103 cunoasc\u0103 nevoile reale din teren \u0219i s\u0103 sprijine rezolvarea situa\u021biilor care necesit\u0103 interven\u021bie la nivel jude\u021bean sau central. <\/span><\/div>\n<blockquote>\n<div dir=\"auto\"><strong><em><span>\u201eEste angajamentul pe care PNL l-a onorat \u00eentotdeauna fa\u021b\u0103 de comunit\u0103\u021bile pe care le conduce\u201d, a conchis Balan.<\/span><\/em><\/strong><\/div>\n<\/blockquote>\n<\/div>\n<\/section>\n<section class=\"cb-entry-content entry-content clearfix\">\n<div class=\"xdj266r x14z9mp xat24cr x1lziwak x1vvkbs x126k92a\">\n<div dir=\"auto\"><span>La ini\u021biativa pre\u0219edintei PNL Suceava, Angelica F\u0103dor, conducerea jude\u021bean\u0103 a demarat o serie de vizite de lucru la primarii liberali din teritoriu. Prima dintre acestea a avut loc mar\u021bi, 3 martie, la Vicovu de Sus, unde deputatul Ioan Balan \u0219i Dumitru Mihalescul, coordonator al organiza\u021biilor PNL din zona R\u0103d\u0103u\u021bi \u2013 Marginea \u2013 Vicovu de Sus, s-au \u00eent\u00e2lnit cu primarul liberal Vasile Iliu\u021b. Discu\u021biile au acoperit at\u00e2t aspecte administrative, c\u00e2t \u0219i politice.<\/span><\/div>\n<\/div>\n<div class=\"x14z9mp xat24cr x1lziwak x1vvkbs xtlvy1s x126k92a\">\n<blockquote>\n<div dir=\"auto\"><span><strong><em>\u201eVasile Iliu\u021b este unul dintre cei mai activi primari liberali din jude\u021bul Suceava, un edil care a transformat Vicovu de Sus dintr-un ora\u0219 cu infrastructur\u0103 precar\u0103 \u00eentr-o localitate cu un portofoliu de investi\u021bii de aproape 200 de milioane de euro, dintre care peste 130 de milioane se aflau deja \u00een implementare \u00een 2025. Localitatea este recunoscut\u0103 ca unul dintre cei mai mari absorbitori de fonduri europene din regiunea Nord-Est, cu investi\u021bii care acoper\u0103 practic toate domeniile: re\u021bele de utilit\u0103\u021bi, infrastructur\u0103 rutier\u0103, educa\u021bie, sport \u0219i mobilitate urban\u0103, plus un viitor centru ambulatoriu care va deservi un bazin de peste 70.000 de locuitori.<\/em><\/strong><\/span><\/div>\n<\/blockquote>\n<\/div>\n<div class=\"x14z9mp xat24cr x1lziwak x1vvkbs xtlvy1s x126k92a\">\n<blockquote>\n<div dir=\"auto\"><span><strong><em>PNL Suceava pre\u021buie\u0219te astfel de primari, pentru c\u0103 ei demonstreaz\u0103 zilnic c\u0103 administra\u021bia liberal\u0103 \u00eenseamn\u0103 mai mult dec\u00e2t promisiuni electorale\u201d, a precizat deputatul PNL de Suceava, Ioan Balan.<\/em><\/strong><\/span><\/div>\n<\/blockquote>\n<\/div>\n<div class=\"x14z9mp xat24cr x1lziwak x1vvkbs xtlvy1s x126k92a\">\n<div dir=\"auto\"><span>Obiectivul acestor \u00eent\u00e2lniri este simplu: conducerea jude\u021bean\u0103 vrea s\u0103 fie c\u00e2t mai aproape de administra\u021biile locale, s\u0103 cunoasc\u0103 nevoile reale din teren \u0219i s\u0103 sprijine rezolvarea situa\u021biilor care necesit\u0103 interven\u021bie la nivel jude\u021bean sau central. <\/span><\/div>\n<blockquote>\n<div dir=\"auto\"><strong><em><span>\u201eEste angajamentul pe care PNL l-a onorat \u00eentotdeauna fa\u021b\u0103 de comunit\u0103\u021bile pe care le conduce\u201d, a conchis Balan.<\/span><\/em><\/strong><\/div>\n<\/blockquote>\n<\/div>\n<\/section>\n<p>[analyse_source url=&#8221;https:\/\/suceavalive.ro\/deputatul-ioan-balan-si-dumitru-mihalescul-vizita-de-lucru-la-vicovu-de-sus-vasile-iliut-este-unul-dintre-cei-mai-activi-primari-liberali-din-judet\/&#8221;]<\/p>\n","protected":false},"excerpt":{"rendered":"<p>[analyse_image type=&#8221;featured&#8221; src=&#8221;https:\/\/suceavalive.ro\/wp-content\/uploads\/2026\/03\/balan-iliut-mihalescul.jpghttps:\/\/suceavalive.ro\/wp-content\/uploads\/2026\/03\/balan-iliut-mihalescul.jpg&#8221;] Deputatul Ioan Balan \u0219i Dumitru Mihalescul, vizit\u0103 de lucru la Vicovu de Sus: \u201eVasile Iliu\u021b este unul dintre cei mai activi primari liberali din jude\u021b\u201d 4 martie 2026 La ini\u021biativa pre\u0219edintei PNL Suceava, Angelica F\u0103dor, conducerea jude\u021bean\u0103 a demarat o serie de vizite de lucru la primarii liberali din teritoriu. Prima dintre [&hellip;]<\/p>\n","protected":false},"author":1,"featured_media":0,"comment_status":"open","ping_status":"","sticky":false,"template":"","format":"standard","meta":{"footnotes":""},"categories":[89],"tags":[226,173],"class_list":["post-1806468","post","type-post","status-publish","format-standard","hentry","category-romania","tag-crawlmanager","tag-suceavalive-ro"],"_links":{"self":[{"href":"https:\/\/analyse.optim.biz\/index.php?rest_route=\/wp\/v2\/posts\/1806468","targetHints":{"allow":["GET"]}}],"collection":[{"href":"https:\/\/analyse.optim.biz\/index.php?rest_route=\/wp\/v2\/posts"}],"about":[{"href":"https:\/\/analyse.optim.biz\/index.php?rest_route=\/wp\/v2\/types\/post"}],"author":[{"embeddable":true,"href":"https:\/\/analyse.optim.biz\/index.php?rest_route=\/wp\/v2\/users\/1"}],"replies":[{"embeddable":true,"href":"https:\/\/analyse.optim.biz\/index.php?rest_route=%2Fwp%2Fv2%2Fcomments&post=1806468"}],"version-history":[{"count":0,"href":"https:\/\/analyse.optim.biz\/index.php?rest_route=\/wp\/v2\/posts\/1806468\/revisions"}],"wp:attachment":[{"href":"https:\/\/analyse.optim.biz\/index.php?rest_route=%2Fwp%2Fv2%2Fmedia&parent=1806468"}],"wp:term":[{"taxonomy":"category","embeddable":true,"href":"https:\/\/analyse.optim.biz\/index.php?rest_route=%2Fwp%2Fv2%2Fcategories&post=1806468"},{"taxonomy":"post_tag","embeddable":true,"href":"https:\/\/analyse.optim.biz\/index.php?rest_route=%2Fwp%2Fv2%2Ftags&post=1806468"}],"curies":[{"name":"wp","href":"https:\/\/api.w.org\/{rel}","templated":true}]}}