{"id":1806464,"date":"2026-03-04T06:44:37","date_gmt":"2026-03-04T03:44:37","guid":{"rendered":"https:\/\/analyse.optim.biz\/?p=1806464"},"modified":"2026-03-04T06:44:37","modified_gmt":"2026-03-04T03:44:37","slug":"mihai-craciun-anunta-ca-7-500-de-suceveni-au-semnat-pana-acum-pentru-demiterea-primarului-si-consiliului","status":"publish","type":"post","link":"https:\/\/analyse.optim.biz\/?p=1806464","title":{"rendered":"Mihai Cr\u0103ciun anun\u021b\u0103 c\u0103 7.500 de suceveni au semnat p\u00e2n\u0103 acum pentru demiterea primarului \u0219i Consiliului"},"content":{"rendered":"<p>[analyse_image type=&#8221;featured&#8221; src=&#8221;https:\/\/suceavalive.ro\/wp-content\/uploads\/2026\/01\/mihai-craciun-1024&#215;683.jpeghttps:\/\/suceavalive.ro\/wp-content\/uploads\/2026\/01\/mihai-craciun.jpeg&#8221;]<\/p>\n<article id=\"post-288370\" class=\"clearfix post-288370 post type-post status-publish format-standard has-post-thumbnail hentry category-politic category-slide\">\n<header id=\"cb-standard-featured\">\n<div id=\"cb-fis-wrap\" class=\"cb-entry-header cb-fis cb-style-standard\"><span class=\"cb-title-fi\"><\/p>\n<h1 class=\"entry-title cb-entry-title cb-single-title\">Mihai Cr\u0103ciun anun\u021b\u0103 c\u0103 7.500 de suceveni au semnat p\u00e2n\u0103 acum pentru demiterea primarului \u0219i Consiliului Local Suceava: \u201eNu mai este mult!\u201d<\/h1>\n<div class=\"cb-byline cb-font-header\">\n<div class=\"cb-date cb-byline-element\"><time datetime=\"2026-03-04\">4 martie 2026<\/time><\/div>\n<\/div>\n<p><\/span><\/div>\n<\/header>\n<section class=\"cb-entry-content entry-content clearfix\">\n<div class=\"flex flex-col text-sm pb-25\">\n<article class=\"text-token-text-primary w-full focus:outline-none [--shadow-height:45px] has-data-writing-block:pointer-events-none has-data-writing-block:-mt-(--shadow-height) has-data-writing-block:pt-(--shadow-height) [&amp;:has([data-writing-block])&gt;*]:pointer-events-auto scroll-mt-[calc(var(--header-height)+min(200px,max(70px,20svh)))]\" dir=\"auto\" data-turn-id=\"request-69a6d603-9af0-8333-b6e1-5a86b713a744-1\" data-testid=\"conversation-turn-4\" data-scroll-anchor=\"true\" data-turn=\"assistant\">\n<div class=\"text-base my-auto mx-auto pb-10 [--thread-content-margin:--spacing(4)] @w-sm\/main:[--thread-content-margin:--spacing(6)] @w-lg\/main:[--thread-content-margin:--spacing(16)] px-(--thread-content-margin)\">\n<div class=\"[--thread-content-max-width:40rem] @w-lg\/main:[--thread-content-max-width:48rem] mx-auto max-w-(--thread-content-max-width) flex-1 group\/turn-messages focus-visible:outline-hidden relative flex w-full min-w-0 flex-col agent-turn\">\n<div class=\"flex max-w-full flex-col grow\">\n<div class=\"min-h-8 text-message relative flex w-full flex-col items-end gap-2 text-start break-words whitespace-normal [.text-message+&amp;]:mt-1\" dir=\"auto\" data-message-author-role=\"assistant\" data-message-id=\"b60b6618-e648-4632-a053-28829f1bd5d6\" data-message-model-slug=\"gpt-5-2\">\n<p data-start=\"0\" data-end=\"578\" data-is-last-node data-is-only-node><span>Consilierul local <\/span><span class=\"hover:entity-accent entity-underline inline cursor-pointer align-baseline\"><span class=\"whitespace-normal\">Mihai Cr\u0103ciun<\/span><\/span><span> anun\u021b\u0103 c\u0103 demersul pentru demiterea primarului \u0219i a Consiliului Local din <\/span><span class=\"hover:entity-accent entity-underline inline cursor-pointer align-baseline\"><span class=\"whitespace-normal\">Suceava<\/span><\/span><span> se apropie de 7.500 de semn\u0103turi. Acesta sus\u021bine c\u0103 o parte dintre liste au fost deja centralizate, \u00eens\u0103 reclam\u0103 interven\u021bii ale unor persoane apropiate conducerii prim\u0103riei, care ar fi aruncat listele din cutiile po\u0219tale ale locatarilor. \u00cen acest context, Cr\u0103ciun anun\u021b\u0103 organizarea unor ac\u021biuni stradale pentru continuarea str\u00e2ngerii de semn\u0103turi \u0219i face apel la voluntari pentru a merge direct pe teren.<\/span><\/p>\n<\/div>\n<\/div>\n<\/div>\n<\/div>\n<\/article>\n<\/div>\n<blockquote>\n<p data-start=\"12\" data-end=\"215\"><span><strong><em>\u201e\u00cen continuarea demersului de str\u00e2ngere de semn\u0103turi pentru demiterea primarului \u0219i a Consiliului Local <span class=\"hover:entity-accent entity-underline inline cursor-pointer align-baseline\"><span class=\"whitespace-normal\">Suceava<\/span><\/span>, v\u0103 informez c\u0103 ne apropiem de 7.500 de semn\u0103turi str\u00e2nse.<\/em><\/strong><\/span><\/p>\n<p data-start=\"217\" data-end=\"567\"><span><strong><em>Nu pot prezenta \u00een acest moment toate listele, \u00eens\u0103 o parte dintre ele au fost deja centralizate. Am primit informa\u021bii c\u0103 reprezentan\u021bi ai primarului \u0219i ai viceprimarului au mers prin sc\u0103rile de bloc \u0219i au aruncat listele de semn\u0103turi din cutiile po\u0219tale. De asemenea, au existat persoane care m-au contactat telefonic pentru a contesta acest demers.<\/em><\/strong><\/span><\/p>\n<p data-start=\"569\" data-end=\"748\"><span><strong><em>Anun\u021b public c\u0103 vom organiza ac\u021biuni stradale de str\u00e2ngere de semn\u0103turi. Domnule R\u00eembu, dumneavoastr\u0103 v\u0103 opune\u021bi democra\u021biei. Consider c\u0103 cet\u0103\u021benii trebuie s\u0103 decid\u0103 singuri dac\u0103 semneaz\u0103 sau nu. Decizia apar\u021bine exclusiv oamenilor.<\/em><\/strong><\/span><\/p>\n<p data-start=\"750\" data-end=\"918\"><span><strong><em>Primarul a declarat c\u0103 a fost ales cu 17.000 de voturi. \u00cen prezent, aproape 7.500 de persoane au semnat pentru demitere. Continu\u0103m procesul de colectare a semn\u0103turilor.<\/em><\/strong><\/span><\/p>\n<p data-start=\"920\" data-end=\"1142\"><span><strong><em>C\u0103ut\u0103m voluntari. Persoanele nemul\u021bumite de situa\u021bia din municipiul Suceava ne pot contacta prin mesaj privat. Vom forma echipe \u0219i vom merge pe teren pentru a str\u00e2nge semn\u0103turi direct de la cet\u0103\u021beni, ca s\u0103 nu mai arunce listele angaja\u021bii lui R\u00eembu \u0219i ai lui DIC.<\/em><\/strong><\/span><\/p>\n<p data-start=\"1144\" data-end=\"1289\" data-is-last-node data-is-only-node><span><strong><em>Cei care nu au primit listele de semn\u0103turi \u00een cutia po\u0219tal\u0103 ne pot transmite un mesaj. Vom veni personal pentru a oferi posibilitatea de a semna. Curaj! Nu mai este mult!\u201d, a transmis consilierul local Mihai Cr\u0103ciun.<\/em><\/strong><\/span><\/p>\n<\/blockquote>\n<p data-start=\"1144\" data-end=\"1289\" data-is-last-node data-is-only-node><\/p>\n<\/section>\n<footer class=\"article-footer\">\n<div class=\"cb-social-sharing cb-post-footer-block cb-beside clearfix\">\n<div class=\"cb-title-subtle\">Share On:<\/div>\n<div class=\"cb-twitter\"><a href=\"https:\/\/twitter.com\/share\" class=\"twitter-share-button\" data-dnt=\"true\" data-count=\"horizontal\">Tweet<\/a><\/div>\n<\/div>\n<div id=\"cb-previous-next-links\" class=\"cb-post-footer-block clearfix\">\n<div id=\"cb-previous-link\"><a href=\"https:\/\/suceavalive.ro\/garda-forestiera-suceava-la-bilant-amenzi-de-milioane-si-mii-de-controale-in-2025\/\" rel=\"prev\">Garda Forestier\u0103 Suceava, la bilan\u021b: Amenzi de milioane \u0219i mii de controale \u00een 2025<\/a><\/div>\n<div id=\"cb-next-link\"><a href=\"https:\/\/suceavalive.ro\/deputatul-ioan-balan-si-dumitru-mihalescul-vizita-de-lucru-la-vicovu-de-sus-vasile-iliut-este-unul-dintre-cei-mai-activi-primari-liberali-din-judet\/\" rel=\"next\">Deputatul Ioan Balan \u0219i Dumitru Mihalescul, vizit\u0103 de lucru la Vicovu de Sus: \u201eVasile Iliu\u021b este unul dintre cei mai activi primari liberali din jude\u021b\u201d<\/a><\/div>\n<\/div>\n<div id=\"cb-author-box\" class=\"clearfix\">\n<h3 class=\"cb-block-title\">Despre autor<\/h3>\n<div class=\"cb-meta\">\n<div class=\"cb-info\">\n<div class=\"cb-author-title vcard\"><a href=\"https:\/\/suceavalive.ro\/author\/suceavalive\/\"><span class=\"fn\">SuceavaLive<\/span><\/a><\/div>\n<\/div>\n<\/div>\n<\/div>\n<div id=\"cb-related-posts\" class=\"cb-related-posts-block cb-post-end-block clearfix\">\n<h3 class=\"cb-block-title\">Postari asemanatoare<\/h3>\n<ul>\n<li class=\"cb-style-overlay cb-grid-entry cb-related-post no-1\">\n<div class=\"cb-meta cb-article-meta\">\n<h4 class=\"h3 cb-post-title\"><a href=\"https:\/\/suceavalive.ro\/stiati-ca-muzeul-arta-lemnului-din-campulung-moldovenesc-este-unic-in-romania\/\">\u0218tia\u021bi c\u0103 Muzeul Arta Lemnului din C\u00e2mpulung Moldovenesc este unic \u00een Rom\u00e2nia?<\/a><\/h4>\n<div class=\"cb-byline cb-font-header\">\n<div class=\"cb-date cb-byline-element\"><time datetime=\"2026-03-04\">4 martie 2026<\/time><\/div>\n<\/div>\n<\/div>\n<\/li>\n<li class=\"cb-style-overlay cb-grid-entry cb-related-post no-2\">\n<div class=\"cb-meta cb-article-meta\">\n<h4 class=\"h3 cb-post-title\"><a href=\"https:\/\/suceavalive.ro\/gabriela-prelipcean-preia-conducerea-universitatii-stefan-cel-mare-din-suceava\/\">Gabriela Prelipcean preia conducerea Universit\u0103\u021bii \u201e\u0218tefan cel Mare\u201d din Suceava<\/a><\/h4>\n<div class=\"cb-byline cb-font-header\">\n<div class=\"cb-date cb-byline-element\"><time datetime=\"2026-03-04\">4 martie 2026<\/time><\/div>\n<\/div>\n<\/div>\n<\/li>\n<\/ul>\n<\/div>\n<\/footer>\n<div id=\"respond\" class=\"comment-respond\">\n<h3 id=\"reply-title\" class=\"comment-reply-title\">Lasa un raspuns <small><a rel=\"nofollow\" id=\"cancel-comment-reply-link\" href=\"https:\/\/suceavalive.ro\/mihai-craciun-anunta-ca-7-500-de-suceveni-au-semnat-pana-acum-pentru-demiterea-primarului-si-consiliului-local-suceava-nu-mai-este-mult\/#respond\">Anuleaza raspunsul<\/a><\/small><\/h3>\n<p class=\"comment-notes\">Adresa ta de email nu va fi publicat\u0103.<\/p>\n<\/div>\n<\/article>\n<section class=\"cb-entry-content entry-content clearfix\">\n<div class=\"flex flex-col text-sm pb-25\">\n<article class=\"text-token-text-primary w-full focus:outline-none [--shadow-height:45px] has-data-writing-block:pointer-events-none has-data-writing-block:-mt-(--shadow-height) has-data-writing-block:pt-(--shadow-height) [&amp;:has([data-writing-block])&gt;*]:pointer-events-auto scroll-mt-[calc(var(--header-height)+min(200px,max(70px,20svh)))]\" dir=\"auto\" data-turn-id=\"request-69a6d603-9af0-8333-b6e1-5a86b713a744-1\" data-testid=\"conversation-turn-4\" data-scroll-anchor=\"true\" data-turn=\"assistant\">\n<div class=\"text-base my-auto mx-auto pb-10 [--thread-content-margin:--spacing(4)] @w-sm\/main:[--thread-content-margin:--spacing(6)] @w-lg\/main:[--thread-content-margin:--spacing(16)] px-(--thread-content-margin)\">\n<div class=\"[--thread-content-max-width:40rem] @w-lg\/main:[--thread-content-max-width:48rem] mx-auto max-w-(--thread-content-max-width) flex-1 group\/turn-messages focus-visible:outline-hidden relative flex w-full min-w-0 flex-col agent-turn\">\n<div class=\"flex max-w-full flex-col grow\">\n<div class=\"min-h-8 text-message relative flex w-full flex-col items-end gap-2 text-start break-words whitespace-normal [.text-message+&amp;]:mt-1\" dir=\"auto\" data-message-author-role=\"assistant\" data-message-id=\"b60b6618-e648-4632-a053-28829f1bd5d6\" data-message-model-slug=\"gpt-5-2\">\n<p data-start=\"0\" data-end=\"578\" data-is-last-node data-is-only-node><span>Consilierul local <\/span><span class=\"hover:entity-accent entity-underline inline cursor-pointer align-baseline\"><span class=\"whitespace-normal\">Mihai Cr\u0103ciun<\/span><\/span><span> anun\u021b\u0103 c\u0103 demersul pentru demiterea primarului \u0219i a Consiliului Local din <\/span><span class=\"hover:entity-accent entity-underline inline cursor-pointer align-baseline\"><span class=\"whitespace-normal\">Suceava<\/span><\/span><span> se apropie de 7.500 de semn\u0103turi. Acesta sus\u021bine c\u0103 o parte dintre liste au fost deja centralizate, \u00eens\u0103 reclam\u0103 interven\u021bii ale unor persoane apropiate conducerii prim\u0103riei, care ar fi aruncat listele din cutiile po\u0219tale ale locatarilor. \u00cen acest context, Cr\u0103ciun anun\u021b\u0103 organizarea unor ac\u021biuni stradale pentru continuarea str\u00e2ngerii de semn\u0103turi \u0219i face apel la voluntari pentru a merge direct pe teren.<\/span><\/p>\n<\/div>\n<\/div>\n<\/div>\n<\/div>\n<\/article>\n<\/div>\n<blockquote>\n<p data-start=\"12\" data-end=\"215\"><span><strong><em>\u201e\u00cen continuarea demersului de str\u00e2ngere de semn\u0103turi pentru demiterea primarului \u0219i a Consiliului Local <span class=\"hover:entity-accent entity-underline inline cursor-pointer align-baseline\"><span class=\"whitespace-normal\">Suceava<\/span><\/span>, v\u0103 informez c\u0103 ne apropiem de 7.500 de semn\u0103turi str\u00e2nse.<\/em><\/strong><\/span><\/p>\n<p data-start=\"217\" data-end=\"567\"><span><strong><em>Nu pot prezenta \u00een acest moment toate listele, \u00eens\u0103 o parte dintre ele au fost deja centralizate. Am primit informa\u021bii c\u0103 reprezentan\u021bi ai primarului \u0219i ai viceprimarului au mers prin sc\u0103rile de bloc \u0219i au aruncat listele de semn\u0103turi din cutiile po\u0219tale. De asemenea, au existat persoane care m-au contactat telefonic pentru a contesta acest demers.<\/em><\/strong><\/span><\/p>\n<p data-start=\"569\" data-end=\"748\"><span><strong><em>Anun\u021b public c\u0103 vom organiza ac\u021biuni stradale de str\u00e2ngere de semn\u0103turi. Domnule R\u00eembu, dumneavoastr\u0103 v\u0103 opune\u021bi democra\u021biei. Consider c\u0103 cet\u0103\u021benii trebuie s\u0103 decid\u0103 singuri dac\u0103 semneaz\u0103 sau nu. Decizia apar\u021bine exclusiv oamenilor.<\/em><\/strong><\/span><\/p>\n<p data-start=\"750\" data-end=\"918\"><span><strong><em>Primarul a declarat c\u0103 a fost ales cu 17.000 de voturi. \u00cen prezent, aproape 7.500 de persoane au semnat pentru demitere. Continu\u0103m procesul de colectare a semn\u0103turilor.<\/em><\/strong><\/span><\/p>\n<p data-start=\"920\" data-end=\"1142\"><span><strong><em>C\u0103ut\u0103m voluntari. Persoanele nemul\u021bumite de situa\u021bia din municipiul Suceava ne pot contacta prin mesaj privat. Vom forma echipe \u0219i vom merge pe teren pentru a str\u00e2nge semn\u0103turi direct de la cet\u0103\u021beni, ca s\u0103 nu mai arunce listele angaja\u021bii lui R\u00eembu \u0219i ai lui DIC.<\/em><\/strong><\/span><\/p>\n<p data-start=\"1144\" data-end=\"1289\" data-is-last-node data-is-only-node><span><strong><em>Cei care nu au primit listele de semn\u0103turi \u00een cutia po\u0219tal\u0103 ne pot transmite un mesaj. Vom veni personal pentru a oferi posibilitatea de a semna. Curaj! Nu mai este mult!\u201d, a transmis consilierul local Mihai Cr\u0103ciun.<\/em><\/strong><\/span><\/p>\n<\/blockquote>\n<p data-start=\"1144\" data-end=\"1289\" data-is-last-node data-is-only-node><\/p>\n<\/section>\n<section class=\"cb-entry-content entry-content clearfix\">\n<div class=\"flex flex-col text-sm pb-25\">\n<article class=\"text-token-text-primary w-full focus:outline-none [--shadow-height:45px] has-data-writing-block:pointer-events-none has-data-writing-block:-mt-(--shadow-height) has-data-writing-block:pt-(--shadow-height) [&amp;:has([data-writing-block])&gt;*]:pointer-events-auto scroll-mt-[calc(var(--header-height)+min(200px,max(70px,20svh)))]\" dir=\"auto\" data-turn-id=\"request-69a6d603-9af0-8333-b6e1-5a86b713a744-1\" data-testid=\"conversation-turn-4\" data-scroll-anchor=\"true\" data-turn=\"assistant\">\n<div class=\"text-base my-auto mx-auto pb-10 [--thread-content-margin:--spacing(4)] @w-sm\/main:[--thread-content-margin:--spacing(6)] @w-lg\/main:[--thread-content-margin:--spacing(16)] px-(--thread-content-margin)\">\n<div class=\"[--thread-content-max-width:40rem] @w-lg\/main:[--thread-content-max-width:48rem] mx-auto max-w-(--thread-content-max-width) flex-1 group\/turn-messages focus-visible:outline-hidden relative flex w-full min-w-0 flex-col agent-turn\">\n<div class=\"flex max-w-full flex-col grow\">\n<div class=\"min-h-8 text-message relative flex w-full flex-col items-end gap-2 text-start break-words whitespace-normal [.text-message+&amp;]:mt-1\" dir=\"auto\" data-message-author-role=\"assistant\" data-message-id=\"b60b6618-e648-4632-a053-28829f1bd5d6\" data-message-model-slug=\"gpt-5-2\">\n<p data-start=\"0\" data-end=\"578\" data-is-last-node data-is-only-node><span>Consilierul local <\/span><span class=\"hover:entity-accent entity-underline inline cursor-pointer align-baseline\"><span class=\"whitespace-normal\">Mihai Cr\u0103ciun<\/span><\/span><span> anun\u021b\u0103 c\u0103 demersul pentru demiterea primarului \u0219i a Consiliului Local din <\/span><span class=\"hover:entity-accent entity-underline inline cursor-pointer align-baseline\"><span class=\"whitespace-normal\">Suceava<\/span><\/span><span> se apropie de 7.500 de semn\u0103turi. Acesta sus\u021bine c\u0103 o parte dintre liste au fost deja centralizate, \u00eens\u0103 reclam\u0103 interven\u021bii ale unor persoane apropiate conducerii prim\u0103riei, care ar fi aruncat listele din cutiile po\u0219tale ale locatarilor. \u00cen acest context, Cr\u0103ciun anun\u021b\u0103 organizarea unor ac\u021biuni stradale pentru continuarea str\u00e2ngerii de semn\u0103turi \u0219i face apel la voluntari pentru a merge direct pe teren.<\/span><\/p>\n<\/div>\n<\/div>\n<\/div>\n<\/div>\n<\/article>\n<\/div>\n<blockquote>\n<p data-start=\"12\" data-end=\"215\"><span><strong><em>\u201e\u00cen continuarea demersului de str\u00e2ngere de semn\u0103turi pentru demiterea primarului \u0219i a Consiliului Local <span class=\"hover:entity-accent entity-underline inline cursor-pointer align-baseline\"><span class=\"whitespace-normal\">Suceava<\/span><\/span>, v\u0103 informez c\u0103 ne apropiem de 7.500 de semn\u0103turi str\u00e2nse.<\/em><\/strong><\/span><\/p>\n<p data-start=\"217\" data-end=\"567\"><span><strong><em>Nu pot prezenta \u00een acest moment toate listele, \u00eens\u0103 o parte dintre ele au fost deja centralizate. Am primit informa\u021bii c\u0103 reprezentan\u021bi ai primarului \u0219i ai viceprimarului au mers prin sc\u0103rile de bloc \u0219i au aruncat listele de semn\u0103turi din cutiile po\u0219tale. De asemenea, au existat persoane care m-au contactat telefonic pentru a contesta acest demers.<\/em><\/strong><\/span><\/p>\n<p data-start=\"569\" data-end=\"748\"><span><strong><em>Anun\u021b public c\u0103 vom organiza ac\u021biuni stradale de str\u00e2ngere de semn\u0103turi. Domnule R\u00eembu, dumneavoastr\u0103 v\u0103 opune\u021bi democra\u021biei. Consider c\u0103 cet\u0103\u021benii trebuie s\u0103 decid\u0103 singuri dac\u0103 semneaz\u0103 sau nu. Decizia apar\u021bine exclusiv oamenilor.<\/em><\/strong><\/span><\/p>\n<p data-start=\"750\" data-end=\"918\"><span><strong><em>Primarul a declarat c\u0103 a fost ales cu 17.000 de voturi. \u00cen prezent, aproape 7.500 de persoane au semnat pentru demitere. Continu\u0103m procesul de colectare a semn\u0103turilor.<\/em><\/strong><\/span><\/p>\n<p data-start=\"920\" data-end=\"1142\"><span><strong><em>C\u0103ut\u0103m voluntari. Persoanele nemul\u021bumite de situa\u021bia din municipiul Suceava ne pot contacta prin mesaj privat. Vom forma echipe \u0219i vom merge pe teren pentru a str\u00e2nge semn\u0103turi direct de la cet\u0103\u021beni, ca s\u0103 nu mai arunce listele angaja\u021bii lui R\u00eembu \u0219i ai lui DIC.<\/em><\/strong><\/span><\/p>\n<p data-start=\"1144\" data-end=\"1289\" data-is-last-node data-is-only-node><span><strong><em>Cei care nu au primit listele de semn\u0103turi \u00een cutia po\u0219tal\u0103 ne pot transmite un mesaj. Vom veni personal pentru a oferi posibilitatea de a semna. Curaj! Nu mai este mult!\u201d, a transmis consilierul local Mihai Cr\u0103ciun.<\/em><\/strong><\/span><\/p>\n<\/blockquote>\n<p data-start=\"1144\" data-end=\"1289\" data-is-last-node data-is-only-node><\/p>\n<\/section>\n<p>[analyse_source url=&#8221;https:\/\/suceavalive.ro\/mihai-craciun-anunta-ca-7-500-de-suceveni-au-semnat-pana-acum-pentru-demiterea-primarului-si-consiliului-local-suceava-nu-mai-este-mult\/&#8221;]<\/p>\n","protected":false},"excerpt":{"rendered":"<p>[analyse_image type=&#8221;featured&#8221; src=&#8221;https:\/\/suceavalive.ro\/wp-content\/uploads\/2026\/01\/mihai-craciun-1024&#215;683.jpeghttps:\/\/suceavalive.ro\/wp-content\/uploads\/2026\/01\/mihai-craciun.jpeg&#8221;] Mihai Cr\u0103ciun anun\u021b\u0103 c\u0103 7.500 de suceveni au semnat p\u00e2n\u0103 acum pentru demiterea primarului \u0219i Consiliului Local Suceava: \u201eNu mai este mult!\u201d 4 martie 2026 Consilierul local Mihai Cr\u0103ciun anun\u021b\u0103 c\u0103 demersul pentru demiterea primarului \u0219i a Consiliului Local din Suceava se apropie de 7.500 de semn\u0103turi. Acesta sus\u021bine c\u0103 o parte [&hellip;]<\/p>\n","protected":false},"author":1,"featured_media":0,"comment_status":"open","ping_status":"","sticky":false,"template":"","format":"standard","meta":{"footnotes":""},"categories":[89],"tags":[226,173],"class_list":["post-1806464","post","type-post","status-publish","format-standard","hentry","category-romania","tag-crawlmanager","tag-suceavalive-ro"],"_links":{"self":[{"href":"https:\/\/analyse.optim.biz\/index.php?rest_route=\/wp\/v2\/posts\/1806464","targetHints":{"allow":["GET"]}}],"collection":[{"href":"https:\/\/analyse.optim.biz\/index.php?rest_route=\/wp\/v2\/posts"}],"about":[{"href":"https:\/\/analyse.optim.biz\/index.php?rest_route=\/wp\/v2\/types\/post"}],"author":[{"embeddable":true,"href":"https:\/\/analyse.optim.biz\/index.php?rest_route=\/wp\/v2\/users\/1"}],"replies":[{"embeddable":true,"href":"https:\/\/analyse.optim.biz\/index.php?rest_route=%2Fwp%2Fv2%2Fcomments&post=1806464"}],"version-history":[{"count":0,"href":"https:\/\/analyse.optim.biz\/index.php?rest_route=\/wp\/v2\/posts\/1806464\/revisions"}],"wp:attachment":[{"href":"https:\/\/analyse.optim.biz\/index.php?rest_route=%2Fwp%2Fv2%2Fmedia&parent=1806464"}],"wp:term":[{"taxonomy":"category","embeddable":true,"href":"https:\/\/analyse.optim.biz\/index.php?rest_route=%2Fwp%2Fv2%2Fcategories&post=1806464"},{"taxonomy":"post_tag","embeddable":true,"href":"https:\/\/analyse.optim.biz\/index.php?rest_route=%2Fwp%2Fv2%2Ftags&post=1806464"}],"curies":[{"name":"wp","href":"https:\/\/api.w.org\/{rel}","templated":true}]}}