{"id":180641,"date":"2015-06-02T12:49:29","date_gmt":"2015-06-02T09:49:29","guid":{"rendered":"https:\/\/analyse.optim.biz\/?p=180641"},"modified":"2015-06-02T12:49:29","modified_gmt":"2015-06-02T09:49:29","slug":"presedintele-instantei-supreme-reactioneaza-la-atacurile-premierului-se-impune-o-ancheta-a-inspectiei-judiciare","status":"publish","type":"post","link":"https:\/\/analyse.optim.biz\/?p=180641","title":{"rendered":"Pre\u015fedintele instan\u021bei supreme reac\u0163ioneaz\u0103 la atacurile premierului: Se impune o anchet\u0103 a Inspec\u021biei Judiciare"},"content":{"rendered":"<div class=\"entry data-app-meta data-app-meta-article\" data-embed-base-url-canonical=\"https:\/\/www.digi24.ro\/embed\/stiri\/actualitate\/politica\/presedintele-instantei-supreme-reactioneaza-la-atacurile-premierului-se-impune-o-ancheta-a-inspectiei-judiciare-398740\">\n<p data-index=\"1\">\u201e<span><strong><em>CSM, dac\u0103 s-a f\u0103cut o astfel de declara\u021bie de c\u0103tre premier<\/em>,<em> are posibilitatea de sesizare a Inspec\u021biei Judiciare pentru a putea vedea dac\u0103 prin aceste afirma\u021bii s-a adus sau nu atingere independen\u021bei sistemului judiciar<\/em><\/strong>\u201d, a declarat <strong>Livia Stanciu.<\/strong><\/span><\/p>\n<p data-index=\"2\">\u201e<span><em>V\u0103 da\u0163i seama c\u0103 judec\u0103toarele de la Dragnea, dac\u0103 cumva \u00eel achitau cred c\u0103 erau \u015fi arestate acum. Au dat \u015fi ele un an cu suspendare, dar pentru noi e un lucru nedrept pentru c\u0103 nu doar noi, ci \u015fi PNL a fost cu noi la suspendare. Sigur c\u0103 e o stare de nemul\u0163umire pentru c\u0103 e o nedreptate care ni se face<\/em>\u201d, <a href=\"https:\/\/www.digi24.ro\/Stiri\/Digi24\/Actualitate\/Politica\/Ponta+atac+Justitie+Dragnea+condamnare+dosar+Referendumul\" target=\"_blank\" data-skip-linkfix=\"1\" rel=\"noopener\"><strong>a declarat premierul, la un post de televiziune. <\/strong><\/a><\/span><\/p>\n<p data-index=\"3\">Premierul consider\u0103 c\u0103 Justi\u0163ia are prea mult\u0103 putere \u00een Rom\u00e2nia. \u201e<em>Eu cred c\u0103 \u00een acest moment exist\u0103 o singur\u0103 putere, iar noi ceilal\u0163i &#8211; Parlament, Guvern, pre\u015fedinte &#8211; facem \u015fi noi ce putem<\/em>\u201d, a mai spus \u0219eful Guvernului. <\/p>\n<p data-index=\"4\">Liviu Dragnea\u00a0a fost condamnat \u00een Dosarul Referendumului la un an de \u00eenchisoare cu suspendare pentru fraudarea votului de la consultarea popular\u0103 din 2012 privind demiterea pre\u015fedintelui Traian B\u0103sescu. Dup\u0103 ce a aflat sentin\u0163a, Liviu Dragnea a anun\u0163at c\u0103 se retrage din func\u0163ia de ministru al Dezvolt\u0103rii \u015fi din fruntea PSD.<\/p>\n<\/div>\n<p> Source URL: https:\/\/www.digi24.ro\/stiri\/actualitate\/politica\/presedintele-instantei-supreme-reactioneaza-la-atacurile-premierului-se-impune-o-ancheta-a-inspectiei-judiciare-398740<\/p>\n","protected":false},"excerpt":{"rendered":"<p>\u201eCSM, dac\u0103 s-a f\u0103cut o astfel de declara\u021bie de c\u0103tre premier, are posibilitatea de sesizare a Inspec\u021biei Judiciare pentru a putea vedea dac\u0103 prin aceste afirma\u021bii s-a adus sau nu atingere independen\u021bei sistemului judiciar\u201d, a declarat Livia Stanciu. \u201eV\u0103 da\u0163i seama c\u0103 judec\u0103toarele de la Dragnea, dac\u0103 cumva \u00eel achitau cred c\u0103 erau \u015fi arestate [&hellip;]<\/p>\n","protected":false},"author":1,"featured_media":180642,"comment_status":"open","ping_status":"","sticky":false,"template":"","format":"standard","meta":{"footnotes":""},"categories":[2],"tags":[11],"class_list":["post-180641","post","type-post","status-publish","format-standard","has-post-thumbnail","hentry","category-politics","tag-digi24"],"_links":{"self":[{"href":"https:\/\/analyse.optim.biz\/index.php?rest_route=\/wp\/v2\/posts\/180641","targetHints":{"allow":["GET"]}}],"collection":[{"href":"https:\/\/analyse.optim.biz\/index.php?rest_route=\/wp\/v2\/posts"}],"about":[{"href":"https:\/\/analyse.optim.biz\/index.php?rest_route=\/wp\/v2\/types\/post"}],"author":[{"embeddable":true,"href":"https:\/\/analyse.optim.biz\/index.php?rest_route=\/wp\/v2\/users\/1"}],"replies":[{"embeddable":true,"href":"https:\/\/analyse.optim.biz\/index.php?rest_route=%2Fwp%2Fv2%2Fcomments&post=180641"}],"version-history":[{"count":0,"href":"https:\/\/analyse.optim.biz\/index.php?rest_route=\/wp\/v2\/posts\/180641\/revisions"}],"wp:featuredmedia":[{"embeddable":true,"href":"https:\/\/analyse.optim.biz\/index.php?rest_route=\/wp\/v2\/media\/180642"}],"wp:attachment":[{"href":"https:\/\/analyse.optim.biz\/index.php?rest_route=%2Fwp%2Fv2%2Fmedia&parent=180641"}],"wp:term":[{"taxonomy":"category","embeddable":true,"href":"https:\/\/analyse.optim.biz\/index.php?rest_route=%2Fwp%2Fv2%2Fcategories&post=180641"},{"taxonomy":"post_tag","embeddable":true,"href":"https:\/\/analyse.optim.biz\/index.php?rest_route=%2Fwp%2Fv2%2Ftags&post=180641"}],"curies":[{"name":"wp","href":"https:\/\/api.w.org\/{rel}","templated":true}]}}