{"id":180638,"date":"2015-06-02T13:56:24","date_gmt":"2015-06-02T10:56:24","guid":{"rendered":"https:\/\/analyse.optim.biz\/?p=180638"},"modified":"2015-06-02T13:56:24","modified_gmt":"2015-06-02T10:56:24","slug":"parlamentul-irlandez-va-acorda-asistenta-in-pregatirea-romaniei-pentru-presedintia-ue","status":"publish","type":"post","link":"https:\/\/analyse.optim.biz\/?p=180638","title":{"rendered":"Parlamentul irlandez va acorda asisten\u0163\u0103 \u00een preg\u0103tirea Rom\u00e2niei pentru pre\u015fedin\u0163ia UE"},"content":{"rendered":"<div class=\"entry data-app-meta data-app-meta-article\" data-embed-base-url-canonical=\"https:\/\/www.digi24.ro\/embed\/stiri\/actualitate\/politica\/parlamentul-irlandez-va-acorda-asistenta-in-pregatirea-romaniei-pentru-presedintia-ue-398829\">\n<p data-index=\"1\"><img decoding=\"async\" src=\"https:\/\/analyse.optim.biz\/wp-content\/uploads\/2024\/09\/anbnjnc9odawjmhhc2g9ntrhnze0ytaymwzlzmjjnwu3m2ixzgm5nzeymwu0ntg-thumb_.jpg\" data-skip-htmlfix=\"1\" title=\"anbnjnc9odawjmhhc2g9ntrhnze0ytaymwzlzmjjnwu3m2ixzgm5nzeymwu0ntg-thumb_\">\u00a0<\/p>\n<p data-index=\"2\"><strong>Valeriu Zgonea<\/strong>\u00a0a amintit c\u0103 anul acesta, pe 18 aprilie, s-au \u00eemplinit 25 de ani de rela\u0163ii diplomatice dintre Rom\u00e2nia \u015fi Irlanda. \u201e<em>Rom\u00e2nia \u015fi Irlanda au ast\u0103zi un parteneriat solid, bazat pe o foarte bun\u0103 cooperare \u00een plan bilateral, european \u015fi interna\u0163ional. Binen\u0163eles, \u00een afar\u0103 de \u00eent\u0103rirea rela\u0163iilor dintre cele dou\u0103 Parlamente, am discutat \u015fi despre campionatul mondial de rugby de la Londra, din septembrie, unde noi vom \u00eent\u00e2lni Irlanda pe 27, sper\u0103m s\u0103 fie un meci \u015fi pentru Rom\u00e2nia foarte bun, este o grup\u0103 destul de dificil\u0103 pentru noi. Am discutat \u015fi aceste aspecte, care sunt importante pentru rela\u0163iile noastre. Nu \u00een ultimul r\u00e2nd, am discutat despre experien\u0163a Irlandei \u00een UE, de capacitatea ei de absorbi fondurile europene, cre\u015fterea economic\u0103 de anul trecut al Irlandei, ca \u015fi a Rom\u00e2niei, a fost una dintre cele mai mari, a Irlandei a fost cea mai mare din UE<\/em>\u201d, a declarat Valeriu Zgonea, potrivit Mediafax.<\/p>\n<p data-index=\"3\">El a ad\u0103ugat c\u0103 cele dou\u0103 parlamente vor \u00eencheia un memorandum de \u00een\u0163elegere pentru urm\u0103torii 4-6 ani.<\/p>\n<p data-index=\"4\">Pre\u015fedintele Parlamentului irlandez a spus c\u0103 dore\u015fte cooperarea dintre cele dou\u0103 Parlamente \u015fi a\u015fteapt\u0103 \u00eencheierea memorandumului de \u00een\u0163elegere pentru preg\u0103tirea Rom\u00e2niei la pre\u015fedin\u0163ia UE, \u00een 2019. \u201e<em>Abia a\u015ftept s\u0103 lucrez cu colegul meu \u00een preg\u0103tirea Rom\u00e2nia pentru pre\u015fedin\u0163ei UE \u00een 2019 \u015fi \u00een acest sens vom semna un memorandum de \u00een\u0163elegere, pentru preg\u0103tirea acestui mandat.\u00a0Dispunem de numeroase oficialit\u0103\u0163i cu experien\u0163\u0103 \u00een preg\u0103tirea politicienilor, pentru diferite func\u0163ii \u00eenalte \u00een cadrul UE. De altfel, am f\u0103cut acest lucru \u015fi pentru Lituania \u015fi am putut remarca c\u0103 aceste ocazii excelente prezentate noilor state membre sunt de cel mai mare ajutor pentru a le oferi noi speran\u0163e cu privire la valorile UE. V\u0103 aduc aminte c\u0103 am \u00eenceput s\u0103 ie\u015fim din criz\u0103, ceea ce dorim \u015fi Rom\u00e2niei, s\u0103 se dezvolte c\u00e2t mai bine \u00een traversarea acestei perioade dificile din ultimii cinci ani. Irlanda s-a confruntat cu criza, ca majoritatea statelor UE, dar lucrurile arat\u0103 bine la noi, economia \u015fi-a revenit, asta \u00eenseamn\u0103 mai multe locuri de munc\u0103, o situa\u0163ie mai bun\u0103 pentru cet\u0103\u0163enii pe care \u00eei reprezent\u0103m<\/em>\u201d, a afirmat \u00eenaltul oficial irlandez.<\/p>\n<\/div>\n<p> Source URL: https:\/\/www.digi24.ro\/stiri\/actualitate\/politica\/parlamentul-irlandez-va-acorda-asistenta-in-pregatirea-romaniei-pentru-presedintia-ue-398829<\/p>\n","protected":false},"excerpt":{"rendered":"<p>\u00a0 Valeriu Zgonea\u00a0a amintit c\u0103 anul acesta, pe 18 aprilie, s-au \u00eemplinit 25 de ani de rela\u0163ii diplomatice dintre Rom\u00e2nia \u015fi Irlanda. \u201eRom\u00e2nia \u015fi Irlanda au ast\u0103zi un parteneriat solid, bazat pe o foarte bun\u0103 cooperare \u00een plan bilateral, european \u015fi interna\u0163ional. Binen\u0163eles, \u00een afar\u0103 de \u00eent\u0103rirea rela\u0163iilor dintre cele dou\u0103 Parlamente, am discutat \u015fi [&hellip;]<\/p>\n","protected":false},"author":1,"featured_media":180639,"comment_status":"open","ping_status":"","sticky":false,"template":"","format":"standard","meta":{"footnotes":""},"categories":[2],"tags":[11],"class_list":["post-180638","post","type-post","status-publish","format-standard","has-post-thumbnail","hentry","category-politics","tag-digi24"],"_links":{"self":[{"href":"https:\/\/analyse.optim.biz\/index.php?rest_route=\/wp\/v2\/posts\/180638","targetHints":{"allow":["GET"]}}],"collection":[{"href":"https:\/\/analyse.optim.biz\/index.php?rest_route=\/wp\/v2\/posts"}],"about":[{"href":"https:\/\/analyse.optim.biz\/index.php?rest_route=\/wp\/v2\/types\/post"}],"author":[{"embeddable":true,"href":"https:\/\/analyse.optim.biz\/index.php?rest_route=\/wp\/v2\/users\/1"}],"replies":[{"embeddable":true,"href":"https:\/\/analyse.optim.biz\/index.php?rest_route=%2Fwp%2Fv2%2Fcomments&post=180638"}],"version-history":[{"count":0,"href":"https:\/\/analyse.optim.biz\/index.php?rest_route=\/wp\/v2\/posts\/180638\/revisions"}],"wp:featuredmedia":[{"embeddable":true,"href":"https:\/\/analyse.optim.biz\/index.php?rest_route=\/wp\/v2\/media\/180639"}],"wp:attachment":[{"href":"https:\/\/analyse.optim.biz\/index.php?rest_route=%2Fwp%2Fv2%2Fmedia&parent=180638"}],"wp:term":[{"taxonomy":"category","embeddable":true,"href":"https:\/\/analyse.optim.biz\/index.php?rest_route=%2Fwp%2Fv2%2Fcategories&post=180638"},{"taxonomy":"post_tag","embeddable":true,"href":"https:\/\/analyse.optim.biz\/index.php?rest_route=%2Fwp%2Fv2%2Ftags&post=180638"}],"curies":[{"name":"wp","href":"https:\/\/api.w.org\/{rel}","templated":true}]}}