{"id":180632,"date":"2015-06-02T16:23:13","date_gmt":"2015-06-02T13:23:13","guid":{"rendered":"https:\/\/analyse.optim.biz\/?p=180632"},"modified":"2015-06-02T16:23:13","modified_gmt":"2015-06-02T13:23:13","slug":"n-banicioiu-motiunea-de-cenzura-a-pnl-este-un-fel-de-autocritica-pentru-ce-au-facut-cat-au-fost-la-guvernare","status":"publish","type":"post","link":"https:\/\/analyse.optim.biz\/?p=180632","title":{"rendered":"N.B\u0103nicioiu: Mo\u0163iunea de cenzur\u0103 a PNL este un fel de autocritic\u0103 pentru ce au f\u0103cut c\u00e2t au fost la guvernare"},"content":{"rendered":"<div class=\"entry data-app-meta data-app-meta-article\" data-embed-base-url-canonical=\"https:\/\/www.digi24.ro\/embed\/stiri\/actualitate\/politica\/n-banicioiu-motiunea-de-cenzura-a-pnl-este-un-fel-de-autocritica-pentru-ce-au-facut-cat-au-fost-la-guvernare-399002\">\n<p data-index=\"1\"><img decoding=\"async\" src=\"https:\/\/analyse.optim.biz\/wp-content\/uploads\/2024\/09\/mjy5owexy2zkzwzkmtlmmje5owy2oguzyje-thumb_.jpg\" data-skip-htmlfix=\"1\" title=\"mjy5owexy2zkzwzkmtlmmje5owy2oguzyje-thumb_\"><\/p>\n<p data-index=\"2\"><span><em><strong>Foto: Facebook<\/strong><\/em><\/span>\u00a0<\/p>\n<p data-index=\"3\">\u201e<em>Dup\u0103 ce am citit mo\u0163iunea mi-am dat seama c\u0103 <\/em><em><strong>este superficial redactat\u0103, nu propune nicio solu\u0163ie \u015fi este un fel de autocritic\u0103 pentru ceea ce au f\u0103cut ei \u00een perioada guvern\u0103rii<\/strong><\/em><em>. Foarte multe chestiuni, care nu mai sunt de actualitate \u00een momentul de fa\u0163\u0103, nu mai sunt la Ministerul S\u0103n\u0103t\u0103\u0163ii. Este clar <\/em><em><strong>o lips\u0103 de interes \u015fi cred c\u0103 o lips\u0103 de respect fa\u0163\u0103 de colegii \u015fi de oamenii care poate \u00eei iau \u00een serios<\/strong><\/em><em>. Mo\u0163iunea a fost depus\u0103 exact la ultima dezbatere. Totu\u015fi au vrut s\u0103 vin\u0103 un pic \u00een ajutorul firmelor de medicamente, dar vestea proast\u0103 pentru domnii care au depus mo\u0163iunea este c\u0103 nu o s\u0103 \u00eei ajute cu nimic<\/em>\u201d, a spus demnitarul, \u00eenainte de a intra la Grupul PSD din Senat.<\/p>\n<p data-index=\"4\">Potrivit ministrului S\u0103n\u0103t\u0103\u0163ii, semnatarii mo\u0163iunii \u201enu au vrut niciodat\u0103 s\u0103 scad\u0103 pre\u0163ul medicamentelor\u201d, \u00een perioada \u00een care se aflau la guvernare<\/p>\n<p data-index=\"5\">\u201e<em>Ace\u015fti colegi <\/em><em><strong>nu au pus \u00een aplicare \u015fi nu au vrut niciodat\u0103 s\u0103 scad\u0103 pre\u0163ul medicamentelor<\/strong><\/em><em> ceea ce m\u0103 face s\u0103 cred c\u0103 nici ast\u0103zi nu vor acest lucru, dar, din fericire, nu mai depinde de ei. Practic ast\u0103zi a fost dezbaterea final\u0103 pe pre\u0163urile calculate care sunt deja \u00een transparen\u0163\u0103 decizional\u0103<\/em>&#8220;, a mai spus B\u0103nicioiu.<\/p>\n<p data-index=\"6\"><a href=\"https:\/\/www.digi24.ro\/Stiri\/Digi24\/Actualitate\/Politica\/Cand+depune+PNL+motiunea+de+cenzura+impotriva+Guvernului+Ponta\" target=\"_blank\" data-skip-linkfix=\"1\" rel=\"noopener\"><span><strong>PNL va depune vineri mo\u021biunea de cenzur\u0103 \u00eempotriva Guvernului<\/strong><\/span><\/a><span>, urm\u00e2nd ca p\u00e2n\u0103 joi liderii de grup liberali s\u0103 poarte discu\u021bii cu privire la acest document, a declarat mar\u021bi purt\u0103torul ce cuv\u00e2nt al liberalilor, Ionu\u021b Stroe.<\/span><\/p>\n<p data-index=\"7\">\u201e<span><em><strong>S\u0103pt\u0103m\u00e2na aceasta este s\u0103pt\u0103m\u00e2na \u00een care PNL va depune \u00een Parlamentul Rom\u00e2niei mo\u021biunea de cenzur\u0103, vineri este ziua aleas\u0103 pentru a face acest demers<\/strong><\/em><\/span><span><em>. P\u00e2n\u0103 joi, liderii no\u0219tri vor prezenta mo\u021biunea de cenzur\u0103 \u0219i vor avansa proiectul de text propus de c\u0103tre PNL tuturor celorlalte grupuri din Parlamentul Rom\u00e2niei, pentru a ajunge la o mo\u021biune sus\u021binut\u0103 de un num\u0103r c\u00e2t mai mare de parlamentari \u0219i pentru a asigura succesul acestui demers<\/em><\/span><span>\u201d, a spus Ionu\u021b Stroe dup\u0103 \u0219edin\u021ba comisiei de unificare a PNL.<\/span><\/p>\n<\/div>\n<p> Source URL: https:\/\/www.digi24.ro\/stiri\/actualitate\/politica\/n-banicioiu-motiunea-de-cenzura-a-pnl-este-un-fel-de-autocritica-pentru-ce-au-facut-cat-au-fost-la-guvernare-399002<\/p>\n","protected":false},"excerpt":{"rendered":"<p>Foto: Facebook\u00a0 \u201eDup\u0103 ce am citit mo\u0163iunea mi-am dat seama c\u0103 este superficial redactat\u0103, nu propune nicio solu\u0163ie \u015fi este un fel de autocritic\u0103 pentru ceea ce au f\u0103cut ei \u00een perioada guvern\u0103rii. Foarte multe chestiuni, care nu mai sunt de actualitate \u00een momentul de fa\u0163\u0103, nu mai sunt la Ministerul S\u0103n\u0103t\u0103\u0163ii. Este clar o [&hellip;]<\/p>\n","protected":false},"author":1,"featured_media":180633,"comment_status":"open","ping_status":"","sticky":false,"template":"","format":"standard","meta":{"footnotes":""},"categories":[2],"tags":[11],"class_list":["post-180632","post","type-post","status-publish","format-standard","has-post-thumbnail","hentry","category-politics","tag-digi24"],"_links":{"self":[{"href":"https:\/\/analyse.optim.biz\/index.php?rest_route=\/wp\/v2\/posts\/180632","targetHints":{"allow":["GET"]}}],"collection":[{"href":"https:\/\/analyse.optim.biz\/index.php?rest_route=\/wp\/v2\/posts"}],"about":[{"href":"https:\/\/analyse.optim.biz\/index.php?rest_route=\/wp\/v2\/types\/post"}],"author":[{"embeddable":true,"href":"https:\/\/analyse.optim.biz\/index.php?rest_route=\/wp\/v2\/users\/1"}],"replies":[{"embeddable":true,"href":"https:\/\/analyse.optim.biz\/index.php?rest_route=%2Fwp%2Fv2%2Fcomments&post=180632"}],"version-history":[{"count":0,"href":"https:\/\/analyse.optim.biz\/index.php?rest_route=\/wp\/v2\/posts\/180632\/revisions"}],"wp:featuredmedia":[{"embeddable":true,"href":"https:\/\/analyse.optim.biz\/index.php?rest_route=\/wp\/v2\/media\/180633"}],"wp:attachment":[{"href":"https:\/\/analyse.optim.biz\/index.php?rest_route=%2Fwp%2Fv2%2Fmedia&parent=180632"}],"wp:term":[{"taxonomy":"category","embeddable":true,"href":"https:\/\/analyse.optim.biz\/index.php?rest_route=%2Fwp%2Fv2%2Fcategories&post=180632"},{"taxonomy":"post_tag","embeddable":true,"href":"https:\/\/analyse.optim.biz\/index.php?rest_route=%2Fwp%2Fv2%2Ftags&post=180632"}],"curies":[{"name":"wp","href":"https:\/\/api.w.org\/{rel}","templated":true}]}}