{"id":180621,"date":"2015-06-02T17:12:44","date_gmt":"2015-06-02T14:12:44","guid":{"rendered":"https:\/\/analyse.optim.biz\/?p=180621"},"modified":"2015-06-02T17:12:44","modified_gmt":"2015-06-02T14:12:44","slug":"victor-ponta-si-ludovic-orban-contre-in-parlament-privind-economia-romaniei","status":"publish","type":"post","link":"https:\/\/analyse.optim.biz\/?p=180621","title":{"rendered":"Victor Ponta \u0219i Ludovic Orban, contre \u00een Parlament privind economia Rom\u00e2niei"},"content":{"rendered":"<div class=\"entry data-app-meta data-app-meta-article\" data-embed-base-url-canonical=\"https:\/\/www.digi24.ro\/embed\/stiri\/actualitate\/politica\/victor-ponta-si-ludovic-orban-contre-in-parlament-privind-economia-romaniei-399056\">\n<p data-index=\"1\">\u00cen completarea discursului s\u0103u, premierul a distribuit un material \u00een care sunt prezentate date privind evolu\u0163ia economiei, dar \u015fi un capitol privind \u201ePericole pentru dezvoltarea Rom\u00e2niei\u201d, \u00een care este indicat\u0103 capcana populismului, este men\u0163ionat\u0103\u00a0dublarea aloca\u0163iilor pentru copii \u015fi este precizat \u00een acest context c\u0103 Guvernul nu va mai accepta m\u0103suri f\u0103r\u0103 a avea un calcul privind impactul bugetar al acestora.<\/p>\n<div class=\"fb-post\">\n<div class=\"fb-xfbml-parse-ignore\">\n<blockquote cite=\"https:\/\/www.facebook.com\/media\/set\/?set=a.963754390331115.1073742247.150967671609795&amp;type=1\">\n<p data-index=\"3\">Situa\u021bia economic\u0103 a Rom\u00e2niei (iunie 2015) \u00cencredere \u00een cre\u0219tere &#8211; solu\u021bii \u0219i perspective pentru bun\u0103starea rom\u00e2nilor!<\/p>\n<p>Posted by <a href=\"https:\/\/www.facebook.com\/victor.ponta\" data-skip-linkfix=\"1\">Victor Ponta<\/a> on <a href=\"https:\/\/www.facebook.com\/media\/set\/?set=a.963754390331115.1073742247.150967671609795&amp;type=1\" data-skip-linkfix=\"1\">Tuesday, June 2, 2015<\/a><\/p><\/blockquote>\n<\/div>\n<\/div>\n<p data-index=\"4\">\u201eAvem cre\u015ftere s\u0103n\u0103toas\u0103, suntem preg\u0103ti\u0163i de Euro, suntem primul Guvern care transfer\u0103 major bun\u0103stare spre cei cu venituri mici, dar trebuie s\u0103 fim aten\u0163i la capcana populismului! Aplic\u0103m cre\u015fterea aloca\u0163iilor, pentru c\u0103 am identificat bani (noi am g\u0103sit banii\u2013liberalii nu ne-au dat solu\u0163ii), dar trebuie s\u0103 fim aten\u0163i la alte situa\u0163ii riscante! Nu vom mai accepta m\u0103suri structurale f\u0103r\u0103 a\u00a0avea un calcul privind impactul bugetar al acestora\u201d, se arat\u0103 \u00een document<\/p>\n<p data-index=\"5\">El s-a referit \u015fi la o eventual\u0103 instabilitate politic\u0103 a \u0163\u0103rii, ar\u0103t\u00e2nd \u00eens\u0103 c\u0103 este convins c\u0103 Guvernul \u015fi Parlamentul \u00ee\u015fi vor continua p\u00e2n\u0103 la termen mandatul, \u015fi a insistat asupra faptului c\u0103 Guvernul a aplicat un program al Uniunii Social-Liberale.<\/p>\n<h5>Ludovic Orban: A\u021bi fost c\u0103l\u0103ul capitalului rom\u00e2nesc<\/h5>\n<p data-index=\"6\">\u00cen replic\u0103, deputatul PNL Ludovic Orban a spus c\u0103 Victor Ponta a f\u0103cut parte din Guvernul Boc \u00een \u201eanul de gra\u021bie 2009\u201d, atunci c\u00e2nd Rom\u00e2nia a luat un credit de la FMI.<\/p>\n<p data-index=\"7\">\u201e<span>Dar probabil nu v\u0103 aduce\u021bi aminte, pentru c\u0103 activitatea dumneavostr\u0103 \u00een Guvern era zero\u201d, i s-a adresat deputat liberal lui Victor Ponta.<\/span><\/p>\n<p data-index=\"8\">\u201e<span>Gradul de \u00eendatorare al Rom\u00e2niei a crescut de c\u00e2nd a\u021bi venit dvs. la putere, ar fi trebuit s\u0103 creasc\u0103 pe proiecte de investi\u021bii, pentru asigurarea dezvolt\u0103rii economice, \u00een conformitate cu legea autorit\u0103\u021bilor locale, \u00een timp ce dvs. a\u021bi folosit ace\u0219ti bani din \u00eemprumuturi\u201d, a mai spus Ludovic Orban.<\/span><\/p>\n<p data-index=\"9\">\u201e<span>\u00cen Rom\u00e2nia, dup\u0103 trei ani de guvernare Ponta, peste 8,6 milioane de rom\u00e2ni sunt sub pragul s\u0103r\u0103ciei\u201d, a ad\u0103ugat el, acuz\u00e2ndu-l pe Victor Ponta c\u0103 \u00ee\u0219i aduce aminte de ei doar \u00een campania electoral\u0103.<\/span><\/p>\n<p data-index=\"10\">Ludovic Orban a mai spus c\u0103 \u00een Rom\u00e2nia exist\u0103 sub 6 milioane de angaja\u021bi \u0219i c\u0103 peste 3 milioane de rom\u00e2ni au p\u0103r\u0103sit \u021bara.<\/p>\n<p data-index=\"11\">\u201e<span>A\u021bi fost c\u0103l\u0103ul capitalului rom\u00e2nesc. De c\u00e2nd sunte\u021bi prim ministru, peste 370.000 de firme s-au \u00eenchis. \u00cen 2014 au sc\u0103zut investi\u021biile publice, \u00een acest an, \u00een primul trimestru, ave\u021bi investi\u021bii mai mici fa\u021b\u0103 de 2014\u201d, a subliniat deputatul liberal.<\/span>\u00a0<\/p>\n<p data-index=\"12\">\u201e<span>Ora prim-ministrului\u201d a fost introdus\u0103 \u00een Regulamentul Camerei Deputa\u021bilor luna trecut\u0103 \u0219i const\u0103 \u00een prezen\u021ba premierului \u00een prima zi de luni din fiecare lun\u0103 calendaristic\u0103 pentru o dezbatere pe o anumit\u0103 tem\u0103 stabilit\u0103 de grupurile parlamentare.\u00a0<\/span><\/p>\n<p data-index=\"13\">Ludovic Orban a mai spus c\u0103 rom\u00e2nii trebuie s\u0103 simt\u0103 cre\u0219terea economic\u0103 \u00een buzunar, amintind c\u0103 venitul unei familii de rom\u00e2ni \u0219i puterea real\u0103 de cump\u0103rare au sc\u0103zut.<\/p>\n<p data-index=\"14\">\u201e<span>Unde se duc rezultatele cre\u0219terii economice? \u00cen niciun caz \u00een buzunarele rom\u00e2nilor\u201d, a men\u021bionat acesta.<\/span><\/p>\n<p data-index=\"15\">Deputatul a ad\u0103ugat c\u0103 este nevoie \u0219i de predictibilitate pentru investitorii str\u0103ini.<\/p>\n<p data-index=\"16\">\u201e<span>Din p\u0103cate, nici prietenii dumneavoastr\u0103 &#8211; chinezii &#8211; nu mai vin s\u0103 investeasc\u0103 \u00een Rom\u00e2nia\u201d, a spus Ludovic Orban.<\/span><\/p>\n<p data-index=\"17\">El a vorbit despre controversele create \u00een jurul impozit\u0103rii bac\u0219i\u0219ului, accizei la combustibil sau taxei pe construc\u021bii speciale.<\/p>\n<\/div>\n<p> Source URL: https:\/\/www.digi24.ro\/stiri\/actualitate\/politica\/victor-ponta-si-ludovic-orban-contre-in-parlament-privind-economia-romaniei-399056<\/p>\n","protected":false},"excerpt":{"rendered":"<p>\u00cen completarea discursului s\u0103u, premierul a distribuit un material \u00een care sunt prezentate date privind evolu\u0163ia economiei, dar \u015fi un capitol privind \u201ePericole pentru dezvoltarea Rom\u00e2niei\u201d, \u00een care este indicat\u0103 capcana populismului, este men\u0163ionat\u0103\u00a0dublarea aloca\u0163iilor pentru copii \u015fi este precizat \u00een acest context c\u0103 Guvernul nu va mai accepta m\u0103suri f\u0103r\u0103 a avea un calcul [&hellip;]<\/p>\n","protected":false},"author":1,"featured_media":180622,"comment_status":"open","ping_status":"","sticky":false,"template":"","format":"standard","meta":{"footnotes":""},"categories":[2],"tags":[11],"class_list":["post-180621","post","type-post","status-publish","format-standard","has-post-thumbnail","hentry","category-politics","tag-digi24"],"_links":{"self":[{"href":"https:\/\/analyse.optim.biz\/index.php?rest_route=\/wp\/v2\/posts\/180621","targetHints":{"allow":["GET"]}}],"collection":[{"href":"https:\/\/analyse.optim.biz\/index.php?rest_route=\/wp\/v2\/posts"}],"about":[{"href":"https:\/\/analyse.optim.biz\/index.php?rest_route=\/wp\/v2\/types\/post"}],"author":[{"embeddable":true,"href":"https:\/\/analyse.optim.biz\/index.php?rest_route=\/wp\/v2\/users\/1"}],"replies":[{"embeddable":true,"href":"https:\/\/analyse.optim.biz\/index.php?rest_route=%2Fwp%2Fv2%2Fcomments&post=180621"}],"version-history":[{"count":0,"href":"https:\/\/analyse.optim.biz\/index.php?rest_route=\/wp\/v2\/posts\/180621\/revisions"}],"wp:featuredmedia":[{"embeddable":true,"href":"https:\/\/analyse.optim.biz\/index.php?rest_route=\/wp\/v2\/media\/180622"}],"wp:attachment":[{"href":"https:\/\/analyse.optim.biz\/index.php?rest_route=%2Fwp%2Fv2%2Fmedia&parent=180621"}],"wp:term":[{"taxonomy":"category","embeddable":true,"href":"https:\/\/analyse.optim.biz\/index.php?rest_route=%2Fwp%2Fv2%2Fcategories&post=180621"},{"taxonomy":"post_tag","embeddable":true,"href":"https:\/\/analyse.optim.biz\/index.php?rest_route=%2Fwp%2Fv2%2Ftags&post=180621"}],"curies":[{"name":"wp","href":"https:\/\/api.w.org\/{rel}","templated":true}]}}