{"id":1806181,"date":"2026-03-04T08:43:36","date_gmt":"2026-03-04T05:43:36","guid":{"rendered":"https:\/\/analyse.optim.biz\/?p=1806181"},"modified":"2026-03-04T08:43:36","modified_gmt":"2026-03-04T05:43:36","slug":"culisele-creatiei-facultatea-de-arte-si-design-din-cadrul-uvt-isi-deschide-atelierele-pentru-comunitate-in-cadrul-open-studios","status":"publish","type":"post","link":"https:\/\/analyse.optim.biz\/?p=1806181","title":{"rendered":"Culisele crea\u021biei: Facultatea de Arte \u0219i Design din cadrul UVT \u00ee\u0219i deschide atelierele pentru comunitate \u00een cadrul \u201eOpen Studios\u201d"},"content":{"rendered":"<p>[analyse_image type=&#8221;featured&#8221; src=&#8221;https:\/\/www.banatulazi.ro\/wp-content\/uploads\/2026\/03\/landscape_poster_openstudios2026-1536&#215;864-1.jpg&#8221;]<\/p>\n<div class=\"td_block_wrap tdb_single_content tdi_64 td-pb-border-top td_block_template_1 td-post-content tagdiv-type\" data-td-block-uid=\"tdi_64\">\n<div class=\"tdb-block-inner td-fix-index\">\n<p>Dincolo de u\u0219ile grele ale atelierelor, acolo unde mirosul de terebentin\u0103 se \u00eent\u00e2lne\u0219te cu zgomotul imprimantelor 3D \u0219i fo\u0219netul materialelor textile, se nasc ast\u0103zi conceptele care vor defini estetica de m\u00e2ine.<br \/><strong><br \/>\n\u00cen aceast\u0103 atmosfer\u0103 dinamic\u0103, Facultatea de Arte \u0219i Design din cadrul Universit\u0103\u021bii de Vest din Timi\u0219oara (FAD-UVT) invit\u0103 publicul larg s\u0103 treac\u0103 pragul acestui univers fascinant, joi, 5 martie 2026, \u00een intervalul orar 12:00 \u2013 19:00, pentru a participa la experien\u021bele artistice propuse prin programul \u201eOpen Studios\u201d.<\/strong><\/p>\n<p>Evenimentul \u201eOpen Studios\u201d nu este doar o simpl\u0103 prezentare de portofoliu; este o experien\u021b\u0103 imersiv\u0103 \u00een inima procesului artistic. Timp de \u0219apte ore, bariera dintre public \u0219i creator dispare. Vizitatorii vor putea parcurge un traseu sinuos printre \u0219evalete, prese de grafic\u0103 \u0219i ecrane digitale, descoperind ce \u00eenseamn\u0103 cu adev\u0103rat rigoarea \u0219i pasiunea educa\u021biei artistice contemporane.<br \/><a href=\"https:\/\/www.banatulazi.ro\/wp-content\/uploads\/2026\/03\/coverartepanoramic26-1536x569-1.jpg\"><img loading=\"lazy\" decoding=\"async\" src=\"https:\/\/www.banatulazi.ro\/wp-content\/uploads\/2026\/03\/coverartepanoramic26-1536x569-1-300x111.jpg\" alt width=\"300\" height=\"111\" class=\"alignnone size-medium wp-image-407999\"><\/a><br \/>\nProf. univ. dr. Diana Andreescu, decana Facult\u0103\u021bii de Arte \u0219i Design UVT, subliniaz\u0103 importan\u021ba acestui dialog deschis cu societatea:<br \/><em>\u201eOpen Studios reprezint\u0103 pentru noi mai mult dec\u00e2t un eveniment de vizitare; este o declara\u021bie de transparen\u021b\u0103 \u0219i o invita\u021bie la cunoa\u0219tere. Ne dorim ca ora\u0219ul s\u0103 vad\u0103 nu doar expozi\u021bia final\u0103, ci efortul intelectual \u0219i tehnic care fundamenteaz\u0103 fiecare gest artistic. Este un moment \u00een care celebr\u0103m expertiza colegilor no\u0219tri \u0219i, mai ales, curajul studen\u021bilor de a-\u0219i expune procesul de lucru \u00een fa\u021ba comunit\u0103\u021bii. Arta nu este un produs izolat, ci o form\u0103 vie de leadership cultural care are puterea de a inspira \u0219i de a modela viitorul.\u201d<\/em><\/p>\n<p>Programul evenimentului reflect\u0103 dinamismul curriculei FAD, acoperind \u00eentreg spectrul formativ:<br \/>\n\u00b7De la Fundamente la Inova\u021bie: Studen\u021bii de la programele de licen\u021b\u0103 vor prezenta explor\u0103rile lor \u00een limbaj vizual, \u00een timp ce tinerii de la programele de studii de masterat vor introduce publicul \u00een zone mai complexe de cercetare artistic\u0103 \u0219i concepte de avangard\u0103;<br \/>\n\u00b7Diversitate Disciplinar\u0103: Vor fi deschise atelierele tuturor specializ\u0103rilor \u2013 de la tradi\u021bia Picturii, Sculpturii \u0219i Graficii, p\u00e2n\u0103 la aplicabilitatea Designului (Produs, Grafic, Interior), Arte Decorative, Design Vestimentar-Mod\u0103, Foto-Video sau exigen\u021bele Conserv\u0103rii \u0219i Restaur\u0103rii.<br \/>\n\u00b7<br \/>\nEvenimentul este o invita\u021bie deschis\u0103 c\u0103tre dialog pentru viitorii candida\u021bi, pentru profesioni\u0219tii din industriile creative \u0219i pentru to\u021bi cei care vor s\u0103 \u00een\u021beleag\u0103 modul \u00een care arta r\u0103spunde provoc\u0103rilor prezentului. \u00centr-o lume tot mai digitalizat\u0103, \u201eOpen Studios\u201d reaminte\u0219te comunit\u0103\u021bii importan\u021ba g\u00e2ndirii critice prin imagine \u0219i valoarea materialit\u0103\u021bii artistice.<\/p>\n<p>Detalii Eveniment:<br \/>\n\u00b7Dat\u0103: 5 Martie 2026<br \/>\n\u00b7Interval orar: 12:00 \u2013 19:00<br \/>\n\u00b7Loca\u021bie: Sediul Facult\u0103\u021bii de Arte \u0219i Design UVT | str. Oituz nr. Timisoara<br \/>\n\u00b7Acces: Liber<br \/>\nV\u0103 a\u0219tept\u0103m s\u0103 descoperi\u021bi unde \u00eencepe arta.<\/p>\n<p>Despre Facultatea de Arte \u0219i Design (UVT):<br \/>\nFAD-UVT este unul dintre cei mai importan\u021bi poli de formare artistic\u0103 din Rom\u00e2nia, promov\u00e2nd o viziune interdisciplinar\u0103 care \u00eembin\u0103 tehnicile tradi\u021bionale cu noile medii de exprimare, preg\u0103tind profesioni\u0219ti pentru scena cultural\u0103 interna\u021bional\u0103 \u0219i industriile creative.<br \/><a href=\"https:\/\/www.banatulazi.ro\/wp-content\/uploads\/2026\/03\/landscape_program_openstudios2026-1536x864-1.jpg\"><img loading=\"lazy\" decoding=\"async\" src=\"https:\/\/www.banatulazi.ro\/wp-content\/uploads\/2026\/03\/landscape_program_openstudios2026-1536x864-1-300x169.jpg\" alt width=\"300\" height=\"169\" class=\"alignnone size-medium wp-image-408000\"><\/a><\/p>\n<\/div>\n<\/div>\n<p>[analyse_source url=&#8221;https:\/\/www.banatulazi.ro\/culisele-creatiei-facultatea-de-arte-si-design-din-cadrul-uvt-isi-deschide-atelierele-pentru-comunitate-in-cadrul-open-studios\/&#8221;]<\/p>\n","protected":false},"excerpt":{"rendered":"<p>[analyse_image type=&#8221;featured&#8221; src=&#8221;https:\/\/www.banatulazi.ro\/wp-content\/uploads\/2026\/03\/landscape_poster_openstudios2026-1536&#215;864-1.jpg&#8221;] Dincolo de u\u0219ile grele ale atelierelor, acolo unde mirosul de terebentin\u0103 se \u00eent\u00e2lne\u0219te cu zgomotul imprimantelor 3D \u0219i fo\u0219netul materialelor textile, se nasc ast\u0103zi conceptele care vor defini estetica de m\u00e2ine. \u00cen aceast\u0103 atmosfer\u0103 dinamic\u0103, Facultatea de Arte \u0219i Design din cadrul Universit\u0103\u021bii de Vest din Timi\u0219oara (FAD-UVT) invit\u0103 publicul larg s\u0103 [&hellip;]<\/p>\n","protected":false},"author":1,"featured_media":0,"comment_status":"open","ping_status":"","sticky":false,"template":"","format":"standard","meta":{"footnotes":""},"categories":[89],"tags":[185,226],"class_list":["post-1806181","post","type-post","status-publish","format-standard","hentry","category-romania","tag-banatulazi-ro","tag-crawlmanager"],"_links":{"self":[{"href":"https:\/\/analyse.optim.biz\/index.php?rest_route=\/wp\/v2\/posts\/1806181","targetHints":{"allow":["GET"]}}],"collection":[{"href":"https:\/\/analyse.optim.biz\/index.php?rest_route=\/wp\/v2\/posts"}],"about":[{"href":"https:\/\/analyse.optim.biz\/index.php?rest_route=\/wp\/v2\/types\/post"}],"author":[{"embeddable":true,"href":"https:\/\/analyse.optim.biz\/index.php?rest_route=\/wp\/v2\/users\/1"}],"replies":[{"embeddable":true,"href":"https:\/\/analyse.optim.biz\/index.php?rest_route=%2Fwp%2Fv2%2Fcomments&post=1806181"}],"version-history":[{"count":0,"href":"https:\/\/analyse.optim.biz\/index.php?rest_route=\/wp\/v2\/posts\/1806181\/revisions"}],"wp:attachment":[{"href":"https:\/\/analyse.optim.biz\/index.php?rest_route=%2Fwp%2Fv2%2Fmedia&parent=1806181"}],"wp:term":[{"taxonomy":"category","embeddable":true,"href":"https:\/\/analyse.optim.biz\/index.php?rest_route=%2Fwp%2Fv2%2Fcategories&post=1806181"},{"taxonomy":"post_tag","embeddable":true,"href":"https:\/\/analyse.optim.biz\/index.php?rest_route=%2Fwp%2Fv2%2Ftags&post=1806181"}],"curies":[{"name":"wp","href":"https:\/\/api.w.org\/{rel}","templated":true}]}}