{"id":180618,"date":"2015-06-02T17:39:56","date_gmt":"2015-06-02T14:39:56","guid":{"rendered":"https:\/\/analyse.optim.biz\/?p=180618"},"modified":"2015-06-02T17:39:56","modified_gmt":"2015-06-02T14:39:56","slug":"gabriela-firea-liberalii-dau-dovada-de-un-comportament-nedemn-pentru-un-partid-politic","status":"publish","type":"post","link":"https:\/\/analyse.optim.biz\/?p=180618","title":{"rendered":"Gabriela Firea: Liberalii dau dovad\u0103 de un comportament nedemn pentru un partid politic"},"content":{"rendered":"<div class=\"entry data-app-meta data-app-meta-article\" data-embed-base-url-canonical=\"https:\/\/www.digi24.ro\/embed\/stiri\/actualitate\/politica\/gabriela-firea-liberalii-dau-dovada-de-un-comportament-nedemn-pentru-un-partid-politic-399077\">\n<p data-index=\"1\"><img decoding=\"async\" src=\"https:\/\/analyse.optim.biz\/wp-content\/uploads\/2024\/09\/otrlmzy2zdk3mjc5mzu1mdy4nge2zjhhotu-thumb_.jpg\" data-skip-htmlfix=\"1\" title=\"otrlmzy2zdk3mjc5mzu1mdy4nge2zjhhotu-thumb_\"><\/p>\n<p data-index=\"2\"><span><em><strong>Foto: Facebook<\/strong><\/em><\/span><\/p>\n<p data-index=\"3\">\u201e<em>Liberalii dau din ce \u00een ce mai mult dovad\u0103 de un comportament pueril \u015fi nedemn pentru un partid politic ce sus\u0163ine c\u0103 dore\u015fte s\u0103 ajung\u0103 la guvernare. Atunci c\u00e2nd nu se opun m\u0103surilor introduse de Parlament sau de Guvernul Ponta, inventeaz\u0103 tot felul de scenarii \u015fi lanseaz\u0103 dezinform\u0103ri. Ultima astfel de minciun\u0103 sus\u0163ine c\u0103 s-ar dori blocarea dubl\u0103rii aloca\u0163iilor pentru copii. (&#8230;) Drepturile copiilor nu sunt negociabile &#8211; nu ne juc\u0103m cu soarta lor \u015fi a p\u0103rin\u0163ilor! Doamna Gorghiu trebuie s\u0103 \u00een\u0163eleag\u0103 faptul c\u0103 lucrurile nu mai merg ca pe vremea actualilor ei colegi din PDL, care au adus \u00een pragul s\u0103r\u0103ciei extreme sute de mii de familii, inclusiv pe copiii acestora, prin m\u0103surile pe care le-au luat<\/em>\u201d, a declarat Gabriela Firea, potrivit psd.ro.<\/p>\n<\/div>\n<p> Source URL: https:\/\/www.digi24.ro\/stiri\/actualitate\/politica\/gabriela-firea-liberalii-dau-dovada-de-un-comportament-nedemn-pentru-un-partid-politic-399077<\/p>\n","protected":false},"excerpt":{"rendered":"<p>Foto: Facebook \u201eLiberalii dau din ce \u00een ce mai mult dovad\u0103 de un comportament pueril \u015fi nedemn pentru un partid politic ce sus\u0163ine c\u0103 dore\u015fte s\u0103 ajung\u0103 la guvernare. Atunci c\u00e2nd nu se opun m\u0103surilor introduse de Parlament sau de Guvernul Ponta, inventeaz\u0103 tot felul de scenarii \u015fi lanseaz\u0103 dezinform\u0103ri. Ultima astfel de minciun\u0103 sus\u0163ine [&hellip;]<\/p>\n","protected":false},"author":1,"featured_media":180619,"comment_status":"open","ping_status":"","sticky":false,"template":"","format":"standard","meta":{"footnotes":""},"categories":[2],"tags":[11],"class_list":["post-180618","post","type-post","status-publish","format-standard","has-post-thumbnail","hentry","category-politics","tag-digi24"],"_links":{"self":[{"href":"https:\/\/analyse.optim.biz\/index.php?rest_route=\/wp\/v2\/posts\/180618","targetHints":{"allow":["GET"]}}],"collection":[{"href":"https:\/\/analyse.optim.biz\/index.php?rest_route=\/wp\/v2\/posts"}],"about":[{"href":"https:\/\/analyse.optim.biz\/index.php?rest_route=\/wp\/v2\/types\/post"}],"author":[{"embeddable":true,"href":"https:\/\/analyse.optim.biz\/index.php?rest_route=\/wp\/v2\/users\/1"}],"replies":[{"embeddable":true,"href":"https:\/\/analyse.optim.biz\/index.php?rest_route=%2Fwp%2Fv2%2Fcomments&post=180618"}],"version-history":[{"count":0,"href":"https:\/\/analyse.optim.biz\/index.php?rest_route=\/wp\/v2\/posts\/180618\/revisions"}],"wp:featuredmedia":[{"embeddable":true,"href":"https:\/\/analyse.optim.biz\/index.php?rest_route=\/wp\/v2\/media\/180619"}],"wp:attachment":[{"href":"https:\/\/analyse.optim.biz\/index.php?rest_route=%2Fwp%2Fv2%2Fmedia&parent=180618"}],"wp:term":[{"taxonomy":"category","embeddable":true,"href":"https:\/\/analyse.optim.biz\/index.php?rest_route=%2Fwp%2Fv2%2Fcategories&post=180618"},{"taxonomy":"post_tag","embeddable":true,"href":"https:\/\/analyse.optim.biz\/index.php?rest_route=%2Fwp%2Fv2%2Ftags&post=180618"}],"curies":[{"name":"wp","href":"https:\/\/api.w.org\/{rel}","templated":true}]}}