{"id":180609,"date":"2015-06-02T21:40:51","date_gmt":"2015-06-02T18:40:51","guid":{"rendered":"https:\/\/analyse.optim.biz\/?p=180609"},"modified":"2015-06-02T21:40:51","modified_gmt":"2015-06-02T18:40:51","slug":"pnl-contesta-la-curtea-constitutionala-procedura-in-cazul-sova","status":"publish","type":"post","link":"https:\/\/analyse.optim.biz\/?p=180609","title":{"rendered":"PNL contest\u0103 la Curtea Constitu\u021bional\u0103 procedura \u00een cazul \u015eova"},"content":{"rendered":"<div class=\"entry data-app-meta data-app-meta-article\" data-embed-base-url-canonical=\"https:\/\/www.digi24.ro\/embed\/stiri\/actualitate\/politica\/pnl-contesta-la-curtea-constitutionala-procedura-in-cazul-sova-399194\">\n<p data-index=\"1\"><img decoding=\"async\" src=\"https:\/\/analyse.optim.biz\/wp-content\/uploads\/2024\/09\/ptc2y2ixntlkyjjmywu5nmuwzmrjmdu1zmuyzdi0zwnj-thumb_.jpg\" data-skip-htmlfix=\"1\" title=\"ptc2y2ixntlkyjjmywu5nmuwzmrjmdu1zmuyzdi0zwnj-thumb_\"><\/p>\n<p data-index=\"2\"><span><em><strong>Foto: Mediafax<\/strong><\/em><\/span><\/p>\n<p data-index=\"3\">\u201e<strong>Vom depune contesta\u0163ie pentru c\u0103 nu este normal s\u0103 se reinterpreteze rezultatul votului din 25 martie. Din p\u0103cate, con\u015ftiin\u0163a senatorilor PSD s-a modificat de pe 25 martie p\u00e2n\u0103 pe 2 iunie. Atunci mai mul\u0163i au votat pentru aceast\u0103 cerere, acum mai pu\u0163ini, dar, dup\u0103 cum a\u0163i v\u0103zut, au votat \u015fi \u00een alte grupuri, nu numai de la PNL<\/strong>\u201d, a declarat senatorul liberal Mario Oprea, dup\u0103 terminarea \u015fedin\u0163ei \u00een plen.<\/p>\n<p data-index=\"4\">Oprea a mai spus c\u0103 depunerea contesta\u0163iei \u201ese va desf\u0103\u015fura rapid. Vom str\u00e2nge semn\u0103turile necesare \u015fi, \u00een acel moment, o vom depune\u201d, a men\u0163ionat el.<\/p>\n<p data-index=\"5\">\u201e<strong>Rezultatul votului nu poate fi contestat, dar procedura \u00een sine, a\u015fa cum s-a spus ast\u0103zi \u00een plen nu era aceasta cea care trebuia urmat\u0103<\/strong>, anume s\u0103 se reia un vot ce deja fusese dat. Niciodat\u0103 nu s-a reluat votul. Din acest moment am creat un precedent, cre\u0103m un haos \u00een Senat, de c\u00e2te ori cineva va dori reluarea votului o va putea face pentru c\u0103 va invoca exemplul de ast\u0103zi, c\u00e2nd s-a reluat votul, pe motiv c\u0103 plenul este suveran\u201d, a declarat senatorul liberal.<\/p>\n<p data-index=\"6\">\u201eCurtea Constitu\u0163ional\u0103 va decide dac\u0103 acest lucru respect\u0103 prevederile constitu\u0163ionale. Noi suntem convin\u015fi c\u0103 a fost acel vot care le convenea\u201d, a mai spus Oprea.<\/p>\n<p data-index=\"7\"><strong>Senatul a respins cererea DNA de \u00eencuviin\u0163are a re\u0163inerii \u015fi arest\u0103rii preventive a senatorului Dan \u015eova<\/strong>, fiind \u00eenregistrate <strong>66 de voturi \u201epentru\u201d \u015fi 72 \u201e\u00eempotriv\u0103\u201d.<\/strong><\/p>\n<p data-index=\"8\">Anterior votului din plenul Senatului, senatorul Mario Oprea a precizat c\u0103 votul \u00een cazul \u015eova s-a dat pe 25 martie, iar motivarea Cur\u0163ii Constitu\u0163ionale nu se refer\u0103 la votul dat atunci.<\/p>\n<p data-index=\"9\">\u015ei pre\u015fedintele Comisiei juridice,\u00a0C\u0103t\u0103lin Boboc, a anun\u0163at \u00een timpul dezbaterilor din plen c\u0103 PNL va contesta procedura la Curtea Constitu\u021bional\u0103.<\/p>\n<\/div>\n<p> Source URL: https:\/\/www.digi24.ro\/stiri\/actualitate\/politica\/pnl-contesta-la-curtea-constitutionala-procedura-in-cazul-sova-399194<\/p>\n","protected":false},"excerpt":{"rendered":"<p>Foto: Mediafax \u201eVom depune contesta\u0163ie pentru c\u0103 nu este normal s\u0103 se reinterpreteze rezultatul votului din 25 martie. Din p\u0103cate, con\u015ftiin\u0163a senatorilor PSD s-a modificat de pe 25 martie p\u00e2n\u0103 pe 2 iunie. Atunci mai mul\u0163i au votat pentru aceast\u0103 cerere, acum mai pu\u0163ini, dar, dup\u0103 cum a\u0163i v\u0103zut, au votat \u015fi \u00een alte grupuri, [&hellip;]<\/p>\n","protected":false},"author":1,"featured_media":180610,"comment_status":"open","ping_status":"","sticky":false,"template":"","format":"standard","meta":{"footnotes":""},"categories":[2],"tags":[11],"class_list":["post-180609","post","type-post","status-publish","format-standard","has-post-thumbnail","hentry","category-politics","tag-digi24"],"_links":{"self":[{"href":"https:\/\/analyse.optim.biz\/index.php?rest_route=\/wp\/v2\/posts\/180609","targetHints":{"allow":["GET"]}}],"collection":[{"href":"https:\/\/analyse.optim.biz\/index.php?rest_route=\/wp\/v2\/posts"}],"about":[{"href":"https:\/\/analyse.optim.biz\/index.php?rest_route=\/wp\/v2\/types\/post"}],"author":[{"embeddable":true,"href":"https:\/\/analyse.optim.biz\/index.php?rest_route=\/wp\/v2\/users\/1"}],"replies":[{"embeddable":true,"href":"https:\/\/analyse.optim.biz\/index.php?rest_route=%2Fwp%2Fv2%2Fcomments&post=180609"}],"version-history":[{"count":0,"href":"https:\/\/analyse.optim.biz\/index.php?rest_route=\/wp\/v2\/posts\/180609\/revisions"}],"wp:featuredmedia":[{"embeddable":true,"href":"https:\/\/analyse.optim.biz\/index.php?rest_route=\/wp\/v2\/media\/180610"}],"wp:attachment":[{"href":"https:\/\/analyse.optim.biz\/index.php?rest_route=%2Fwp%2Fv2%2Fmedia&parent=180609"}],"wp:term":[{"taxonomy":"category","embeddable":true,"href":"https:\/\/analyse.optim.biz\/index.php?rest_route=%2Fwp%2Fv2%2Fcategories&post=180609"},{"taxonomy":"post_tag","embeddable":true,"href":"https:\/\/analyse.optim.biz\/index.php?rest_route=%2Fwp%2Fv2%2Ftags&post=180609"}],"curies":[{"name":"wp","href":"https:\/\/api.w.org\/{rel}","templated":true}]}}