{"id":1805900,"date":"2026-03-03T05:43:06","date_gmt":"2026-03-03T02:43:06","guid":{"rendered":"https:\/\/analyse.optim.biz\/?p=1805900"},"modified":"2026-03-03T05:43:06","modified_gmt":"2026-03-03T02:43:06","slug":"primaria-poiana-stampei-continua-investitiile-in-educatie-un-nou-corp-de-scoala-cu-amfiteatru-modern","status":"publish","type":"post","link":"https:\/\/analyse.optim.biz\/?p=1805900","title":{"rendered":"Prim\u0103ria Poiana Stampei continu\u0103 investi\u021biile \u00een educa\u021bie. Un nou corp de \u0219coal\u0103 cu amfiteatru modern,"},"content":{"rendered":"<p>[analyse_image type=&#8221;featured&#8221; src=&#8221;https:\/\/suceavalive.ro\/wp-content\/uploads\/2026\/03\/corp-scoala-poiana-stampei-1.pnghttps:\/\/suceavalive.ro\/wp-content\/uploads\/2026\/03\/corp-scoala-poiana-stampei-1.png&#8221;]<\/p>\n<article id=\"post-288272\" class=\"clearfix post-288272 post type-post status-publish format-standard has-post-thumbnail hentry category-administratie category-slide\">\n<header id=\"cb-standard-featured\">\n<div id=\"cb-fis-wrap\" class=\"cb-entry-header cb-fis cb-style-standard\"><span class=\"cb-title-fi\"><\/p>\n<h1 class=\"entry-title cb-entry-title cb-single-title\">Prim\u0103ria Poiana Stampei continu\u0103 investi\u021biile \u00een educa\u021bie. Un nou corp de \u0219coal\u0103 cu amfiteatru modern, construit cu fonduri europene<\/h1>\n<div class=\"cb-byline cb-font-header\">\n<div class=\"cb-date cb-byline-element\"><time datetime=\"2026-03-03\">3 martie 2026<\/time><\/div>\n<\/div>\n<p><\/span><\/div>\n<\/header>\n<section class=\"cb-entry-content entry-content clearfix\">\n<p><span>Continu\u0103 investi\u021biile \u00een educa\u021bie, la Poiana Stampei, comun\u0103 care se m\u00e2ndre\u0219te deja cu o infrastructur\u0103 \u0219colar\u0103 de excep\u021bie. Aici, la Poarta de intrare \u00een Bucovina, exist\u0103 o gr\u0103dini\u021b\u0103 cu program prelungit modern\u0103, finan\u021bat\u0103 prin AFIR, o \u0219coal\u0103 integral reabilitat\u0103 prin POR, o sal\u0103 de sport cu piscin\u0103 \u0219i sal\u0103 de gimnastic\u0103, un teren de sport sintetic \u0219i un teren cu pist\u0103 pentru atletism, toate construite cu fonduri europene. Acestui peisaj educa\u021bional i se adaug\u0103 o cre\u0219\u0103 aflat\u0103 \u00een construc\u021bie prin CNI \u0219i dot\u0103ri de ultim\u0103 genera\u021bie asigurate prin PNRR. Tuturor acestora li se va al\u0103tura un nou corp de \u0219coal\u0103 modern \u0219i bine dotat ce va dispune inclusiv de un amfiteatru.<\/span><\/p>\n<p><span>\u00cen acest sens, primarul Vilu\u021b Mezdrea a semnat, la ADR Nord-Est, un nou contract de finan\u021bare, \u00een valoare de peste 7,3 milioane de lei, pentru construirea unei cl\u0103diri multifunc\u021bionale destinate \u00eenv\u0103\u021b\u0103m\u00e2ntului primar \u0219i gimnazial.\u00a0<\/span><\/p>\n<p><span>Concret, noua cl\u0103dire va avea o suprafa\u021b\u0103 desf\u0103\u0219urat\u0103 de 933,51 mp \u0219i va dispune de trei s\u0103li de clas\u0103, patru laboratoare\u00a0 \u0219i un amfiteatru modern. De asemenea, proiectul include \u0219i dotarea cu mobilier, echipamente IT \u0219i infrastructur\u0103 digital\u0103 modern\u0103.<\/span><\/p>\n<p><span>Din punct de vedere tehnic, construc\u021bia va fi un model de sustenabilitate, respect\u00e2nd standardul nZEB (consum de energie aproape zero) prin utilizarea pompelor de c\u0103ldur\u0103 \u0219i a panourilor fotovoltaice.\u00a0 Totodat\u0103, investi\u021bia pune un accent major pe componenta social\u0103, asigur\u00e2nd accesibilitatea deplin\u0103 pentru persoanele cu dizabilit\u0103\u021bi \u0219i garant\u00e2nd \u0219anse egale la o educa\u021bie de calitate pentru to\u021bi copiii din comun\u0103.<\/span><\/p>\n<blockquote>\n<p><span><strong><em>\u201eAduc mul\u021bumiri, \u00een mod special, doamnei consultant\u00a0 Doina Iacoban, directoarea SC Regional Consulting SRL Suceava, echipei de proiectare SC Arhi Build SRL Bistri\u021ba, coordonat\u0103 de domnul inginer\u00a0 Nicolae G\u00eevan, doamnei directoare a \u0218colii Gimnaziale Poiana Stampei, prof. Dorina Paicu, precum \u0219i colegilor mei din cadrul Prim\u0103riei, o echip\u0103 unit\u0103 \u0219i foarte bine preg\u0103tit\u0103 \u00een atragerea fondurilor europene\u201d, a declarat primarul Vilu\u021b Mezdrea.<\/em><\/strong><\/span><\/p>\n<\/blockquote>\n<p><span>Edilul a ad\u0103ugat c\u0103 investi\u021biile \u00een educa\u021bie nu se opresc aici, \u00eentruc\u00e2t cei mai mici locuitori ai comunei merit\u0103 s\u0103 beneficieze de condi\u021bii ca \u00een marile ora\u0219e, actualizate \u00een timp util tuturor cerin\u021belor.<\/span><\/p>\n<p><span>Trebuie precizat c\u0103 termenul de implementare a\u00a0 aceastei noui investi\u021bii contractate de Prim\u0103ria Poiana Stampei este de 24 de luni.<\/span><\/p>\n<p>\u00a0<\/p>\n<p>\u00a0<\/p>\n<\/section>\n<footer class=\"article-footer\">\n<div class=\"cb-social-sharing cb-post-footer-block cb-beside clearfix\">\n<div class=\"cb-title-subtle\">Share On:<\/div>\n<div class=\"cb-twitter\"><a href=\"https:\/\/twitter.com\/share\" class=\"twitter-share-button\" data-dnt=\"true\" data-count=\"horizontal\">Tweet<\/a><\/div>\n<\/div>\n<div id=\"cb-previous-next-links\" class=\"cb-post-footer-block clearfix\">\n<div id=\"cb-previous-link\"><a href=\"https:\/\/suceavalive.ro\/calendarul-zilei-de-3-martie\/\" rel=\"prev\">Calendarul zilei de 3 martie<\/a><\/div>\n<div id=\"cb-next-link\"><a href=\"https:\/\/suceavalive.ro\/ips-teodosie-ar-putea-fi-dat-afara-din-casa-a-trait-zeci-de-ani-intr-o-locuinta-data-gratuit-de-ceausescu\/\" rel=\"next\">IPS Teodosie ar putea fi dat afar\u0103 din cas\u0103. A tr\u0103it zeci de ani \u00eentr-o locuin\u0163\u0103 dat\u0103 gratuit de Ceau\u015fescu<\/a><\/div>\n<\/div>\n<div id=\"cb-author-box\" class=\"clearfix\">\n<h3 class=\"cb-block-title\">Despre autor<\/h3>\n<div class=\"cb-meta\">\n<div class=\"cb-info\">\n<div class=\"cb-author-title vcard\"><a href=\"https:\/\/suceavalive.ro\/author\/suceavalive\/\"><span class=\"fn\">SuceavaLive<\/span><\/a><\/div>\n<\/div>\n<\/div>\n<\/div>\n<div id=\"cb-related-posts\" class=\"cb-related-posts-block cb-post-end-block clearfix\">\n<h3 class=\"cb-block-title\">Postari asemanatoare<\/h3>\n<ul>\n<li class=\"cb-style-overlay cb-grid-entry cb-related-post no-1\">\n<div class=\"cb-meta cb-article-meta\">\n<h4 class=\"h3 cb-post-title\"><a href=\"https:\/\/suceavalive.ro\/deputatul-petru-negrea-atrage-atentia-asupra-situatiei-dramatice-in-care-au-ajuns-crescatorii-de-suine-din-romania\/\">Deputatul Petru Negrea atrage aten\u021bia asupra situa\u021biei dramatice \u00een care au ajuns cresc\u0103torii de suine din Rom\u00e2nia<\/a><\/h4>\n<div class=\"cb-byline cb-font-header\">\n<div class=\"cb-date cb-byline-element\"><time datetime=\"2026-03-04\">4 martie 2026<\/time><\/div>\n<\/div>\n<\/div>\n<\/li>\n<li class=\"cb-style-overlay cb-grid-entry cb-related-post no-2\">\n<div class=\"cb-meta cb-article-meta\">\n<h4 class=\"h3 cb-post-title\"><a href=\"https:\/\/suceavalive.ro\/muzeul-national-al-bucovinei-si-muzeul-national-al-taranului-roman-organizeaza-la-bucuresti-expozitia-traian-postolache-drumul-spre-lumina\/\">Muzeul Na\u021bional al Bucovinei \u0219i Muzeul Na\u021bional al \u021a\u0103ranului Rom\u00e2n organizeaz\u0103 la Bucure\u0219ti expozi\u021bia \u201eTraian Postolache. Drumul spre lumin\u0103\u201d<\/a><\/h4>\n<div class=\"cb-byline cb-font-header\">\n<div class=\"cb-date cb-byline-element\"><time datetime=\"2026-03-04\">4 martie 2026<\/time><\/div>\n<\/div>\n<\/div>\n<\/li>\n<\/ul>\n<\/div>\n<\/footer>\n<div id=\"respond\" class=\"comment-respond\">\n<h3 id=\"reply-title\" class=\"comment-reply-title\">Lasa un raspuns <small><a rel=\"nofollow\" id=\"cancel-comment-reply-link\" href=\"https:\/\/suceavalive.ro\/primaria-poiana-stampei-continua-investitiile-in-educatie-un-nou-corp-de-scoala-cu-amfiteatru-modern-construit-cu-fonduri-europene\/#respond\">Anuleaza raspunsul<\/a><\/small><\/h3>\n<p class=\"comment-notes\">Adresa ta de email nu va fi publicat\u0103.<\/p>\n<\/div>\n<\/article>\n<section class=\"cb-entry-content entry-content clearfix\">\n<p><span>Continu\u0103 investi\u021biile \u00een educa\u021bie, la Poiana Stampei, comun\u0103 care se m\u00e2ndre\u0219te deja cu o infrastructur\u0103 \u0219colar\u0103 de excep\u021bie. Aici, la Poarta de intrare \u00een Bucovina, exist\u0103 o gr\u0103dini\u021b\u0103 cu program prelungit modern\u0103, finan\u021bat\u0103 prin AFIR, o \u0219coal\u0103 integral reabilitat\u0103 prin POR, o sal\u0103 de sport cu piscin\u0103 \u0219i sal\u0103 de gimnastic\u0103, un teren de sport sintetic \u0219i un teren cu pist\u0103 pentru atletism, toate construite cu fonduri europene. Acestui peisaj educa\u021bional i se adaug\u0103 o cre\u0219\u0103 aflat\u0103 \u00een construc\u021bie prin CNI \u0219i dot\u0103ri de ultim\u0103 genera\u021bie asigurate prin PNRR. Tuturor acestora li se va al\u0103tura un nou corp de \u0219coal\u0103 modern \u0219i bine dotat ce va dispune inclusiv de un amfiteatru.<\/span><\/p>\n<p><span>\u00cen acest sens, primarul Vilu\u021b Mezdrea a semnat, la ADR Nord-Est, un nou contract de finan\u021bare, \u00een valoare de peste 7,3 milioane de lei, pentru construirea unei cl\u0103diri multifunc\u021bionale destinate \u00eenv\u0103\u021b\u0103m\u00e2ntului primar \u0219i gimnazial.\u00a0<\/span><\/p>\n<p><span>Concret, noua cl\u0103dire va avea o suprafa\u021b\u0103 desf\u0103\u0219urat\u0103 de 933,51 mp \u0219i va dispune de trei s\u0103li de clas\u0103, patru laboratoare\u00a0 \u0219i un amfiteatru modern. De asemenea, proiectul include \u0219i dotarea cu mobilier, echipamente IT \u0219i infrastructur\u0103 digital\u0103 modern\u0103.<\/span><\/p>\n<p><span>Din punct de vedere tehnic, construc\u021bia va fi un model de sustenabilitate, respect\u00e2nd standardul nZEB (consum de energie aproape zero) prin utilizarea pompelor de c\u0103ldur\u0103 \u0219i a panourilor fotovoltaice.\u00a0 Totodat\u0103, investi\u021bia pune un accent major pe componenta social\u0103, asigur\u00e2nd accesibilitatea deplin\u0103 pentru persoanele cu dizabilit\u0103\u021bi \u0219i garant\u00e2nd \u0219anse egale la o educa\u021bie de calitate pentru to\u021bi copiii din comun\u0103.<\/span><\/p>\n<blockquote>\n<p><span><strong><em>\u201eAduc mul\u021bumiri, \u00een mod special, doamnei consultant\u00a0 Doina Iacoban, directoarea SC Regional Consulting SRL Suceava, echipei de proiectare SC Arhi Build SRL Bistri\u021ba, coordonat\u0103 de domnul inginer\u00a0 Nicolae G\u00eevan, doamnei directoare a \u0218colii Gimnaziale Poiana Stampei, prof. Dorina Paicu, precum \u0219i colegilor mei din cadrul Prim\u0103riei, o echip\u0103 unit\u0103 \u0219i foarte bine preg\u0103tit\u0103 \u00een atragerea fondurilor europene\u201d, a declarat primarul Vilu\u021b Mezdrea.<\/em><\/strong><\/span><\/p>\n<\/blockquote>\n<p><span>Edilul a ad\u0103ugat c\u0103 investi\u021biile \u00een educa\u021bie nu se opresc aici, \u00eentruc\u00e2t cei mai mici locuitori ai comunei merit\u0103 s\u0103 beneficieze de condi\u021bii ca \u00een marile ora\u0219e, actualizate \u00een timp util tuturor cerin\u021belor.<\/span><\/p>\n<p><span>Trebuie precizat c\u0103 termenul de implementare a\u00a0 aceastei noui investi\u021bii contractate de Prim\u0103ria Poiana Stampei este de 24 de luni.<\/span><\/p>\n<p>\u00a0<\/p>\n<p>\u00a0<\/p>\n<\/section>\n<section class=\"cb-entry-content entry-content clearfix\">\n<p><span>Continu\u0103 investi\u021biile \u00een educa\u021bie, la Poiana Stampei, comun\u0103 care se m\u00e2ndre\u0219te deja cu o infrastructur\u0103 \u0219colar\u0103 de excep\u021bie. Aici, la Poarta de intrare \u00een Bucovina, exist\u0103 o gr\u0103dini\u021b\u0103 cu program prelungit modern\u0103, finan\u021bat\u0103 prin AFIR, o \u0219coal\u0103 integral reabilitat\u0103 prin POR, o sal\u0103 de sport cu piscin\u0103 \u0219i sal\u0103 de gimnastic\u0103, un teren de sport sintetic \u0219i un teren cu pist\u0103 pentru atletism, toate construite cu fonduri europene. Acestui peisaj educa\u021bional i se adaug\u0103 o cre\u0219\u0103 aflat\u0103 \u00een construc\u021bie prin CNI \u0219i dot\u0103ri de ultim\u0103 genera\u021bie asigurate prin PNRR. Tuturor acestora li se va al\u0103tura un nou corp de \u0219coal\u0103 modern \u0219i bine dotat ce va dispune inclusiv de un amfiteatru.<\/span><\/p>\n<p><span>\u00cen acest sens, primarul Vilu\u021b Mezdrea a semnat, la ADR Nord-Est, un nou contract de finan\u021bare, \u00een valoare de peste 7,3 milioane de lei, pentru construirea unei cl\u0103diri multifunc\u021bionale destinate \u00eenv\u0103\u021b\u0103m\u00e2ntului primar \u0219i gimnazial.\u00a0<\/span><\/p>\n<p><span>Concret, noua cl\u0103dire va avea o suprafa\u021b\u0103 desf\u0103\u0219urat\u0103 de 933,51 mp \u0219i va dispune de trei s\u0103li de clas\u0103, patru laboratoare\u00a0 \u0219i un amfiteatru modern. De asemenea, proiectul include \u0219i dotarea cu mobilier, echipamente IT \u0219i infrastructur\u0103 digital\u0103 modern\u0103.<\/span><\/p>\n<p><span>Din punct de vedere tehnic, construc\u021bia va fi un model de sustenabilitate, respect\u00e2nd standardul nZEB (consum de energie aproape zero) prin utilizarea pompelor de c\u0103ldur\u0103 \u0219i a panourilor fotovoltaice.\u00a0 Totodat\u0103, investi\u021bia pune un accent major pe componenta social\u0103, asigur\u00e2nd accesibilitatea deplin\u0103 pentru persoanele cu dizabilit\u0103\u021bi \u0219i garant\u00e2nd \u0219anse egale la o educa\u021bie de calitate pentru to\u021bi copiii din comun\u0103.<\/span><\/p>\n<blockquote>\n<p><span><strong><em>\u201eAduc mul\u021bumiri, \u00een mod special, doamnei consultant\u00a0 Doina Iacoban, directoarea SC Regional Consulting SRL Suceava, echipei de proiectare SC Arhi Build SRL Bistri\u021ba, coordonat\u0103 de domnul inginer\u00a0 Nicolae G\u00eevan, doamnei directoare a \u0218colii Gimnaziale Poiana Stampei, prof. Dorina Paicu, precum \u0219i colegilor mei din cadrul Prim\u0103riei, o echip\u0103 unit\u0103 \u0219i foarte bine preg\u0103tit\u0103 \u00een atragerea fondurilor europene\u201d, a declarat primarul Vilu\u021b Mezdrea.<\/em><\/strong><\/span><\/p>\n<\/blockquote>\n<p><span>Edilul a ad\u0103ugat c\u0103 investi\u021biile \u00een educa\u021bie nu se opresc aici, \u00eentruc\u00e2t cei mai mici locuitori ai comunei merit\u0103 s\u0103 beneficieze de condi\u021bii ca \u00een marile ora\u0219e, actualizate \u00een timp util tuturor cerin\u021belor.<\/span><\/p>\n<p><span>Trebuie precizat c\u0103 termenul de implementare a\u00a0 aceastei noui investi\u021bii contractate de Prim\u0103ria Poiana Stampei este de 24 de luni.<\/span><\/p>\n<p>\u00a0<\/p>\n<p>\u00a0<\/p>\n<\/section>\n<p>[analyse_source url=&#8221;https:\/\/suceavalive.ro\/primaria-poiana-stampei-continua-investitiile-in-educatie-un-nou-corp-de-scoala-cu-amfiteatru-modern-construit-cu-fonduri-europene\/&#8221;]<\/p>\n","protected":false},"excerpt":{"rendered":"<p>[analyse_image type=&#8221;featured&#8221; src=&#8221;https:\/\/suceavalive.ro\/wp-content\/uploads\/2026\/03\/corp-scoala-poiana-stampei-1.pnghttps:\/\/suceavalive.ro\/wp-content\/uploads\/2026\/03\/corp-scoala-poiana-stampei-1.png&#8221;] Prim\u0103ria Poiana Stampei continu\u0103 investi\u021biile \u00een educa\u021bie. Un nou corp de \u0219coal\u0103 cu amfiteatru modern, construit cu fonduri europene 3 martie 2026 Continu\u0103 investi\u021biile \u00een educa\u021bie, la Poiana Stampei, comun\u0103 care se m\u00e2ndre\u0219te deja cu o infrastructur\u0103 \u0219colar\u0103 de excep\u021bie. Aici, la Poarta de intrare \u00een Bucovina, exist\u0103 o gr\u0103dini\u021b\u0103 cu program [&hellip;]<\/p>\n","protected":false},"author":1,"featured_media":0,"comment_status":"open","ping_status":"","sticky":false,"template":"","format":"standard","meta":{"footnotes":""},"categories":[89],"tags":[226,173],"class_list":["post-1805900","post","type-post","status-publish","format-standard","hentry","category-romania","tag-crawlmanager","tag-suceavalive-ro"],"_links":{"self":[{"href":"https:\/\/analyse.optim.biz\/index.php?rest_route=\/wp\/v2\/posts\/1805900","targetHints":{"allow":["GET"]}}],"collection":[{"href":"https:\/\/analyse.optim.biz\/index.php?rest_route=\/wp\/v2\/posts"}],"about":[{"href":"https:\/\/analyse.optim.biz\/index.php?rest_route=\/wp\/v2\/types\/post"}],"author":[{"embeddable":true,"href":"https:\/\/analyse.optim.biz\/index.php?rest_route=\/wp\/v2\/users\/1"}],"replies":[{"embeddable":true,"href":"https:\/\/analyse.optim.biz\/index.php?rest_route=%2Fwp%2Fv2%2Fcomments&post=1805900"}],"version-history":[{"count":0,"href":"https:\/\/analyse.optim.biz\/index.php?rest_route=\/wp\/v2\/posts\/1805900\/revisions"}],"wp:attachment":[{"href":"https:\/\/analyse.optim.biz\/index.php?rest_route=%2Fwp%2Fv2%2Fmedia&parent=1805900"}],"wp:term":[{"taxonomy":"category","embeddable":true,"href":"https:\/\/analyse.optim.biz\/index.php?rest_route=%2Fwp%2Fv2%2Fcategories&post=1805900"},{"taxonomy":"post_tag","embeddable":true,"href":"https:\/\/analyse.optim.biz\/index.php?rest_route=%2Fwp%2Fv2%2Ftags&post=1805900"}],"curies":[{"name":"wp","href":"https:\/\/api.w.org\/{rel}","templated":true}]}}