{"id":1805898,"date":"2026-03-02T14:45:45","date_gmt":"2026-03-02T11:45:45","guid":{"rendered":"https:\/\/analyse.optim.biz\/?p=1805898"},"modified":"2026-03-02T14:45:45","modified_gmt":"2026-03-02T11:45:45","slug":"primarul-radu-reziuc-plasat-in-arest-la-domiciliu-tribunalul-suceava-a-desfiintat-decizia-de-arestare","status":"publish","type":"post","link":"https:\/\/analyse.optim.biz\/?p=1805898","title":{"rendered":"Primarul Radu Reziuc, plasat \u00een arest la domiciliu. Tribunalul Suceava a desfiin\u021bat decizia de arestare"},"content":{"rendered":"<p>[analyse_image type=&#8221;featured&#8221; src=&#8221;https:\/\/suceavalive.ro\/wp-content\/uploads\/2026\/02\/reziuc-bratara.pnghttps:\/\/suceavalive.ro\/wp-content\/uploads\/2026\/02\/reziuc-bratara.png&#8221;]<\/p>\n<article id=\"post-288273\" class=\"clearfix post-288273 post type-post status-publish format-standard has-post-thumbnail hentry category-administratie category-slide\">\n<header id=\"cb-standard-featured\">\n<div id=\"cb-fis-wrap\" class=\"cb-entry-header cb-fis cb-style-standard\"><span class=\"cb-title-fi\"><\/p>\n<h1 class=\"entry-title cb-entry-title cb-single-title\">Primarul Radu Reziuc, plasat \u00een arest la domiciliu. Tribunalul Suceava a desfiin\u021bat decizia de arestare preventiv\u0103<\/h1>\n<div class=\"cb-byline cb-font-header\">\n<div class=\"cb-date cb-byline-element\"><time datetime=\"2026-03-02\">2 martie 2026<\/time><\/div>\n<\/div>\n<p><\/span><\/div>\n<\/header>\n<section class=\"cb-entry-content entry-content clearfix\">\n<p data-path-to-node=\"3\"><span>Radu Constantin Reziuc, primarul comunei Mitocu Dragomirnei, a p\u0103r\u0103sit arestul poli\u021biei \u00een cursul zilei de luni, 2 martie 2026. Tribunalul Suceava a admis contesta\u021bia formulat\u0103 de acesta \u00eempotriva deciziei Judec\u0103toriei Suceava, \u00eenlocuind m\u0103sura arest\u0103rii preventive cu cea a <b data-path-to-node=\"3\" data-index-in-node=\"285\">arestului la domiciliu<\/b>.<\/span><\/p>\n<p data-path-to-node=\"5\"><span>Magistra\u021bii Tribunalului au desfiin\u021bat \u00een totalitate \u00eencheierea din 26 februarie \u0219i, rejudec\u00e2nd cauza, au stabilit c\u0103 edilul \u00een v\u00e2rst\u0103 de 40 de ani poate fi cercetat \u00een stare de arest la domiciliu pentru o perioad\u0103 de <b data-path-to-node=\"5\" data-index-in-node=\"218\">26 de zile<\/b> (p\u00e2n\u0103 la data de 27 martie 2026, inclusiv).<\/span><\/p>\n<p data-path-to-node=\"6\"><span>Pe durata m\u0103surii, Radu Constantin Reziuc are interdic\u021bia strict\u0103 de a p\u0103r\u0103si locuin\u021ba f\u0103r\u0103 permisiunea organelor judiciare \u0219i trebuie s\u0103 <\/span><span>se prezinte \u00een fa\u021ba anchetatorilor ori de c\u00e2te ori este solicitat \u0219i s<\/span><span>\u0103 nu comunice, prin nicio modalitate, cu persoanele indicate de instan\u021b\u0103 \u00een dosar.<\/span><\/p>\n<p data-path-to-node=\"8\"><span>Supravegherea acestuia va fi efectuat\u0103 de IPJ Suceava, prin Biroul Supravegheri Judiciare. Instan\u021ba a avertizat inculpatul c\u0103 orice \u00eenc\u0103lcare cu rea-credin\u021b\u0103 a acestor condi\u021bii va duce automat la restabilirea m\u0103surii arestului preventiv.<\/span><\/p>\n<p data-path-to-node=\"13\"><span>\u00cen cauz\u0103, cercet\u0103rile continu\u0103 sub aspectul s\u0103v\u00e2r\u0219irii infrac\u021biunilor de <b data-path-to-node=\"13\" data-index-in-node=\"73\">violen\u021b\u0103 \u00een familie<\/b>, <b data-path-to-node=\"13\" data-index-in-node=\"94\">loviri sau alte violen\u021be<\/b> \u0219i <b data-path-to-node=\"13\" data-index-in-node=\"122\">lipsire de libertate \u00een mod ilegal<\/b>. De\u0219i a sc\u0103pat de spatele gratiilor, mandatul de arest la domiciliu \u00eei limiteaz\u0103 drastic exercitarea atribu\u021biilor publice \u00een perioada urm\u0103toare.<\/span><\/p>\n<\/section>\n<footer class=\"article-footer\">\n<div class=\"cb-social-sharing cb-post-footer-block cb-beside clearfix\">\n<div class=\"cb-title-subtle\">Share On:<\/div>\n<div class=\"cb-twitter\"><a href=\"https:\/\/twitter.com\/share\" class=\"twitter-share-button\" data-dnt=\"true\" data-count=\"horizontal\">Tweet<\/a><\/div>\n<\/div>\n<div id=\"cb-previous-next-links\" class=\"cb-post-footer-block clearfix\">\n<div id=\"cb-previous-link\"><a href=\"https:\/\/suceavalive.ro\/pretul-gazelor-in-europa-a-explodat-cu-40-qatarul-a-oprit-productia-de-gaz-natural-lichefiat\/\" rel=\"prev\">Pre\u021bul gazelor \u00een Europa a explodat cu 40%. Qatarul a oprit produc\u021bia de gaz natural lichefiat<\/a><\/div>\n<div id=\"cb-next-link\"><a href=\"https:\/\/suceavalive.ro\/zeci-de-elevi-si-profesori-suceveni-blocati-in-strainatate-vezi-ce-masuri-a-luat-inspectoratul-scolar\/\" rel=\"next\">Zeci de elevi \u0219i profesori suceveni, bloca\u021bi \u00een str\u0103in\u0103tate: Vezi ce m\u0103suri a luat Inspectoratul \u0218colar<\/a><\/div>\n<\/div>\n<div id=\"cb-author-box\" class=\"clearfix\">\n<h3 class=\"cb-block-title\">Despre autor<\/h3>\n<div class=\"cb-meta\">\n<div class=\"cb-info\">\n<div class=\"cb-author-title vcard\"><a href=\"https:\/\/suceavalive.ro\/author\/suceavalive\/\"><span class=\"fn\">SuceavaLive<\/span><\/a><\/div>\n<\/div>\n<\/div>\n<\/div>\n<div id=\"cb-related-posts\" class=\"cb-related-posts-block cb-post-end-block clearfix\">\n<h3 class=\"cb-block-title\">Postari asemanatoare<\/h3>\n<ul>\n<li class=\"cb-style-overlay cb-grid-entry cb-related-post no-1\">\n<div class=\"cb-meta cb-article-meta\">\n<h4 class=\"h3 cb-post-title\"><a href=\"https:\/\/suceavalive.ro\/deputatul-petru-negrea-atrage-atentia-asupra-situatiei-dramatice-in-care-au-ajuns-crescatorii-de-suine-din-romania\/\">Deputatul Petru Negrea atrage aten\u021bia asupra situa\u021biei dramatice \u00een care au ajuns cresc\u0103torii de suine din Rom\u00e2nia<\/a><\/h4>\n<div class=\"cb-byline cb-font-header\">\n<div class=\"cb-date cb-byline-element\"><time datetime=\"2026-03-04\">4 martie 2026<\/time><\/div>\n<\/div>\n<\/div>\n<\/li>\n<li class=\"cb-style-overlay cb-grid-entry cb-related-post no-2\">\n<div class=\"cb-meta cb-article-meta\">\n<h4 class=\"h3 cb-post-title\"><a href=\"https:\/\/suceavalive.ro\/muzeul-national-al-bucovinei-si-muzeul-national-al-taranului-roman-organizeaza-la-bucuresti-expozitia-traian-postolache-drumul-spre-lumina\/\">Muzeul Na\u021bional al Bucovinei \u0219i Muzeul Na\u021bional al \u021a\u0103ranului Rom\u00e2n organizeaz\u0103 la Bucure\u0219ti expozi\u021bia \u201eTraian Postolache. Drumul spre lumin\u0103\u201d<\/a><\/h4>\n<div class=\"cb-byline cb-font-header\">\n<div class=\"cb-date cb-byline-element\"><time datetime=\"2026-03-04\">4 martie 2026<\/time><\/div>\n<\/div>\n<\/div>\n<\/li>\n<\/ul>\n<\/div>\n<\/footer>\n<div id=\"respond\" class=\"comment-respond\">\n<h3 id=\"reply-title\" class=\"comment-reply-title\">Lasa un raspuns <small><a rel=\"nofollow\" id=\"cancel-comment-reply-link\" href=\"https:\/\/suceavalive.ro\/primarul-radu-reziuc-plasat-in-arest-la-domiciliu-tribunalul-suceava-a-desfiintat-decizia-de-arestare-preventiva\/?fbclid=IwY2xjawQU2UlleHRuA2FlbQIxMABicmlkETAwNGNkVkh6aERhWURLdTR5c3J0YwZhcHBfaWQQMjIyMDM5MTc4ODIwMDg5MgABHjOkyclUEUNcX0taYixUsjY-sCf5xw4rhD3XNZwGM_-AFjZgiAD4mZgwgWPj_aem_0JXXGeFROYdd-JrLi5u2Pg#respond\">Anuleaza raspunsul<\/a><\/small><\/h3>\n<p class=\"comment-notes\">Adresa ta de email nu va fi publicat\u0103.<\/p>\n<\/div>\n<\/article>\n<section class=\"cb-entry-content entry-content clearfix\">\n<p data-path-to-node=\"3\"><span>Radu Constantin Reziuc, primarul comunei Mitocu Dragomirnei, a p\u0103r\u0103sit arestul poli\u021biei \u00een cursul zilei de luni, 2 martie 2026. Tribunalul Suceava a admis contesta\u021bia formulat\u0103 de acesta \u00eempotriva deciziei Judec\u0103toriei Suceava, \u00eenlocuind m\u0103sura arest\u0103rii preventive cu cea a <b data-path-to-node=\"3\" data-index-in-node=\"285\">arestului la domiciliu<\/b>.<\/span><\/p>\n<p data-path-to-node=\"5\"><span>Magistra\u021bii Tribunalului au desfiin\u021bat \u00een totalitate \u00eencheierea din 26 februarie \u0219i, rejudec\u00e2nd cauza, au stabilit c\u0103 edilul \u00een v\u00e2rst\u0103 de 40 de ani poate fi cercetat \u00een stare de arest la domiciliu pentru o perioad\u0103 de <b data-path-to-node=\"5\" data-index-in-node=\"218\">26 de zile<\/b> (p\u00e2n\u0103 la data de 27 martie 2026, inclusiv).<\/span><\/p>\n<p data-path-to-node=\"6\"><span>Pe durata m\u0103surii, Radu Constantin Reziuc are interdic\u021bia strict\u0103 de a p\u0103r\u0103si locuin\u021ba f\u0103r\u0103 permisiunea organelor judiciare \u0219i trebuie s\u0103 <\/span><span>se prezinte \u00een fa\u021ba anchetatorilor ori de c\u00e2te ori este solicitat \u0219i s<\/span><span>\u0103 nu comunice, prin nicio modalitate, cu persoanele indicate de instan\u021b\u0103 \u00een dosar.<\/span><\/p>\n<p data-path-to-node=\"8\"><span>Supravegherea acestuia va fi efectuat\u0103 de IPJ Suceava, prin Biroul Supravegheri Judiciare. Instan\u021ba a avertizat inculpatul c\u0103 orice \u00eenc\u0103lcare cu rea-credin\u021b\u0103 a acestor condi\u021bii va duce automat la restabilirea m\u0103surii arestului preventiv.<\/span><\/p>\n<p data-path-to-node=\"13\"><span>\u00cen cauz\u0103, cercet\u0103rile continu\u0103 sub aspectul s\u0103v\u00e2r\u0219irii infrac\u021biunilor de <b data-path-to-node=\"13\" data-index-in-node=\"73\">violen\u021b\u0103 \u00een familie<\/b>, <b data-path-to-node=\"13\" data-index-in-node=\"94\">loviri sau alte violen\u021be<\/b> \u0219i <b data-path-to-node=\"13\" data-index-in-node=\"122\">lipsire de libertate \u00een mod ilegal<\/b>. De\u0219i a sc\u0103pat de spatele gratiilor, mandatul de arest la domiciliu \u00eei limiteaz\u0103 drastic exercitarea atribu\u021biilor publice \u00een perioada urm\u0103toare.<\/span><\/p>\n<\/section>\n<section class=\"cb-entry-content entry-content clearfix\">\n<p data-path-to-node=\"3\"><span>Radu Constantin Reziuc, primarul comunei Mitocu Dragomirnei, a p\u0103r\u0103sit arestul poli\u021biei \u00een cursul zilei de luni, 2 martie 2026. Tribunalul Suceava a admis contesta\u021bia formulat\u0103 de acesta \u00eempotriva deciziei Judec\u0103toriei Suceava, \u00eenlocuind m\u0103sura arest\u0103rii preventive cu cea a <b data-path-to-node=\"3\" data-index-in-node=\"285\">arestului la domiciliu<\/b>.<\/span><\/p>\n<p data-path-to-node=\"5\"><span>Magistra\u021bii Tribunalului au desfiin\u021bat \u00een totalitate \u00eencheierea din 26 februarie \u0219i, rejudec\u00e2nd cauza, au stabilit c\u0103 edilul \u00een v\u00e2rst\u0103 de 40 de ani poate fi cercetat \u00een stare de arest la domiciliu pentru o perioad\u0103 de <b data-path-to-node=\"5\" data-index-in-node=\"218\">26 de zile<\/b> (p\u00e2n\u0103 la data de 27 martie 2026, inclusiv).<\/span><\/p>\n<p data-path-to-node=\"6\"><span>Pe durata m\u0103surii, Radu Constantin Reziuc are interdic\u021bia strict\u0103 de a p\u0103r\u0103si locuin\u021ba f\u0103r\u0103 permisiunea organelor judiciare \u0219i trebuie s\u0103 <\/span><span>se prezinte \u00een fa\u021ba anchetatorilor ori de c\u00e2te ori este solicitat \u0219i s<\/span><span>\u0103 nu comunice, prin nicio modalitate, cu persoanele indicate de instan\u021b\u0103 \u00een dosar.<\/span><\/p>\n<p data-path-to-node=\"8\"><span>Supravegherea acestuia va fi efectuat\u0103 de IPJ Suceava, prin Biroul Supravegheri Judiciare. Instan\u021ba a avertizat inculpatul c\u0103 orice \u00eenc\u0103lcare cu rea-credin\u021b\u0103 a acestor condi\u021bii va duce automat la restabilirea m\u0103surii arestului preventiv.<\/span><\/p>\n<p data-path-to-node=\"13\"><span>\u00cen cauz\u0103, cercet\u0103rile continu\u0103 sub aspectul s\u0103v\u00e2r\u0219irii infrac\u021biunilor de <b data-path-to-node=\"13\" data-index-in-node=\"73\">violen\u021b\u0103 \u00een familie<\/b>, <b data-path-to-node=\"13\" data-index-in-node=\"94\">loviri sau alte violen\u021be<\/b> \u0219i <b data-path-to-node=\"13\" data-index-in-node=\"122\">lipsire de libertate \u00een mod ilegal<\/b>. De\u0219i a sc\u0103pat de spatele gratiilor, mandatul de arest la domiciliu \u00eei limiteaz\u0103 drastic exercitarea atribu\u021biilor publice \u00een perioada urm\u0103toare.<\/span><\/p>\n<\/section>\n<p>[analyse_source url=&#8221;https:\/\/suceavalive.ro\/primarul-radu-reziuc-plasat-in-arest-la-domiciliu-tribunalul-suceava-a-desfiintat-decizia-de-arestare-preventiva\/&#8221;]<\/p>\n","protected":false},"excerpt":{"rendered":"<p>[analyse_image type=&#8221;featured&#8221; src=&#8221;https:\/\/suceavalive.ro\/wp-content\/uploads\/2026\/02\/reziuc-bratara.pnghttps:\/\/suceavalive.ro\/wp-content\/uploads\/2026\/02\/reziuc-bratara.png&#8221;] Primarul Radu Reziuc, plasat \u00een arest la domiciliu. Tribunalul Suceava a desfiin\u021bat decizia de arestare preventiv\u0103 2 martie 2026 Radu Constantin Reziuc, primarul comunei Mitocu Dragomirnei, a p\u0103r\u0103sit arestul poli\u021biei \u00een cursul zilei de luni, 2 martie 2026. Tribunalul Suceava a admis contesta\u021bia formulat\u0103 de acesta \u00eempotriva deciziei Judec\u0103toriei Suceava, \u00eenlocuind m\u0103sura [&hellip;]<\/p>\n","protected":false},"author":1,"featured_media":0,"comment_status":"open","ping_status":"","sticky":false,"template":"","format":"standard","meta":{"footnotes":""},"categories":[89],"tags":[226,173],"class_list":["post-1805898","post","type-post","status-publish","format-standard","hentry","category-romania","tag-crawlmanager","tag-suceavalive-ro"],"_links":{"self":[{"href":"https:\/\/analyse.optim.biz\/index.php?rest_route=\/wp\/v2\/posts\/1805898","targetHints":{"allow":["GET"]}}],"collection":[{"href":"https:\/\/analyse.optim.biz\/index.php?rest_route=\/wp\/v2\/posts"}],"about":[{"href":"https:\/\/analyse.optim.biz\/index.php?rest_route=\/wp\/v2\/types\/post"}],"author":[{"embeddable":true,"href":"https:\/\/analyse.optim.biz\/index.php?rest_route=\/wp\/v2\/users\/1"}],"replies":[{"embeddable":true,"href":"https:\/\/analyse.optim.biz\/index.php?rest_route=%2Fwp%2Fv2%2Fcomments&post=1805898"}],"version-history":[{"count":0,"href":"https:\/\/analyse.optim.biz\/index.php?rest_route=\/wp\/v2\/posts\/1805898\/revisions"}],"wp:attachment":[{"href":"https:\/\/analyse.optim.biz\/index.php?rest_route=%2Fwp%2Fv2%2Fmedia&parent=1805898"}],"wp:term":[{"taxonomy":"category","embeddable":true,"href":"https:\/\/analyse.optim.biz\/index.php?rest_route=%2Fwp%2Fv2%2Fcategories&post=1805898"},{"taxonomy":"post_tag","embeddable":true,"href":"https:\/\/analyse.optim.biz\/index.php?rest_route=%2Fwp%2Fv2%2Ftags&post=1805898"}],"curies":[{"name":"wp","href":"https:\/\/api.w.org\/{rel}","templated":true}]}}