{"id":1805729,"date":"2026-03-01T10:21:29","date_gmt":"2026-03-01T07:21:29","guid":{"rendered":"https:\/\/analyse.optim.biz\/?p=1805729"},"modified":"2026-03-01T10:21:29","modified_gmt":"2026-03-01T07:21:29","slug":"liga-florilorscm-ramnicu-valcea-csm-bucuresti-29-31","status":"publish","type":"post","link":"https:\/\/analyse.optim.biz\/?p=1805729","title":{"rendered":"LIGA FLORILOR:SCM R\u00c2MNICU V\u00c2LCEA \u2013 CSM BUCURE\u0218TI 29-31"},"content":{"rendered":"<p>[analyse_image type=&#8221;featured&#8221; src=&#8221;https:\/\/www.curierul.ro\/wp-content\/uploads\/2026\/03\/SCM-CSM-29-31.jpeghttps:\/\/i0.wp.com\/www.curierul.ro\/wp-content\/uploads\/2026\/03\/SCM-CSM-29-31.jpeg?fit=1200%2C1186&amp;ssl=1&#8243;]<\/p>\n<article id=\"196452\" class=\"post-196452 post type-post status-publish format-standard has-post-thumbnail hentry category-actualitate category-handbal category-headlines category-sport\">\n<header class=\"post-header\">\n<ul class=\"breadcrumbs\">\n<li><a href=\"https:\/\/www.curierul.ro\">Home<\/a><\/li>\n<li class=\"breadcrumbs-active .category-actualitate\"><a href=\"https:\/\/www.curierul.ro\/index.php?cat=1615\">Actualitate<\/a><\/li>\n<li class=\"breadcrumbs-active .category-actualitate\">LIGA FLORILOR:<br \/>SCM R\u00c2MNICU V\u00c2LCEA \u2013 CSM BUCURE\u0218TI 29-31<\/li>\n<\/ul>\n<div class=\"featured-photo\"><img loading=\"lazy\" decoding=\"async\" width=\"1219\" height=\"1205\" src=\"https:\/\/i0.wp.com\/www.curierul.ro\/wp-content\/uploads\/2026\/03\/SCM-CSM-29-31.jpeg?fit=300%2C297&amp;ssl=1\" class=\"attachment-single size-single wp-post-image\" alt><\/div>\n<h1 class=\"headline\">LIGA FLORILOR:<br \/>SCM R\u00c2MNICU V\u00c2LCEA \u2013 CSM BUCURE\u0218TI 29-31<\/h1>\n<p class=\"byline\">\n\t\tScris de<a href=\"https:\/\/www.curierul.ro\/author\/gabi\/\">Gabriel S\u0103ndulescu<\/a>, \t\t1 martie 2026\t\t\t\t<\/p>\n<hr>\n<\/header>\n<p>\u27a1\ufe0fUn indicator al progresului SCM R\u00e2mnicu V\u00e2lcea ar putea fi statistica ultimelor dou\u0103 sezoane. De la \u2013 12 \u0219i \u2013 6, anul trecut, la \u2013 2 \u0219i \u2013 1 acum, cu dou\u0103 partide \u00een care v\u00e2lcencele au fost aproape de rezultate mari, dup\u0103 evolu\u021bii foarte bune.<\/p>\n<p>\u27a1\ufe0fPoate c\u0103 meciul s-a jucat \u00een prima parte, c\u00e2nd v\u00e2lcencele au g\u0103sit greu culoare \u00een atac, iar, de partea cealalt\u0103, Maslova a fost de neoprit. Apoi, Florentin Pera a schimbat liniile, ca la hochei, cu impact pozitiv \u00een evolu\u021bia SCM-ului din R\u00e2mnic.<\/p>\n<p>\u27a1\ufe0fS\u0103 marchezi 29 de goluri \u00eempotriva unei ap\u0103r\u0103ri precum a CSM-ului este un fapt remarcabil, dar plusez cu ap\u0103rarea V\u00e2lcii care, dup\u0103 minutul 20, a avut o presta\u021bie excelent\u0103.<\/p>\n<p>\u203c\ufe0fO men\u021biune special\u0103 pentru centrul Amalie Wulff, cea care a adus viziune \u0219i determinare \u00een jocul v\u00e2lcean. Iar secven\u021ba \u00een care e aproape de conflict cu Crina Pintea r\u0103m\u00e2ne memorabil\u0103 pentru ambi\u021bia micu\u021bei juc\u0103toare. C\u00e2t despre determinarea \u00eentregii echipe SCM, Djurdjina Jaukovic spune totul: \u201e<strong><em>Aceste fete de la V\u00e2lcea care veneau cu toat\u0103 puterea<\/em><\/strong>\u201e.<\/p>\n<p>\u27a1\ufe0fCa \u0219i desc\u0103tu\u0219area pe final a Bojanei Popovici, un strig\u0103t eliberator la ultimul time-out luat, semn al luptei cr\u00e2ncene care s-a dat vineri \u00een sala Traian.<\/p>\n<p>Declara\u021bii dup\u0103 meci:<\/p>\n<p>\ud83d\udc49Iulia Curea (antrenor secund CSM Bucure\u0219ti):<\/p>\n<blockquote>\n<p><em><strong>\u201eNe a\u0219teptam s\u0103 fie un meci foarte greu, indiferent c\u0103 suntem noi \u00eentr-o form\u0103 foarte bun\u0103. \u00centotdeauna a fost dificil aici, cu publicul \u0219i cu atmosfera din sal\u0103. Dar noi ne-am preg\u0103tit foarte bine \u0219i ne bucur\u0103m c\u0103 am luat cele dou\u0103 puncte. Cred c\u0103 resim\u021bim \u0219i un pic de oboseal\u0103, dup\u0103 at\u00e2tea meciuri, este normal s\u0103 vin\u0103 \u0219i unul mai pu\u021bin bun. V\u00e2lcea vine dup\u0103 o pauz\u0103 \u0219i pare c\u0103 a avut mai mult\u0103 poft\u0103 de handbal dec\u00e2t noi ast\u0103zi. C\u00e2teodat\u0103, a p\u0103rut un meci mai \u0219ut, pentru c\u0103 faulturile care se fac de juc\u0103toarele care sunt \u00een atac \u0219i vin \u00een ap\u0103rare sunt ni\u0219te faulturi pe care unii nu le v\u0103d \u0219i atunci este normal s\u0103 apar\u0103 ceva nervi \u0219i tensiune. \u00cens\u0103 a fost o lupt\u0103 dreapt\u0103 \u00eentr-un meci foarte frumos \u0219i felicit echipa din V\u00e2lcea pentru modul \u00een care au jucat. \u00cen ceea ce prive\u0219te lupta pentru titlu, azi am \u00eencheiat un mic capitol, cred c\u0103 mai avem vreo trei-patru meciuri grele. Ne g\u00e2ndim, desigur, la titlu, dar mai avem p\u00e2n\u0103 acolo. Final Four? Este visul tuturor de la echip\u0103, pentru asta muncim \u00een draci. Va fi a patra oar\u0103 cu Esbjerg. Ele au avut fluctua\u021bii \u00een acest sezon, au schimbat antrenorul \u0219i pu\u021bin sistemul de joc. C\u0103ut\u0103m s\u0103 g\u0103sim meciurile \u00een care s\u0103 le identific\u0103m foarte bine pe cele de la Esbjerg \u0219i s\u0103 le preg\u0103tim c\u0103 atare. Doar la meciurile cu Esbjerg ne g\u00e2ndim\u201d<\/strong><\/em>.<\/p>\n<\/blockquote>\n<p>\ud83d\udc49Florentin Pera (antrenor principal SCM R\u00e2mnicu V\u00e2lcea):<\/p>\n<blockquote>\n<p><em><strong>\u201eMeci echilibrat, care se putea \u00eencheia cu orice rezultat. Cred c\u0103 micile detalii \u00een momentele decisive au f\u0103cut diferen\u021ba, ele au avut juc\u0103toarele de 9 metri care au marcat \u0219i care au u\u0219urat munca echipei lor. Noi am ratat pe final, am f\u0103cut \u0219i o gre\u0219eal\u0103 tehnic\u0103, dar, \u00een cele din urm\u0103, V\u00e2lcea a ar\u0103tat un handbal de nivel ridicat, a\u0219a cum a f\u0103cut-o pe durata \u00eentregului campionat. Faptul c\u0103, \u00een dou\u0103 meciuri cu CSM, am fost foarte aproape de a ob\u021bine egalul sau chiar victoria, demonstreaz\u0103 c\u0103 V\u00e2lcea este pe drumul bun \u0219i ne d\u0103 \u00eencredere pentru viitorul \u00een care dorim ca echipa s\u0103 joace \u00een Liga Campionilor. Nu este u\u0219or s\u0103 vii de la un ecart de cinci goluri \u0219i spoi s\u0103 te ba\u021bi pentru victorie. Felicit juc\u0103toarele noastre, este meritul lor, s-au luptat, au crezut, chiar dac\u0103 la \u00eenceput au intrat mai timorate. Dar, treptat, ne-am reg\u0103sit caden\u021ba. Cred c\u0103 am avut maturitate \u00een joc \u0219i r\u0103bdare cu care am construit fiecare atac p\u00e2n\u0103 \u00een situa\u021bie clar\u0103. Sunt pu\u021bin nemul\u021bumit de \u00eenceputul de joc, de culoarele din ap\u0103rare, am pierdut cam u\u0219or ni\u0219te dueluri \u00een prima parte, chiar dac\u0103 noi \u0219tiam \u0219i am preg\u0103tit \u00een special \u00eempotriva Maslovei. M\u0103 bucur c\u0103 juc\u0103toarele noastre s-au completat, cred c\u0103 am folosit toat\u0103 foaia de joc ast\u0103zi. Mul\u021bumim pentru atmosfera f\u0103cut\u0103 de spectatori \u0219i le promitem c\u0103 vom p\u0103stra aceea\u0219i atitudine, acela\u0219i spirit de echip\u0103\u201d.<\/strong><\/em><\/p>\n<\/blockquote>\n<p>\ud83d\udc49Djurdjina Jaukovic (CSM Bucure\u0219ti):<\/p>\n<blockquote>\n<p><em><strong>\u201e\u00cen primul r\u00e2nd, vreau s\u0103 felicit fetele de la V\u00e2lcea, pentru c\u0103 a fost un meci foarte bun, \u00eentr-o atmosfer\u0103 excelent\u0103. Mi-a pl\u0103cut s\u0103 v\u0103d sala plin\u0103, e normal ca spectatorii s\u0103 sus\u021bin\u0103 favoritele, dar totul a fost foarte fair-play. Sigur c\u0103 ne a\u0219teptam la un meci complicat, \u0219tim c\u0103 ele formeaz\u0103 o echip\u0103 grozav\u0103, juc\u0103toare foarte bune. De asemenea, joac\u0103 din ce \u00een ce mai bine pe m\u0103sur\u0103 ce merge campionatul. Cu at\u00e2t sunt mai m\u00e2ndr\u0103 \u0219i fericit\u0103 pentru echipa mea. Mai ales c\u0103 a fost o perioad\u0103 dificil\u0103 pentru noi, de genul dou\u0103 luni, cred, 14 meciuri jucate. A fost foarte greu, dar m\u0103 bucur c\u0103 am reu\u0219it s\u0103 r\u0103m\u00e2nem \u0219i s\u0103n\u0103toase, acum putem avea pu\u021bin timp de odihn\u0103.<\/strong><\/em><\/p>\n<p><em><strong>Da, a fost un efort intens, jocul a mai avut \u0219i momente dure, am \u00een\u021beles ce ai vrut s\u0103 spui. \u00cens\u0103, \u0219tii, nu e vorba doar de mine \u00een ciocnirile astea. Am primit \u0219i eu. Cred c\u0103 a\u0219a este la handbal. Nu-mi place s\u0103 m\u0103 pl\u00e2ng at\u00e2t de mult. \u0218tiu c\u0103 \u0219i handbalul e un joc dificil. Poate uneori e greu, dar nu-mi place s\u0103 joc murdar. Nu voi face niciodat\u0103 prostii pentru mine. C\u00e2nd o juc\u0103toare vine c\u0103tre mine, \u00eencerc s\u0103 fac tot posibilul s\u0103 o opresc. De asemenea, dac\u0103 am f\u0103cut ceva, nu am f\u0103cut-o niciodat\u0103 inten\u021bionat, ca s\u0103 r\u0103nesc pe cineva. Este vorba \u0219i despre atmosfera din sal\u0103, \u00ee\u021bi d\u0103 aceast\u0103 motiva\u021bie de lupt\u0103. \u0218i jocul, aceste fete de la V\u00e2lcea, pentru c\u0103 \u0219i ele veneau cu toat\u0103 puterea. Nu po\u021bi compara cu, nu \u0219tiu, o s\u0103 dau un exemplu, cu un meci cu Ia\u0219i. E un joc total diferit, \u0219tii. Dar cred c\u0103 asta e cu adev\u0103rat pl\u0103cut, s\u0103 ai astfel de meciuri \u00een Liga Rom\u00e2n\u0103, ca cel de ast\u0103zi.. Nu sunt at\u00e2t de multe \u0219i e important s\u0103 le folose\u0219ti \u00een cel mai bun mod\u201d.<\/strong><\/em><\/p>\n<p><em><strong>Am spus c\u0103, \u00eentr-un fel, este bine c\u0103 juc\u0103m direct \u00een sferturile de final\u0103, dar asta \u00eenseamn\u0103 \u0219i c\u0103 nu vom avea meciuri \u00een martie, \u00een Liga Campionilor. E suficient timp s\u0103 ne preg\u0103tim pentru Esbjerg <\/strong><\/em><br \/><em><strong>Cred c\u0103 poate fi o bun\u0103 revan\u0219\u0103 pentru sezonul trecut. \u00cemi amintesc cum am fost cu to\u021bii dezam\u0103gite \u0219i frustrate dup\u0103 al doilea meci. Cel mai important este s\u0103 r\u0103m\u00e2nem s\u0103n\u0103toase, s\u0103 muncim din greu \u0219i s\u0103 \u00eencerc\u0103m s\u0103 men\u021binem acela\u0219i ritm ca la \u00eenceputul anului acesta\u201d.<\/strong><\/em><\/p>\n<\/blockquote>\n<p>\ud83d\udc49Amalie Wulff (SCM R\u00e2mnicu V\u00e2lcea):<\/p>\n<blockquote>\n<p><strong><em>\u201eUn meci foarte \u00eencr\u00e2ncenat. Ele sunt foarte puternice, dar \u0219i noi am f\u0103cut o partid\u0103 bun\u0103, am avut o defensiv\u0103 puternic\u0103. Am fost bine \u0219i \u00een atac, ne-am construit multe \u0219anse, din p\u0103cate am ratat c\u00e2teva la final. Personal, am stat \u00een fa\u021ba c\u00e2torva juc\u0103toare dintre cele mai bune din lume. \u00cens\u0103 eu nu m\u0103 g\u00e2ndesc la cine este \u00een fa\u021ba mea, vreau s\u0103 joc normal, adic\u0103 s\u0103-mi fac jocul meu. C\u00e2nd am mingea \u00een m\u00e2n\u0103 \u0219i timpul curge, \u00eencerc doar s\u0103 joc handbal. Dar \u00eentr-adev\u0103r trebuie s\u0103 joci la cel mai \u00eenalt nivel c\u00e2nd ai asemenea adversare. \u0218i nu numai eu, toat\u0103 echipa noastr\u0103 a stat bine pe picioare ast\u0103zi\u201d.<\/em><\/strong><\/p>\n<\/blockquote>\n<div class=\"sharedaddy sd-sharing-enabled\">\n<div class=\"robots-nocontent sd-block sd-social sd-social-official sd-sharing\">\n<h3 class=\"sd-title\">Distribuie pe:<\/h3>\n<div class=\"sd-content\">\n<ul>\n<li class=\"share-facebook\">\n<li class=\"share-twitter\"><a href=\"https:\/\/twitter.com\/share\" class=\"twitter-share-button\" data-url=\"https:\/\/www.curierul.ro\/liga-florilorscm-ramnicu-valcea-csm-bucuresti-29-31\/\" data-text=\"LIGA FLORILOR:SCM R\u00c2MNICU V\u00c2LCEA - CSM BUCURE\u0218TI 29-31\" data-via=\"curierulvl\">Tweet<\/a><\/li>\n<li class=\"share-jetpack-whatsapp\"><a rel=\"nofollow noopener noreferrer\" data-shared=\"sharing-whatsapp-196452\" class=\"share-jetpack-whatsapp sd-button\" href=\"https:\/\/www.curierul.ro\/liga-florilorscm-ramnicu-valcea-csm-bucuresti-29-31\/?share=jetpack-whatsapp\" target=\"_blank\" aria-labelledby=\"sharing-whatsapp-196452\"><span id=\"sharing-whatsapp-196452\" hidden>Partajeaz\u0103 prin WhatsApp(Se deschide \u00eentr-o fereastr\u0103 nou\u0103)<\/span><span>WhatsApp<\/span><\/a><\/li>\n<li><a href=\"https:\/\/www.curierul.ro\/liga-florilorscm-ramnicu-valcea-csm-bucuresti-29-31\/\" class=\"sharing-anchor sd-button share-more\"><span>Mai mult<\/span><\/a><\/li>\n<li class=\"share-end\"><\/ul>\n<div class=\"sharing-hidden\">\n<div class=\"inner\">\n<ul>\n<li class=\"share-email\"><a rel=\"nofollow noopener noreferrer\" data-shared=\"sharing-email-196452\" class=\"share-email sd-button\" href=\"mailto:?subject=%5BArticol%20partajat%5D%20LIGA%20FLORILOR%3ASCM%20R%C3%82MNICU%20V%C3%82LCEA%20-%20CSM%20BUCURE%C8%98TI%2029-31&amp;body=https%3A%2F%2Fwww.curierul.ro%2Fliga-florilorscm-ramnicu-valcea-csm-bucuresti-29-31%2F&amp;share=email\" target=\"_blank\" aria-labelledby=\"sharing-email-196452\" data-email-share-error-title=\"\u021ai-ai configurat emailul?\" data-email-share-error-text=\"Dac\u0103 ai probleme la partajarea prin email, probabil nu ai configurat emailul pentru navigator. Poate trebuie s\u0103 creezi singur un email nou.\" data-email-share-nonce=\"2bbc44eeac\" data-email-share-track-url=\"https:\/\/www.curierul.ro\/liga-florilorscm-ramnicu-valcea-csm-bucuresti-29-31\/?share=email\"><span id=\"sharing-email-196452\" hidden>Trimite unui prieten un email cu o leg\u0103tur\u0103(Se deschide \u00eentr-o fereastr\u0103 nou\u0103)<\/span><span>Email<\/span><\/a><\/li>\n<li class=\"share-print\"><a rel=\"nofollow noopener noreferrer\" data-shared=\"sharing-print-196452\" class=\"share-print sd-button\" href=\"https:\/\/www.curierul.ro\/liga-florilorscm-ramnicu-valcea-csm-bucuresti-29-31\/#print?share=print\" target=\"_blank\" aria-labelledby=\"sharing-print-196452\"><span id=\"sharing-print-196452\" hidden>Imprimare(Se deschide \u00eentr-o fereastr\u0103 nou\u0103)<\/span><span>Imprimare<\/span><\/a><\/li>\n<li class=\"share-end\"><\/ul>\n<\/div>\n<\/div>\n<\/div>\n<\/div>\n<\/div>\n<div id=\"jp-relatedposts\" class=\"jp-relatedposts\">\n<h3 class=\"jp-relatedposts-headline\"><em>Similare<\/em><\/h3>\n<\/div>\n<footer class=\"post-footer\">\n<div class=\"post-navigation clearfix\">\n<div class=\"previous-post\">\n<div class=\"featured-photo\"><img loading=\"lazy\" decoding=\"async\" width=\"1219\" height=\"812\" src=\"https:\/\/i0.wp.com\/www.curierul.ro\/wp-content\/uploads\/2026\/02\/Valcea-FARCASESTI-4-3.jpeg?fit=300%2C200&amp;ssl=1\" class=\"attachment-post-thumbnail size-post-thumbnail wp-post-image\" alt><\/div>\n<p class=\"paginate-title\">\u00ab\u00ab <a href=\"https:\/\/www.curierul.ro\/liga-3-scm-ramnicu-valcea-vulturii-farcasesti-4-3-0-1bravo-pentru-remontada-dar-jocul-valcii-nu-a-fost-ce-trebuie\/\" rel=\"prev\">LIGA 3: SCM R\u00c2MNICU V\u00c2LCEA \u2013 VULTURII F\u0102RC\u0102\u0218E\u0218TI 4-3 (0-1)<br \/>BRAVO PENTRU REMONTADA, DAR JOCUL V\u00c2LCII NU A FOST CE TREBUIE<\/a><\/p>\n<\/div>\n<div class=\"next-post\">\n<div class=\"featured-photo\"><img decoding=\"async\" width=\"2000\" height=\"1126\" src=\"https:\/\/i0.wp.com\/www.curierul.ro\/wp-content\/uploads\/2026\/03\/IMG-20260301-WA0025.jpg?fit=300%2C169&amp;ssl=1\" class=\"attachment-post-thumbnail size-post-thumbnail wp-post-image\" alt loading=\"lazy\"><\/div>\n<p class=\"paginate-title\"><a href=\"https:\/\/www.curierul.ro\/circulatie-cu-probleme-pe-dn7\/\" rel=\"next\">Circula\u021bie cu probleme pe DN7<\/a> \u00bb\u00bb<\/p>\n<\/div>\n<\/div>\n<div id=\"comments\" class=\"comments-area\">\n<div id=\"respond\" class=\"comment-respond\">\n<h3 id=\"reply-title\" class=\"comment-reply-title\">Po\u021bi comenta aici<small><a rel=\"nofollow\" id=\"cancel-comment-reply-link\" href=\"https:\/\/www.curierul.ro\/liga-florilorscm-ramnicu-valcea-csm-bucuresti-29-31\/#respond\">Anuleaz\u0103 r\u0103spunsul<\/a><\/small><\/h3>\n<\/div>\n<p class=\"akismet_comment_form_privacy_notice\">Acest site folose\u0219te Akismet pentru a reduce spamul. <a href=\"https:\/\/akismet.com\/privacy\/\" target=\"_blank\" rel=\"nofollow noopener\">Afl\u0103 cum sunt procesate datele comentariilor tale<\/a>.<\/p>\n<\/div>\n<section class=\"latest-category clearfix\">\n<h2 class=\"title\">More Stories From Actualitate<\/h2>\n<div class=\"stories-container\">\n<article id=\"related-196531\" class=\"story post-196531 post type-post status-publish format-standard has-post-thumbnail hentry category-actualitate category-publicitate category-zidezi\">\n<div class=\"photo\"><img decoding=\"async\" width=\"735\" height=\"440\" src=\"https:\/\/i0.wp.com\/www.curierul.ro\/wp-content\/uploads\/2026\/03\/1772546827-ft2u_wp.png?fit=300%2C169&amp;ssl=1\" class=\"attachment-giornalismo-single size-giornalismo-single wp-post-image\" alt loading=\"lazy\"><\/div>\n<p class=\"headline\"><a href=\"https:\/\/www.curierul.ro\/cum-a-evoluat-aparatul-de-cafea-cu-capsule-pentru-consumatorii-moderni\/\">Cum a evoluat aparatul de cafea cu capsule pentru consumatorii moderni<\/a><\/p>\n<\/article>\n<article id=\"related-196517\" class=\"story post-196517 post type-post status-publish format-standard has-post-thumbnail hentry category-actualitate category-headlines category-politica tag-l tag-leaga tag-microbuze-electrice tag-ramnicul tag-stasiuni\">\n<div class=\"photo\"><img decoding=\"async\" width=\"735\" height=\"440\" src=\"https:\/\/i0.wp.com\/www.curierul.ro\/wp-content\/uploads\/2026\/03\/microbuze-1-e1772543394184.jpg?fit=300%2C152&amp;ssl=1\" class=\"attachment-giornalismo-single size-giornalismo-single wp-post-image\" alt loading=\"lazy\"><\/div>\n<p class=\"headline\"><a href=\"https:\/\/www.curierul.ro\/inca-15-microbuze-electrice-vor-lega-ramnicul-de-toate-statiunile-din-jur\/\">\u00cenc\u0103 15 microbuze electrice vor lega R\u00e2mnicul de toate sta\u021biunile din jur<\/a><\/p>\n<\/article>\n<article id=\"related-196511\" class=\"story post-196511 post type-post status-publish format-standard has-post-thumbnail hentry category-actualitate category-eveniment-social category-invatamant category-it category-zidezi\">\n<div class=\"photo\"><img decoding=\"async\" width=\"735\" height=\"440\" src=\"https:\/\/i0.wp.com\/www.curierul.ro\/wp-content\/uploads\/2026\/03\/HackerVille.jpeg?fit=300%2C225&amp;ssl=1\" class=\"attachment-giornalismo-single size-giornalismo-single wp-post-image\" alt loading=\"lazy\"><\/div>\n<p class=\"headline\"><a href=\"https:\/\/www.curierul.ro\/project-hackerville-unbreakable-valcea-2026\/\">Project HackerVille -UNbreakable V\u00e2lcea 2026<\/a><\/p>\n<\/article>\n<\/div>\n<\/section>\n<section class=\"author-bio clearfix\">\n<div class=\"mug-shot\"><img decoding=\"async\" alt src=\"https:\/\/secure.gravatar.com\/avatar\/38348b3eaa7d589402948e297c539169e25c956b894b08c27e56c621c3536fa4?s=96&amp;d=mm&amp;r=g\" class=\"avatar avatar-96 photo\" height=\"96\" width=\"96\" loading=\"lazy\"><\/div>\n<div class=\"author-info\">\n<p class=\"title\">About Gabriel S\u0103ndulescu, <\/p>\n<div class=\"author-social-area\"><a href=\"mailto:gbrlsandulescu@yahoo.com\"><span class=\"fal fa-envelope\"><span class=\"screen-reader-text\">Email the Author<\/span><\/span><\/a><\/div>\n<\/div>\n<\/section>\n<\/footer>\n<\/article>\n<article id=\"196452\" class=\"post-196452 post type-post status-publish format-standard has-post-thumbnail hentry category-actualitate category-handbal category-headlines category-sport\">\n<header class=\"post-header\">\n<ul class=\"breadcrumbs\">\n<li><a href=\"https:\/\/www.curierul.ro\">Home<\/a><\/li>\n<li class=\"breadcrumbs-active .category-actualitate\"><a href=\"https:\/\/www.curierul.ro\/index.php?cat=1615\">Actualitate<\/a><\/li>\n<li class=\"breadcrumbs-active .category-actualitate\">LIGA FLORILOR:<br \/>SCM R\u00c2MNICU V\u00c2LCEA \u2013 CSM BUCURE\u0218TI 29-31<\/li>\n<\/ul>\n<div class=\"featured-photo\"><img loading=\"lazy\" decoding=\"async\" width=\"1219\" height=\"1205\" src=\"https:\/\/i0.wp.com\/www.curierul.ro\/wp-content\/uploads\/2026\/03\/SCM-CSM-29-31.jpeg?fit=300%2C297&amp;ssl=1\" class=\"attachment-single size-single wp-post-image\" alt><\/div>\n<h1 class=\"headline\">LIGA FLORILOR:<br \/>SCM R\u00c2MNICU V\u00c2LCEA \u2013 CSM BUCURE\u0218TI 29-31<\/h1>\n<p class=\"byline\">\n\t\tScris de<a href=\"https:\/\/www.curierul.ro\/author\/gabi\/\">Gabriel S\u0103ndulescu<\/a>, \t\t1 martie 2026\t\t\t\t<\/p>\n<hr>\n<\/header>\n<p>\u27a1\ufe0fUn indicator al progresului SCM R\u00e2mnicu V\u00e2lcea ar putea fi statistica ultimelor dou\u0103 sezoane. De la \u2013 12 \u0219i \u2013 6, anul trecut, la \u2013 2 \u0219i \u2013 1 acum, cu dou\u0103 partide \u00een care v\u00e2lcencele au fost aproape de rezultate mari, dup\u0103 evolu\u021bii foarte bune.<\/p>\n<p>\u27a1\ufe0fPoate c\u0103 meciul s-a jucat \u00een prima parte, c\u00e2nd v\u00e2lcencele au g\u0103sit greu culoare \u00een atac, iar, de partea cealalt\u0103, Maslova a fost de neoprit. Apoi, Florentin Pera a schimbat liniile, ca la hochei, cu impact pozitiv \u00een evolu\u021bia SCM-ului din R\u00e2mnic.<\/p>\n<p>\u27a1\ufe0fS\u0103 marchezi 29 de goluri \u00eempotriva unei ap\u0103r\u0103ri precum a CSM-ului este un fapt remarcabil, dar plusez cu ap\u0103rarea V\u00e2lcii care, dup\u0103 minutul 20, a avut o presta\u021bie excelent\u0103.<\/p>\n<p>\u203c\ufe0fO men\u021biune special\u0103 pentru centrul Amalie Wulff, cea care a adus viziune \u0219i determinare \u00een jocul v\u00e2lcean. Iar secven\u021ba \u00een care e aproape de conflict cu Crina Pintea r\u0103m\u00e2ne memorabil\u0103 pentru ambi\u021bia micu\u021bei juc\u0103toare. C\u00e2t despre determinarea \u00eentregii echipe SCM, Djurdjina Jaukovic spune totul: \u201e<strong><em>Aceste fete de la V\u00e2lcea care veneau cu toat\u0103 puterea<\/em><\/strong>\u201e.<\/p>\n<p>\u27a1\ufe0fCa \u0219i desc\u0103tu\u0219area pe final a Bojanei Popovici, un strig\u0103t eliberator la ultimul time-out luat, semn al luptei cr\u00e2ncene care s-a dat vineri \u00een sala Traian.<\/p>\n<p>Declara\u021bii dup\u0103 meci:<\/p>\n<p>\ud83d\udc49Iulia Curea (antrenor secund CSM Bucure\u0219ti):<\/p>\n<blockquote>\n<p><em><strong>\u201eNe a\u0219teptam s\u0103 fie un meci foarte greu, indiferent c\u0103 suntem noi \u00eentr-o form\u0103 foarte bun\u0103. \u00centotdeauna a fost dificil aici, cu publicul \u0219i cu atmosfera din sal\u0103. Dar noi ne-am preg\u0103tit foarte bine \u0219i ne bucur\u0103m c\u0103 am luat cele dou\u0103 puncte. Cred c\u0103 resim\u021bim \u0219i un pic de oboseal\u0103, dup\u0103 at\u00e2tea meciuri, este normal s\u0103 vin\u0103 \u0219i unul mai pu\u021bin bun. V\u00e2lcea vine dup\u0103 o pauz\u0103 \u0219i pare c\u0103 a avut mai mult\u0103 poft\u0103 de handbal dec\u00e2t noi ast\u0103zi. C\u00e2teodat\u0103, a p\u0103rut un meci mai \u0219ut, pentru c\u0103 faulturile care se fac de juc\u0103toarele care sunt \u00een atac \u0219i vin \u00een ap\u0103rare sunt ni\u0219te faulturi pe care unii nu le v\u0103d \u0219i atunci este normal s\u0103 apar\u0103 ceva nervi \u0219i tensiune. \u00cens\u0103 a fost o lupt\u0103 dreapt\u0103 \u00eentr-un meci foarte frumos \u0219i felicit echipa din V\u00e2lcea pentru modul \u00een care au jucat. \u00cen ceea ce prive\u0219te lupta pentru titlu, azi am \u00eencheiat un mic capitol, cred c\u0103 mai avem vreo trei-patru meciuri grele. Ne g\u00e2ndim, desigur, la titlu, dar mai avem p\u00e2n\u0103 acolo. Final Four? Este visul tuturor de la echip\u0103, pentru asta muncim \u00een draci. Va fi a patra oar\u0103 cu Esbjerg. Ele au avut fluctua\u021bii \u00een acest sezon, au schimbat antrenorul \u0219i pu\u021bin sistemul de joc. C\u0103ut\u0103m s\u0103 g\u0103sim meciurile \u00een care s\u0103 le identific\u0103m foarte bine pe cele de la Esbjerg \u0219i s\u0103 le preg\u0103tim c\u0103 atare. Doar la meciurile cu Esbjerg ne g\u00e2ndim\u201d<\/strong><\/em>.<\/p>\n<\/blockquote>\n<p>\ud83d\udc49Florentin Pera (antrenor principal SCM R\u00e2mnicu V\u00e2lcea):<\/p>\n<blockquote>\n<p><em><strong>\u201eMeci echilibrat, care se putea \u00eencheia cu orice rezultat. Cred c\u0103 micile detalii \u00een momentele decisive au f\u0103cut diferen\u021ba, ele au avut juc\u0103toarele de 9 metri care au marcat \u0219i care au u\u0219urat munca echipei lor. Noi am ratat pe final, am f\u0103cut \u0219i o gre\u0219eal\u0103 tehnic\u0103, dar, \u00een cele din urm\u0103, V\u00e2lcea a ar\u0103tat un handbal de nivel ridicat, a\u0219a cum a f\u0103cut-o pe durata \u00eentregului campionat. Faptul c\u0103, \u00een dou\u0103 meciuri cu CSM, am fost foarte aproape de a ob\u021bine egalul sau chiar victoria, demonstreaz\u0103 c\u0103 V\u00e2lcea este pe drumul bun \u0219i ne d\u0103 \u00eencredere pentru viitorul \u00een care dorim ca echipa s\u0103 joace \u00een Liga Campionilor. Nu este u\u0219or s\u0103 vii de la un ecart de cinci goluri \u0219i spoi s\u0103 te ba\u021bi pentru victorie. Felicit juc\u0103toarele noastre, este meritul lor, s-au luptat, au crezut, chiar dac\u0103 la \u00eenceput au intrat mai timorate. Dar, treptat, ne-am reg\u0103sit caden\u021ba. Cred c\u0103 am avut maturitate \u00een joc \u0219i r\u0103bdare cu care am construit fiecare atac p\u00e2n\u0103 \u00een situa\u021bie clar\u0103. Sunt pu\u021bin nemul\u021bumit de \u00eenceputul de joc, de culoarele din ap\u0103rare, am pierdut cam u\u0219or ni\u0219te dueluri \u00een prima parte, chiar dac\u0103 noi \u0219tiam \u0219i am preg\u0103tit \u00een special \u00eempotriva Maslovei. M\u0103 bucur c\u0103 juc\u0103toarele noastre s-au completat, cred c\u0103 am folosit toat\u0103 foaia de joc ast\u0103zi. Mul\u021bumim pentru atmosfera f\u0103cut\u0103 de spectatori \u0219i le promitem c\u0103 vom p\u0103stra aceea\u0219i atitudine, acela\u0219i spirit de echip\u0103\u201d.<\/strong><\/em><\/p>\n<\/blockquote>\n<p>\ud83d\udc49Djurdjina Jaukovic (CSM Bucure\u0219ti):<\/p>\n<blockquote>\n<p><em><strong>\u201e\u00cen primul r\u00e2nd, vreau s\u0103 felicit fetele de la V\u00e2lcea, pentru c\u0103 a fost un meci foarte bun, \u00eentr-o atmosfer\u0103 excelent\u0103. Mi-a pl\u0103cut s\u0103 v\u0103d sala plin\u0103, e normal ca spectatorii s\u0103 sus\u021bin\u0103 favoritele, dar totul a fost foarte fair-play. Sigur c\u0103 ne a\u0219teptam la un meci complicat, \u0219tim c\u0103 ele formeaz\u0103 o echip\u0103 grozav\u0103, juc\u0103toare foarte bune. De asemenea, joac\u0103 din ce \u00een ce mai bine pe m\u0103sur\u0103 ce merge campionatul. Cu at\u00e2t sunt mai m\u00e2ndr\u0103 \u0219i fericit\u0103 pentru echipa mea. Mai ales c\u0103 a fost o perioad\u0103 dificil\u0103 pentru noi, de genul dou\u0103 luni, cred, 14 meciuri jucate. A fost foarte greu, dar m\u0103 bucur c\u0103 am reu\u0219it s\u0103 r\u0103m\u00e2nem \u0219i s\u0103n\u0103toase, acum putem avea pu\u021bin timp de odihn\u0103.<\/strong><\/em><\/p>\n<p><em><strong>Da, a fost un efort intens, jocul a mai avut \u0219i momente dure, am \u00een\u021beles ce ai vrut s\u0103 spui. \u00cens\u0103, \u0219tii, nu e vorba doar de mine \u00een ciocnirile astea. Am primit \u0219i eu. Cred c\u0103 a\u0219a este la handbal. Nu-mi place s\u0103 m\u0103 pl\u00e2ng at\u00e2t de mult. \u0218tiu c\u0103 \u0219i handbalul e un joc dificil. Poate uneori e greu, dar nu-mi place s\u0103 joc murdar. Nu voi face niciodat\u0103 prostii pentru mine. C\u00e2nd o juc\u0103toare vine c\u0103tre mine, \u00eencerc s\u0103 fac tot posibilul s\u0103 o opresc. De asemenea, dac\u0103 am f\u0103cut ceva, nu am f\u0103cut-o niciodat\u0103 inten\u021bionat, ca s\u0103 r\u0103nesc pe cineva. Este vorba \u0219i despre atmosfera din sal\u0103, \u00ee\u021bi d\u0103 aceast\u0103 motiva\u021bie de lupt\u0103. \u0218i jocul, aceste fete de la V\u00e2lcea, pentru c\u0103 \u0219i ele veneau cu toat\u0103 puterea. Nu po\u021bi compara cu, nu \u0219tiu, o s\u0103 dau un exemplu, cu un meci cu Ia\u0219i. E un joc total diferit, \u0219tii. Dar cred c\u0103 asta e cu adev\u0103rat pl\u0103cut, s\u0103 ai astfel de meciuri \u00een Liga Rom\u00e2n\u0103, ca cel de ast\u0103zi.. Nu sunt at\u00e2t de multe \u0219i e important s\u0103 le folose\u0219ti \u00een cel mai bun mod\u201d.<\/strong><\/em><\/p>\n<p><em><strong>Am spus c\u0103, \u00eentr-un fel, este bine c\u0103 juc\u0103m direct \u00een sferturile de final\u0103, dar asta \u00eenseamn\u0103 \u0219i c\u0103 nu vom avea meciuri \u00een martie, \u00een Liga Campionilor. E suficient timp s\u0103 ne preg\u0103tim pentru Esbjerg <\/strong><\/em><br \/><em><strong>Cred c\u0103 poate fi o bun\u0103 revan\u0219\u0103 pentru sezonul trecut. \u00cemi amintesc cum am fost cu to\u021bii dezam\u0103gite \u0219i frustrate dup\u0103 al doilea meci. Cel mai important este s\u0103 r\u0103m\u00e2nem s\u0103n\u0103toase, s\u0103 muncim din greu \u0219i s\u0103 \u00eencerc\u0103m s\u0103 men\u021binem acela\u0219i ritm ca la \u00eenceputul anului acesta\u201d.<\/strong><\/em><\/p>\n<\/blockquote>\n<p>\ud83d\udc49Amalie Wulff (SCM R\u00e2mnicu V\u00e2lcea):<\/p>\n<blockquote>\n<p><strong><em>\u201eUn meci foarte \u00eencr\u00e2ncenat. Ele sunt foarte puternice, dar \u0219i noi am f\u0103cut o partid\u0103 bun\u0103, am avut o defensiv\u0103 puternic\u0103. Am fost bine \u0219i \u00een atac, ne-am construit multe \u0219anse, din p\u0103cate am ratat c\u00e2teva la final. Personal, am stat \u00een fa\u021ba c\u00e2torva juc\u0103toare dintre cele mai bune din lume. \u00cens\u0103 eu nu m\u0103 g\u00e2ndesc la cine este \u00een fa\u021ba mea, vreau s\u0103 joc normal, adic\u0103 s\u0103-mi fac jocul meu. C\u00e2nd am mingea \u00een m\u00e2n\u0103 \u0219i timpul curge, \u00eencerc doar s\u0103 joc handbal. Dar \u00eentr-adev\u0103r trebuie s\u0103 joci la cel mai \u00eenalt nivel c\u00e2nd ai asemenea adversare. \u0218i nu numai eu, toat\u0103 echipa noastr\u0103 a stat bine pe picioare ast\u0103zi\u201d.<\/em><\/strong><\/p>\n<\/blockquote>\n<div class=\"sharedaddy sd-sharing-enabled\">\n<div class=\"robots-nocontent sd-block sd-social sd-social-official sd-sharing\">\n<h3 class=\"sd-title\">Distribuie pe:<\/h3>\n<div class=\"sd-content\">\n<ul>\n<li class=\"share-facebook\">\n<li class=\"share-twitter\"><a href=\"https:\/\/twitter.com\/share\" class=\"twitter-share-button\" data-url=\"https:\/\/www.curierul.ro\/liga-florilorscm-ramnicu-valcea-csm-bucuresti-29-31\/\" data-text=\"LIGA FLORILOR:SCM R\u00c2MNICU V\u00c2LCEA - CSM BUCURE\u0218TI 29-31\" data-via=\"curierulvl\">Tweet<\/a><\/li>\n<li class=\"share-jetpack-whatsapp\"><a rel=\"nofollow noopener noreferrer\" data-shared=\"sharing-whatsapp-196452\" class=\"share-jetpack-whatsapp sd-button\" href=\"https:\/\/www.curierul.ro\/liga-florilorscm-ramnicu-valcea-csm-bucuresti-29-31\/?share=jetpack-whatsapp\" target=\"_blank\" aria-labelledby=\"sharing-whatsapp-196452\"><span id=\"sharing-whatsapp-196452\" hidden>Partajeaz\u0103 prin WhatsApp(Se deschide \u00eentr-o fereastr\u0103 nou\u0103)<\/span><span>WhatsApp<\/span><\/a><\/li>\n<li><a href=\"https:\/\/www.curierul.ro\/liga-florilorscm-ramnicu-valcea-csm-bucuresti-29-31\/\" class=\"sharing-anchor sd-button share-more\"><span>Mai mult<\/span><\/a><\/li>\n<li class=\"share-end\"><\/ul>\n<div class=\"sharing-hidden\">\n<div class=\"inner\">\n<ul>\n<li class=\"share-email\"><a rel=\"nofollow noopener noreferrer\" data-shared=\"sharing-email-196452\" class=\"share-email sd-button\" href=\"mailto:?subject=%5BArticol%20partajat%5D%20LIGA%20FLORILOR%3ASCM%20R%C3%82MNICU%20V%C3%82LCEA%20-%20CSM%20BUCURE%C8%98TI%2029-31&amp;body=https%3A%2F%2Fwww.curierul.ro%2Fliga-florilorscm-ramnicu-valcea-csm-bucuresti-29-31%2F&amp;share=email\" target=\"_blank\" aria-labelledby=\"sharing-email-196452\" data-email-share-error-title=\"\u021ai-ai configurat emailul?\" data-email-share-error-text=\"Dac\u0103 ai probleme la partajarea prin email, probabil nu ai configurat emailul pentru navigator. Poate trebuie s\u0103 creezi singur un email nou.\" data-email-share-nonce=\"2bbc44eeac\" data-email-share-track-url=\"https:\/\/www.curierul.ro\/liga-florilorscm-ramnicu-valcea-csm-bucuresti-29-31\/?share=email\"><span id=\"sharing-email-196452\" hidden>Trimite unui prieten un email cu o leg\u0103tur\u0103(Se deschide \u00eentr-o fereastr\u0103 nou\u0103)<\/span><span>Email<\/span><\/a><\/li>\n<li class=\"share-print\"><a rel=\"nofollow noopener noreferrer\" data-shared=\"sharing-print-196452\" class=\"share-print sd-button\" href=\"https:\/\/www.curierul.ro\/liga-florilorscm-ramnicu-valcea-csm-bucuresti-29-31\/#print?share=print\" target=\"_blank\" aria-labelledby=\"sharing-print-196452\"><span id=\"sharing-print-196452\" hidden>Imprimare(Se deschide \u00eentr-o fereastr\u0103 nou\u0103)<\/span><span>Imprimare<\/span><\/a><\/li>\n<li class=\"share-end\"><\/ul>\n<\/div>\n<\/div>\n<\/div>\n<\/div>\n<\/div>\n<div id=\"jp-relatedposts\" class=\"jp-relatedposts\">\n<h3 class=\"jp-relatedposts-headline\"><em>Similare<\/em><\/h3>\n<\/div>\n<footer class=\"post-footer\">\n<div class=\"post-navigation clearfix\">\n<div class=\"previous-post\">\n<div class=\"featured-photo\"><img loading=\"lazy\" decoding=\"async\" width=\"1219\" height=\"812\" src=\"https:\/\/i0.wp.com\/www.curierul.ro\/wp-content\/uploads\/2026\/02\/Valcea-FARCASESTI-4-3.jpeg?fit=300%2C200&amp;ssl=1\" class=\"attachment-post-thumbnail size-post-thumbnail wp-post-image\" alt><\/div>\n<p class=\"paginate-title\">\u00ab\u00ab <a href=\"https:\/\/www.curierul.ro\/liga-3-scm-ramnicu-valcea-vulturii-farcasesti-4-3-0-1bravo-pentru-remontada-dar-jocul-valcii-nu-a-fost-ce-trebuie\/\" rel=\"prev\">LIGA 3: SCM R\u00c2MNICU V\u00c2LCEA \u2013 VULTURII F\u0102RC\u0102\u0218E\u0218TI 4-3 (0-1)<br \/>BRAVO PENTRU REMONTADA, DAR JOCUL V\u00c2LCII NU A FOST CE TREBUIE<\/a><\/p>\n<\/div>\n<div class=\"next-post\">\n<div class=\"featured-photo\"><img decoding=\"async\" width=\"2000\" height=\"1126\" src=\"https:\/\/i0.wp.com\/www.curierul.ro\/wp-content\/uploads\/2026\/03\/IMG-20260301-WA0025.jpg?fit=300%2C169&amp;ssl=1\" class=\"attachment-post-thumbnail size-post-thumbnail wp-post-image\" alt loading=\"lazy\"><\/div>\n<p class=\"paginate-title\"><a href=\"https:\/\/www.curierul.ro\/circulatie-cu-probleme-pe-dn7\/\" rel=\"next\">Circula\u021bie cu probleme pe DN7<\/a> \u00bb\u00bb<\/p>\n<\/div>\n<\/div>\n<div id=\"comments\" class=\"comments-area\">\n<div id=\"respond\" class=\"comment-respond\">\n<h3 id=\"reply-title\" class=\"comment-reply-title\">Po\u021bi comenta aici<small><a rel=\"nofollow\" id=\"cancel-comment-reply-link\" href=\"https:\/\/www.curierul.ro\/liga-florilorscm-ramnicu-valcea-csm-bucuresti-29-31\/#respond\">Anuleaz\u0103 r\u0103spunsul<\/a><\/small><\/h3>\n<\/div>\n<p class=\"akismet_comment_form_privacy_notice\">Acest site folose\u0219te Akismet pentru a reduce spamul. <a href=\"https:\/\/akismet.com\/privacy\/\" target=\"_blank\" rel=\"nofollow noopener\">Afl\u0103 cum sunt procesate datele comentariilor tale<\/a>.<\/p>\n<\/div>\n<section class=\"latest-category clearfix\">\n<h2 class=\"title\">More Stories From Actualitate<\/h2>\n<div class=\"stories-container\">\n<article id=\"related-196531\" class=\"story post-196531 post type-post status-publish format-standard has-post-thumbnail hentry category-actualitate category-publicitate category-zidezi\">\n<div class=\"photo\"><img decoding=\"async\" width=\"735\" height=\"440\" src=\"https:\/\/i0.wp.com\/www.curierul.ro\/wp-content\/uploads\/2026\/03\/1772546827-ft2u_wp.png?fit=300%2C169&amp;ssl=1\" class=\"attachment-giornalismo-single size-giornalismo-single wp-post-image\" alt loading=\"lazy\"><\/div>\n<p class=\"headline\"><a href=\"https:\/\/www.curierul.ro\/cum-a-evoluat-aparatul-de-cafea-cu-capsule-pentru-consumatorii-moderni\/\">Cum a evoluat aparatul de cafea cu capsule pentru consumatorii moderni<\/a><\/p>\n<\/article>\n<article id=\"related-196517\" class=\"story post-196517 post type-post status-publish format-standard has-post-thumbnail hentry category-actualitate category-headlines category-politica tag-l tag-leaga tag-microbuze-electrice tag-ramnicul tag-stasiuni\">\n<div class=\"photo\"><img decoding=\"async\" width=\"735\" height=\"440\" src=\"https:\/\/i0.wp.com\/www.curierul.ro\/wp-content\/uploads\/2026\/03\/microbuze-1-e1772543394184.jpg?fit=300%2C152&amp;ssl=1\" class=\"attachment-giornalismo-single size-giornalismo-single wp-post-image\" alt loading=\"lazy\"><\/div>\n<p class=\"headline\"><a href=\"https:\/\/www.curierul.ro\/inca-15-microbuze-electrice-vor-lega-ramnicul-de-toate-statiunile-din-jur\/\">\u00cenc\u0103 15 microbuze electrice vor lega R\u00e2mnicul de toate sta\u021biunile din jur<\/a><\/p>\n<\/article>\n<article id=\"related-196511\" class=\"story post-196511 post type-post status-publish format-standard has-post-thumbnail hentry category-actualitate category-eveniment-social category-invatamant category-it category-zidezi\">\n<div class=\"photo\"><img decoding=\"async\" width=\"735\" height=\"440\" src=\"https:\/\/i0.wp.com\/www.curierul.ro\/wp-content\/uploads\/2026\/03\/HackerVille.jpeg?fit=300%2C225&amp;ssl=1\" class=\"attachment-giornalismo-single size-giornalismo-single wp-post-image\" alt loading=\"lazy\"><\/div>\n<p class=\"headline\"><a href=\"https:\/\/www.curierul.ro\/project-hackerville-unbreakable-valcea-2026\/\">Project HackerVille -UNbreakable V\u00e2lcea 2026<\/a><\/p>\n<\/article>\n<\/div>\n<\/section>\n<section class=\"author-bio clearfix\">\n<div class=\"mug-shot\"><img decoding=\"async\" alt src=\"https:\/\/secure.gravatar.com\/avatar\/38348b3eaa7d589402948e297c539169e25c956b894b08c27e56c621c3536fa4?s=96&amp;d=mm&amp;r=g\" class=\"avatar avatar-96 photo\" height=\"96\" width=\"96\" loading=\"lazy\"><\/div>\n<div class=\"author-info\">\n<p class=\"title\">About Gabriel S\u0103ndulescu, <\/p>\n<div class=\"author-social-area\"><a href=\"mailto:gbrlsandulescu@yahoo.com\"><span class=\"fal fa-envelope\"><span class=\"screen-reader-text\">Email the Author<\/span><\/span><\/a><\/div>\n<\/div>\n<\/section>\n<\/footer>\n<\/article>\n<article id=\"related-196531\" class=\"story post-196531 post type-post status-publish format-standard has-post-thumbnail hentry category-actualitate category-publicitate category-zidezi\">\n<div class=\"photo\"><img decoding=\"async\" width=\"735\" height=\"440\" src=\"https:\/\/i0.wp.com\/www.curierul.ro\/wp-content\/uploads\/2026\/03\/1772546827-ft2u_wp.png?fit=300%2C169&amp;ssl=1\" class=\"attachment-giornalismo-single size-giornalismo-single wp-post-image\" alt loading=\"lazy\"><\/div>\n<p class=\"headline\"><a href=\"https:\/\/www.curierul.ro\/cum-a-evoluat-aparatul-de-cafea-cu-capsule-pentru-consumatorii-moderni\/\">Cum a evoluat aparatul de cafea cu capsule pentru consumatorii moderni<\/a><\/p>\n<\/article>\n<article id=\"related-196517\" class=\"story post-196517 post type-post status-publish format-standard has-post-thumbnail hentry category-actualitate category-headlines category-politica tag-l tag-leaga tag-microbuze-electrice tag-ramnicul tag-stasiuni\">\n<div class=\"photo\"><img decoding=\"async\" width=\"735\" height=\"440\" src=\"https:\/\/i0.wp.com\/www.curierul.ro\/wp-content\/uploads\/2026\/03\/microbuze-1-e1772543394184.jpg?fit=300%2C152&amp;ssl=1\" class=\"attachment-giornalismo-single size-giornalismo-single wp-post-image\" alt loading=\"lazy\"><\/div>\n<p class=\"headline\"><a href=\"https:\/\/www.curierul.ro\/inca-15-microbuze-electrice-vor-lega-ramnicul-de-toate-statiunile-din-jur\/\">\u00cenc\u0103 15 microbuze electrice vor lega R\u00e2mnicul de toate sta\u021biunile din jur<\/a><\/p>\n<\/article>\n<article id=\"related-196511\" class=\"story post-196511 post type-post status-publish format-standard has-post-thumbnail hentry category-actualitate category-eveniment-social category-invatamant category-it category-zidezi\">\n<div class=\"photo\"><img decoding=\"async\" width=\"735\" height=\"440\" src=\"https:\/\/i0.wp.com\/www.curierul.ro\/wp-content\/uploads\/2026\/03\/HackerVille.jpeg?fit=300%2C225&amp;ssl=1\" class=\"attachment-giornalismo-single size-giornalismo-single wp-post-image\" alt loading=\"lazy\"><\/div>\n<p class=\"headline\"><a href=\"https:\/\/www.curierul.ro\/project-hackerville-unbreakable-valcea-2026\/\">Project HackerVille -UNbreakable V\u00e2lcea 2026<\/a><\/p>\n<\/article>\n<p>[analyse_source url=&#8221;https:\/\/www.curierul.ro\/liga-florilorscm-ramnicu-valcea-csm-bucuresti-29-31\/&#8221;]<\/p>\n","protected":false},"excerpt":{"rendered":"<p>[analyse_image type=&#8221;featured&#8221; src=&#8221;https:\/\/www.curierul.ro\/wp-content\/uploads\/2026\/03\/SCM-CSM-29-31.jpeghttps:\/\/i0.wp.com\/www.curierul.ro\/wp-content\/uploads\/2026\/03\/SCM-CSM-29-31.jpeg?fit=1200%2C1186&amp;ssl=1&#8243;] Home Actualitate LIGA FLORILOR:SCM R\u00c2MNICU V\u00c2LCEA \u2013 CSM BUCURE\u0218TI 29-31 LIGA FLORILOR:SCM R\u00c2MNICU V\u00c2LCEA \u2013 CSM BUCURE\u0218TI 29-31 Scris deGabriel S\u0103ndulescu, 1 martie 2026 \u27a1\ufe0fUn indicator al progresului SCM R\u00e2mnicu V\u00e2lcea ar putea fi statistica ultimelor dou\u0103 sezoane. De la \u2013 12 \u0219i \u2013 6, anul trecut, la \u2013 2 \u0219i \u2013 [&hellip;]<\/p>\n","protected":false},"author":1,"featured_media":0,"comment_status":"open","ping_status":"","sticky":false,"template":"","format":"standard","meta":{"footnotes":""},"categories":[89],"tags":[226,213],"class_list":["post-1805729","post","type-post","status-publish","format-standard","hentry","category-romania","tag-crawlmanager","tag-curierul-ro"],"_links":{"self":[{"href":"https:\/\/analyse.optim.biz\/index.php?rest_route=\/wp\/v2\/posts\/1805729","targetHints":{"allow":["GET"]}}],"collection":[{"href":"https:\/\/analyse.optim.biz\/index.php?rest_route=\/wp\/v2\/posts"}],"about":[{"href":"https:\/\/analyse.optim.biz\/index.php?rest_route=\/wp\/v2\/types\/post"}],"author":[{"embeddable":true,"href":"https:\/\/analyse.optim.biz\/index.php?rest_route=\/wp\/v2\/users\/1"}],"replies":[{"embeddable":true,"href":"https:\/\/analyse.optim.biz\/index.php?rest_route=%2Fwp%2Fv2%2Fcomments&post=1805729"}],"version-history":[{"count":0,"href":"https:\/\/analyse.optim.biz\/index.php?rest_route=\/wp\/v2\/posts\/1805729\/revisions"}],"wp:attachment":[{"href":"https:\/\/analyse.optim.biz\/index.php?rest_route=%2Fwp%2Fv2%2Fmedia&parent=1805729"}],"wp:term":[{"taxonomy":"category","embeddable":true,"href":"https:\/\/analyse.optim.biz\/index.php?rest_route=%2Fwp%2Fv2%2Fcategories&post=1805729"},{"taxonomy":"post_tag","embeddable":true,"href":"https:\/\/analyse.optim.biz\/index.php?rest_route=%2Fwp%2Fv2%2Ftags&post=1805729"}],"curies":[{"name":"wp","href":"https:\/\/api.w.org\/{rel}","templated":true}]}}