{"id":1805719,"date":"2026-03-03T18:12:46","date_gmt":"2026-03-03T15:12:46","guid":{"rendered":"https:\/\/analyse.optim.biz\/?p=1805719"},"modified":"2026-03-03T18:12:46","modified_gmt":"2026-03-03T15:12:46","slug":"responsabilitatile-agentilor-economici-in-domeniul-protectiei-mediului-si-a-gestionarii-deseurilor-in-dezbatere-la-cciat-foto-video","status":"publish","type":"post","link":"https:\/\/analyse.optim.biz\/?p=1805719","title":{"rendered":"Responsabilit\u0103\u021bile agen\u021bilor economici \u00een domeniul protec\u021biei mediului \u0219i a gestion\u0103rii de\u015feurilor, \u00een dezbatere la CCIAT \/ FOTO-VIDEO"},"content":{"rendered":"<p>[analyse_image type=&#8221;featured&#8221; src=&#8221;https:\/\/www.banatulazi.ro\/wp-content\/uploads\/2026\/03\/mediu-cciat-7.jpg&#8221;]<\/p>\n<div class=\"td_block_wrap tdb_single_content tdi_64 td-pb-border-top td_block_template_1 td-post-content tagdiv-type\" data-td-block-uid=\"tdi_64\">\n<div class=\"tdb-block-inner td-fix-index\">\n<p><strong>Mar\u021bi a continuat seria de \u00eent\u00eelniri ale mediului de afaceri cu cele mai importante institu\u021bii de stat ce au nout\u0103\u021bi legislative de adus la cuno\u0219tiin\u021ba general\u0103. Mediul \u00eenconjur\u0103tor se dovede\u0219te a fi unul din cele mai sensibile componente ale vie\u021bii cotidiene. Protec\u021bia mediului nu mai este, de mult timp, un moft, a\u0219a cum \u00eenc\u0103 \u00eencearc\u0103 unii s\u0103 minimalizeze importan\u021ba acestui aspect. <\/strong><\/p>\n<p>Camera de Comer\u0163, Industrie \u015fi Agricultur\u0103 Timi\u015f, \u00een calitate de partener Enterprise Europe Network (EEN), \u00een colaborare cu Agen\u021bia Na\u021bional\u0103 pentru Mediu \u0219i Arii Protejate \u2013 Direc\u021bia Jude\u021bean\u0103 de Mediu Timi\u0219 \u0219i Garda Na\u021bional\u0103 de Mediu \u2013 Comisariatul Jude\u021bean Timi\u0219, sub egida Institu\u021biei Prefectului Jude\u021bul Timi\u0219, a organizat mar\u021bi, 3 martie 2026, \u00een Sala Banat a Centrului Regional de Afaceri al CCIA Timi\u0219, seminarul de informare a agen\u021bilor economici, av\u00e2nd ca tem\u0103:<\/p>\n<p><em><strong>Aspecte privind responsabilit\u0103\u021bile agen\u021bilor economici \u00een domeniul protec\u021biei mediului \u0219i a gestion\u0103rii de\u015feurilor<\/strong><\/em><\/p>\n<div class=\"youtube-embed\" data-video_id=\"ehpm1wRuwLg\"><iframe loading=\"lazy\" title=\"Responsabilit\u0103\u021bile agen\u021bilor economici \u00een domeniul protec\u021biei mediului \u0219i a gestion\u0103rii de\u015feurilor,\" width=\"696\" height=\"392\" src=\"https:\/\/www.youtube.com\/embed\/ehpm1wRuwLg?feature=oembed&amp;enablejsapi=1\" frameborder allow=\"accelerometer; autoplay; clipboard-write; encrypted-media; gyroscope; picture-in-picture; web-share\" referrerpolicy=\"strict-origin-when-cross-origin\" allowfullscreen><\/iframe><\/div>\n<p>Florica Chiri\u021b\u0103, pre\u0219edinte CCIAT, a scos \u00een eviden\u021b\u0103 importan\u021ba \u00eent\u00e2lnirilor de acest fel \u00een contextul \u00een\u0103spririi sanc\u021biunilor din domeniul mediului.<em> \u201e\u00cen zona de mediu amenzile sunt tot mai mari, de aceea ne-am dorit s\u0103 organiz\u0103m un seminar de instruire \u0219i informare a agen\u021bilor economici. Scopul este ca firmele s\u0103 fie la zi cu informa\u021biile \u0219i s\u0103 evite situa\u021biile critice generate de nerespectarea legisla\u021biei\u201d.<\/em><br \/><em><br \/>\n\u201e\u00cent\u00e2lnirile care aduc la aceea\u0219i mas\u0103 autoritatea public\u0103 \u0219i mediul economic sunt cheia unei conform\u0103ri eficiente \u0219i a unei economii durabile\u201d,<\/em> a apreciat comisarul-\u0219ef al G\u0103rzii de Mediu Timi\u0219, Luci Mu\u0219uroi.<\/p>\n<p>Cosmina Daniela Popescu, a explicat necesitatea cunoa\u0219terii \u0219i aplic\u0103rii corecte a legisla\u021biei de mediu deopotriv\u0103 cu necesitatea ob\u021binerii acordurilor \u0219i autoriza\u021biilor de mediu pentru implementarea proiectelor \u0219i a investi\u021biilor, dar \u0219i obligativitatea aplic\u0103rii vizei anuale dup\u0103 emiterea autoriza\u021biei. <em>\u201e\u00cen lipsa vizei anuale, autoriza\u021bia de mediu \u00ee\u0219i pierde valabilitatea\u201d<\/em>, a atras aten\u021bia directorul Direc\u021biei Jude\u021bene de Mediu Timi\u0219.<\/p>\n<p>Dou\u0103 institu\u021bii importante din jude\u021b au contribuit la buna desf\u0103\u0219urare a acestui seminar.<\/p>\n<p>Agen\u021bia Na\u021bional\u0103 pentru Mediu \u0219i Arii Protejate \u2013 Direc\u021bia Jude\u021bean\u0103 de Mediu Timi\u0219 a prezentat:<\/p>\n<p>\uf0a7 \u2013 Modul de eviden\u021b\u0103 \u0219i de raportare a datelor pentru diferite fluxuri de de\u0219euri: ambalaje \u0219i de\u0219euri<br \/>\nde ambalaje, de\u0219euri de echipamente electrice \u0219i electronice, de\u0219euri de baterii \u0219i acumulatori, vehicule scoase din uz, eviden\u021ba cronologic\u0103 lunar\u0103 \u0219i\/sau anual\u0103 privind cantit\u0103\u021bile de de\u0219euri generate \u0219i\/sau gestionate conform OUG 92\/2021 privind regimul de\u0219eurilor, aprobat\u0103 cu modific\u0103ri prin Legea nr. 17\/2023 cu modific\u0103rile \u0219i complet\u0103rile ulterioare;<\/p>\n<p>\uf0a7 \u2013 Aspecte privind derularea procedurilor de reglementare din punct de vedere al protec\u021biei mediului (aviz, acord, autoriza\u021bie, autoriza\u021bie integrat\u0103 de mediu);<br \/>\n\uf0a7 \u2013 Aspecte privind monitorizarea factorilor de mediu \u0219i raportarea datelor, inclusiv a incidentelor\/accidentelor \u0219i polu\u0103rilor accidentale.<\/p>\n<p>Garda Na\u021bional\u0103 de Mediu \u2013 Comisariatul Jude\u021bean Timi\u0219 a prezentat: Conformarea la legisla\u021bia de mediu \u2013 obliga\u021bie legal\u0103, dar \u0219i oportunitate pentru dezvoltarea durabil\u0103 a afacerilor.<\/p>\n<p>Seminarul a fost sus\u021binut de speciali\u0219ti din cadrul Direc\u021biei Jude\u021beane de Mediu Timi\u0219 \u0219i a G\u0103rzii Na\u021bionale de Mediu \u2013 Comisariatul Jude\u021bean Timi\u0219.<\/p>\n<div id=\"tdi_65\" class=\"td-gallery td-slide-on-2-columns\">\n<div class=\"post_td_gallery\">\n<div class=\"td-gallery-slide-top\">\n<div class=\"td-gallery-controls-wrapper\">\n<div class=\"td-gallery-slide-count\"><span class=\"td-gallery-slide-item-focus\">1<\/span> de 7<\/div>\n<\/div>\n<\/div>\n<div class=\"td-doubleSlider-1 \">\n<div class=\"td-slider\">\n<div class=\"td-slide-item td-item1\">\n<figure class=\"td-slide-galery-figure td-slide-popup-gallery\"><a class=\"slide-gallery-image-link\" href=\"https:\/\/www.banatulazi.ro\/wp-content\/uploads\/2026\/03\/mediu-cciat-37.jpg\" title=\"mediu cciat (37)\" data-caption data-description><img decoding=\"async\" src=\"https:\/\/www.banatulazi.ro\/wp-content\/uploads\/2026\/03\/mediu-cciat-37-630x420.jpg\" alt><\/a><\/figure>\n<\/div>\n<div class=\"td-slide-item td-item2\">\n<figure class=\"td-slide-galery-figure td-slide-popup-gallery\"><a class=\"slide-gallery-image-link\" href=\"https:\/\/www.banatulazi.ro\/wp-content\/uploads\/2026\/03\/mediu-cciat-29.jpg\" title=\"mediu cciat (29)\" data-caption data-description><img decoding=\"async\" src=\"https:\/\/www.banatulazi.ro\/wp-content\/uploads\/2026\/03\/mediu-cciat-29-630x420.jpg\" alt><\/a><\/figure>\n<\/div>\n<div class=\"td-slide-item td-item3\">\n<figure class=\"td-slide-galery-figure td-slide-popup-gallery\"><a class=\"slide-gallery-image-link\" href=\"https:\/\/www.banatulazi.ro\/wp-content\/uploads\/2026\/03\/mediu-cciat-17.jpg\" title=\"mediu cciat (17)\" data-caption data-description><img decoding=\"async\" src=\"https:\/\/www.banatulazi.ro\/wp-content\/uploads\/2026\/03\/mediu-cciat-17-630x420.jpg\" alt><\/a><\/figure>\n<\/div>\n<div class=\"td-slide-item td-item4\">\n<figure class=\"td-slide-galery-figure td-slide-popup-gallery\"><a class=\"slide-gallery-image-link\" href=\"https:\/\/www.banatulazi.ro\/wp-content\/uploads\/2026\/03\/mediu-cciat-14.jpg\" title=\"mediu cciat (14)\" data-caption data-description><img decoding=\"async\" src=\"https:\/\/www.banatulazi.ro\/wp-content\/uploads\/2026\/03\/mediu-cciat-14-630x420.jpg\" alt><\/a><\/figure>\n<\/div>\n<div class=\"td-slide-item td-item5\">\n<figure class=\"td-slide-galery-figure td-slide-popup-gallery\"><a class=\"slide-gallery-image-link\" href=\"https:\/\/www.banatulazi.ro\/wp-content\/uploads\/2026\/03\/mediu-cciat-7.jpg\" title=\"mediu cciat (7)\" data-caption data-description><img decoding=\"async\" src=\"https:\/\/www.banatulazi.ro\/wp-content\/uploads\/2026\/03\/mediu-cciat-7-630x420.jpg\" alt><\/a><\/figure>\n<\/div>\n<div class=\"td-slide-item td-item6\">\n<figure class=\"td-slide-galery-figure td-slide-popup-gallery\"><a class=\"slide-gallery-image-link\" href=\"https:\/\/www.banatulazi.ro\/wp-content\/uploads\/2026\/03\/mediu-cciat-5.jpg\" title=\"mediu cciat (5)\" data-caption data-description><img decoding=\"async\" src=\"https:\/\/www.banatulazi.ro\/wp-content\/uploads\/2026\/03\/mediu-cciat-5-630x420.jpg\" alt><\/a><\/figure>\n<\/div>\n<div class=\"td-slide-item td-item7\">\n<figure class=\"td-slide-galery-figure td-slide-popup-gallery\"><a class=\"slide-gallery-image-link\" href=\"https:\/\/www.banatulazi.ro\/wp-content\/uploads\/2026\/03\/mediu-cciat-2.jpg\" title=\"mediu cciat (2)\" data-caption data-description><img decoding=\"async\" src=\"https:\/\/www.banatulazi.ro\/wp-content\/uploads\/2026\/03\/mediu-cciat-2-630x420.jpg\" alt><\/a><\/figure>\n<\/div>\n<\/div>\n<\/div>\n<\/div>\n<\/div>\n<\/div>\n<\/div>\n<p>[analyse_source url=&#8221;https:\/\/www.banatulazi.ro\/responsabilitatile-agentilor-economici-in-domeniul-protectiei-mediului-si-a-gestionarii-deseurilor-in-dezbatere-la-cciat-foto-video\/&#8221;]<\/p>\n","protected":false},"excerpt":{"rendered":"<p>[analyse_image type=&#8221;featured&#8221; src=&#8221;https:\/\/www.banatulazi.ro\/wp-content\/uploads\/2026\/03\/mediu-cciat-7.jpg&#8221;] Mar\u021bi a continuat seria de \u00eent\u00eelniri ale mediului de afaceri cu cele mai importante institu\u021bii de stat ce au nout\u0103\u021bi legislative de adus la cuno\u0219tiin\u021ba general\u0103. Mediul \u00eenconjur\u0103tor se dovede\u0219te a fi unul din cele mai sensibile componente ale vie\u021bii cotidiene. Protec\u021bia mediului nu mai este, de mult timp, un moft, a\u0219a [&hellip;]<\/p>\n","protected":false},"author":1,"featured_media":0,"comment_status":"open","ping_status":"","sticky":false,"template":"","format":"standard","meta":{"footnotes":""},"categories":[89],"tags":[185,226],"class_list":["post-1805719","post","type-post","status-publish","format-standard","hentry","category-romania","tag-banatulazi-ro","tag-crawlmanager"],"_links":{"self":[{"href":"https:\/\/analyse.optim.biz\/index.php?rest_route=\/wp\/v2\/posts\/1805719","targetHints":{"allow":["GET"]}}],"collection":[{"href":"https:\/\/analyse.optim.biz\/index.php?rest_route=\/wp\/v2\/posts"}],"about":[{"href":"https:\/\/analyse.optim.biz\/index.php?rest_route=\/wp\/v2\/types\/post"}],"author":[{"embeddable":true,"href":"https:\/\/analyse.optim.biz\/index.php?rest_route=\/wp\/v2\/users\/1"}],"replies":[{"embeddable":true,"href":"https:\/\/analyse.optim.biz\/index.php?rest_route=%2Fwp%2Fv2%2Fcomments&post=1805719"}],"version-history":[{"count":0,"href":"https:\/\/analyse.optim.biz\/index.php?rest_route=\/wp\/v2\/posts\/1805719\/revisions"}],"wp:attachment":[{"href":"https:\/\/analyse.optim.biz\/index.php?rest_route=%2Fwp%2Fv2%2Fmedia&parent=1805719"}],"wp:term":[{"taxonomy":"category","embeddable":true,"href":"https:\/\/analyse.optim.biz\/index.php?rest_route=%2Fwp%2Fv2%2Fcategories&post=1805719"},{"taxonomy":"post_tag","embeddable":true,"href":"https:\/\/analyse.optim.biz\/index.php?rest_route=%2Fwp%2Fv2%2Ftags&post=1805719"}],"curies":[{"name":"wp","href":"https:\/\/api.w.org\/{rel}","templated":true}]}}