{"id":1805704,"date":"2026-03-03T16:00:50","date_gmt":"2026-03-03T13:00:50","guid":{"rendered":"https:\/\/analyse.optim.biz\/?p=1805704"},"modified":"2026-03-03T16:00:50","modified_gmt":"2026-03-03T13:00:50","slug":"stiati-ca-simion-florea-marian-a-salvat-peste-80-000-de-texte-folclorice-bucovinene-suceavalive","status":"publish","type":"post","link":"https:\/\/analyse.optim.biz\/?p=1805704","title":{"rendered":"\u0218tia\u021bi c\u0103 Simion Florea Marian a salvat peste 80.000 de texte folclorice bucovinene? &#8211; SuceavaLIVE"},"content":{"rendered":"<p>[analyse_image type=&#8221;featured&#8221; src=&#8221;https:\/\/suceavalive.ro\/wp-content\/uploads\/2026\/03\/simion-florea-marian.jpghttps:\/\/suceavalive.ro\/wp-content\/uploads\/2026\/03\/simion-florea-marian.jpg&#8221;]<\/p>\n<article id=\"post-288248\" class=\"clearfix post-288248 post type-post status-publish format-standard has-post-thumbnail hentry category-slide category-categoria-social\">\n<header id=\"cb-standard-featured\">\n<div id=\"cb-fis-wrap\" class=\"cb-entry-header cb-fis cb-style-standard\"><span class=\"cb-title-fi\"><\/p>\n<h1 class=\"entry-title cb-entry-title cb-single-title\">\u0218tia\u021bi c\u0103 Simion Florea Marian a salvat peste 80.000 de texte folclorice bucovinene?<\/h1>\n<div class=\"cb-byline cb-font-header\">\n<div class=\"cb-date cb-byline-element\"><time datetime=\"2026-03-03\">3 martie 2026<\/time><\/div>\n<\/div>\n<p><\/span><\/div>\n<\/header>\n<section class=\"cb-entry-content entry-content clearfix\">\n<p data-start=\"48\" data-end=\"163\"><span>\u0218tia\u021bi c\u0103 <strong data-start=\"58\" data-end=\"82\">Simion Florea Marian<\/strong> (1847\u20131907) a fost un important <strong data-start=\"115\" data-end=\"147\">folclorist \u0219i etnograf rom\u00e2n<\/strong> din Bucovina?<\/span><\/p>\n<p data-start=\"165\" data-end=\"341\"><span>\u0218tia\u021bi c\u0103 el a cules \u0219i publicat peste <strong data-start=\"204\" data-end=\"234\">80.000 de texte folclorice<\/strong>, inclusiv <strong data-start=\"245\" data-end=\"283\">pove\u0219ti, balade, colinde \u0219i datini<\/strong>, p\u0103str\u00e2nd patrimoniul cultural al rom\u00e2nilor bucovineni?<\/span><\/p>\n<p data-start=\"343\" data-end=\"496\"><span>\u0218tia\u021bi c\u0103 Marian a fost primul director al <strong data-start=\"386\" data-end=\"436\">Muzeului Arheologic \u0219i Etnografic din Cern\u0103u\u021bi<\/strong>, institu\u021bie care a adunat \u0219i conservat tradi\u021biile locale?<\/span><\/p>\n<p data-start=\"498\" data-end=\"667\"><span>\u0218tia\u021bi c\u0103 el a publicat lucr\u0103ri fundamentale precum <strong data-start=\"550\" data-end=\"586\">\u201eCulegere de folclor bucovinean\u201d<\/strong> \u0219i <strong data-start=\"590\" data-end=\"629\">\u201eS\u0103rb\u0103torile \u0219i datinile rom\u00e2nilor\u201d<\/strong>, folosite \u0219i ast\u0103zi de cercet\u0103tori?<\/span><\/p>\n<p data-start=\"669\" data-end=\"788\"><span>\u0218tia\u021bi c\u0103 a promovat importan\u021ba <strong data-start=\"701\" data-end=\"727\">educa\u021biei prin folclor<\/strong>, sus\u021bin\u00e2nd introducerea materialelor etnografice \u00een \u0219coli?<\/span><\/p>\n<p data-start=\"790\" data-end=\"926\"><span>\u0218tia\u021bi c\u0103 Marian a fost membru corespondent al <strong data-start=\"837\" data-end=\"857\">Academiei Rom\u00e2ne<\/strong>, recunoscut pentru contribu\u021bia sa la studiul folclorului rom\u00e2nesc?<\/span><\/p>\n<p data-start=\"928\" data-end=\"1113\"><span>\u0218tia\u021bi c\u0103 activitatea lui a influen\u021bat genera\u021bii \u00eentregi de etnografi \u0219i cercet\u0103tori ai tradi\u021biilor rom\u00e2ne\u0219ti, fiind considerat unul dintre p\u0103rin\u021bii <strong data-start=\"1077\" data-end=\"1110\">etnografiei rom\u00e2ne\u0219ti moderne<\/strong>?<\/span><\/p>\n<p data-start=\"1115\" data-end=\"1284\"><span>\u0218tia\u021bi c\u0103 ast\u0103zi localitatea sa natal\u0103 \u0219i mai multe institu\u021bii culturale din Bucovina \u00eei poart\u0103 numele, ca semn de respect pentru munca sa de conservare a folclorului?<\/span><\/p>\n<p data-start=\"1286\" data-end=\"1435\"><span>\u0218tia\u021bi c\u0103 prin lucr\u0103rile sale, Simion Florea Marian a ajutat la p\u0103strarea identit\u0103\u021bii culturale a rom\u00e2nilor din Bucovina \u00een perioada austro-ungar\u0103?<\/span><\/p>\n<p data-start=\"1437\" data-end=\"1584\"><span>\u0218tia\u021bi c\u0103 munca sa r\u0103m\u00e2ne o referin\u021b\u0103 pentru studiile despre <strong data-start=\"1498\" data-end=\"1581\">colinde, obiceiuri de Cr\u0103ciun \u0219i Pa\u0219ti, precum \u0219i mitologia popular\u0103 rom\u00e2neasc\u0103<\/strong>?<\/span><\/p>\n<\/section>\n<footer class=\"article-footer\">\n<div class=\"cb-social-sharing cb-post-footer-block cb-beside clearfix\">\n<div class=\"cb-title-subtle\">Share On:<\/div>\n<div class=\"cb-twitter\"><a href=\"https:\/\/twitter.com\/share\" class=\"twitter-share-button\" data-dnt=\"true\" data-count=\"horizontal\">Tweet<\/a><\/div>\n<\/div>\n<div id=\"cb-previous-next-links\" class=\"cb-post-footer-block clearfix\">\n<div id=\"cb-previous-link\"><a href=\"https:\/\/suceavalive.ro\/mihai-dimian-a-depus-juramantul-de-investitura-in-functia-de-ministru-al-educatiei\/\" rel=\"prev\">Mihai Dimian a depus jur\u0103m\u00e2ntul de \u00eenvestitur\u0103 \u00een func\u021bia de ministru al educa\u021biei<\/a><\/div>\n<div id=\"cb-next-link\"><a href=\"https:\/\/suceavalive.ro\/draga-turistule-de-pasii-te-vor-purta-in-bucovina-nu-uita-de-tinovul-saru-dornei\/\" rel=\"next\">Drag\u0103 turistule, de pa\u0219ii te vor purta \u00een Bucovina, nu uita de Tinovul \u0218aru Dornei<\/a><\/div>\n<\/div>\n<div id=\"cb-author-box\" class=\"clearfix\">\n<h3 class=\"cb-block-title\">Despre autor<\/h3>\n<div class=\"cb-meta\">\n<div class=\"cb-info\">\n<div class=\"cb-author-title vcard\"><a href=\"https:\/\/suceavalive.ro\/author\/suceavalive\/\"><span class=\"fn\">SuceavaLive<\/span><\/a><\/div>\n<\/div>\n<\/div>\n<\/div>\n<div id=\"cb-related-posts\" class=\"cb-related-posts-block cb-post-end-block clearfix\">\n<h3 class=\"cb-block-title\">Postari asemanatoare<\/h3>\n<ul>\n<li class=\"cb-style-overlay cb-grid-entry cb-related-post no-1\">\n<div class=\"cb-meta cb-article-meta\">\n<h4 class=\"h3 cb-post-title\"><a href=\"https:\/\/suceavalive.ro\/garda-forestiera-suceava-la-bilant-amenzi-de-milioane-si-mii-de-controale-in-2025\/\">Garda Forestier\u0103 Suceava, la bilan\u021b: Amenzi de milioane \u0219i mii de controale \u00een 2025<\/a><\/h4>\n<div class=\"cb-byline cb-font-header\">\n<div class=\"cb-date cb-byline-element\"><time datetime=\"2026-03-04\">4 martie 2026<\/time><\/div>\n<\/div>\n<\/div>\n<\/li>\n<li class=\"cb-style-overlay cb-grid-entry cb-related-post no-2\">\n<div class=\"cb-meta cb-article-meta\">\n<h4 class=\"h3 cb-post-title\"><a href=\"https:\/\/suceavalive.ro\/revitalizarea-organismului-prin-puterea-naturii-ce-trebuie-sa-stii-si-sa-faci\/\">Revitalizarea organismului prin puterea naturii: ce trebuie s\u0103 \u0219tii \u0219i s\u0103 faci<\/a><\/h4>\n<div class=\"cb-byline cb-font-header\">\n<div class=\"cb-date cb-byline-element\"><time datetime=\"2026-03-04\">4 martie 2026<\/time><\/div>\n<\/div>\n<\/div>\n<\/li>\n<\/ul>\n<\/div>\n<\/footer>\n<div id=\"respond\" class=\"comment-respond\">\n<h3 id=\"reply-title\" class=\"comment-reply-title\">Lasa un raspuns <small><a rel=\"nofollow\" id=\"cancel-comment-reply-link\" href=\"https:\/\/suceavalive.ro\/stiati-ca-simion-florea-marian-a-salvat-peste-80-000-de-texte-folclorice-bucovinene\/#respond\">Anuleaza raspunsul<\/a><\/small><\/h3>\n<p class=\"comment-notes\">Adresa ta de email nu va fi publicat\u0103.<\/p>\n<\/div>\n<\/article>\n<section class=\"cb-entry-content entry-content clearfix\">\n<p data-start=\"48\" data-end=\"163\"><span>\u0218tia\u021bi c\u0103 <strong data-start=\"58\" data-end=\"82\">Simion Florea Marian<\/strong> (1847\u20131907) a fost un important <strong data-start=\"115\" data-end=\"147\">folclorist \u0219i etnograf rom\u00e2n<\/strong> din Bucovina?<\/span><\/p>\n<p data-start=\"165\" data-end=\"341\"><span>\u0218tia\u021bi c\u0103 el a cules \u0219i publicat peste <strong data-start=\"204\" data-end=\"234\">80.000 de texte folclorice<\/strong>, inclusiv <strong data-start=\"245\" data-end=\"283\">pove\u0219ti, balade, colinde \u0219i datini<\/strong>, p\u0103str\u00e2nd patrimoniul cultural al rom\u00e2nilor bucovineni?<\/span><\/p>\n<p data-start=\"343\" data-end=\"496\"><span>\u0218tia\u021bi c\u0103 Marian a fost primul director al <strong data-start=\"386\" data-end=\"436\">Muzeului Arheologic \u0219i Etnografic din Cern\u0103u\u021bi<\/strong>, institu\u021bie care a adunat \u0219i conservat tradi\u021biile locale?<\/span><\/p>\n<p data-start=\"498\" data-end=\"667\"><span>\u0218tia\u021bi c\u0103 el a publicat lucr\u0103ri fundamentale precum <strong data-start=\"550\" data-end=\"586\">\u201eCulegere de folclor bucovinean\u201d<\/strong> \u0219i <strong data-start=\"590\" data-end=\"629\">\u201eS\u0103rb\u0103torile \u0219i datinile rom\u00e2nilor\u201d<\/strong>, folosite \u0219i ast\u0103zi de cercet\u0103tori?<\/span><\/p>\n<p data-start=\"669\" data-end=\"788\"><span>\u0218tia\u021bi c\u0103 a promovat importan\u021ba <strong data-start=\"701\" data-end=\"727\">educa\u021biei prin folclor<\/strong>, sus\u021bin\u00e2nd introducerea materialelor etnografice \u00een \u0219coli?<\/span><\/p>\n<p data-start=\"790\" data-end=\"926\"><span>\u0218tia\u021bi c\u0103 Marian a fost membru corespondent al <strong data-start=\"837\" data-end=\"857\">Academiei Rom\u00e2ne<\/strong>, recunoscut pentru contribu\u021bia sa la studiul folclorului rom\u00e2nesc?<\/span><\/p>\n<p data-start=\"928\" data-end=\"1113\"><span>\u0218tia\u021bi c\u0103 activitatea lui a influen\u021bat genera\u021bii \u00eentregi de etnografi \u0219i cercet\u0103tori ai tradi\u021biilor rom\u00e2ne\u0219ti, fiind considerat unul dintre p\u0103rin\u021bii <strong data-start=\"1077\" data-end=\"1110\">etnografiei rom\u00e2ne\u0219ti moderne<\/strong>?<\/span><\/p>\n<p data-start=\"1115\" data-end=\"1284\"><span>\u0218tia\u021bi c\u0103 ast\u0103zi localitatea sa natal\u0103 \u0219i mai multe institu\u021bii culturale din Bucovina \u00eei poart\u0103 numele, ca semn de respect pentru munca sa de conservare a folclorului?<\/span><\/p>\n<p data-start=\"1286\" data-end=\"1435\"><span>\u0218tia\u021bi c\u0103 prin lucr\u0103rile sale, Simion Florea Marian a ajutat la p\u0103strarea identit\u0103\u021bii culturale a rom\u00e2nilor din Bucovina \u00een perioada austro-ungar\u0103?<\/span><\/p>\n<p data-start=\"1437\" data-end=\"1584\"><span>\u0218tia\u021bi c\u0103 munca sa r\u0103m\u00e2ne o referin\u021b\u0103 pentru studiile despre <strong data-start=\"1498\" data-end=\"1581\">colinde, obiceiuri de Cr\u0103ciun \u0219i Pa\u0219ti, precum \u0219i mitologia popular\u0103 rom\u00e2neasc\u0103<\/strong>?<\/span><\/p>\n<\/section>\n<section class=\"cb-entry-content entry-content clearfix\">\n<p data-start=\"48\" data-end=\"163\"><span>\u0218tia\u021bi c\u0103 <strong data-start=\"58\" data-end=\"82\">Simion Florea Marian<\/strong> (1847\u20131907) a fost un important <strong data-start=\"115\" data-end=\"147\">folclorist \u0219i etnograf rom\u00e2n<\/strong> din Bucovina?<\/span><\/p>\n<p data-start=\"165\" data-end=\"341\"><span>\u0218tia\u021bi c\u0103 el a cules \u0219i publicat peste <strong data-start=\"204\" data-end=\"234\">80.000 de texte folclorice<\/strong>, inclusiv <strong data-start=\"245\" data-end=\"283\">pove\u0219ti, balade, colinde \u0219i datini<\/strong>, p\u0103str\u00e2nd patrimoniul cultural al rom\u00e2nilor bucovineni?<\/span><\/p>\n<p data-start=\"343\" data-end=\"496\"><span>\u0218tia\u021bi c\u0103 Marian a fost primul director al <strong data-start=\"386\" data-end=\"436\">Muzeului Arheologic \u0219i Etnografic din Cern\u0103u\u021bi<\/strong>, institu\u021bie care a adunat \u0219i conservat tradi\u021biile locale?<\/span><\/p>\n<p data-start=\"498\" data-end=\"667\"><span>\u0218tia\u021bi c\u0103 el a publicat lucr\u0103ri fundamentale precum <strong data-start=\"550\" data-end=\"586\">\u201eCulegere de folclor bucovinean\u201d<\/strong> \u0219i <strong data-start=\"590\" data-end=\"629\">\u201eS\u0103rb\u0103torile \u0219i datinile rom\u00e2nilor\u201d<\/strong>, folosite \u0219i ast\u0103zi de cercet\u0103tori?<\/span><\/p>\n<p data-start=\"669\" data-end=\"788\"><span>\u0218tia\u021bi c\u0103 a promovat importan\u021ba <strong data-start=\"701\" data-end=\"727\">educa\u021biei prin folclor<\/strong>, sus\u021bin\u00e2nd introducerea materialelor etnografice \u00een \u0219coli?<\/span><\/p>\n<p data-start=\"790\" data-end=\"926\"><span>\u0218tia\u021bi c\u0103 Marian a fost membru corespondent al <strong data-start=\"837\" data-end=\"857\">Academiei Rom\u00e2ne<\/strong>, recunoscut pentru contribu\u021bia sa la studiul folclorului rom\u00e2nesc?<\/span><\/p>\n<p data-start=\"928\" data-end=\"1113\"><span>\u0218tia\u021bi c\u0103 activitatea lui a influen\u021bat genera\u021bii \u00eentregi de etnografi \u0219i cercet\u0103tori ai tradi\u021biilor rom\u00e2ne\u0219ti, fiind considerat unul dintre p\u0103rin\u021bii <strong data-start=\"1077\" data-end=\"1110\">etnografiei rom\u00e2ne\u0219ti moderne<\/strong>?<\/span><\/p>\n<p data-start=\"1115\" data-end=\"1284\"><span>\u0218tia\u021bi c\u0103 ast\u0103zi localitatea sa natal\u0103 \u0219i mai multe institu\u021bii culturale din Bucovina \u00eei poart\u0103 numele, ca semn de respect pentru munca sa de conservare a folclorului?<\/span><\/p>\n<p data-start=\"1286\" data-end=\"1435\"><span>\u0218tia\u021bi c\u0103 prin lucr\u0103rile sale, Simion Florea Marian a ajutat la p\u0103strarea identit\u0103\u021bii culturale a rom\u00e2nilor din Bucovina \u00een perioada austro-ungar\u0103?<\/span><\/p>\n<p data-start=\"1437\" data-end=\"1584\"><span>\u0218tia\u021bi c\u0103 munca sa r\u0103m\u00e2ne o referin\u021b\u0103 pentru studiile despre <strong data-start=\"1498\" data-end=\"1581\">colinde, obiceiuri de Cr\u0103ciun \u0219i Pa\u0219ti, precum \u0219i mitologia popular\u0103 rom\u00e2neasc\u0103<\/strong>?<\/span><\/p>\n<\/section>\n<p>[analyse_source url=&#8221;https:\/\/suceavalive.ro\/stiati-ca-simion-florea-marian-a-salvat-peste-80-000-de-texte-folclorice-bucovinene\/&#8221;]<\/p>\n","protected":false},"excerpt":{"rendered":"<p>[analyse_image type=&#8221;featured&#8221; src=&#8221;https:\/\/suceavalive.ro\/wp-content\/uploads\/2026\/03\/simion-florea-marian.jpghttps:\/\/suceavalive.ro\/wp-content\/uploads\/2026\/03\/simion-florea-marian.jpg&#8221;] \u0218tia\u021bi c\u0103 Simion Florea Marian a salvat peste 80.000 de texte folclorice bucovinene? 3 martie 2026 \u0218tia\u021bi c\u0103 Simion Florea Marian (1847\u20131907) a fost un important folclorist \u0219i etnograf rom\u00e2n din Bucovina? \u0218tia\u021bi c\u0103 el a cules \u0219i publicat peste 80.000 de texte folclorice, inclusiv pove\u0219ti, balade, colinde \u0219i datini, p\u0103str\u00e2nd patrimoniul [&hellip;]<\/p>\n","protected":false},"author":1,"featured_media":0,"comment_status":"open","ping_status":"","sticky":false,"template":"","format":"standard","meta":{"footnotes":""},"categories":[89],"tags":[226,173],"class_list":["post-1805704","post","type-post","status-publish","format-standard","hentry","category-romania","tag-crawlmanager","tag-suceavalive-ro"],"_links":{"self":[{"href":"https:\/\/analyse.optim.biz\/index.php?rest_route=\/wp\/v2\/posts\/1805704","targetHints":{"allow":["GET"]}}],"collection":[{"href":"https:\/\/analyse.optim.biz\/index.php?rest_route=\/wp\/v2\/posts"}],"about":[{"href":"https:\/\/analyse.optim.biz\/index.php?rest_route=\/wp\/v2\/types\/post"}],"author":[{"embeddable":true,"href":"https:\/\/analyse.optim.biz\/index.php?rest_route=\/wp\/v2\/users\/1"}],"replies":[{"embeddable":true,"href":"https:\/\/analyse.optim.biz\/index.php?rest_route=%2Fwp%2Fv2%2Fcomments&post=1805704"}],"version-history":[{"count":0,"href":"https:\/\/analyse.optim.biz\/index.php?rest_route=\/wp\/v2\/posts\/1805704\/revisions"}],"wp:attachment":[{"href":"https:\/\/analyse.optim.biz\/index.php?rest_route=%2Fwp%2Fv2%2Fmedia&parent=1805704"}],"wp:term":[{"taxonomy":"category","embeddable":true,"href":"https:\/\/analyse.optim.biz\/index.php?rest_route=%2Fwp%2Fv2%2Fcategories&post=1805704"},{"taxonomy":"post_tag","embeddable":true,"href":"https:\/\/analyse.optim.biz\/index.php?rest_route=%2Fwp%2Fv2%2Ftags&post=1805704"}],"curies":[{"name":"wp","href":"https:\/\/api.w.org\/{rel}","templated":true}]}}