{"id":1805703,"date":"2026-03-03T14:46:24","date_gmt":"2026-03-03T11:46:24","guid":{"rendered":"https:\/\/analyse.optim.biz\/?p=1805703"},"modified":"2026-03-03T14:46:24","modified_gmt":"2026-03-03T11:46:24","slug":"mihai-dimian-a-depus-juramantul-de-investitura-in-functia-de-ministru-al-educatiei-suceavalive","status":"publish","type":"post","link":"https:\/\/analyse.optim.biz\/?p=1805703","title":{"rendered":"Mihai Dimian a depus jur\u0103m\u00e2ntul de \u00eenvestitur\u0103 \u00een func\u021bia de ministru al educa\u021biei &#8211; SuceavaLIVE"},"content":{"rendered":"<p>[analyse_image type=&#8221;featured&#8221; src=&#8221;https:\/\/suceavalive.ro\/wp-content\/uploads\/2026\/03\/IMG_2684-1024&#215;471.pnghttps:\/\/suceavalive.ro\/wp-content\/uploads\/2026\/03\/IMG_2684-scaled.png&#8221;]<\/p>\n<article id=\"post-288352\" class=\"clearfix post-288352 post type-post status-publish format-standard has-post-thumbnail hentry category-slide category-categoria-social\">\n<header id=\"cb-standard-featured\">\n<div id=\"cb-fis-wrap\" class=\"cb-entry-header cb-fis cb-style-standard\"><span class=\"cb-title-fi\"><\/p>\n<h1 class=\"entry-title cb-entry-title cb-single-title\">Mihai Dimian a depus jur\u0103m\u00e2ntul de \u00eenvestitur\u0103 \u00een func\u021bia de ministru al educa\u021biei<\/h1>\n<div class=\"cb-byline cb-font-header\">\n<div class=\"cb-date cb-byline-element\"><time datetime=\"2026-03-03\">3 martie 2026<\/time><\/div>\n<div class=\"cb-comments cb-byline-element\"><a href=\"https:\/\/suceavalive.ro\/mihai-dimian-a-depus-juramantul-de-investitura-in-functia-de-ministru-al-educatiei\/#comments\">8<\/a><\/div>\n<\/div>\n<p><\/span><\/div>\n<\/header>\n<section class=\"cb-entry-content entry-content clearfix\">\n<p data-start=\"0\" data-end=\"287\"><span>Fostul rector al <span class=\"hover:entity-accent entity-underline inline cursor-pointer align-baseline\"><span class=\"whitespace-normal\">Universitatea \u0218tefan cel Mare din Suceava<\/span><\/span>, <span class=\"hover:entity-accent entity-underline inline cursor-pointer align-baseline\"><span class=\"whitespace-normal\">Mihai Dimian<\/span><\/span>, a depus ast\u0103zi jur\u0103m\u00e2ntul \u00een func\u021bia de ministru al Educa\u021biei \u0219i Cercet\u0103rii, \u00een cadrul unei ceremonii oficiale desf\u0103\u0219urate la ora 16:00, \u00een Sala Unirii a <span class=\"hover:entity-accent entity-underline inline cursor-pointer align-baseline\"><span class=\"whitespace-normal\">Palatul Cotroceni<\/span><\/span>.<\/span><\/p>\n<p data-start=\"289\" data-end=\"502\"><span>La eveniment au fost prezen\u021bi pre\u0219edintele Rom\u00e2niei, <span class=\"hover:entity-accent entity-underline inline cursor-pointer align-baseline\"><span class=\"whitespace-normal\">Nicu\u0219or Dan<\/span><\/span>, \u0219i premierul <span class=\"hover:entity-accent entity-underline inline cursor-pointer align-baseline\"><span class=\"whitespace-normal\">Ilie Bolojan<\/span><\/span>, al\u0103turi de al\u021bi membri ai Guvernului \u0219i invita\u021bi din mediul academic.<\/span><\/p>\n<p data-start=\"504\" data-end=\"867\"><span>Mihai Dimian a fost ales rector al Universit\u0103\u021bii \u201e\u0218tefan cel Mare\u201d din Suceava \u00een luna februarie 2024, dup\u0103 ce, timp de 12 ani, \u00een perioada 2012 \u2013 2024, a ocupat func\u021bia de prorector al institu\u021biei de \u00eenv\u0103\u021b\u0103m\u00e2nt superior. \u00cen v\u00e2rst\u0103 de 51 de ani, acesta este considerat unul dintre cei mai activi reprezentan\u021bi ai mediului universitar sucevean din ultimul deceniu. <\/span><\/p>\n<p data-start=\"869\" data-end=\"1279\"><span>Numirea sa la conducerea Ministerului Educa\u021biei \u0219i Cercet\u0103rii marcheaz\u0103 un nou moment important pentru mediul academic din Suceava. De altfel, Mihai Dimian este al doilea rector al Universit\u0103\u021bii sucevene care ajunge ministru al Educa\u021biei, dup\u0103 <span class=\"hover:entity-accent entity-underline inline cursor-pointer align-baseline\"><span class=\"whitespace-normal\">Valentin Popa<\/span><\/span>. Acesta a condus ministerul \u00een perioada ianuarie \u2013 septembrie 2018, \u00een Guvernul condus de <span class=\"hover:entity-accent entity-underline inline cursor-pointer align-baseline\"><span class=\"whitespace-normal\">Viorica D\u0103ncil\u0103<\/span><\/span>.<\/span><\/p>\n<p data-start=\"1281\" data-end=\"1614\" data-is-last-node data-is-only-node><span>R\u0103m\u00e2ne de v\u0103zut care vor fi primele m\u0103suri anun\u021bate de noul ministru \u0219i \u00een ce m\u0103sur\u0103 experien\u021ba sa managerial\u0103 de la Universitatea \u201e\u0218tefan cel Mare\u201d va influen\u021ba politicile educa\u021bionale la nivel na\u021bional. Pentru Suceava, \u00eens\u0103, momentul reprezint\u0103, f\u0103r\u0103 \u00eendoial\u0103, un motiv de m\u00e2ndrie \u0219i o confirmare a valorii mediului academic local.<\/span><\/p>\n<\/section>\n<footer class=\"article-footer\">\n<div class=\"cb-social-sharing cb-post-footer-block cb-beside clearfix\">\n<div class=\"cb-title-subtle\">Share On:<\/div>\n<div class=\"cb-twitter\"><a href=\"https:\/\/twitter.com\/share\" class=\"twitter-share-button\" data-dnt=\"true\" data-count=\"horizontal\">Tweet<\/a><\/div>\n<\/div>\n<div id=\"cb-previous-next-links\" class=\"cb-post-footer-block clearfix\">\n<div id=\"cb-previous-link\"><a href=\"https:\/\/suceavalive.ro\/siguranta-pentru-suceveni-detectoare-de-fum-si-monoxid-de-carbon-instalate-gratuit-pentru-prevenirea-tragediilor\/\" rel=\"prev\">Siguran\u021b\u0103 pentru suceveni: Detectoare de fum \u0219i monoxid de carbon instalate gratuit pentru prevenirea tragediilor<\/a><\/div>\n<div id=\"cb-next-link\"><a href=\"https:\/\/suceavalive.ro\/stiati-ca-simion-florea-marian-a-salvat-peste-80-000-de-texte-folclorice-bucovinene\/\" rel=\"next\">\u0218tia\u021bi c\u0103 Simion Florea Marian a salvat peste 80.000 de texte folclorice bucovinene?<\/a><\/div>\n<\/div>\n<div id=\"cb-author-box\" class=\"clearfix\">\n<h3 class=\"cb-block-title\">Despre autor<\/h3>\n<div class=\"cb-meta\">\n<div class=\"cb-info\">\n<div class=\"cb-author-title vcard\"><a href=\"https:\/\/suceavalive.ro\/author\/suceavalive\/\"><span class=\"fn\">SuceavaLive<\/span><\/a><\/div>\n<\/div>\n<\/div>\n<\/div>\n<div id=\"cb-related-posts\" class=\"cb-related-posts-block cb-post-end-block clearfix\">\n<h3 class=\"cb-block-title\">Postari asemanatoare<\/h3>\n<ul>\n<li class=\"cb-style-overlay cb-grid-entry cb-related-post no-1\">\n<div class=\"cb-meta cb-article-meta\">\n<h4 class=\"h3 cb-post-title\"><a href=\"https:\/\/suceavalive.ro\/garda-forestiera-suceava-la-bilant-amenzi-de-milioane-si-mii-de-controale-in-2025\/\">Garda Forestier\u0103 Suceava, la bilan\u021b: Amenzi de milioane \u0219i mii de controale \u00een 2025<\/a><\/h4>\n<div class=\"cb-byline cb-font-header\">\n<div class=\"cb-date cb-byline-element\"><time datetime=\"2026-03-04\">4 martie 2026<\/time><\/div>\n<\/div>\n<\/div>\n<\/li>\n<li class=\"cb-style-overlay cb-grid-entry cb-related-post no-2\">\n<div class=\"cb-meta cb-article-meta\">\n<h4 class=\"h3 cb-post-title\"><a href=\"https:\/\/suceavalive.ro\/revitalizarea-organismului-prin-puterea-naturii-ce-trebuie-sa-stii-si-sa-faci\/\">Revitalizarea organismului prin puterea naturii: ce trebuie s\u0103 \u0219tii \u0219i s\u0103 faci<\/a><\/h4>\n<div class=\"cb-byline cb-font-header\">\n<div class=\"cb-date cb-byline-element\"><time datetime=\"2026-03-04\">4 martie 2026<\/time><\/div>\n<\/div>\n<\/div>\n<\/li>\n<\/ul>\n<\/div>\n<\/footer>\n<h3 id=\"comments\" class=\"cb-block-title\">8 Responses<\/h3>\n<nav id=\"comment-nav\">\n<ul class=\"clearfix\">\n<li>\n<li><\/ul>\n<\/nav>\n<ol class=\"commentlist\">\n<li class=\"comment even thread-even depth-1\">\n<article id=\"comment-242795\" class=\"clearfix\">\n<div class=\"cb-comment-body clearfix\">\n<header class=\"comment-author vcard\"><cite class=\"fn\"><a href=\"http:\/\/-\" class=\"url\" rel=\"ugc external nofollow\">mihai grigore<\/a><\/cite><time datetime=\"4 martie 2026\"><a href=\"https:\/\/suceavalive.ro\/mihai-dimian-a-depus-juramantul-de-investitura-in-functia-de-ministru-al-educatiei\/#comment-242795\">4 martie 2026 <\/a><\/time><\/header>\n<section class=\"comment_content clearfix\">\n<p>: revista floare albastra = blue : _ citesc _ un num\u0103r de elevi ai colegiului \u2018 Petru Rare\u0219 \u2018 Suceava au r\u0103mas bloca\u021bi \u00een Dubai _ \u00eentrebare -\u2018 cum au ajuns acolo \u2018_ \u2018 cum e posibil c\u0103 \u00een timpul exerci\u021biului scolar un director de colegiu sa nu observe dispari\u021bia de la ore a unui grup imens de elevi \u2018???*_ \u2018 in fapt cu ce se ocupa acest director de colegiu ?\u2019_:<\/p>\n<\/section>\n<p><a rel=\"nofollow\" class=\"comment-reply-link\" href=\"https:\/\/suceavalive.ro\/mihai-dimian-a-depus-juramantul-de-investitura-in-functia-de-ministru-al-educatiei\/#comment-242795\" data-commentid=\"242795\" data-postid=\"288352\" data-belowelement=\"comment-242795\" data-respondelement=\"respond\" data-replyto=\"R\u0103spunde-i lui mihai grigore\" aria-label=\"R\u0103spunde-i lui mihai grigore\">R\u0103spunde<\/a><\/div>\n<\/article>\n<\/li>\n<li class=\"comment odd alt thread-odd thread-alt depth-1\">\n<article id=\"comment-242796\" class=\"clearfix\">\n<div class=\"cb-comment-body clearfix\">\n<header class=\"comment-author vcard\"><cite class=\"fn\"><a href=\"http:\/\/-\" class=\"url\" rel=\"ugc external nofollow\">mihai grigore<\/a><\/cite><time datetime=\"4 martie 2026\"><a href=\"https:\/\/suceavalive.ro\/mihai-dimian-a-depus-juramantul-de-investitura-in-functia-de-ministru-al-educatiei\/#comment-242796\">4 martie 2026 <\/a><\/time><\/header>\n<section class=\"comment_content clearfix\">\n<p>:_ strategie _ repatriere _ amical de fotbal in peninsula iberic\u0103 cu \u00eembarcarea spre revenirea \u00een \u021bar\u0103 a celor care solicit\u0103 acest lucru \u2018?*_:<\/p>\n<\/section>\n<p><a rel=\"nofollow\" class=\"comment-reply-link\" href=\"https:\/\/suceavalive.ro\/mihai-dimian-a-depus-juramantul-de-investitura-in-functia-de-ministru-al-educatiei\/#comment-242796\" data-commentid=\"242796\" data-postid=\"288352\" data-belowelement=\"comment-242796\" data-respondelement=\"respond\" data-replyto=\"R\u0103spunde-i lui mihai grigore\" aria-label=\"R\u0103spunde-i lui mihai grigore\">R\u0103spunde<\/a><\/div>\n<\/article>\n<\/li>\n<li class=\"comment even thread-even depth-1\">\n<article id=\"comment-242797\" class=\"clearfix\">\n<div class=\"cb-comment-body clearfix\">\n<header class=\"comment-author vcard\"><cite class=\"fn\"><a href=\"http:\/\/-\" class=\"url\" rel=\"ugc external nofollow\">mihai grigore<\/a><\/cite><time datetime=\"4 martie 2026\"><a href=\"https:\/\/suceavalive.ro\/mihai-dimian-a-depus-juramantul-de-investitura-in-functia-de-ministru-al-educatiei\/#comment-242797\">4 martie 2026 <\/a><\/time><\/header>\n<section class=\"comment_content clearfix\">\n<p>:_ am fost intrebat \u0219i despre Iran _ Romania g\u0103zduie\u0219te orice tip de echipament civil ori militar SUA legat de trecerea Iranului spre o alegere in care atiliahul este pro SUA \u0219i nu provrusia ?*_: _ \u00eensemn\u00e2nd c\u0103 recunoa\u0219te prezenta unei  escalad\u0103ri de structurare echipamente nucleare \u0219i nu numai militare \u00een Iran de c\u0103tre o varietate de organiza\u021bii teroriste ?*\u2019_:<\/p>\n<\/section>\n<p><a rel=\"nofollow\" class=\"comment-reply-link\" href=\"https:\/\/suceavalive.ro\/mihai-dimian-a-depus-juramantul-de-investitura-in-functia-de-ministru-al-educatiei\/#comment-242797\" data-commentid=\"242797\" data-postid=\"288352\" data-belowelement=\"comment-242797\" data-respondelement=\"respond\" data-replyto=\"R\u0103spunde-i lui mihai grigore\" aria-label=\"R\u0103spunde-i lui mihai grigore\">R\u0103spunde<\/a><\/div>\n<\/article>\n<\/li>\n<li class=\"comment odd alt thread-odd thread-alt depth-1\">\n<article id=\"comment-242798\" class=\"clearfix\">\n<div class=\"cb-comment-body clearfix\">\n<header class=\"comment-author vcard\"><cite class=\"fn\"><a href=\"http:\/\/-\" class=\"url\" rel=\"ugc external nofollow\">mihai grigore<\/a><\/cite><time datetime=\"4 martie 2026\"><a href=\"https:\/\/suceavalive.ro\/mihai-dimian-a-depus-juramantul-de-investitura-in-functia-de-ministru-al-educatiei\/#comment-242798\">4 martie 2026 <\/a><\/time><\/header>\n<section class=\"comment_content clearfix\">\n<p>: _ scrisorica _ nato _ pentagon _ president Trump _ Ursula von der leyen _ analiza _ delta tv= 4 s\u0103pt\u0103m\u00e2ni = distrugere arsenal asimetric drone \u0219i care sunt folosite \u0219i \u00een Ucraina precum \u0219i instala\u021bii nucleare _ cu evacuare din perimetre societatea civil\u0103 _ cu solu\u021bia de a sprijini alegeribliberevpentru un nou yatolah _ noi sprijinind un yatolah pro SUA ?*_:<\/p>\n<\/section>\n<p><a rel=\"nofollow\" class=\"comment-reply-link\" href=\"https:\/\/suceavalive.ro\/mihai-dimian-a-depus-juramantul-de-investitura-in-functia-de-ministru-al-educatiei\/#comment-242798\" data-commentid=\"242798\" data-postid=\"288352\" data-belowelement=\"comment-242798\" data-respondelement=\"respond\" data-replyto=\"R\u0103spunde-i lui mihai grigore\" aria-label=\"R\u0103spunde-i lui mihai grigore\">R\u0103spunde<\/a><\/div>\n<\/article>\n<\/li>\n<li class=\"comment even thread-even depth-1\">\n<article id=\"comment-242801\" class=\"clearfix\">\n<div class=\"cb-comment-body clearfix\">\n<header class=\"comment-author vcard\"><cite class=\"fn\"><a href=\"http:\/\/-\" class=\"url\" rel=\"ugc external nofollow\">mihai grigore<\/a><\/cite><time datetime=\"4 martie 2026\"><a href=\"https:\/\/suceavalive.ro\/mihai-dimian-a-depus-juramantul-de-investitura-in-functia-de-ministru-al-educatiei\/#comment-242801\">4 martie 2026 <\/a><\/time><\/header>\n<section class=\"comment_content clearfix\">\n<p>:_\u2019 confesiunea de miercuri \u2018_ to papa Leon al xiv lea _:<\/p>\n<\/section>\n<p><a rel=\"nofollow\" class=\"comment-reply-link\" href=\"https:\/\/suceavalive.ro\/mihai-dimian-a-depus-juramantul-de-investitura-in-functia-de-ministru-al-educatiei\/#comment-242801\" data-commentid=\"242801\" data-postid=\"288352\" data-belowelement=\"comment-242801\" data-respondelement=\"respond\" data-replyto=\"R\u0103spunde-i lui mihai grigore\" aria-label=\"R\u0103spunde-i lui mihai grigore\">R\u0103spunde<\/a><\/div>\n<\/article>\n<\/li>\n<li class=\"comment odd alt thread-odd thread-alt depth-1\">\n<article id=\"comment-242802\" class=\"clearfix\">\n<div class=\"cb-comment-body clearfix\">\n<header class=\"comment-author vcard\"><cite class=\"fn\"><a href=\"http:\/\/-\" class=\"url\" rel=\"ugc external nofollow\">mihai grigore<\/a><\/cite><time datetime=\"4 martie 2026\"><a href=\"https:\/\/suceavalive.ro\/mihai-dimian-a-depus-juramantul-de-investitura-in-functia-de-ministru-al-educatiei\/#comment-242802\">4 martie 2026 <\/a><\/time><\/header>\n<section class=\"comment_content clearfix\">\n<p>:_ test spa\u021bial _ <a href=\"https:\/\/revistafloarealbastra-blue.rf.gd\" rel=\"nofollow ugc\">https:\/\/revistafloarealbastra-blue.rf.gd<\/a> :<\/p>\n<\/section>\n<p><a rel=\"nofollow\" class=\"comment-reply-link\" href=\"https:\/\/suceavalive.ro\/mihai-dimian-a-depus-juramantul-de-investitura-in-functia-de-ministru-al-educatiei\/#comment-242802\" data-commentid=\"242802\" data-postid=\"288352\" data-belowelement=\"comment-242802\" data-respondelement=\"respond\" data-replyto=\"R\u0103spunde-i lui mihai grigore\" aria-label=\"R\u0103spunde-i lui mihai grigore\">R\u0103spunde<\/a><\/div>\n<\/article>\n<\/li>\n<li class=\"comment even thread-even depth-1\">\n<article id=\"comment-242803\" class=\"clearfix\">\n<div class=\"cb-comment-body clearfix\">\n<header class=\"comment-author vcard\"><cite class=\"fn\"><a href=\"http:\/\/-\" class=\"url\" rel=\"ugc external nofollow\">mihai grigore<\/a><\/cite><time datetime=\"4 martie 2026\"><a href=\"https:\/\/suceavalive.ro\/mihai-dimian-a-depus-juramantul-de-investitura-in-functia-de-ministru-al-educatiei\/#comment-242803\">4 martie 2026 <\/a><\/time><\/header>\n<section class=\"comment_content clearfix\">\n<p>: _ da _ \u00eentrebare la obiect _ nu e un r\u0103zboi religios _e un r\u0103spuns al civiliza\u021biei umane c\u0103tre un grup de terori\u0219ti ?*_:<\/p>\n<\/section>\n<p><a rel=\"nofollow\" class=\"comment-reply-link\" href=\"https:\/\/suceavalive.ro\/mihai-dimian-a-depus-juramantul-de-investitura-in-functia-de-ministru-al-educatiei\/#comment-242803\" data-commentid=\"242803\" data-postid=\"288352\" data-belowelement=\"comment-242803\" data-respondelement=\"respond\" data-replyto=\"R\u0103spunde-i lui mihai grigore\" aria-label=\"R\u0103spunde-i lui mihai grigore\">R\u0103spunde<\/a><\/div>\n<\/article>\n<\/li>\n<li class=\"comment odd alt thread-odd thread-alt depth-1\">\n<article id=\"comment-242804\" class=\"clearfix\">\n<div class=\"cb-comment-body clearfix\">\n<header class=\"comment-author vcard\"><cite class=\"fn\"><a href=\"http:\/\/-\" class=\"url\" rel=\"ugc external nofollow\">mihai grigore<\/a><\/cite><time datetime=\"4 martie 2026\"><a href=\"https:\/\/suceavalive.ro\/mihai-dimian-a-depus-juramantul-de-investitura-in-functia-de-ministru-al-educatiei\/#comment-242804\">4 martie 2026 <\/a><\/time><\/header>\n<section class=\"comment_content clearfix\">\n<p>: _ partea a doua a expunerii _ dup\u0103 miezul nop\u021bii _?*:<\/p>\n<\/section>\n<p><a rel=\"nofollow\" class=\"comment-reply-link\" href=\"https:\/\/suceavalive.ro\/mihai-dimian-a-depus-juramantul-de-investitura-in-functia-de-ministru-al-educatiei\/#comment-242804\" data-commentid=\"242804\" data-postid=\"288352\" data-belowelement=\"comment-242804\" data-respondelement=\"respond\" data-replyto=\"R\u0103spunde-i lui mihai grigore\" aria-label=\"R\u0103spunde-i lui mihai grigore\">R\u0103spunde<\/a><\/div>\n<\/article>\n<\/li>\n<\/ol>\n<nav id=\"comment-nav\">\n<ul class=\"clearfix\">\n<li>\n<li><\/ul>\n<\/nav>\n<div id=\"respond\" class=\"comment-respond\">\n<h3 id=\"reply-title\" class=\"comment-reply-title\">Lasa un raspuns <small><a rel=\"nofollow\" id=\"cancel-comment-reply-link\" href=\"https:\/\/suceavalive.ro\/mihai-dimian-a-depus-juramantul-de-investitura-in-functia-de-ministru-al-educatiei\/#respond\">Anuleaza raspunsul<\/a><\/small><\/h3>\n<p class=\"comment-notes\">Adresa ta de email nu va fi publicat\u0103.<\/p>\n<\/div>\n<\/article>\n<section class=\"cb-entry-content entry-content clearfix\">\n<p data-start=\"0\" data-end=\"287\"><span>Fostul rector al <span class=\"hover:entity-accent entity-underline inline cursor-pointer align-baseline\"><span class=\"whitespace-normal\">Universitatea \u0218tefan cel Mare din Suceava<\/span><\/span>, <span class=\"hover:entity-accent entity-underline inline cursor-pointer align-baseline\"><span class=\"whitespace-normal\">Mihai Dimian<\/span><\/span>, a depus ast\u0103zi jur\u0103m\u00e2ntul \u00een func\u021bia de ministru al Educa\u021biei \u0219i Cercet\u0103rii, \u00een cadrul unei ceremonii oficiale desf\u0103\u0219urate la ora 16:00, \u00een Sala Unirii a <span class=\"hover:entity-accent entity-underline inline cursor-pointer align-baseline\"><span class=\"whitespace-normal\">Palatul Cotroceni<\/span><\/span>.<\/span><\/p>\n<p data-start=\"289\" data-end=\"502\"><span>La eveniment au fost prezen\u021bi pre\u0219edintele Rom\u00e2niei, <span class=\"hover:entity-accent entity-underline inline cursor-pointer align-baseline\"><span class=\"whitespace-normal\">Nicu\u0219or Dan<\/span><\/span>, \u0219i premierul <span class=\"hover:entity-accent entity-underline inline cursor-pointer align-baseline\"><span class=\"whitespace-normal\">Ilie Bolojan<\/span><\/span>, al\u0103turi de al\u021bi membri ai Guvernului \u0219i invita\u021bi din mediul academic.<\/span><\/p>\n<p data-start=\"504\" data-end=\"867\"><span>Mihai Dimian a fost ales rector al Universit\u0103\u021bii \u201e\u0218tefan cel Mare\u201d din Suceava \u00een luna februarie 2024, dup\u0103 ce, timp de 12 ani, \u00een perioada 2012 \u2013 2024, a ocupat func\u021bia de prorector al institu\u021biei de \u00eenv\u0103\u021b\u0103m\u00e2nt superior. \u00cen v\u00e2rst\u0103 de 51 de ani, acesta este considerat unul dintre cei mai activi reprezentan\u021bi ai mediului universitar sucevean din ultimul deceniu. <\/span><\/p>\n<p data-start=\"869\" data-end=\"1279\"><span>Numirea sa la conducerea Ministerului Educa\u021biei \u0219i Cercet\u0103rii marcheaz\u0103 un nou moment important pentru mediul academic din Suceava. De altfel, Mihai Dimian este al doilea rector al Universit\u0103\u021bii sucevene care ajunge ministru al Educa\u021biei, dup\u0103 <span class=\"hover:entity-accent entity-underline inline cursor-pointer align-baseline\"><span class=\"whitespace-normal\">Valentin Popa<\/span><\/span>. Acesta a condus ministerul \u00een perioada ianuarie \u2013 septembrie 2018, \u00een Guvernul condus de <span class=\"hover:entity-accent entity-underline inline cursor-pointer align-baseline\"><span class=\"whitespace-normal\">Viorica D\u0103ncil\u0103<\/span><\/span>.<\/span><\/p>\n<p data-start=\"1281\" data-end=\"1614\" data-is-last-node data-is-only-node><span>R\u0103m\u00e2ne de v\u0103zut care vor fi primele m\u0103suri anun\u021bate de noul ministru \u0219i \u00een ce m\u0103sur\u0103 experien\u021ba sa managerial\u0103 de la Universitatea \u201e\u0218tefan cel Mare\u201d va influen\u021ba politicile educa\u021bionale la nivel na\u021bional. Pentru Suceava, \u00eens\u0103, momentul reprezint\u0103, f\u0103r\u0103 \u00eendoial\u0103, un motiv de m\u00e2ndrie \u0219i o confirmare a valorii mediului academic local.<\/span><\/p>\n<\/section>\n<section class=\"cb-entry-content entry-content clearfix\">\n<p data-start=\"0\" data-end=\"287\"><span>Fostul rector al <span class=\"hover:entity-accent entity-underline inline cursor-pointer align-baseline\"><span class=\"whitespace-normal\">Universitatea \u0218tefan cel Mare din Suceava<\/span><\/span>, <span class=\"hover:entity-accent entity-underline inline cursor-pointer align-baseline\"><span class=\"whitespace-normal\">Mihai Dimian<\/span><\/span>, a depus ast\u0103zi jur\u0103m\u00e2ntul \u00een func\u021bia de ministru al Educa\u021biei \u0219i Cercet\u0103rii, \u00een cadrul unei ceremonii oficiale desf\u0103\u0219urate la ora 16:00, \u00een Sala Unirii a <span class=\"hover:entity-accent entity-underline inline cursor-pointer align-baseline\"><span class=\"whitespace-normal\">Palatul Cotroceni<\/span><\/span>.<\/span><\/p>\n<p data-start=\"289\" data-end=\"502\"><span>La eveniment au fost prezen\u021bi pre\u0219edintele Rom\u00e2niei, <span class=\"hover:entity-accent entity-underline inline cursor-pointer align-baseline\"><span class=\"whitespace-normal\">Nicu\u0219or Dan<\/span><\/span>, \u0219i premierul <span class=\"hover:entity-accent entity-underline inline cursor-pointer align-baseline\"><span class=\"whitespace-normal\">Ilie Bolojan<\/span><\/span>, al\u0103turi de al\u021bi membri ai Guvernului \u0219i invita\u021bi din mediul academic.<\/span><\/p>\n<p data-start=\"504\" data-end=\"867\"><span>Mihai Dimian a fost ales rector al Universit\u0103\u021bii \u201e\u0218tefan cel Mare\u201d din Suceava \u00een luna februarie 2024, dup\u0103 ce, timp de 12 ani, \u00een perioada 2012 \u2013 2024, a ocupat func\u021bia de prorector al institu\u021biei de \u00eenv\u0103\u021b\u0103m\u00e2nt superior. \u00cen v\u00e2rst\u0103 de 51 de ani, acesta este considerat unul dintre cei mai activi reprezentan\u021bi ai mediului universitar sucevean din ultimul deceniu. <\/span><\/p>\n<p data-start=\"869\" data-end=\"1279\"><span>Numirea sa la conducerea Ministerului Educa\u021biei \u0219i Cercet\u0103rii marcheaz\u0103 un nou moment important pentru mediul academic din Suceava. De altfel, Mihai Dimian este al doilea rector al Universit\u0103\u021bii sucevene care ajunge ministru al Educa\u021biei, dup\u0103 <span class=\"hover:entity-accent entity-underline inline cursor-pointer align-baseline\"><span class=\"whitespace-normal\">Valentin Popa<\/span><\/span>. Acesta a condus ministerul \u00een perioada ianuarie \u2013 septembrie 2018, \u00een Guvernul condus de <span class=\"hover:entity-accent entity-underline inline cursor-pointer align-baseline\"><span class=\"whitespace-normal\">Viorica D\u0103ncil\u0103<\/span><\/span>.<\/span><\/p>\n<p data-start=\"1281\" data-end=\"1614\" data-is-last-node data-is-only-node><span>R\u0103m\u00e2ne de v\u0103zut care vor fi primele m\u0103suri anun\u021bate de noul ministru \u0219i \u00een ce m\u0103sur\u0103 experien\u021ba sa managerial\u0103 de la Universitatea \u201e\u0218tefan cel Mare\u201d va influen\u021ba politicile educa\u021bionale la nivel na\u021bional. Pentru Suceava, \u00eens\u0103, momentul reprezint\u0103, f\u0103r\u0103 \u00eendoial\u0103, un motiv de m\u00e2ndrie \u0219i o confirmare a valorii mediului academic local.<\/span><\/p>\n<\/section>\n<p>[analyse_source url=&#8221;https:\/\/suceavalive.ro\/mihai-dimian-a-depus-juramantul-de-investitura-in-functia-de-ministru-al-educatiei\/&#8221;]<\/p>\n","protected":false},"excerpt":{"rendered":"<p>[analyse_image type=&#8221;featured&#8221; src=&#8221;https:\/\/suceavalive.ro\/wp-content\/uploads\/2026\/03\/IMG_2684-1024&#215;471.pnghttps:\/\/suceavalive.ro\/wp-content\/uploads\/2026\/03\/IMG_2684-scaled.png&#8221;] Mihai Dimian a depus jur\u0103m\u00e2ntul de \u00eenvestitur\u0103 \u00een func\u021bia de ministru al educa\u021biei 3 martie 2026 8 Fostul rector al Universitatea \u0218tefan cel Mare din Suceava, Mihai Dimian, a depus ast\u0103zi jur\u0103m\u00e2ntul \u00een func\u021bia de ministru al Educa\u021biei \u0219i Cercet\u0103rii, \u00een cadrul unei ceremonii oficiale desf\u0103\u0219urate la ora 16:00, \u00een Sala Unirii [&hellip;]<\/p>\n","protected":false},"author":1,"featured_media":0,"comment_status":"open","ping_status":"","sticky":false,"template":"","format":"standard","meta":{"footnotes":""},"categories":[89],"tags":[226,173],"class_list":["post-1805703","post","type-post","status-publish","format-standard","hentry","category-romania","tag-crawlmanager","tag-suceavalive-ro"],"_links":{"self":[{"href":"https:\/\/analyse.optim.biz\/index.php?rest_route=\/wp\/v2\/posts\/1805703","targetHints":{"allow":["GET"]}}],"collection":[{"href":"https:\/\/analyse.optim.biz\/index.php?rest_route=\/wp\/v2\/posts"}],"about":[{"href":"https:\/\/analyse.optim.biz\/index.php?rest_route=\/wp\/v2\/types\/post"}],"author":[{"embeddable":true,"href":"https:\/\/analyse.optim.biz\/index.php?rest_route=\/wp\/v2\/users\/1"}],"replies":[{"embeddable":true,"href":"https:\/\/analyse.optim.biz\/index.php?rest_route=%2Fwp%2Fv2%2Fcomments&post=1805703"}],"version-history":[{"count":0,"href":"https:\/\/analyse.optim.biz\/index.php?rest_route=\/wp\/v2\/posts\/1805703\/revisions"}],"wp:attachment":[{"href":"https:\/\/analyse.optim.biz\/index.php?rest_route=%2Fwp%2Fv2%2Fmedia&parent=1805703"}],"wp:term":[{"taxonomy":"category","embeddable":true,"href":"https:\/\/analyse.optim.biz\/index.php?rest_route=%2Fwp%2Fv2%2Fcategories&post=1805703"},{"taxonomy":"post_tag","embeddable":true,"href":"https:\/\/analyse.optim.biz\/index.php?rest_route=%2Fwp%2Fv2%2Ftags&post=1805703"}],"curies":[{"name":"wp","href":"https:\/\/api.w.org\/{rel}","templated":true}]}}