{"id":1805702,"date":"2026-03-03T10:42:25","date_gmt":"2026-03-03T07:42:25","guid":{"rendered":"https:\/\/analyse.optim.biz\/?p=1805702"},"modified":"2026-03-03T10:42:25","modified_gmt":"2026-03-03T07:42:25","slug":"75-de-elevi-si-16-profesori-din-judet-nu-se-pot-intoarce-in-tara-din-cauza-inchederii-spatiului-aerian-din","status":"publish","type":"post","link":"https:\/\/analyse.optim.biz\/?p=1805702","title":{"rendered":"75 de elevi \u0219i 16 profesori din jude\u021b nu se pot \u00eentoarce \u00een \u021bar\u0103 din cauza \u00eenchederii spa\u021biului aerian din"},"content":{"rendered":"<p>[analyse_image type=&#8221;featured&#8221; src=&#8221;https:\/\/suceavalive.ro\/wp-content\/uploads\/2026\/01\/ciprian-anton.jpeghttps:\/\/suceavalive.ro\/wp-content\/uploads\/2026\/01\/ciprian-anton.jpeg&#8221;]<\/p>\n<article id=\"post-288325\" class=\"clearfix post-288325 post type-post status-publish format-standard has-post-thumbnail hentry category-slide category-categoria-social\">\n<header id=\"cb-standard-featured\">\n<div id=\"cb-fis-wrap\" class=\"cb-entry-header cb-fis cb-style-standard\"><span class=\"cb-title-fi\"><\/p>\n<h1 class=\"entry-title cb-entry-title cb-single-title\">75 de elevi \u0219i 16 profesori din jude\u021b nu se pot \u00eentoarce \u00een \u021bar\u0103 din cauza \u00eenchederii spa\u021biului aerian din Orientul Mijlociu. ISJ caut\u0103 solu\u021bii pentru profesorii absen\u021bi<\/h1>\n<div class=\"cb-byline cb-font-header\">\n<div class=\"cb-date cb-byline-element\"><time datetime=\"2026-03-03\">3 martie 2026<\/time><\/div>\n<\/div>\n<p><\/span><\/div>\n<\/header>\n<section class=\"cb-entry-content entry-content clearfix\">\n<p data-start=\"12\" data-end=\"302\"><span>Num\u0103rul elevelilor \u0219i profesorilor din jude\u021bul Suceava bloca\u021bi \u00een diferite \u021b\u0103ri a crescut la 75 de elevi \u0219i 16 profesori. Potrivit inspectorului general al Inspectoratului \u0218colar Jude\u021bean Suceava, prof. Ciprian Anton, a precizat c\u0103 a organizat o \u0219edin\u021b\u0103 de urgen\u021b\u0103 cu to\u021bi directorii unit\u0103\u021bilor de \u00eenv\u0103\u021b\u0103m\u00e2nt pentru a gestiona absen\u021ba cadrelor didactice. Prioritatea zero este asigurarea suplinirii orelor la clas\u0103, directorii av\u00e2nd posibilitatea de a solicita sprijinul inspectoratului pentru redistribuirea unor cadre didactice pe perioad\u0103 determinat\u0103, av\u00e2nd \u00een vedere incertitudinea privind durata acestei bloc\u0103ri.<\/span><\/p>\n<p data-path-to-node=\"4\"><span>Pentru elevii care nu pot ajunge la cursuri, autorit\u0103\u021bile au activat posibilitatea legal\u0103 de a desf\u0103\u0219ura lec\u021bii \u00een format online, decizia de a accesa aceast\u0103 form\u0103 de \u00eenv\u0103\u021b\u0103m\u00e2nt de tip \u201efor\u021b\u0103 major\u0103\u201d apar\u021bin\u00e2nd familiilor.<\/span><\/p>\n<blockquote>\n<p data-start=\"490\" data-end=\"944\"><span><strong><em>\u201eIeri, la ora 14.00, am organizat o \u0219edin\u021b\u0103 cu to\u021bi directorii unit\u0103\u021bilor de \u00eenv\u0103\u021b\u0103m\u00e2nt. Le-am solicitat s\u0103 asigure suplinirea orelor pentru profesorii care nu pot ajunge la \u0219coal\u0103. Aceasta este o m\u0103sur\u0103 prioritar\u0103. Dac\u0103 la nivelul \u0219colii nu exist\u0103 personal disponibil, directorii pot solicita sprijin din partea inspectoratului. Putem redistribui cadre didactice pentru o perioad\u0103 determinat\u0103, deoarece nu cunoa\u0219tem durata acestei situa\u021bii.<\/em><\/strong><\/span><\/p>\n<p data-start=\"946\" data-end=\"1149\"><span><strong><em>Exist\u0103 \u0219i posibilitatea legal\u0103 de a desf\u0103\u0219ura cursuri online, \u00een caz de for\u021b\u0103 major\u0103. Elevii \u0219i p\u0103rin\u021bii care solicit\u0103 acest lucru pot primi acces la lec\u021bii \u00een format online. Decizia apar\u021bine familiilor.<\/em><\/strong><\/span><\/p>\n<p data-start=\"1151\" data-end=\"1401\"><span><strong><em>Inspectoratul a creat o baz\u0103 de date \u0219i ofer\u0103 informa\u021bii celor interesa\u021bi. Pentru noi este esen\u021bial ca cei 11 copii ne\u00eenso\u021bi\u021bi s\u0103 ajung\u0103 \u00een siguran\u021b\u0103 acas\u0103. Nu analiz\u0103m \u00een acest moment motivele deplas\u0103rii. Prioritatea este revenirea lor \u00een siguran\u021b\u0103.<\/em><\/strong><\/span><\/p>\n<p data-start=\"1403\" data-end=\"1627\" data-is-last-node data-is-only-node><span><strong><em>Un cadru didactic se afl\u0103, la r\u00e2ndul s\u0103u, blocat \u00een zon\u0103. Acesta a luat leg\u0103tura cu copiii ne\u00eenso\u021bi\u021bi. Le ofer\u0103 sprijin \u0219i \u00eendrumare pentru a parcurge procedurile necesare \u0219i pentru a reveni \u00een \u021bar\u0103 \u00een condi\u021bii de siguran\u021b\u0103\u201d, a spus inspectorul general al I\u0218J Suceava, prof. Ciprian Anton.<\/em><\/strong><\/span><\/p>\n<\/blockquote>\n<\/section>\n<footer class=\"article-footer\">\n<div class=\"cb-social-sharing cb-post-footer-block cb-beside clearfix\">\n<div class=\"cb-title-subtle\">Share On:<\/div>\n<div class=\"cb-twitter\"><a href=\"https:\/\/twitter.com\/share\" class=\"twitter-share-button\" data-dnt=\"true\" data-count=\"horizontal\">Tweet<\/a><\/div>\n<\/div>\n<div id=\"cb-previous-next-links\" class=\"cb-post-footer-block clearfix\">\n<div id=\"cb-previous-link\"><a href=\"https:\/\/suceavalive.ro\/presedintele-romaniei-a-semnat-decretul-de-numire-a-rectorului-mihai-dimian-in-functia-de-ministru-al-educatiei\/\" rel=\"prev\">Pre\u0219edintele Rom\u00e2niei a semnat decretul de numire a rectorului Mihai Dimian \u00een func\u021bia de ministru al Educa\u021biei<\/a><\/div>\n<div id=\"cb-next-link\"><a href=\"https:\/\/suceavalive.ro\/pretul-unui-implant-dentar-la-clinica-stomatologica-dental-on-din-suceava\/\" rel=\"next\">Pre\u021bul unui implant dentar la clinica stomatologic\u0103 DENTAL-ON din Suceava\u00a0<\/a><\/div>\n<\/div>\n<div id=\"cb-author-box\" class=\"clearfix\">\n<h3 class=\"cb-block-title\">Despre autor<\/h3>\n<div class=\"cb-meta\">\n<div class=\"cb-info\">\n<div class=\"cb-author-title vcard\"><a href=\"https:\/\/suceavalive.ro\/author\/suceavalive\/\"><span class=\"fn\">SuceavaLive<\/span><\/a><\/div>\n<\/div>\n<\/div>\n<\/div>\n<div id=\"cb-related-posts\" class=\"cb-related-posts-block cb-post-end-block clearfix\">\n<h3 class=\"cb-block-title\">Postari asemanatoare<\/h3>\n<ul>\n<li class=\"cb-style-overlay cb-grid-entry cb-related-post no-1\">\n<div class=\"cb-meta cb-article-meta\">\n<h4 class=\"h3 cb-post-title\"><a href=\"https:\/\/suceavalive.ro\/garda-forestiera-suceava-la-bilant-amenzi-de-milioane-si-mii-de-controale-in-2025\/\">Garda Forestier\u0103 Suceava, la bilan\u021b: Amenzi de milioane \u0219i mii de controale \u00een 2025<\/a><\/h4>\n<div class=\"cb-byline cb-font-header\">\n<div class=\"cb-date cb-byline-element\"><time datetime=\"2026-03-04\">4 martie 2026<\/time><\/div>\n<\/div>\n<\/div>\n<\/li>\n<li class=\"cb-style-overlay cb-grid-entry cb-related-post no-2\">\n<div class=\"cb-meta cb-article-meta\">\n<h4 class=\"h3 cb-post-title\"><a href=\"https:\/\/suceavalive.ro\/revitalizarea-organismului-prin-puterea-naturii-ce-trebuie-sa-stii-si-sa-faci\/\">Revitalizarea organismului prin puterea naturii: ce trebuie s\u0103 \u0219tii \u0219i s\u0103 faci<\/a><\/h4>\n<div class=\"cb-byline cb-font-header\">\n<div class=\"cb-date cb-byline-element\"><time datetime=\"2026-03-04\">4 martie 2026<\/time><\/div>\n<\/div>\n<\/div>\n<\/li>\n<\/ul>\n<\/div>\n<\/footer>\n<div id=\"respond\" class=\"comment-respond\">\n<h3 id=\"reply-title\" class=\"comment-reply-title\">Lasa un raspuns <small><a rel=\"nofollow\" id=\"cancel-comment-reply-link\" href=\"https:\/\/suceavalive.ro\/75-de-elevi-si-16-profesori-din-judet-nu-se-pot-intoarce-in-tara-din-cauza-inchederii-spatiului-aerian-din-orientul-mijlociu-isj-cauta-solutii-pentru-profesorii-absenti\/#respond\">Anuleaza raspunsul<\/a><\/small><\/h3>\n<p class=\"comment-notes\">Adresa ta de email nu va fi publicat\u0103.<\/p>\n<\/div>\n<\/article>\n<section class=\"cb-entry-content entry-content clearfix\">\n<p data-start=\"12\" data-end=\"302\"><span>Num\u0103rul elevelilor \u0219i profesorilor din jude\u021bul Suceava bloca\u021bi \u00een diferite \u021b\u0103ri a crescut la 75 de elevi \u0219i 16 profesori. Potrivit inspectorului general al Inspectoratului \u0218colar Jude\u021bean Suceava, prof. Ciprian Anton, a precizat c\u0103 a organizat o \u0219edin\u021b\u0103 de urgen\u021b\u0103 cu to\u021bi directorii unit\u0103\u021bilor de \u00eenv\u0103\u021b\u0103m\u00e2nt pentru a gestiona absen\u021ba cadrelor didactice. Prioritatea zero este asigurarea suplinirii orelor la clas\u0103, directorii av\u00e2nd posibilitatea de a solicita sprijinul inspectoratului pentru redistribuirea unor cadre didactice pe perioad\u0103 determinat\u0103, av\u00e2nd \u00een vedere incertitudinea privind durata acestei bloc\u0103ri.<\/span><\/p>\n<p data-path-to-node=\"4\"><span>Pentru elevii care nu pot ajunge la cursuri, autorit\u0103\u021bile au activat posibilitatea legal\u0103 de a desf\u0103\u0219ura lec\u021bii \u00een format online, decizia de a accesa aceast\u0103 form\u0103 de \u00eenv\u0103\u021b\u0103m\u00e2nt de tip \u201efor\u021b\u0103 major\u0103\u201d apar\u021bin\u00e2nd familiilor.<\/span><\/p>\n<blockquote>\n<p data-start=\"490\" data-end=\"944\"><span><strong><em>\u201eIeri, la ora 14.00, am organizat o \u0219edin\u021b\u0103 cu to\u021bi directorii unit\u0103\u021bilor de \u00eenv\u0103\u021b\u0103m\u00e2nt. Le-am solicitat s\u0103 asigure suplinirea orelor pentru profesorii care nu pot ajunge la \u0219coal\u0103. Aceasta este o m\u0103sur\u0103 prioritar\u0103. Dac\u0103 la nivelul \u0219colii nu exist\u0103 personal disponibil, directorii pot solicita sprijin din partea inspectoratului. Putem redistribui cadre didactice pentru o perioad\u0103 determinat\u0103, deoarece nu cunoa\u0219tem durata acestei situa\u021bii.<\/em><\/strong><\/span><\/p>\n<p data-start=\"946\" data-end=\"1149\"><span><strong><em>Exist\u0103 \u0219i posibilitatea legal\u0103 de a desf\u0103\u0219ura cursuri online, \u00een caz de for\u021b\u0103 major\u0103. Elevii \u0219i p\u0103rin\u021bii care solicit\u0103 acest lucru pot primi acces la lec\u021bii \u00een format online. Decizia apar\u021bine familiilor.<\/em><\/strong><\/span><\/p>\n<p data-start=\"1151\" data-end=\"1401\"><span><strong><em>Inspectoratul a creat o baz\u0103 de date \u0219i ofer\u0103 informa\u021bii celor interesa\u021bi. Pentru noi este esen\u021bial ca cei 11 copii ne\u00eenso\u021bi\u021bi s\u0103 ajung\u0103 \u00een siguran\u021b\u0103 acas\u0103. Nu analiz\u0103m \u00een acest moment motivele deplas\u0103rii. Prioritatea este revenirea lor \u00een siguran\u021b\u0103.<\/em><\/strong><\/span><\/p>\n<p data-start=\"1403\" data-end=\"1627\" data-is-last-node data-is-only-node><span><strong><em>Un cadru didactic se afl\u0103, la r\u00e2ndul s\u0103u, blocat \u00een zon\u0103. Acesta a luat leg\u0103tura cu copiii ne\u00eenso\u021bi\u021bi. Le ofer\u0103 sprijin \u0219i \u00eendrumare pentru a parcurge procedurile necesare \u0219i pentru a reveni \u00een \u021bar\u0103 \u00een condi\u021bii de siguran\u021b\u0103\u201d, a spus inspectorul general al I\u0218J Suceava, prof. Ciprian Anton.<\/em><\/strong><\/span><\/p>\n<\/blockquote>\n<\/section>\n<section class=\"cb-entry-content entry-content clearfix\">\n<p data-start=\"12\" data-end=\"302\"><span>Num\u0103rul elevelilor \u0219i profesorilor din jude\u021bul Suceava bloca\u021bi \u00een diferite \u021b\u0103ri a crescut la 75 de elevi \u0219i 16 profesori. Potrivit inspectorului general al Inspectoratului \u0218colar Jude\u021bean Suceava, prof. Ciprian Anton, a precizat c\u0103 a organizat o \u0219edin\u021b\u0103 de urgen\u021b\u0103 cu to\u021bi directorii unit\u0103\u021bilor de \u00eenv\u0103\u021b\u0103m\u00e2nt pentru a gestiona absen\u021ba cadrelor didactice. Prioritatea zero este asigurarea suplinirii orelor la clas\u0103, directorii av\u00e2nd posibilitatea de a solicita sprijinul inspectoratului pentru redistribuirea unor cadre didactice pe perioad\u0103 determinat\u0103, av\u00e2nd \u00een vedere incertitudinea privind durata acestei bloc\u0103ri.<\/span><\/p>\n<p data-path-to-node=\"4\"><span>Pentru elevii care nu pot ajunge la cursuri, autorit\u0103\u021bile au activat posibilitatea legal\u0103 de a desf\u0103\u0219ura lec\u021bii \u00een format online, decizia de a accesa aceast\u0103 form\u0103 de \u00eenv\u0103\u021b\u0103m\u00e2nt de tip \u201efor\u021b\u0103 major\u0103\u201d apar\u021bin\u00e2nd familiilor.<\/span><\/p>\n<blockquote>\n<p data-start=\"490\" data-end=\"944\"><span><strong><em>\u201eIeri, la ora 14.00, am organizat o \u0219edin\u021b\u0103 cu to\u021bi directorii unit\u0103\u021bilor de \u00eenv\u0103\u021b\u0103m\u00e2nt. Le-am solicitat s\u0103 asigure suplinirea orelor pentru profesorii care nu pot ajunge la \u0219coal\u0103. Aceasta este o m\u0103sur\u0103 prioritar\u0103. Dac\u0103 la nivelul \u0219colii nu exist\u0103 personal disponibil, directorii pot solicita sprijin din partea inspectoratului. Putem redistribui cadre didactice pentru o perioad\u0103 determinat\u0103, deoarece nu cunoa\u0219tem durata acestei situa\u021bii.<\/em><\/strong><\/span><\/p>\n<p data-start=\"946\" data-end=\"1149\"><span><strong><em>Exist\u0103 \u0219i posibilitatea legal\u0103 de a desf\u0103\u0219ura cursuri online, \u00een caz de for\u021b\u0103 major\u0103. Elevii \u0219i p\u0103rin\u021bii care solicit\u0103 acest lucru pot primi acces la lec\u021bii \u00een format online. Decizia apar\u021bine familiilor.<\/em><\/strong><\/span><\/p>\n<p data-start=\"1151\" data-end=\"1401\"><span><strong><em>Inspectoratul a creat o baz\u0103 de date \u0219i ofer\u0103 informa\u021bii celor interesa\u021bi. Pentru noi este esen\u021bial ca cei 11 copii ne\u00eenso\u021bi\u021bi s\u0103 ajung\u0103 \u00een siguran\u021b\u0103 acas\u0103. Nu analiz\u0103m \u00een acest moment motivele deplas\u0103rii. Prioritatea este revenirea lor \u00een siguran\u021b\u0103.<\/em><\/strong><\/span><\/p>\n<p data-start=\"1403\" data-end=\"1627\" data-is-last-node data-is-only-node><span><strong><em>Un cadru didactic se afl\u0103, la r\u00e2ndul s\u0103u, blocat \u00een zon\u0103. Acesta a luat leg\u0103tura cu copiii ne\u00eenso\u021bi\u021bi. Le ofer\u0103 sprijin \u0219i \u00eendrumare pentru a parcurge procedurile necesare \u0219i pentru a reveni \u00een \u021bar\u0103 \u00een condi\u021bii de siguran\u021b\u0103\u201d, a spus inspectorul general al I\u0218J Suceava, prof. Ciprian Anton.<\/em><\/strong><\/span><\/p>\n<\/blockquote>\n<\/section>\n<p>[analyse_source url=&#8221;https:\/\/suceavalive.ro\/75-de-elevi-si-16-profesori-din-judet-nu-se-pot-intoarce-in-tara-din-cauza-inchederii-spatiului-aerian-din-orientul-mijlociu-isj-cauta-solutii-pentru-profesorii-absenti\/&#8221;]<\/p>\n","protected":false},"excerpt":{"rendered":"<p>[analyse_image type=&#8221;featured&#8221; src=&#8221;https:\/\/suceavalive.ro\/wp-content\/uploads\/2026\/01\/ciprian-anton.jpeghttps:\/\/suceavalive.ro\/wp-content\/uploads\/2026\/01\/ciprian-anton.jpeg&#8221;] 75 de elevi \u0219i 16 profesori din jude\u021b nu se pot \u00eentoarce \u00een \u021bar\u0103 din cauza \u00eenchederii spa\u021biului aerian din Orientul Mijlociu. ISJ caut\u0103 solu\u021bii pentru profesorii absen\u021bi 3 martie 2026 Num\u0103rul elevelilor \u0219i profesorilor din jude\u021bul Suceava bloca\u021bi \u00een diferite \u021b\u0103ri a crescut la 75 de elevi \u0219i 16 profesori. Potrivit [&hellip;]<\/p>\n","protected":false},"author":1,"featured_media":0,"comment_status":"open","ping_status":"","sticky":false,"template":"","format":"standard","meta":{"footnotes":""},"categories":[89],"tags":[226,173],"class_list":["post-1805702","post","type-post","status-publish","format-standard","hentry","category-romania","tag-crawlmanager","tag-suceavalive-ro"],"_links":{"self":[{"href":"https:\/\/analyse.optim.biz\/index.php?rest_route=\/wp\/v2\/posts\/1805702","targetHints":{"allow":["GET"]}}],"collection":[{"href":"https:\/\/analyse.optim.biz\/index.php?rest_route=\/wp\/v2\/posts"}],"about":[{"href":"https:\/\/analyse.optim.biz\/index.php?rest_route=\/wp\/v2\/types\/post"}],"author":[{"embeddable":true,"href":"https:\/\/analyse.optim.biz\/index.php?rest_route=\/wp\/v2\/users\/1"}],"replies":[{"embeddable":true,"href":"https:\/\/analyse.optim.biz\/index.php?rest_route=%2Fwp%2Fv2%2Fcomments&post=1805702"}],"version-history":[{"count":0,"href":"https:\/\/analyse.optim.biz\/index.php?rest_route=\/wp\/v2\/posts\/1805702\/revisions"}],"wp:attachment":[{"href":"https:\/\/analyse.optim.biz\/index.php?rest_route=%2Fwp%2Fv2%2Fmedia&parent=1805702"}],"wp:term":[{"taxonomy":"category","embeddable":true,"href":"https:\/\/analyse.optim.biz\/index.php?rest_route=%2Fwp%2Fv2%2Fcategories&post=1805702"},{"taxonomy":"post_tag","embeddable":true,"href":"https:\/\/analyse.optim.biz\/index.php?rest_route=%2Fwp%2Fv2%2Ftags&post=1805702"}],"curies":[{"name":"wp","href":"https:\/\/api.w.org\/{rel}","templated":true}]}}