{"id":1805698,"date":"2026-03-03T13:12:12","date_gmt":"2026-03-03T10:12:12","guid":{"rendered":"https:\/\/analyse.optim.biz\/?p=1805698"},"modified":"2026-03-03T13:12:12","modified_gmt":"2026-03-03T10:12:12","slug":"mama-si-fiica-atacate-in-propria-casa-de-un-barbat-de-23-de-ani-suceavalive","status":"publish","type":"post","link":"https:\/\/analyse.optim.biz\/?p=1805698","title":{"rendered":"Mam\u0103 \u0219i fiic\u0103, atacate \u00een propria cas\u0103 de un b\u0103rbat de 23 de ani &#8211; SuceavaLIVE"},"content":{"rendered":"<p>[analyse_image type=&#8221;featured&#8221; src=&#8221;https:\/\/suceavalive.ro\/wp-content\/uploads\/2021\/08\/furt-locuinte-650&#215;435-1.jpghttps:\/\/suceavalive.ro\/wp-content\/uploads\/2021\/08\/furt-locuinte-650&#215;435-1.jpg&#8221;]<\/p>\n<article id=\"post-288344\" class=\"clearfix post-288344 post type-post status-publish format-standard has-post-thumbnail hentry category-comunicate\">\n<header id=\"cb-standard-featured\">\n<div id=\"cb-fis-wrap\" class=\"cb-entry-header cb-fis cb-style-standard\"><span class=\"cb-title-fi\"><\/p>\n<h1 class=\"entry-title cb-entry-title cb-single-title\">Mam\u0103 \u0219i fiic\u0103, atacate \u00een propria cas\u0103 de un b\u0103rbat de 23 de ani<\/h1>\n<div class=\"cb-byline cb-font-header\">\n<div class=\"cb-date cb-byline-element\"><time datetime=\"2026-03-03\">3 martie 2026<\/time><\/div>\n<\/div>\n<p><\/span><\/div>\n<\/header>\n<section class=\"cb-entry-content entry-content clearfix\">\n<p><span>Dou\u0103 femei, mam\u0103 \u015fi fiic\u0103, din jude\u0163ul Boto\u015fani au trecut prin co\u015fmarul vie\u0163ii lor dup\u0103 ce s-au trezit \u00een cas\u0103 cu un individ mascat, care le-a amenin\u0163at cu cu\u0163itul.\u00a0De fric\u0103 i-au dat banii pe care-i aveau. Poli\u0163i\u015ftii au intrat imediat \u00een alert\u0103 \u015fi au reu\u015fit s\u0103-l prind\u0103 pe t\u00e2lhar.<\/span><\/p>\n<div class=\"headline-wrapper\">\n<p><span>Totul s-a \u00eent\u00e2mplat \u00een comuna Dob\u00e2rceni din jude\u021bul Boto\u0219ani. Potrivit anchetatorilor, t\u00e2n\u0103rul, \u00een v\u00e2rst\u0103 de 23 de ani, ar fi intrat \u00een casa femeilor cu o cagul\u0103 pe fa\u021b\u0103 \u0219i cu un cu\u021bit la el.<\/span><\/p>\n<div class=\"ads-div billboard\">\n<div id=\"div-gpt-ad-1582798227090-0\" data-google-query-id=\"CJyv4vLmg5MDFZ_PDQkd2j4byw\"><span>Odat\u0103 ajuns \u00een locuin\u021b\u0103, le-ar fi amenin\u021bat pe cele dou\u0103 femei \u0219i le-ar fi cerut bani. Speriate \u0219i tem\u00e2ndu-se pentru via\u021ba lor, victimele i-au dat to\u021bi banii pe care \u00eei aveau. Dup\u0103 ce a luat banii, suspectul a fugit.<\/span><span>Femeia de 54 de ani a sunat imediat la 112, iar poli\u021bi\u0219tii au pornit \u00een c\u0103utarea lui. La scurt timp, t\u00e2n\u0103rul a fost g\u0103sit ascuns \u00eentr-o liziere din apropiere. A fost imobilizat \u0219i dus la sec\u021bia de poli\u021bie.<\/span><\/p>\n<p><span>Pe numele lui a fost deschis dosar penal pentru t\u00e2lh\u0103rie calificat\u0103, iar anchetatorii urmeaz\u0103 s\u0103 stabileasc\u0103 toate \u00eemprejur\u0103rile \u00een care s-a produs atacul, relateaz\u0103 <a href=\"https:\/\/observatornews.ro\/eveniment\/mama-si-fiica-atacate-in-propria-casa-de-un-barbat-de-23-de-ani-iau-dat-toti-banii-pe-care-ii-aveau-647609.html\" target=\"_blank\" rel=\"noopener\">observatornews.ro<\/a>.<\/span><\/p>\n<\/div>\n<\/div>\n<\/div>\n<\/section>\n<footer class=\"article-footer\">\n<div class=\"cb-social-sharing cb-post-footer-block cb-beside clearfix\">\n<div class=\"cb-title-subtle\">Share On:<\/div>\n<div class=\"cb-twitter\"><a href=\"https:\/\/twitter.com\/share\" class=\"twitter-share-button\" data-dnt=\"true\" data-count=\"horizontal\">Tweet<\/a><\/div>\n<\/div>\n<div id=\"cb-previous-next-links\" class=\"cb-post-footer-block clearfix\">\n<div id=\"cb-previous-link\"><a href=\"https:\/\/suceavalive.ro\/noapte-cu-ghinion-pentru-un-transportator-de-lemne-din-pojorata\/\" rel=\"prev\">Noapte cu ghinion pentru un transportator de lemne din Pojor\u00e2ta<\/a><\/div>\n<div id=\"cb-next-link\"><a href=\"https:\/\/suceavalive.ro\/siguranta-pentru-suceveni-detectoare-de-fum-si-monoxid-de-carbon-instalate-gratuit-pentru-prevenirea-tragediilor\/\" rel=\"next\">Siguran\u021b\u0103 pentru suceveni: Detectoare de fum \u0219i monoxid de carbon instalate gratuit pentru prevenirea tragediilor<\/a><\/div>\n<\/div>\n<div id=\"cb-author-box\" class=\"clearfix\">\n<h3 class=\"cb-block-title\">Despre autor<\/h3>\n<div class=\"cb-meta\">\n<div class=\"cb-info\">\n<div class=\"cb-author-title vcard\"><a href=\"https:\/\/suceavalive.ro\/author\/suceavalive\/\"><span class=\"fn\">SuceavaLive<\/span><\/a><\/div>\n<\/div>\n<\/div>\n<\/div>\n<div id=\"cb-related-posts\" class=\"cb-related-posts-block cb-post-end-block clearfix\">\n<h3 class=\"cb-block-title\">Postari asemanatoare<\/h3>\n<ul>\n<li class=\"cb-style-overlay cb-grid-entry cb-related-post no-1\">\n<div class=\"cb-meta cb-article-meta\">\n<h4 class=\"h3 cb-post-title\"><a href=\"https:\/\/suceavalive.ro\/garda-forestiera-suceava-la-bilant-amenzi-de-milioane-si-mii-de-controale-in-2025\/\">Garda Forestier\u0103 Suceava, la bilan\u021b: Amenzi de milioane \u0219i mii de controale \u00een 2025<\/a><\/h4>\n<div class=\"cb-byline cb-font-header\">\n<div class=\"cb-date cb-byline-element\"><time datetime=\"2026-03-04\">4 martie 2026<\/time><\/div>\n<\/div>\n<\/div>\n<\/li>\n<li class=\"cb-style-overlay cb-grid-entry cb-related-post no-2\">\n<div class=\"cb-meta cb-article-meta\">\n<h4 class=\"h3 cb-post-title\"><a href=\"https:\/\/suceavalive.ro\/siguranta-pentru-suceveni-detectoare-de-fum-si-monoxid-de-carbon-instalate-gratuit-pentru-prevenirea-tragediilor\/\">Siguran\u021b\u0103 pentru suceveni: Detectoare de fum \u0219i monoxid de carbon instalate gratuit pentru prevenirea tragediilor<\/a><\/h4>\n<div class=\"cb-byline cb-font-header\">\n<div class=\"cb-date cb-byline-element\"><time datetime=\"2026-03-03\">3 martie 2026<\/time><\/div>\n<\/div>\n<\/div>\n<\/li>\n<\/ul>\n<\/div>\n<\/footer>\n<div id=\"respond\" class=\"comment-respond\">\n<h3 id=\"reply-title\" class=\"comment-reply-title\">Lasa un raspuns <small><a rel=\"nofollow\" id=\"cancel-comment-reply-link\" href=\"https:\/\/suceavalive.ro\/mama-si-fiica-atacate-in-propria-casa-de-un-barbat-de-23-de-ani\/#respond\">Anuleaza raspunsul<\/a><\/small><\/h3>\n<p class=\"comment-notes\">Adresa ta de email nu va fi publicat\u0103.<\/p>\n<\/div>\n<\/article>\n<section class=\"cb-entry-content entry-content clearfix\">\n<p><span>Dou\u0103 femei, mam\u0103 \u015fi fiic\u0103, din jude\u0163ul Boto\u015fani au trecut prin co\u015fmarul vie\u0163ii lor dup\u0103 ce s-au trezit \u00een cas\u0103 cu un individ mascat, care le-a amenin\u0163at cu cu\u0163itul.\u00a0De fric\u0103 i-au dat banii pe care-i aveau. Poli\u0163i\u015ftii au intrat imediat \u00een alert\u0103 \u015fi au reu\u015fit s\u0103-l prind\u0103 pe t\u00e2lhar.<\/span><\/p>\n<div class=\"headline-wrapper\">\n<p><span>Totul s-a \u00eent\u00e2mplat \u00een comuna Dob\u00e2rceni din jude\u021bul Boto\u0219ani. Potrivit anchetatorilor, t\u00e2n\u0103rul, \u00een v\u00e2rst\u0103 de 23 de ani, ar fi intrat \u00een casa femeilor cu o cagul\u0103 pe fa\u021b\u0103 \u0219i cu un cu\u021bit la el.<\/span><\/p>\n<div class=\"ads-div billboard\">\n<div id=\"div-gpt-ad-1582798227090-0\" data-google-query-id=\"CJyv4vLmg5MDFZ_PDQkd2j4byw\"><span>Odat\u0103 ajuns \u00een locuin\u021b\u0103, le-ar fi amenin\u021bat pe cele dou\u0103 femei \u0219i le-ar fi cerut bani. Speriate \u0219i tem\u00e2ndu-se pentru via\u021ba lor, victimele i-au dat to\u021bi banii pe care \u00eei aveau. Dup\u0103 ce a luat banii, suspectul a fugit.<\/span><span>Femeia de 54 de ani a sunat imediat la 112, iar poli\u021bi\u0219tii au pornit \u00een c\u0103utarea lui. La scurt timp, t\u00e2n\u0103rul a fost g\u0103sit ascuns \u00eentr-o liziere din apropiere. A fost imobilizat \u0219i dus la sec\u021bia de poli\u021bie.<\/span><\/p>\n<p><span>Pe numele lui a fost deschis dosar penal pentru t\u00e2lh\u0103rie calificat\u0103, iar anchetatorii urmeaz\u0103 s\u0103 stabileasc\u0103 toate \u00eemprejur\u0103rile \u00een care s-a produs atacul, relateaz\u0103 <a href=\"https:\/\/observatornews.ro\/eveniment\/mama-si-fiica-atacate-in-propria-casa-de-un-barbat-de-23-de-ani-iau-dat-toti-banii-pe-care-ii-aveau-647609.html\" target=\"_blank\" rel=\"noopener\">observatornews.ro<\/a>.<\/span><\/p>\n<\/div>\n<\/div>\n<\/div>\n<\/section>\n<section class=\"cb-entry-content entry-content clearfix\">\n<p><span>Dou\u0103 femei, mam\u0103 \u015fi fiic\u0103, din jude\u0163ul Boto\u015fani au trecut prin co\u015fmarul vie\u0163ii lor dup\u0103 ce s-au trezit \u00een cas\u0103 cu un individ mascat, care le-a amenin\u0163at cu cu\u0163itul.\u00a0De fric\u0103 i-au dat banii pe care-i aveau. Poli\u0163i\u015ftii au intrat imediat \u00een alert\u0103 \u015fi au reu\u015fit s\u0103-l prind\u0103 pe t\u00e2lhar.<\/span><\/p>\n<div class=\"headline-wrapper\">\n<p><span>Totul s-a \u00eent\u00e2mplat \u00een comuna Dob\u00e2rceni din jude\u021bul Boto\u0219ani. Potrivit anchetatorilor, t\u00e2n\u0103rul, \u00een v\u00e2rst\u0103 de 23 de ani, ar fi intrat \u00een casa femeilor cu o cagul\u0103 pe fa\u021b\u0103 \u0219i cu un cu\u021bit la el.<\/span><\/p>\n<div class=\"ads-div billboard\">\n<div id=\"div-gpt-ad-1582798227090-0\" data-google-query-id=\"CJyv4vLmg5MDFZ_PDQkd2j4byw\"><span>Odat\u0103 ajuns \u00een locuin\u021b\u0103, le-ar fi amenin\u021bat pe cele dou\u0103 femei \u0219i le-ar fi cerut bani. Speriate \u0219i tem\u00e2ndu-se pentru via\u021ba lor, victimele i-au dat to\u021bi banii pe care \u00eei aveau. Dup\u0103 ce a luat banii, suspectul a fugit.<\/span><span>Femeia de 54 de ani a sunat imediat la 112, iar poli\u021bi\u0219tii au pornit \u00een c\u0103utarea lui. La scurt timp, t\u00e2n\u0103rul a fost g\u0103sit ascuns \u00eentr-o liziere din apropiere. A fost imobilizat \u0219i dus la sec\u021bia de poli\u021bie.<\/span><\/p>\n<p><span>Pe numele lui a fost deschis dosar penal pentru t\u00e2lh\u0103rie calificat\u0103, iar anchetatorii urmeaz\u0103 s\u0103 stabileasc\u0103 toate \u00eemprejur\u0103rile \u00een care s-a produs atacul, relateaz\u0103 <a href=\"https:\/\/observatornews.ro\/eveniment\/mama-si-fiica-atacate-in-propria-casa-de-un-barbat-de-23-de-ani-iau-dat-toti-banii-pe-care-ii-aveau-647609.html\" target=\"_blank\" rel=\"noopener\">observatornews.ro<\/a>.<\/span><\/p>\n<\/div>\n<\/div>\n<\/div>\n<\/section>\n<p>[analyse_source url=&#8221;https:\/\/suceavalive.ro\/mama-si-fiica-atacate-in-propria-casa-de-un-barbat-de-23-de-ani\/&#8221;]<\/p>\n","protected":false},"excerpt":{"rendered":"<p>[analyse_image type=&#8221;featured&#8221; src=&#8221;https:\/\/suceavalive.ro\/wp-content\/uploads\/2021\/08\/furt-locuinte-650&#215;435-1.jpghttps:\/\/suceavalive.ro\/wp-content\/uploads\/2021\/08\/furt-locuinte-650&#215;435-1.jpg&#8221;] Mam\u0103 \u0219i fiic\u0103, atacate \u00een propria cas\u0103 de un b\u0103rbat de 23 de ani 3 martie 2026 Dou\u0103 femei, mam\u0103 \u015fi fiic\u0103, din jude\u0163ul Boto\u015fani au trecut prin co\u015fmarul vie\u0163ii lor dup\u0103 ce s-au trezit \u00een cas\u0103 cu un individ mascat, care le-a amenin\u0163at cu cu\u0163itul.\u00a0De fric\u0103 i-au dat banii pe care-i [&hellip;]<\/p>\n","protected":false},"author":1,"featured_media":0,"comment_status":"open","ping_status":"","sticky":false,"template":"","format":"standard","meta":{"footnotes":""},"categories":[89],"tags":[226,173],"class_list":["post-1805698","post","type-post","status-publish","format-standard","hentry","category-romania","tag-crawlmanager","tag-suceavalive-ro"],"_links":{"self":[{"href":"https:\/\/analyse.optim.biz\/index.php?rest_route=\/wp\/v2\/posts\/1805698","targetHints":{"allow":["GET"]}}],"collection":[{"href":"https:\/\/analyse.optim.biz\/index.php?rest_route=\/wp\/v2\/posts"}],"about":[{"href":"https:\/\/analyse.optim.biz\/index.php?rest_route=\/wp\/v2\/types\/post"}],"author":[{"embeddable":true,"href":"https:\/\/analyse.optim.biz\/index.php?rest_route=\/wp\/v2\/users\/1"}],"replies":[{"embeddable":true,"href":"https:\/\/analyse.optim.biz\/index.php?rest_route=%2Fwp%2Fv2%2Fcomments&post=1805698"}],"version-history":[{"count":0,"href":"https:\/\/analyse.optim.biz\/index.php?rest_route=\/wp\/v2\/posts\/1805698\/revisions"}],"wp:attachment":[{"href":"https:\/\/analyse.optim.biz\/index.php?rest_route=%2Fwp%2Fv2%2Fmedia&parent=1805698"}],"wp:term":[{"taxonomy":"category","embeddable":true,"href":"https:\/\/analyse.optim.biz\/index.php?rest_route=%2Fwp%2Fv2%2Fcategories&post=1805698"},{"taxonomy":"post_tag","embeddable":true,"href":"https:\/\/analyse.optim.biz\/index.php?rest_route=%2Fwp%2Fv2%2Ftags&post=1805698"}],"curies":[{"name":"wp","href":"https:\/\/api.w.org\/{rel}","templated":true}]}}