{"id":1805697,"date":"2026-03-03T12:28:52","date_gmt":"2026-03-03T09:28:52","guid":{"rendered":"https:\/\/analyse.optim.biz\/?p=1805697"},"modified":"2026-03-03T12:28:52","modified_gmt":"2026-03-03T09:28:52","slug":"noapte-cu-ghinion-pentru-un-transportator-de-lemne-din-pojorata-suceavalive","status":"publish","type":"post","link":"https:\/\/analyse.optim.biz\/?p=1805697","title":{"rendered":"Noapte cu ghinion pentru un transportator de lemne din Pojor\u00e2ta &#8211; SuceavaLIVE"},"content":{"rendered":"<p>[analyse_image type=&#8221;featured&#8221; src=&#8221;https:\/\/suceavalive.ro\/wp-content\/uploads\/2020\/09\/politia-noaptea-e1461317128918.jpghttps:\/\/suceavalive.ro\/wp-content\/uploads\/2020\/09\/politia-noaptea-e1461317128918.jpg&#8221;]<\/p>\n<article id=\"post-288341\" class=\"clearfix post-288341 post type-post status-publish format-standard has-post-thumbnail hentry category-comunicate\">\n<header id=\"cb-standard-featured\">\n<div id=\"cb-fis-wrap\" class=\"cb-entry-header cb-fis cb-style-standard\"><span class=\"cb-title-fi\"><\/p>\n<h1 class=\"entry-title cb-entry-title cb-single-title\">Noapte cu ghinion pentru un transportator de lemne din Pojor\u00e2ta<\/h1>\n<div class=\"cb-byline cb-font-header\">\n<div class=\"cb-date cb-byline-element\"><time datetime=\"2026-03-03\">3 martie 2026<\/time><\/div>\n<\/div>\n<p><\/span><\/div>\n<\/header>\n<section class=\"cb-entry-content entry-content clearfix\">\n<p data-path-to-node=\"2\"><span>O ac\u021biune de monitorizare a traficului rutier desf\u0103\u0219urat\u0103 de poli\u021bi\u0219tii din Pojor\u00e2ta s-a finalizat cu sanc\u021biuni aspre \u0219i confiscarea \u00eentregii mase lemnoase transportate ilegal. Totul a \u00eenceput \u00een noaptea de 27 februarie 2026, \u00een jurul orei 23:05, c\u00e2nd agen\u021bii Sec\u021biei 11 Poli\u021bie Rural\u0103 au oprit pentru control, pe drumul comunal DC88 din Sadova, o autoutilitar\u0103 Iveco. La volan a fost identificat Z. I., un localnic din Pojor\u00e2ta, care a recunoscut c\u0103 transport\u0103 13 buc\u0103\u021bi de bu\u0219teni de r\u0103\u0219inoase f\u0103r\u0103 a de\u021bine documente legale de \u00eenso\u021bire.<\/span><\/p>\n<p data-path-to-node=\"3\"><span>Suspiciunile poli\u021bi\u0219tilor au fost confirmate imediat de aplica\u021bia SUMAL 2.0, care a indicat absen\u021ba oric\u0103rui aviz de \u00eenso\u021bire pentru transportul respectiv. Ca urmare, vehiculul a fost indisponibilizat, iar luni, 2 martie 2026, reprezentan\u021bii Ocolului Silvic Pojor\u00e2ta au finalizat inventarierea oficial\u0103 a \u00eenc\u0103rc\u0103turii la Atelierul de Produc\u021bie Sadova.<\/span><\/p>\n<p data-path-to-node=\"4\"><span>\u00cen urma m\u0103sur\u0103torilor, s-a stabilit c\u0103 \u00een autoutilitar\u0103 se aflau 3,93 metri cubi de lemn rotund de r\u0103\u0219inoase, cu o valoare estimat\u0103 la 1.750 lei. \u00centreaga cantitate de material lemnos a fost confiscat\u0103 \u0219i dat\u0103 \u00een custodie silvicultorilor. De asemenea, conduc\u0103torul auto nu a sc\u0103pat de sanc\u021biuni, acesta fiind amendat contraven\u021bional conform Legii 171\/2010 privind stabilirea \u0219i sanc\u021bionarea contraven\u021biilor silvice, risc\u00e2nd acum \u0219i alte m\u0103suri administrative \u00een func\u021bie de istoricul s\u0103u.<\/span><\/p>\n<\/section>\n<footer class=\"article-footer\">\n<div class=\"cb-social-sharing cb-post-footer-block cb-beside clearfix\">\n<div class=\"cb-title-subtle\">Share On:<\/div>\n<div class=\"cb-twitter\"><a href=\"https:\/\/twitter.com\/share\" class=\"twitter-share-button\" data-dnt=\"true\" data-count=\"horizontal\">Tweet<\/a><\/div>\n<\/div>\n<div id=\"cb-previous-next-links\" class=\"cb-post-footer-block clearfix\">\n<div id=\"cb-previous-link\"><a href=\"https:\/\/suceavalive.ro\/o-tamponare-amiabila-pe-strada-cuza-voda-a-ajuns-dosar-penal-dupa-ce-un-pasager-a-inceput-sa-aiba-dureri\/\" rel=\"prev\">O tamponare \u201eamiabil\u0103\u201d pe strada Cuza Vod\u0103 a ajuns dosar penal dup\u0103 ce un pasager a \u00eenceput s\u0103 aib\u0103 dureri<\/a><\/div>\n<div id=\"cb-next-link\"><a href=\"https:\/\/suceavalive.ro\/mama-si-fiica-atacate-in-propria-casa-de-un-barbat-de-23-de-ani\/\" rel=\"next\">Mam\u0103 \u0219i fiic\u0103, atacate \u00een propria cas\u0103 de un b\u0103rbat de 23 de ani<\/a><\/div>\n<\/div>\n<div id=\"cb-author-box\" class=\"clearfix\">\n<h3 class=\"cb-block-title\">Despre autor<\/h3>\n<div class=\"cb-meta\">\n<div class=\"cb-info\">\n<div class=\"cb-author-title vcard\"><a href=\"https:\/\/suceavalive.ro\/author\/suceavalive\/\"><span class=\"fn\">SuceavaLive<\/span><\/a><\/div>\n<\/div>\n<\/div>\n<\/div>\n<div id=\"cb-related-posts\" class=\"cb-related-posts-block cb-post-end-block clearfix\">\n<h3 class=\"cb-block-title\">Postari asemanatoare<\/h3>\n<ul>\n<li class=\"cb-style-overlay cb-grid-entry cb-related-post no-1\">\n<div class=\"cb-meta cb-article-meta\">\n<h4 class=\"h3 cb-post-title\"><a href=\"https:\/\/suceavalive.ro\/garda-forestiera-suceava-la-bilant-amenzi-de-milioane-si-mii-de-controale-in-2025\/\">Garda Forestier\u0103 Suceava, la bilan\u021b: Amenzi de milioane \u0219i mii de controale \u00een 2025<\/a><\/h4>\n<div class=\"cb-byline cb-font-header\">\n<div class=\"cb-date cb-byline-element\"><time datetime=\"2026-03-04\">4 martie 2026<\/time><\/div>\n<\/div>\n<\/div>\n<\/li>\n<li class=\"cb-style-overlay cb-grid-entry cb-related-post no-2\">\n<div class=\"cb-meta cb-article-meta\">\n<h4 class=\"h3 cb-post-title\"><a href=\"https:\/\/suceavalive.ro\/siguranta-pentru-suceveni-detectoare-de-fum-si-monoxid-de-carbon-instalate-gratuit-pentru-prevenirea-tragediilor\/\">Siguran\u021b\u0103 pentru suceveni: Detectoare de fum \u0219i monoxid de carbon instalate gratuit pentru prevenirea tragediilor<\/a><\/h4>\n<div class=\"cb-byline cb-font-header\">\n<div class=\"cb-date cb-byline-element\"><time datetime=\"2026-03-03\">3 martie 2026<\/time><\/div>\n<\/div>\n<\/div>\n<\/li>\n<\/ul>\n<\/div>\n<\/footer>\n<div id=\"respond\" class=\"comment-respond\">\n<h3 id=\"reply-title\" class=\"comment-reply-title\">Lasa un raspuns <small><a rel=\"nofollow\" id=\"cancel-comment-reply-link\" href=\"https:\/\/suceavalive.ro\/noapte-cu-ghinion-pentru-un-transportator-de-lemne-din-pojorata\/?fbclid=IwY2xjawQUrgtleHRuA2FlbQIxMABicmlkETBsQnBESjVET25NWkY2NGI3c3J0YwZhcHBfaWQQMjIyMDM5MTc4ODIwMDg5MgABHuLoei3W0_-56PKDFVxFBdJpVUaqniAL6Mqkh2z2sslaHXmeAY_9f1JsDP3n_aem_UnR-FYmm0pQRgKGWeKUobQ#respond\">Anuleaza raspunsul<\/a><\/small><\/h3>\n<p class=\"comment-notes\">Adresa ta de email nu va fi publicat\u0103.<\/p>\n<\/div>\n<\/article>\n<section class=\"cb-entry-content entry-content clearfix\">\n<p data-path-to-node=\"2\"><span>O ac\u021biune de monitorizare a traficului rutier desf\u0103\u0219urat\u0103 de poli\u021bi\u0219tii din Pojor\u00e2ta s-a finalizat cu sanc\u021biuni aspre \u0219i confiscarea \u00eentregii mase lemnoase transportate ilegal. Totul a \u00eenceput \u00een noaptea de 27 februarie 2026, \u00een jurul orei 23:05, c\u00e2nd agen\u021bii Sec\u021biei 11 Poli\u021bie Rural\u0103 au oprit pentru control, pe drumul comunal DC88 din Sadova, o autoutilitar\u0103 Iveco. La volan a fost identificat Z. I., un localnic din Pojor\u00e2ta, care a recunoscut c\u0103 transport\u0103 13 buc\u0103\u021bi de bu\u0219teni de r\u0103\u0219inoase f\u0103r\u0103 a de\u021bine documente legale de \u00eenso\u021bire.<\/span><\/p>\n<p data-path-to-node=\"3\"><span>Suspiciunile poli\u021bi\u0219tilor au fost confirmate imediat de aplica\u021bia SUMAL 2.0, care a indicat absen\u021ba oric\u0103rui aviz de \u00eenso\u021bire pentru transportul respectiv. Ca urmare, vehiculul a fost indisponibilizat, iar luni, 2 martie 2026, reprezentan\u021bii Ocolului Silvic Pojor\u00e2ta au finalizat inventarierea oficial\u0103 a \u00eenc\u0103rc\u0103turii la Atelierul de Produc\u021bie Sadova.<\/span><\/p>\n<p data-path-to-node=\"4\"><span>\u00cen urma m\u0103sur\u0103torilor, s-a stabilit c\u0103 \u00een autoutilitar\u0103 se aflau 3,93 metri cubi de lemn rotund de r\u0103\u0219inoase, cu o valoare estimat\u0103 la 1.750 lei. \u00centreaga cantitate de material lemnos a fost confiscat\u0103 \u0219i dat\u0103 \u00een custodie silvicultorilor. De asemenea, conduc\u0103torul auto nu a sc\u0103pat de sanc\u021biuni, acesta fiind amendat contraven\u021bional conform Legii 171\/2010 privind stabilirea \u0219i sanc\u021bionarea contraven\u021biilor silvice, risc\u00e2nd acum \u0219i alte m\u0103suri administrative \u00een func\u021bie de istoricul s\u0103u.<\/span><\/p>\n<\/section>\n<section class=\"cb-entry-content entry-content clearfix\">\n<p data-path-to-node=\"2\"><span>O ac\u021biune de monitorizare a traficului rutier desf\u0103\u0219urat\u0103 de poli\u021bi\u0219tii din Pojor\u00e2ta s-a finalizat cu sanc\u021biuni aspre \u0219i confiscarea \u00eentregii mase lemnoase transportate ilegal. Totul a \u00eenceput \u00een noaptea de 27 februarie 2026, \u00een jurul orei 23:05, c\u00e2nd agen\u021bii Sec\u021biei 11 Poli\u021bie Rural\u0103 au oprit pentru control, pe drumul comunal DC88 din Sadova, o autoutilitar\u0103 Iveco. La volan a fost identificat Z. I., un localnic din Pojor\u00e2ta, care a recunoscut c\u0103 transport\u0103 13 buc\u0103\u021bi de bu\u0219teni de r\u0103\u0219inoase f\u0103r\u0103 a de\u021bine documente legale de \u00eenso\u021bire.<\/span><\/p>\n<p data-path-to-node=\"3\"><span>Suspiciunile poli\u021bi\u0219tilor au fost confirmate imediat de aplica\u021bia SUMAL 2.0, care a indicat absen\u021ba oric\u0103rui aviz de \u00eenso\u021bire pentru transportul respectiv. Ca urmare, vehiculul a fost indisponibilizat, iar luni, 2 martie 2026, reprezentan\u021bii Ocolului Silvic Pojor\u00e2ta au finalizat inventarierea oficial\u0103 a \u00eenc\u0103rc\u0103turii la Atelierul de Produc\u021bie Sadova.<\/span><\/p>\n<p data-path-to-node=\"4\"><span>\u00cen urma m\u0103sur\u0103torilor, s-a stabilit c\u0103 \u00een autoutilitar\u0103 se aflau 3,93 metri cubi de lemn rotund de r\u0103\u0219inoase, cu o valoare estimat\u0103 la 1.750 lei. \u00centreaga cantitate de material lemnos a fost confiscat\u0103 \u0219i dat\u0103 \u00een custodie silvicultorilor. De asemenea, conduc\u0103torul auto nu a sc\u0103pat de sanc\u021biuni, acesta fiind amendat contraven\u021bional conform Legii 171\/2010 privind stabilirea \u0219i sanc\u021bionarea contraven\u021biilor silvice, risc\u00e2nd acum \u0219i alte m\u0103suri administrative \u00een func\u021bie de istoricul s\u0103u.<\/span><\/p>\n<\/section>\n<p>[analyse_source url=&#8221;https:\/\/suceavalive.ro\/noapte-cu-ghinion-pentru-un-transportator-de-lemne-din-pojorata\/&#8221;]<\/p>\n","protected":false},"excerpt":{"rendered":"<p>[analyse_image type=&#8221;featured&#8221; src=&#8221;https:\/\/suceavalive.ro\/wp-content\/uploads\/2020\/09\/politia-noaptea-e1461317128918.jpghttps:\/\/suceavalive.ro\/wp-content\/uploads\/2020\/09\/politia-noaptea-e1461317128918.jpg&#8221;] Noapte cu ghinion pentru un transportator de lemne din Pojor\u00e2ta 3 martie 2026 O ac\u021biune de monitorizare a traficului rutier desf\u0103\u0219urat\u0103 de poli\u021bi\u0219tii din Pojor\u00e2ta s-a finalizat cu sanc\u021biuni aspre \u0219i confiscarea \u00eentregii mase lemnoase transportate ilegal. Totul a \u00eenceput \u00een noaptea de 27 februarie 2026, \u00een jurul orei 23:05, c\u00e2nd agen\u021bii [&hellip;]<\/p>\n","protected":false},"author":1,"featured_media":0,"comment_status":"open","ping_status":"","sticky":false,"template":"","format":"standard","meta":{"footnotes":""},"categories":[89],"tags":[226,173],"class_list":["post-1805697","post","type-post","status-publish","format-standard","hentry","category-romania","tag-crawlmanager","tag-suceavalive-ro"],"_links":{"self":[{"href":"https:\/\/analyse.optim.biz\/index.php?rest_route=\/wp\/v2\/posts\/1805697","targetHints":{"allow":["GET"]}}],"collection":[{"href":"https:\/\/analyse.optim.biz\/index.php?rest_route=\/wp\/v2\/posts"}],"about":[{"href":"https:\/\/analyse.optim.biz\/index.php?rest_route=\/wp\/v2\/types\/post"}],"author":[{"embeddable":true,"href":"https:\/\/analyse.optim.biz\/index.php?rest_route=\/wp\/v2\/users\/1"}],"replies":[{"embeddable":true,"href":"https:\/\/analyse.optim.biz\/index.php?rest_route=%2Fwp%2Fv2%2Fcomments&post=1805697"}],"version-history":[{"count":0,"href":"https:\/\/analyse.optim.biz\/index.php?rest_route=\/wp\/v2\/posts\/1805697\/revisions"}],"wp:attachment":[{"href":"https:\/\/analyse.optim.biz\/index.php?rest_route=%2Fwp%2Fv2%2Fmedia&parent=1805697"}],"wp:term":[{"taxonomy":"category","embeddable":true,"href":"https:\/\/analyse.optim.biz\/index.php?rest_route=%2Fwp%2Fv2%2Fcategories&post=1805697"},{"taxonomy":"post_tag","embeddable":true,"href":"https:\/\/analyse.optim.biz\/index.php?rest_route=%2Fwp%2Fv2%2Ftags&post=1805697"}],"curies":[{"name":"wp","href":"https:\/\/api.w.org\/{rel}","templated":true}]}}