{"id":1805696,"date":"2026-03-03T12:05:08","date_gmt":"2026-03-03T09:05:08","guid":{"rendered":"https:\/\/analyse.optim.biz\/?p=1805696"},"modified":"2026-03-03T12:05:08","modified_gmt":"2026-03-03T09:05:08","slug":"o-tamponare-amiabila-pe-strada-cuza-voda-a-ajuns-dosar-penal-dupa-ce-un-pasager-a-inceput-sa-aiba-dureri","status":"publish","type":"post","link":"https:\/\/analyse.optim.biz\/?p=1805696","title":{"rendered":"O tamponare \u201eamiabil\u0103\u201d pe strada Cuza Vod\u0103 a ajuns dosar penal dup\u0103 ce un pasager a \u00eenceput s\u0103 aib\u0103 dureri &#8211;"},"content":{"rendered":"<p>[analyse_image type=&#8221;featured&#8221; src=&#8221;https:\/\/suceavalive.ro\/wp-content\/uploads\/2026\/02\/politia-8.jpeghttps:\/\/suceavalive.ro\/wp-content\/uploads\/2026\/02\/politia-8.jpeg&#8221;]<\/p>\n<article id=\"post-288338\" class=\"clearfix post-288338 post type-post status-publish format-standard has-post-thumbnail hentry category-comunicate\">\n<header id=\"cb-standard-featured\">\n<div id=\"cb-fis-wrap\" class=\"cb-entry-header cb-fis cb-style-standard\"><span class=\"cb-title-fi\"><\/p>\n<h1 class=\"entry-title cb-entry-title cb-single-title\">O tamponare \u201eamiabil\u0103\u201d pe strada Cuza Vod\u0103 a ajuns dosar penal dup\u0103 ce un pasager a \u00eenceput s\u0103 aib\u0103 dureri<\/h1>\n<div class=\"cb-byline cb-font-header\">\n<div class=\"cb-date cb-byline-element\"><time datetime=\"2026-03-03\">3 martie 2026<\/time><\/div>\n<\/div>\n<p><\/span><\/div>\n<\/header>\n<section class=\"cb-entry-content entry-content clearfix\">\n<p data-path-to-node=\"2\"><span>Ceea ce p\u0103rea a fi o tamponare obi\u0219nuit\u0103, rezolvat\u0103 pe cale amiabil\u0103 \u00eentre \u0219oferi, s-a transformat \u00eentr-o anchet\u0103 penal\u0103 \u00een seara zilei de 2 martie 2026. Incidentul a avut loc \u00een jurul orei 11:30, pe strada Cuza Vod\u0103 din municipiul Suceava, \u00een dreptul cafenelei Camino Coffee. Un autoturism Ford Focus C-Max, condus de B. P. din direc\u021bia Salcea, a p\u0103truns pe sensul opus de mers \u0219i a intrat \u00een coliziune cu o Skoda Fabia, condus\u0103 regulamentar de B. V..<\/span><\/p>\n<p data-path-to-node=\"3\"><span>Imediat dup\u0103 impact, la fa\u021ba locului a sosit o ambulan\u021b\u0103 care a evaluat starea persoanelor implicate. Printre acestea s-a num\u0103rat \u0219i F. P., pasager \u00een autoturismul Skoda, care la acel moment a declarat c\u0103 se simte bine \u0219i a refuzat transportul la unitatea medical\u0103. Convinsi c\u0103 daunele sunt doar materiale, cei doi \u0219oferi \u2014 ambii cu rezultat negativ la testarea cu etilotestul \u2014 au decis s\u0103 completeze formularul de constatare amiabil\u0103 \u0219i s\u0103 \u00ee\u0219i continue ziua.<\/span><\/p>\n<p data-path-to-node=\"4\"><span>Lini\u0219tea nu a durat \u00eens\u0103 mult. \u0218apte ore mai t\u00e2rziu, \u00een jurul orei 18:30, pasagerul care refuzase ini\u021bial ajutorul s-a prezentat la Unitatea de Primiri Urgen\u021be a Spitalului Jude\u021bean Suceava, acuz\u00e2nd dureri persistente. Medicii l-au diagnosticat cu o contuzie la genunchiul st\u00e2ng \u0219i o contuzie cervical\u0103, r\u0103nile fiind, din fericire, u\u0219oare \u0219i ne\u00eemplic\u00e2nd internarea. Aceast\u0103 vizit\u0103 la spital a declan\u0219at automat procedura legal\u0103: poli\u021bi\u0219tii Biroului Rutier au fost sesiza\u021bi de personalul medical \u0219i au deschis un dosar penal sub aspectul s\u0103v\u00e2r\u0219irii infrac\u021biunii de v\u0103t\u0103mare corporal\u0103 din culp\u0103.<\/span><\/p>\n<\/section>\n<footer class=\"article-footer\">\n<div class=\"cb-social-sharing cb-post-footer-block cb-beside clearfix\">\n<div class=\"cb-title-subtle\">Share On:<\/div>\n<div class=\"cb-twitter\"><a href=\"https:\/\/twitter.com\/share\" class=\"twitter-share-button\" data-dnt=\"true\" data-count=\"horizontal\">Tweet<\/a><\/div>\n<\/div>\n<div id=\"cb-previous-next-links\" class=\"cb-post-footer-block clearfix\">\n<div id=\"cb-previous-link\"><a href=\"https:\/\/suceavalive.ro\/spectacolul-dragostea-dureaza-opt-ani-ajunge-pe-scena-casei-de-cultura-platon-pardau-din-vatra-dornei\/\" rel=\"prev\">Spectacolul \u201eDragostea dureaz\u0103 opt ani\u201d ajunge pe scena Casei de Cultur\u0103 \u201ePlaton Pard\u0103u\u201d din Vatra Dornei<\/a><\/div>\n<div id=\"cb-next-link\"><a href=\"https:\/\/suceavalive.ro\/noapte-cu-ghinion-pentru-un-transportator-de-lemne-din-pojorata\/\" rel=\"next\">Noapte cu ghinion pentru un transportator de lemne din Pojor\u00e2ta<\/a><\/div>\n<\/div>\n<div id=\"cb-author-box\" class=\"clearfix\">\n<h3 class=\"cb-block-title\">Despre autor<\/h3>\n<div class=\"cb-meta\">\n<div class=\"cb-info\">\n<div class=\"cb-author-title vcard\"><a href=\"https:\/\/suceavalive.ro\/author\/suceavalive\/\"><span class=\"fn\">SuceavaLive<\/span><\/a><\/div>\n<\/div>\n<\/div>\n<\/div>\n<div id=\"cb-related-posts\" class=\"cb-related-posts-block cb-post-end-block clearfix\">\n<h3 class=\"cb-block-title\">Postari asemanatoare<\/h3>\n<ul>\n<li class=\"cb-style-overlay cb-grid-entry cb-related-post no-1\">\n<div class=\"cb-meta cb-article-meta\">\n<h4 class=\"h3 cb-post-title\"><a href=\"https:\/\/suceavalive.ro\/garda-forestiera-suceava-la-bilant-amenzi-de-milioane-si-mii-de-controale-in-2025\/\">Garda Forestier\u0103 Suceava, la bilan\u021b: Amenzi de milioane \u0219i mii de controale \u00een 2025<\/a><\/h4>\n<div class=\"cb-byline cb-font-header\">\n<div class=\"cb-date cb-byline-element\"><time datetime=\"2026-03-04\">4 martie 2026<\/time><\/div>\n<\/div>\n<\/div>\n<\/li>\n<li class=\"cb-style-overlay cb-grid-entry cb-related-post no-2\">\n<div class=\"cb-meta cb-article-meta\">\n<h4 class=\"h3 cb-post-title\"><a href=\"https:\/\/suceavalive.ro\/siguranta-pentru-suceveni-detectoare-de-fum-si-monoxid-de-carbon-instalate-gratuit-pentru-prevenirea-tragediilor\/\">Siguran\u021b\u0103 pentru suceveni: Detectoare de fum \u0219i monoxid de carbon instalate gratuit pentru prevenirea tragediilor<\/a><\/h4>\n<div class=\"cb-byline cb-font-header\">\n<div class=\"cb-date cb-byline-element\"><time datetime=\"2026-03-03\">3 martie 2026<\/time><\/div>\n<\/div>\n<\/div>\n<\/li>\n<\/ul>\n<\/div>\n<\/footer>\n<div id=\"respond\" class=\"comment-respond\">\n<h3 id=\"reply-title\" class=\"comment-reply-title\">Lasa un raspuns <small><a rel=\"nofollow\" id=\"cancel-comment-reply-link\" href=\"https:\/\/suceavalive.ro\/o-tamponare-amiabila-pe-strada-cuza-voda-a-ajuns-dosar-penal-dupa-ce-un-pasager-a-inceput-sa-aiba-dureri\/?fbclid=IwY2xjawQUr3BleHRuA2FlbQIxMABicmlkETAxWkpwamJIRWpqcE81MWcyc3J0YwZhcHBfaWQQMjIyMDM5MTc4ODIwMDg5MgABHonDiMtQ5EJ6xKgyWEc9mUboHDGUzzyQbVHKm1a02CH4kI7RWEZCioSpxMNE_aem_hB_x2SOy5l0WIvEHz9yg3A#respond\">Anuleaza raspunsul<\/a><\/small><\/h3>\n<p class=\"comment-notes\">Adresa ta de email nu va fi publicat\u0103.<\/p>\n<\/div>\n<\/article>\n<section class=\"cb-entry-content entry-content clearfix\">\n<p data-path-to-node=\"2\"><span>Ceea ce p\u0103rea a fi o tamponare obi\u0219nuit\u0103, rezolvat\u0103 pe cale amiabil\u0103 \u00eentre \u0219oferi, s-a transformat \u00eentr-o anchet\u0103 penal\u0103 \u00een seara zilei de 2 martie 2026. Incidentul a avut loc \u00een jurul orei 11:30, pe strada Cuza Vod\u0103 din municipiul Suceava, \u00een dreptul cafenelei Camino Coffee. Un autoturism Ford Focus C-Max, condus de B. P. din direc\u021bia Salcea, a p\u0103truns pe sensul opus de mers \u0219i a intrat \u00een coliziune cu o Skoda Fabia, condus\u0103 regulamentar de B. V..<\/span><\/p>\n<p data-path-to-node=\"3\"><span>Imediat dup\u0103 impact, la fa\u021ba locului a sosit o ambulan\u021b\u0103 care a evaluat starea persoanelor implicate. Printre acestea s-a num\u0103rat \u0219i F. P., pasager \u00een autoturismul Skoda, care la acel moment a declarat c\u0103 se simte bine \u0219i a refuzat transportul la unitatea medical\u0103. Convinsi c\u0103 daunele sunt doar materiale, cei doi \u0219oferi \u2014 ambii cu rezultat negativ la testarea cu etilotestul \u2014 au decis s\u0103 completeze formularul de constatare amiabil\u0103 \u0219i s\u0103 \u00ee\u0219i continue ziua.<\/span><\/p>\n<p data-path-to-node=\"4\"><span>Lini\u0219tea nu a durat \u00eens\u0103 mult. \u0218apte ore mai t\u00e2rziu, \u00een jurul orei 18:30, pasagerul care refuzase ini\u021bial ajutorul s-a prezentat la Unitatea de Primiri Urgen\u021be a Spitalului Jude\u021bean Suceava, acuz\u00e2nd dureri persistente. Medicii l-au diagnosticat cu o contuzie la genunchiul st\u00e2ng \u0219i o contuzie cervical\u0103, r\u0103nile fiind, din fericire, u\u0219oare \u0219i ne\u00eemplic\u00e2nd internarea. Aceast\u0103 vizit\u0103 la spital a declan\u0219at automat procedura legal\u0103: poli\u021bi\u0219tii Biroului Rutier au fost sesiza\u021bi de personalul medical \u0219i au deschis un dosar penal sub aspectul s\u0103v\u00e2r\u0219irii infrac\u021biunii de v\u0103t\u0103mare corporal\u0103 din culp\u0103.<\/span><\/p>\n<\/section>\n<section class=\"cb-entry-content entry-content clearfix\">\n<p data-path-to-node=\"2\"><span>Ceea ce p\u0103rea a fi o tamponare obi\u0219nuit\u0103, rezolvat\u0103 pe cale amiabil\u0103 \u00eentre \u0219oferi, s-a transformat \u00eentr-o anchet\u0103 penal\u0103 \u00een seara zilei de 2 martie 2026. Incidentul a avut loc \u00een jurul orei 11:30, pe strada Cuza Vod\u0103 din municipiul Suceava, \u00een dreptul cafenelei Camino Coffee. Un autoturism Ford Focus C-Max, condus de B. P. din direc\u021bia Salcea, a p\u0103truns pe sensul opus de mers \u0219i a intrat \u00een coliziune cu o Skoda Fabia, condus\u0103 regulamentar de B. V..<\/span><\/p>\n<p data-path-to-node=\"3\"><span>Imediat dup\u0103 impact, la fa\u021ba locului a sosit o ambulan\u021b\u0103 care a evaluat starea persoanelor implicate. Printre acestea s-a num\u0103rat \u0219i F. P., pasager \u00een autoturismul Skoda, care la acel moment a declarat c\u0103 se simte bine \u0219i a refuzat transportul la unitatea medical\u0103. Convinsi c\u0103 daunele sunt doar materiale, cei doi \u0219oferi \u2014 ambii cu rezultat negativ la testarea cu etilotestul \u2014 au decis s\u0103 completeze formularul de constatare amiabil\u0103 \u0219i s\u0103 \u00ee\u0219i continue ziua.<\/span><\/p>\n<p data-path-to-node=\"4\"><span>Lini\u0219tea nu a durat \u00eens\u0103 mult. \u0218apte ore mai t\u00e2rziu, \u00een jurul orei 18:30, pasagerul care refuzase ini\u021bial ajutorul s-a prezentat la Unitatea de Primiri Urgen\u021be a Spitalului Jude\u021bean Suceava, acuz\u00e2nd dureri persistente. Medicii l-au diagnosticat cu o contuzie la genunchiul st\u00e2ng \u0219i o contuzie cervical\u0103, r\u0103nile fiind, din fericire, u\u0219oare \u0219i ne\u00eemplic\u00e2nd internarea. Aceast\u0103 vizit\u0103 la spital a declan\u0219at automat procedura legal\u0103: poli\u021bi\u0219tii Biroului Rutier au fost sesiza\u021bi de personalul medical \u0219i au deschis un dosar penal sub aspectul s\u0103v\u00e2r\u0219irii infrac\u021biunii de v\u0103t\u0103mare corporal\u0103 din culp\u0103.<\/span><\/p>\n<\/section>\n<p>[analyse_source url=&#8221;https:\/\/suceavalive.ro\/o-tamponare-amiabila-pe-strada-cuza-voda-a-ajuns-dosar-penal-dupa-ce-un-pasager-a-inceput-sa-aiba-dureri\/&#8221;]<\/p>\n","protected":false},"excerpt":{"rendered":"<p>[analyse_image type=&#8221;featured&#8221; src=&#8221;https:\/\/suceavalive.ro\/wp-content\/uploads\/2026\/02\/politia-8.jpeghttps:\/\/suceavalive.ro\/wp-content\/uploads\/2026\/02\/politia-8.jpeg&#8221;] O tamponare \u201eamiabil\u0103\u201d pe strada Cuza Vod\u0103 a ajuns dosar penal dup\u0103 ce un pasager a \u00eenceput s\u0103 aib\u0103 dureri 3 martie 2026 Ceea ce p\u0103rea a fi o tamponare obi\u0219nuit\u0103, rezolvat\u0103 pe cale amiabil\u0103 \u00eentre \u0219oferi, s-a transformat \u00eentr-o anchet\u0103 penal\u0103 \u00een seara zilei de 2 martie 2026. Incidentul a avut [&hellip;]<\/p>\n","protected":false},"author":1,"featured_media":0,"comment_status":"open","ping_status":"","sticky":false,"template":"","format":"standard","meta":{"footnotes":""},"categories":[89],"tags":[226,173],"class_list":["post-1805696","post","type-post","status-publish","format-standard","hentry","category-romania","tag-crawlmanager","tag-suceavalive-ro"],"_links":{"self":[{"href":"https:\/\/analyse.optim.biz\/index.php?rest_route=\/wp\/v2\/posts\/1805696","targetHints":{"allow":["GET"]}}],"collection":[{"href":"https:\/\/analyse.optim.biz\/index.php?rest_route=\/wp\/v2\/posts"}],"about":[{"href":"https:\/\/analyse.optim.biz\/index.php?rest_route=\/wp\/v2\/types\/post"}],"author":[{"embeddable":true,"href":"https:\/\/analyse.optim.biz\/index.php?rest_route=\/wp\/v2\/users\/1"}],"replies":[{"embeddable":true,"href":"https:\/\/analyse.optim.biz\/index.php?rest_route=%2Fwp%2Fv2%2Fcomments&post=1805696"}],"version-history":[{"count":0,"href":"https:\/\/analyse.optim.biz\/index.php?rest_route=\/wp\/v2\/posts\/1805696\/revisions"}],"wp:attachment":[{"href":"https:\/\/analyse.optim.biz\/index.php?rest_route=%2Fwp%2Fv2%2Fmedia&parent=1805696"}],"wp:term":[{"taxonomy":"category","embeddable":true,"href":"https:\/\/analyse.optim.biz\/index.php?rest_route=%2Fwp%2Fv2%2Fcategories&post=1805696"},{"taxonomy":"post_tag","embeddable":true,"href":"https:\/\/analyse.optim.biz\/index.php?rest_route=%2Fwp%2Fv2%2Ftags&post=1805696"}],"curies":[{"name":"wp","href":"https:\/\/api.w.org\/{rel}","templated":true}]}}