{"id":1805695,"date":"2026-03-03T11:50:21","date_gmt":"2026-03-03T08:50:21","guid":{"rendered":"https:\/\/analyse.optim.biz\/?p=1805695"},"modified":"2026-03-03T11:50:21","modified_gmt":"2026-03-03T08:50:21","slug":"spectacolul-dragostea-dureaza-opt-ani-ajunge-pe-scena-casei-de-cultura-platon-pardau-din-vatra-dornei","status":"publish","type":"post","link":"https:\/\/analyse.optim.biz\/?p=1805695","title":{"rendered":"Spectacolul \u201eDragostea dureaz\u0103 opt ani\u201d ajunge pe scena Casei de Cultur\u0103 \u201ePlaton Pard\u0103u\u201d din Vatra Dornei &#8211;"},"content":{"rendered":"<p>[analyse_image type=&#8221;featured&#8221; src=&#8221;https:\/\/suceavalive.ro\/wp-content\/uploads\/2026\/03\/afis-vatra-dornei-2.jpeghttps:\/\/suceavalive.ro\/wp-content\/uploads\/2026\/03\/afis-vatra-dornei-2.jpeg&#8221;]<\/p>\n<article id=\"post-288334\" class=\"clearfix post-288334 post type-post status-publish format-standard has-post-thumbnail hentry category-categoria-social\">\n<header id=\"cb-standard-featured\">\n<div id=\"cb-fis-wrap\" class=\"cb-entry-header cb-fis cb-style-standard\"><span class=\"cb-title-fi\"><\/p>\n<h1 class=\"entry-title cb-entry-title cb-single-title\">Spectacolul \u201eDragostea dureaz\u0103 opt ani\u201d ajunge pe scena Casei de Cultur\u0103 \u201ePlaton Pard\u0103u\u201d din Vatra Dornei<\/h1>\n<div class=\"cb-byline cb-font-header\">\n<div class=\"cb-date cb-byline-element\"><time datetime=\"2026-03-03\">3 martie 2026<\/time><\/div>\n<\/div>\n<p><\/span><\/div>\n<\/header>\n<section class=\"cb-entry-content entry-content clearfix\">\n<p data-path-to-node=\"2\"><span>Locuitorii municipiului Vatra Dornei \u0219i turi\u0219tii afla\u021bi \u00een sta\u021biune sunt invita\u021bi la o sear\u0103 de teatru de excep\u021bie duminic\u0103, 8 martie 2026, \u00eencep\u00e2nd cu ora 19:00. Casa de Cultur\u0103 \u201ePlaton Pard\u0103u\u201d va g\u0103zdui piesa \u201eDragostea dureaz\u0103 opt ani\u201d, o produc\u021bie semnat\u0103 de Teatrul Metronom, care promite o experien\u021b\u0103 memorabil\u0103 marcat\u0103 de umor \u0219i interpret\u0103ri de calitate. Spectacolul beneficiaz\u0103 de o distribu\u021bie remarcabil\u0103, aduc\u00e2ndu-i \u00een fa\u021ba publicului pe \u00eendr\u0103gi\u021bii actori Leonid Doni, Nicoleta H\u00e2ncu \u0219i Paul Ipate.<\/span><\/p>\n<p data-path-to-node=\"3\"><span>Regia \u0219i scenariul sunt semnate de Octavian Strunil\u0103, \u00een timp ce scenografia este semnat\u0103 de Maria Nicola, iar decorul completat de picturile arti\u0219tilor Bogdan Andronic \u0219i Andronicuss.<\/span><\/p>\n<\/section>\n<footer class=\"article-footer\">\n<div class=\"cb-social-sharing cb-post-footer-block cb-beside clearfix\">\n<div class=\"cb-title-subtle\">Share On:<\/div>\n<div class=\"cb-twitter\"><a href=\"https:\/\/twitter.com\/share\" class=\"twitter-share-button\" data-dnt=\"true\" data-count=\"horizontal\">Tweet<\/a><\/div>\n<\/div>\n<div id=\"cb-previous-next-links\" class=\"cb-post-footer-block clearfix\">\n<div id=\"cb-previous-link\"><a href=\"https:\/\/suceavalive.ro\/proiect-pilot-la-suceava-pentru-150-de-studenti-care-vor-sa-devina-profesori\/\" rel=\"prev\">Proiect pilot la Suceava pentru 150 de studen\u021bi care vor s\u0103 devin\u0103 profesori<\/a><\/div>\n<div id=\"cb-next-link\"><a href=\"https:\/\/suceavalive.ro\/o-tamponare-amiabila-pe-strada-cuza-voda-a-ajuns-dosar-penal-dupa-ce-un-pasager-a-inceput-sa-aiba-dureri\/\" rel=\"next\">O tamponare \u201eamiabil\u0103\u201d pe strada Cuza Vod\u0103 a ajuns dosar penal dup\u0103 ce un pasager a \u00eenceput s\u0103 aib\u0103 dureri<\/a><\/div>\n<\/div>\n<div id=\"cb-author-box\" class=\"clearfix\">\n<h3 class=\"cb-block-title\">Despre autor<\/h3>\n<div class=\"cb-meta\">\n<div class=\"cb-info\">\n<div class=\"cb-author-title vcard\"><a href=\"https:\/\/suceavalive.ro\/author\/suceavalive\/\"><span class=\"fn\">SuceavaLive<\/span><\/a><\/div>\n<\/div>\n<\/div>\n<\/div>\n<div id=\"cb-related-posts\" class=\"cb-related-posts-block cb-post-end-block clearfix\">\n<h3 class=\"cb-block-title\">Postari asemanatoare<\/h3>\n<ul>\n<li class=\"cb-style-overlay cb-grid-entry cb-related-post no-1\">\n<div class=\"cb-meta cb-article-meta\">\n<h4 class=\"h3 cb-post-title\"><a href=\"https:\/\/suceavalive.ro\/revitalizarea-organismului-prin-puterea-naturii-ce-trebuie-sa-stii-si-sa-faci\/\">Revitalizarea organismului prin puterea naturii: ce trebuie s\u0103 \u0219tii \u0219i s\u0103 faci<\/a><\/h4>\n<div class=\"cb-byline cb-font-header\">\n<div class=\"cb-date cb-byline-element\"><time datetime=\"2026-03-04\">4 martie 2026<\/time><\/div>\n<\/div>\n<\/div>\n<\/li>\n<li class=\"cb-style-overlay cb-grid-entry cb-related-post no-2\">\n<div class=\"cb-meta cb-article-meta\">\n<h4 class=\"h3 cb-post-title\"><a href=\"https:\/\/suceavalive.ro\/draga-turistule-de-pasii-te-vor-purta-in-bucovina-nu-uita-de-tinovul-saru-dornei\/\">Drag\u0103 turistule, de pa\u0219ii te vor purta \u00een Bucovina, nu uita de Tinovul \u0218aru Dornei<\/a><\/h4>\n<div class=\"cb-byline cb-font-header\">\n<div class=\"cb-date cb-byline-element\"><time datetime=\"2026-03-03\">3 martie 2026<\/time><\/div>\n<\/div>\n<\/div>\n<\/li>\n<\/ul>\n<\/div>\n<\/footer>\n<div id=\"respond\" class=\"comment-respond\">\n<h3 id=\"reply-title\" class=\"comment-reply-title\">Lasa un raspuns <small><a rel=\"nofollow\" id=\"cancel-comment-reply-link\" href=\"https:\/\/suceavalive.ro\/spectacolul-dragostea-dureaza-opt-ani-ajunge-pe-scena-casei-de-cultura-platon-pardau-din-vatra-dornei\/#respond\">Anuleaza raspunsul<\/a><\/small><\/h3>\n<p class=\"comment-notes\">Adresa ta de email nu va fi publicat\u0103.<\/p>\n<\/div>\n<\/article>\n<section class=\"cb-entry-content entry-content clearfix\">\n<p data-path-to-node=\"2\"><span>Locuitorii municipiului Vatra Dornei \u0219i turi\u0219tii afla\u021bi \u00een sta\u021biune sunt invita\u021bi la o sear\u0103 de teatru de excep\u021bie duminic\u0103, 8 martie 2026, \u00eencep\u00e2nd cu ora 19:00. Casa de Cultur\u0103 \u201ePlaton Pard\u0103u\u201d va g\u0103zdui piesa \u201eDragostea dureaz\u0103 opt ani\u201d, o produc\u021bie semnat\u0103 de Teatrul Metronom, care promite o experien\u021b\u0103 memorabil\u0103 marcat\u0103 de umor \u0219i interpret\u0103ri de calitate. Spectacolul beneficiaz\u0103 de o distribu\u021bie remarcabil\u0103, aduc\u00e2ndu-i \u00een fa\u021ba publicului pe \u00eendr\u0103gi\u021bii actori Leonid Doni, Nicoleta H\u00e2ncu \u0219i Paul Ipate.<\/span><\/p>\n<p data-path-to-node=\"3\"><span>Regia \u0219i scenariul sunt semnate de Octavian Strunil\u0103, \u00een timp ce scenografia este semnat\u0103 de Maria Nicola, iar decorul completat de picturile arti\u0219tilor Bogdan Andronic \u0219i Andronicuss.<\/span><\/p>\n<\/section>\n<section class=\"cb-entry-content entry-content clearfix\">\n<p data-path-to-node=\"2\"><span>Locuitorii municipiului Vatra Dornei \u0219i turi\u0219tii afla\u021bi \u00een sta\u021biune sunt invita\u021bi la o sear\u0103 de teatru de excep\u021bie duminic\u0103, 8 martie 2026, \u00eencep\u00e2nd cu ora 19:00. Casa de Cultur\u0103 \u201ePlaton Pard\u0103u\u201d va g\u0103zdui piesa \u201eDragostea dureaz\u0103 opt ani\u201d, o produc\u021bie semnat\u0103 de Teatrul Metronom, care promite o experien\u021b\u0103 memorabil\u0103 marcat\u0103 de umor \u0219i interpret\u0103ri de calitate. Spectacolul beneficiaz\u0103 de o distribu\u021bie remarcabil\u0103, aduc\u00e2ndu-i \u00een fa\u021ba publicului pe \u00eendr\u0103gi\u021bii actori Leonid Doni, Nicoleta H\u00e2ncu \u0219i Paul Ipate.<\/span><\/p>\n<p data-path-to-node=\"3\"><span>Regia \u0219i scenariul sunt semnate de Octavian Strunil\u0103, \u00een timp ce scenografia este semnat\u0103 de Maria Nicola, iar decorul completat de picturile arti\u0219tilor Bogdan Andronic \u0219i Andronicuss.<\/span><\/p>\n<\/section>\n<p>[analyse_source url=&#8221;https:\/\/suceavalive.ro\/spectacolul-dragostea-dureaza-opt-ani-ajunge-pe-scena-casei-de-cultura-platon-pardau-din-vatra-dornei\/&#8221;]<\/p>\n","protected":false},"excerpt":{"rendered":"<p>[analyse_image type=&#8221;featured&#8221; src=&#8221;https:\/\/suceavalive.ro\/wp-content\/uploads\/2026\/03\/afis-vatra-dornei-2.jpeghttps:\/\/suceavalive.ro\/wp-content\/uploads\/2026\/03\/afis-vatra-dornei-2.jpeg&#8221;] Spectacolul \u201eDragostea dureaz\u0103 opt ani\u201d ajunge pe scena Casei de Cultur\u0103 \u201ePlaton Pard\u0103u\u201d din Vatra Dornei 3 martie 2026 Locuitorii municipiului Vatra Dornei \u0219i turi\u0219tii afla\u021bi \u00een sta\u021biune sunt invita\u021bi la o sear\u0103 de teatru de excep\u021bie duminic\u0103, 8 martie 2026, \u00eencep\u00e2nd cu ora 19:00. Casa de Cultur\u0103 \u201ePlaton Pard\u0103u\u201d va g\u0103zdui [&hellip;]<\/p>\n","protected":false},"author":1,"featured_media":0,"comment_status":"open","ping_status":"","sticky":false,"template":"","format":"standard","meta":{"footnotes":""},"categories":[89],"tags":[226,173],"class_list":["post-1805695","post","type-post","status-publish","format-standard","hentry","category-romania","tag-crawlmanager","tag-suceavalive-ro"],"_links":{"self":[{"href":"https:\/\/analyse.optim.biz\/index.php?rest_route=\/wp\/v2\/posts\/1805695","targetHints":{"allow":["GET"]}}],"collection":[{"href":"https:\/\/analyse.optim.biz\/index.php?rest_route=\/wp\/v2\/posts"}],"about":[{"href":"https:\/\/analyse.optim.biz\/index.php?rest_route=\/wp\/v2\/types\/post"}],"author":[{"embeddable":true,"href":"https:\/\/analyse.optim.biz\/index.php?rest_route=\/wp\/v2\/users\/1"}],"replies":[{"embeddable":true,"href":"https:\/\/analyse.optim.biz\/index.php?rest_route=%2Fwp%2Fv2%2Fcomments&post=1805695"}],"version-history":[{"count":0,"href":"https:\/\/analyse.optim.biz\/index.php?rest_route=\/wp\/v2\/posts\/1805695\/revisions"}],"wp:attachment":[{"href":"https:\/\/analyse.optim.biz\/index.php?rest_route=%2Fwp%2Fv2%2Fmedia&parent=1805695"}],"wp:term":[{"taxonomy":"category","embeddable":true,"href":"https:\/\/analyse.optim.biz\/index.php?rest_route=%2Fwp%2Fv2%2Fcategories&post=1805695"},{"taxonomy":"post_tag","embeddable":true,"href":"https:\/\/analyse.optim.biz\/index.php?rest_route=%2Fwp%2Fv2%2Ftags&post=1805695"}],"curies":[{"name":"wp","href":"https:\/\/api.w.org\/{rel}","templated":true}]}}