{"id":1805692,"date":"2026-03-03T10:31:10","date_gmt":"2026-03-03T07:31:10","guid":{"rendered":"https:\/\/analyse.optim.biz\/?p=1805692"},"modified":"2026-03-03T10:31:10","modified_gmt":"2026-03-03T07:31:10","slug":"presedintele-romaniei-a-semnat-decretul-de-numire-a-rectorului-mihai-dimian-in-functia-de-ministru-al","status":"publish","type":"post","link":"https:\/\/analyse.optim.biz\/?p=1805692","title":{"rendered":"Pre\u0219edintele Rom\u00e2niei a semnat decretul de numire a rectorului Mihai Dimian \u00een func\u021bia de ministru al"},"content":{"rendered":"<p>[analyse_image type=&#8221;featured&#8221; src=&#8221;https:\/\/suceavalive.ro\/wp-content\/uploads\/2023\/12\/dimian.jpeghttps:\/\/suceavalive.ro\/wp-content\/uploads\/2023\/12\/dimian.jpeg&#8221;]<\/p>\n<article id=\"post-288321\" class=\"clearfix post-288321 post type-post status-publish format-standard has-post-thumbnail hentry category-slide category-categoria-social\">\n<header id=\"cb-standard-featured\">\n<div id=\"cb-fis-wrap\" class=\"cb-entry-header cb-fis cb-style-standard\"><span class=\"cb-title-fi\"><\/p>\n<h1 class=\"entry-title cb-entry-title cb-single-title\">Pre\u0219edintele Rom\u00e2niei a semnat decretul de numire a rectorului Mihai Dimian \u00een func\u021bia de ministru al Educa\u021biei<\/h1>\n<div class=\"cb-byline cb-font-header\">\n<div class=\"cb-date cb-byline-element\"><time datetime=\"2026-03-03\">3 martie 2026<\/time><\/div>\n<\/div>\n<p><\/span><\/div>\n<\/header>\n<section class=\"cb-entry-content entry-content clearfix\">\n<p data-path-to-node=\"3\"><span>Mar\u021bi, 3 martie 2026, Pre\u0219edintele Rom\u00e2niei, Nicu\u0219or Dan, a semnat decretul de numire a rectorului USV, Mihai Dimian, \u00een func\u021bia de ministru al Educa\u021biei \u0219i Cercet\u0103rii.<\/span><\/p>\n<p data-path-to-node=\"5\"><span>Ceremonia oficial\u0103 de \u00eenvestire, \u00een cadrul c\u0103reia prof. univ. dr. Mihai Dimian va depune jur\u0103m\u00e2ntul, va avea loc tot mar\u021bi, la ora 16:00, la Palatul Cotroceni. Evenimentul marcheaz\u0103 finalul perioadei de interimat la conducerea ministerului, func\u021bie ocupat\u0103 temporar de premierul Ilie Bolojan dup\u0103 demisia lui Daniel David.<\/span><\/p>\n<p data-path-to-node=\"7\"><span>Mihai Dimian, rector al USV din anul 2024, preia portofoliul Educa\u021biei \u00een calitate de independent, beneficiind de sus\u021binerea politic\u0103 a PNL. Recunoscut pentru cariera sa interna\u021bional\u0103 impresionant\u0103 \u2014 cu un doctorat ob\u021binut la University of Maryland (SUA) \u0219i stagii de cercetare la prestigiosul Institut Max Planck (Germania) \u2014 noul ministru are misiunea de a implementa reforme structurale \u00eentr-un context economic marcat de austeritate.<\/span><\/p>\n<\/section>\n<footer class=\"article-footer\">\n<div class=\"cb-social-sharing cb-post-footer-block cb-beside clearfix\">\n<div class=\"cb-title-subtle\">Share On:<\/div>\n<div class=\"cb-twitter\"><a href=\"https:\/\/twitter.com\/share\" class=\"twitter-share-button\" data-dnt=\"true\" data-count=\"horizontal\">Tweet<\/a><\/div>\n<\/div>\n<div id=\"cb-previous-next-links\" class=\"cb-post-footer-block clearfix\">\n<div id=\"cb-previous-link\"><a href=\"https:\/\/suceavalive.ro\/tanar-fara-permis-prins-conducand-un-autoturism-la-dorna-arini\/\" rel=\"prev\">T\u00e2n\u0103r f\u0103r\u0103 permis, prins conduc\u00e2nd un autoturism, la Dorna Arini<\/a><\/div>\n<div id=\"cb-next-link\"><a href=\"https:\/\/suceavalive.ro\/75-de-elevi-si-16-profesori-din-judet-nu-se-pot-intoarce-in-tara-din-cauza-inchederii-spatiului-aerian-din-orientul-mijlociu-isj-cauta-solutii-pentru-profesorii-absenti\/\" rel=\"next\">75 de elevi \u0219i 16 profesori din jude\u021b nu se pot \u00eentoarce \u00een \u021bar\u0103 din cauza \u00eenchederii spa\u021biului aerian din Orientul Mijlociu. ISJ caut\u0103 solu\u021bii pentru profesorii absen\u021bi<\/a><\/div>\n<\/div>\n<div id=\"cb-author-box\" class=\"clearfix\">\n<h3 class=\"cb-block-title\">Despre autor<\/h3>\n<div class=\"cb-meta\">\n<div class=\"cb-info\">\n<div class=\"cb-author-title vcard\"><a href=\"https:\/\/suceavalive.ro\/author\/suceavalive\/\"><span class=\"fn\">SuceavaLive<\/span><\/a><\/div>\n<\/div>\n<\/div>\n<\/div>\n<div id=\"cb-related-posts\" class=\"cb-related-posts-block cb-post-end-block clearfix\">\n<h3 class=\"cb-block-title\">Postari asemanatoare<\/h3>\n<ul>\n<li class=\"cb-style-overlay cb-grid-entry cb-related-post no-1\">\n<div class=\"cb-meta cb-article-meta\">\n<h4 class=\"h3 cb-post-title\"><a href=\"https:\/\/suceavalive.ro\/garda-forestiera-suceava-la-bilant-amenzi-de-milioane-si-mii-de-controale-in-2025\/\">Garda Forestier\u0103 Suceava, la bilan\u021b: Amenzi de milioane \u0219i mii de controale \u00een 2025<\/a><\/h4>\n<div class=\"cb-byline cb-font-header\">\n<div class=\"cb-date cb-byline-element\"><time datetime=\"2026-03-04\">4 martie 2026<\/time><\/div>\n<\/div>\n<\/div>\n<\/li>\n<li class=\"cb-style-overlay cb-grid-entry cb-related-post no-2\">\n<div class=\"cb-meta cb-article-meta\">\n<h4 class=\"h3 cb-post-title\"><a href=\"https:\/\/suceavalive.ro\/revitalizarea-organismului-prin-puterea-naturii-ce-trebuie-sa-stii-si-sa-faci\/\">Revitalizarea organismului prin puterea naturii: ce trebuie s\u0103 \u0219tii \u0219i s\u0103 faci<\/a><\/h4>\n<div class=\"cb-byline cb-font-header\">\n<div class=\"cb-date cb-byline-element\"><time datetime=\"2026-03-04\">4 martie 2026<\/time><\/div>\n<\/div>\n<\/div>\n<\/li>\n<\/ul>\n<\/div>\n<\/footer>\n<div id=\"respond\" class=\"comment-respond\">\n<h3 id=\"reply-title\" class=\"comment-reply-title\">Lasa un raspuns <small><a rel=\"nofollow\" id=\"cancel-comment-reply-link\" href=\"https:\/\/suceavalive.ro\/presedintele-romaniei-a-semnat-decretul-de-numire-a-rectorului-mihai-dimian-in-functia-de-ministru-al-educatiei\/#respond\">Anuleaza raspunsul<\/a><\/small><\/h3>\n<p class=\"comment-notes\">Adresa ta de email nu va fi publicat\u0103.<\/p>\n<\/div>\n<\/article>\n<section class=\"cb-entry-content entry-content clearfix\">\n<p data-path-to-node=\"3\"><span>Mar\u021bi, 3 martie 2026, Pre\u0219edintele Rom\u00e2niei, Nicu\u0219or Dan, a semnat decretul de numire a rectorului USV, Mihai Dimian, \u00een func\u021bia de ministru al Educa\u021biei \u0219i Cercet\u0103rii.<\/span><\/p>\n<p data-path-to-node=\"5\"><span>Ceremonia oficial\u0103 de \u00eenvestire, \u00een cadrul c\u0103reia prof. univ. dr. Mihai Dimian va depune jur\u0103m\u00e2ntul, va avea loc tot mar\u021bi, la ora 16:00, la Palatul Cotroceni. Evenimentul marcheaz\u0103 finalul perioadei de interimat la conducerea ministerului, func\u021bie ocupat\u0103 temporar de premierul Ilie Bolojan dup\u0103 demisia lui Daniel David.<\/span><\/p>\n<p data-path-to-node=\"7\"><span>Mihai Dimian, rector al USV din anul 2024, preia portofoliul Educa\u021biei \u00een calitate de independent, beneficiind de sus\u021binerea politic\u0103 a PNL. Recunoscut pentru cariera sa interna\u021bional\u0103 impresionant\u0103 \u2014 cu un doctorat ob\u021binut la University of Maryland (SUA) \u0219i stagii de cercetare la prestigiosul Institut Max Planck (Germania) \u2014 noul ministru are misiunea de a implementa reforme structurale \u00eentr-un context economic marcat de austeritate.<\/span><\/p>\n<\/section>\n<section class=\"cb-entry-content entry-content clearfix\">\n<p data-path-to-node=\"3\"><span>Mar\u021bi, 3 martie 2026, Pre\u0219edintele Rom\u00e2niei, Nicu\u0219or Dan, a semnat decretul de numire a rectorului USV, Mihai Dimian, \u00een func\u021bia de ministru al Educa\u021biei \u0219i Cercet\u0103rii.<\/span><\/p>\n<p data-path-to-node=\"5\"><span>Ceremonia oficial\u0103 de \u00eenvestire, \u00een cadrul c\u0103reia prof. univ. dr. Mihai Dimian va depune jur\u0103m\u00e2ntul, va avea loc tot mar\u021bi, la ora 16:00, la Palatul Cotroceni. Evenimentul marcheaz\u0103 finalul perioadei de interimat la conducerea ministerului, func\u021bie ocupat\u0103 temporar de premierul Ilie Bolojan dup\u0103 demisia lui Daniel David.<\/span><\/p>\n<p data-path-to-node=\"7\"><span>Mihai Dimian, rector al USV din anul 2024, preia portofoliul Educa\u021biei \u00een calitate de independent, beneficiind de sus\u021binerea politic\u0103 a PNL. Recunoscut pentru cariera sa interna\u021bional\u0103 impresionant\u0103 \u2014 cu un doctorat ob\u021binut la University of Maryland (SUA) \u0219i stagii de cercetare la prestigiosul Institut Max Planck (Germania) \u2014 noul ministru are misiunea de a implementa reforme structurale \u00eentr-un context economic marcat de austeritate.<\/span><\/p>\n<\/section>\n<p>[analyse_source url=&#8221;https:\/\/suceavalive.ro\/presedintele-romaniei-a-semnat-decretul-de-numire-a-rectorului-mihai-dimian-in-functia-de-ministru-al-educatiei\/&#8221;]<\/p>\n","protected":false},"excerpt":{"rendered":"<p>[analyse_image type=&#8221;featured&#8221; src=&#8221;https:\/\/suceavalive.ro\/wp-content\/uploads\/2023\/12\/dimian.jpeghttps:\/\/suceavalive.ro\/wp-content\/uploads\/2023\/12\/dimian.jpeg&#8221;] Pre\u0219edintele Rom\u00e2niei a semnat decretul de numire a rectorului Mihai Dimian \u00een func\u021bia de ministru al Educa\u021biei 3 martie 2026 Mar\u021bi, 3 martie 2026, Pre\u0219edintele Rom\u00e2niei, Nicu\u0219or Dan, a semnat decretul de numire a rectorului USV, Mihai Dimian, \u00een func\u021bia de ministru al Educa\u021biei \u0219i Cercet\u0103rii. Ceremonia oficial\u0103 de \u00eenvestire, \u00een cadrul [&hellip;]<\/p>\n","protected":false},"author":1,"featured_media":0,"comment_status":"open","ping_status":"","sticky":false,"template":"","format":"standard","meta":{"footnotes":""},"categories":[89],"tags":[226,173],"class_list":["post-1805692","post","type-post","status-publish","format-standard","hentry","category-romania","tag-crawlmanager","tag-suceavalive-ro"],"_links":{"self":[{"href":"https:\/\/analyse.optim.biz\/index.php?rest_route=\/wp\/v2\/posts\/1805692","targetHints":{"allow":["GET"]}}],"collection":[{"href":"https:\/\/analyse.optim.biz\/index.php?rest_route=\/wp\/v2\/posts"}],"about":[{"href":"https:\/\/analyse.optim.biz\/index.php?rest_route=\/wp\/v2\/types\/post"}],"author":[{"embeddable":true,"href":"https:\/\/analyse.optim.biz\/index.php?rest_route=\/wp\/v2\/users\/1"}],"replies":[{"embeddable":true,"href":"https:\/\/analyse.optim.biz\/index.php?rest_route=%2Fwp%2Fv2%2Fcomments&post=1805692"}],"version-history":[{"count":0,"href":"https:\/\/analyse.optim.biz\/index.php?rest_route=\/wp\/v2\/posts\/1805692\/revisions"}],"wp:attachment":[{"href":"https:\/\/analyse.optim.biz\/index.php?rest_route=%2Fwp%2Fv2%2Fmedia&parent=1805692"}],"wp:term":[{"taxonomy":"category","embeddable":true,"href":"https:\/\/analyse.optim.biz\/index.php?rest_route=%2Fwp%2Fv2%2Fcategories&post=1805692"},{"taxonomy":"post_tag","embeddable":true,"href":"https:\/\/analyse.optim.biz\/index.php?rest_route=%2Fwp%2Fv2%2Ftags&post=1805692"}],"curies":[{"name":"wp","href":"https:\/\/api.w.org\/{rel}","templated":true}]}}