{"id":180565,"date":"2015-06-02T23:12:40","date_gmt":"2015-06-02T20:12:40","guid":{"rendered":"https:\/\/analyse.optim.biz\/?p=180565"},"modified":"2015-06-02T23:12:40","modified_gmt":"2015-06-02T20:12:40","slug":"guvernul-ar-putea-organiza-un-referendum-cu-privire-la-aderarea-romaniei-la-zona-euro","status":"publish","type":"post","link":"https:\/\/analyse.optim.biz\/?p=180565","title":{"rendered":"Guvernul ar putea organiza un referendum cu privire la aderarea Rom\u00e2niei la zona euro"},"content":{"rendered":"<div class=\"entry data-app-meta data-app-meta-article\" data-embed-base-url-canonical=\"https:\/\/www.digi24.ro\/embed\/stiri\/actualitate\/politica\/guvernul-ar-putea-organiza-un-referendum-cu-privire-la-aderarea-romaniei-la-zona-euro-399209\">\n<p data-index=\"1\">&#8220;Am considerat \u00eempreun\u0103, \u015fi pre\u015fedintele, \u015fi guvenatorul, \u015fi eu, c\u0103 stabilirea obiectivului privind 1 iulie 2019 e, \u00een primul r\u00e2nd, o dat\u0103 simbolic\u0103 \u2013 \u015fti\u0163i c\u0103 Rom\u00e2nia va avea pre\u015fedin\u0163ia UE \u00een al doilea semestru din 2019 &#8211; \u015fi, \u00een al doilea r\u00e2nd, e \u015fi o dat\u0103 fezabil\u0103. Sigur, pentru asta trebuie s\u0103 facem eforturi importante. Nu trebuie s\u0103 le impunem oamenilor s\u0103 trecem la euro, trebuie \u00ee\u015fi doreasc\u0103, s\u0103 \u00een\u0163eleag\u0103 care sunt avantajele, dezavantajele\u201d, a spus premierul Victor Ponta. <\/p>\n<\/div>\n<p> Source URL: https:\/\/www.digi24.ro\/stiri\/actualitate\/politica\/guvernul-ar-putea-organiza-un-referendum-cu-privire-la-aderarea-romaniei-la-zona-euro-399209<\/p>\n","protected":false},"excerpt":{"rendered":"<p>&#8220;Am considerat \u00eempreun\u0103, \u015fi pre\u015fedintele, \u015fi guvenatorul, \u015fi eu, c\u0103 stabilirea obiectivului privind 1 iulie 2019 e, \u00een primul r\u00e2nd, o dat\u0103 simbolic\u0103 \u2013 \u015fti\u0163i c\u0103 Rom\u00e2nia va avea pre\u015fedin\u0163ia UE \u00een al doilea semestru din 2019 &#8211; \u015fi, \u00een al doilea r\u00e2nd, e \u015fi o dat\u0103 fezabil\u0103. Sigur, pentru asta trebuie s\u0103 facem eforturi [&hellip;]<\/p>\n","protected":false},"author":1,"featured_media":180566,"comment_status":"open","ping_status":"","sticky":false,"template":"","format":"standard","meta":{"footnotes":""},"categories":[2],"tags":[11],"class_list":["post-180565","post","type-post","status-publish","format-standard","has-post-thumbnail","hentry","category-politics","tag-digi24"],"_links":{"self":[{"href":"https:\/\/analyse.optim.biz\/index.php?rest_route=\/wp\/v2\/posts\/180565","targetHints":{"allow":["GET"]}}],"collection":[{"href":"https:\/\/analyse.optim.biz\/index.php?rest_route=\/wp\/v2\/posts"}],"about":[{"href":"https:\/\/analyse.optim.biz\/index.php?rest_route=\/wp\/v2\/types\/post"}],"author":[{"embeddable":true,"href":"https:\/\/analyse.optim.biz\/index.php?rest_route=\/wp\/v2\/users\/1"}],"replies":[{"embeddable":true,"href":"https:\/\/analyse.optim.biz\/index.php?rest_route=%2Fwp%2Fv2%2Fcomments&post=180565"}],"version-history":[{"count":0,"href":"https:\/\/analyse.optim.biz\/index.php?rest_route=\/wp\/v2\/posts\/180565\/revisions"}],"wp:featuredmedia":[{"embeddable":true,"href":"https:\/\/analyse.optim.biz\/index.php?rest_route=\/wp\/v2\/media\/180566"}],"wp:attachment":[{"href":"https:\/\/analyse.optim.biz\/index.php?rest_route=%2Fwp%2Fv2%2Fmedia&parent=180565"}],"wp:term":[{"taxonomy":"category","embeddable":true,"href":"https:\/\/analyse.optim.biz\/index.php?rest_route=%2Fwp%2Fv2%2Fcategories&post=180565"},{"taxonomy":"post_tag","embeddable":true,"href":"https:\/\/analyse.optim.biz\/index.php?rest_route=%2Fwp%2Fv2%2Ftags&post=180565"}],"curies":[{"name":"wp","href":"https:\/\/api.w.org\/{rel}","templated":true}]}}