{"id":1804985,"date":"2026-03-02T07:00:48","date_gmt":"2026-03-02T04:00:48","guid":{"rendered":"https:\/\/analyse.optim.biz\/?p=1804985"},"modified":"2026-03-02T07:00:48","modified_gmt":"2026-03-02T04:00:48","slug":"omd-municipiul-tulcea-are-un-nou-consiliu-director-elena-arnautu-a-fost-aleasa-presedinte-ziarul-delta","status":"publish","type":"post","link":"https:\/\/analyse.optim.biz\/?p=1804985","title":{"rendered":"OMD Municipiul Tulcea are un nou Consiliu Director: Elena Arn\u0103utu a fost aleas\u0103 pre\u015fedinte &#8211; Ziarul Delta"},"content":{"rendered":"<p>[analyse_image type=&#8221;featured&#8221; src=&#8221;https:\/\/ziaruldelta.ro\/wp-content\/uploads\/2026\/02\/OMD-1.jpg&#8221;]<\/p>\n<article id=\"post-35578\" class=\"module single-post-module post-35578 post type-post status-publish format-standard has-post-thumbnail hentry category-actualitate et-has-post-format-content et_post_format-et-post-format-standard\">\n<div class=\"post-header\">\n<h1 class=\"entry-title\">OMD Municipiul Tulcea are un nou Consiliu Director: Elena Arn\u0103utu a fost aleas\u0103 pre\u015fedinte<\/h1>\n<div class=\"post-meta vcard\">\n<p>Posted by <a href=\"https:\/\/ziaruldelta.ro\/author\/nicoleta-urmuz\/\" class=\"url fn\" title=\"Posts by Nicoleta URMUZ\" rel=\"author\">Nicoleta URMUZ<\/a> | <span class=\"updated\">Mar 2, 2026<\/span> | <a href=\"https:\/\/ziaruldelta.ro\/category\/actualitate\/\" rel=\"tag\">Actualitate<\/a> | <\/p>\n<\/div>\n<\/div>\n<div class=\"post-thumbnail header\"><img decoding=\"async\" src=\"https:\/\/ziaruldelta.ro\/wp-content\/uploads\/2026\/02\/OMD-1.jpg\" alt=\"OMD Municipiul Tulcea are un nou Consiliu Director: Elena Arn\u0103utu a fost aleas\u0103 pre\u015fedinte\"><\/div>\n<div class=\"post-wrap\">\n<div class=\"post-content entry-content\">\n<p>OMD Municipiul Tulcea \u015fi-a ales un nou Consiliu Director \u00een cadrul Adun\u0103rii Generale Ordinare desf\u0103\u015furate pe 25 februarie \u00een sala de \u015fedin\u0163e a Prim\u0103riei Tulcea. De asemenea, toate deciziile importante pentru activitatea organiza\u0163iei au fost adoptate \u00een unanimitate.<\/p>\n<p>Astfel, noul Consiliu Director este format din Elena Arn\u0103utu, reprezentant al Hotelului Esplanada, care a fost aleas\u0103 pre\u015fedinte, Adrian Gem\u0103naru, reprezentant al Restaurantului La Liman, \u00een calitate de vicepre\u015fedinte, iar membrii sunt Argentina Stamm, reprezentant al Hotelului Insula,\u00a0 Geoga Iorgoveanu, reprezentant al Hotelului City, Victor Radu, reprezentant al Hotelului Europolis,\u00a0 Bogdan Corbeanu, reprezentant al Restaurantului Passo Doble, \u015fi Mihai Baciu, reprezentant al Societ\u0103\u0163ii Wild Travel.<\/p>\n<p>Managerul OMD Municipiul Tulcea, Alexandru Filip, a declarat c\u0103 le mul\u0163ume\u015fte membrilor Consiliului Director care au f\u0103cut parte din conducerea organiza\u0163iei \u00eenc\u0103 de la \u00eenfiin\u0163are, pentru implicarea \u015fi asumarea lor, \u015fi c\u0103 le este recunosc\u0103tor noilor membri care \u015fi-au asumat aceast\u0103 responsabilitate, exprim\u00e2nd \u00eencrederea c\u0103, lucr\u00e2nd \u00eempreun\u0103, vor putea continua proiectele \u00eencepute \u015fi vor ajuta Tulcea s\u0103 \u00ee\u015fi ating\u0103 poten\u0163ialul turistic.<\/p>\n<blockquote>\n<p>\u201eLe mul\u0163umesc membrilor Consiliului Director care au f\u0103cut parte din conducerea OMD-ului \u00eenc\u0103 de la \u00eenfiin\u0163are. A fost o perioad\u0103 de \u00eenceput, deloc u\u015foar\u0103, \u00een care implicarea \u015fi asumarea lor au fost decisive pentru func\u0163ionarea \u015fi consolidarea organiza\u0163iei. Le sunt recunosc\u0103tor pentru timpul \u015fi energia investite \u00een acest proiect. \u00cen acela\u015fi timp, le mul\u0163umesc noilor membri ai Consiliului Director pentru c\u0103 au ales s\u0103 \u00ee\u015fi asume aceast\u0103 responsabilitate. Sunt convins c\u0103, lucr\u00e2nd \u00een echip\u0103, cu \u00eencredere \u015fi colaborare, vom reu\u015fi s\u0103 ducem mai departe proiectele \u00eencepute \u015fi s\u0103 ajut\u0103m Tulcea s\u0103 \u00ee\u015fi ating\u0103 pe deplin poten\u0163ialul turistic\u201d, a declarat managerul OMD Municipiul Tulcea, Alexandru Filip.<\/p>\n<\/blockquote>\n<p>Primarul Municipiului Tulcea, \u015etefan Ilie, prezent la Adunarea General\u0103, a afirmat c\u0103, de\u015fi nu va mai ocupa func\u0163ia de pre\u015fedinte al Consiliului Director, sus\u0163inerea Prim\u0103riei pentru OMD r\u0103m\u00e2ne la fel de puternic\u0103 \u015fi c\u0103 experien\u0163a \u015fi implicarea noilor membri vor contribui la succesul organiza\u0163iei.<\/p>\n<blockquote>\n<p>\u201eChiar dac\u0103 nu voi mai ocupa func\u0163ia de pre\u015fedinte al Consiliului Director, sus\u0163inerea mea pentru OMD Municipiul Tulcea r\u0103m\u00e2ne la fel de puternic\u0103. Toat\u0103 activitatea de p\u00e2n\u0103 acum a OMD-ului \u00eemi arat\u0103 c\u0103 nu m-am \u00een\u015felat atunci c\u00e2nd \u00een 2023 mi-am propus s\u0103 pun la aceea\u015fi mas\u0103, \u00een acest parteneriat public-privat, Prim\u0103ria Municipiului Tulcea \u015fi antreprenorii din sectorul HoReCa, cu scopul de a ajuta ora\u015ful nostru s\u0103-\u015fi valorifice poten\u0163ialul turistic. Sunt sigur c\u0103 noii membri ai Consiliului Director pot ajuta din plin OMD-ul \u015fi au \u015fi mai mult timp dec\u00e2t mine pentru a o face. Prim\u0103ria Tulcea r\u0103m\u00e2ne acela\u015fi partener de \u00eencredere al proiectului \u015fi sunt sigur c\u0103 prin reprezentarea institu\u0163iei de c\u0103tre Bogdan Moldoveanu OMD-ul va avea mult de c\u00e2\u015ftigat\u201d, a precizat primarul municipiului Tulcea, \u015etefan Ilie.<\/p>\n<\/blockquote>\n<p>Noul pre\u015fedinte al Consiliului Director, Elena Arn\u0103utu, a declarat c\u0103 este convins\u0103 de poten\u0163ialul turistic al Tulcei \u015fi c\u0103 dezvoltarea turismului local trebuie s\u0103 se bazeze pe colaborare, viziune \u015fi promovarea coerent\u0103 a identit\u0103\u0163ii jude\u0163ului.<\/p>\n<blockquote>\n<p>\u201eCred cu t\u0103rie \u00een poten\u0163ialul turistic al Tulcei \u015fi consider c\u0103 dezvoltarea turismului local trebuie s\u0103 se bazeze pe colaborare, viziune \u015fi promovare coerent\u0103 a identit\u0103\u0163ii jude\u0163ului nostru. Astfel, din postura de pre\u015fedinte al OMD Tulcea, \u00eemi exprim deschiderea de a contribui activ, al\u0103turi de autorit\u0103\u0163ile locale \u015fi partenerii priva\u0163i, la consolidarea pozi\u0163iei Tulcei ca destina\u0163ie turistic\u0103 relevant\u0103 \u015fi competitiv\u0103. \u00cemi doresc s\u0103 construim \u00eempreun\u0103 proiecte care s\u0103 pun\u0103 \u00een valoare autenticitatea, ospitalitatea \u015fi frumuse\u0163ea acestei zone unice\u201d, a men\u0163ionat noul pre\u015fedinte al Consiliului Director al OMD Municipiul Tulcea, Elena Arn\u0103utu.<\/p>\n<\/blockquote>\n<p>Totodat\u0103, Adunarea General\u0103 a aprobat numirea lui Bogdan Moldoveanu ca nou reprezentant al Prim\u0103riei Municipiului Tulcea \u00een cadrul AGA, experien\u0163a sa profesional\u0103 \u00een domeniul comunic\u0103rii \u015fi al organiz\u0103rii de evenimente urm\u00e2nd s\u0103 reprezinte un plus important pentru activitatea organiza\u0163iei \u015fi pentru consolidarea proiectelor de promovare turistic\u0103.<\/p>\n<p>\u00cen cadrul \u015fedin\u0163ei a fost aprobat\u0103 \u015fi cooptarea unui nou membru \u00een asocia\u0163ie, Hotel Delta, reprezentat de Hristu Caraman, una dintre unit\u0103\u0163ile de cazare importante ale Municipiului Tulcea, fapt care consolideaz\u0103 parteneriatul public-privat din jurul OMD-ului \u015fi \u00eent\u0103re\u015fte reprezentativitatea organiza\u0163iei \u00een r\u00e2ndul actorilor din turismul local.<\/p>\n<p>\u00cen linie cu obiectivele asumate \u00eenc\u0103 de la \u00eenfiin\u0163are, membrii au aprobat planul de ac\u0163iuni pentru anul 2026, document care contureaz\u0103 direc\u0163iile strategice de dezvoltare \u015fi promovare a destina\u0163iei.<\/p>\n<blockquote>\n<p>\u201eAcesta vizeaz\u0103 consolidarea instrumentelor de promovare a ora\u015fului, dezvoltarea produselor turistice locale, cre\u015fterea vizibilit\u0103\u0163ii la nivel na\u0163ional \u015fi \u00eent\u0103rirea colabor\u0103rii cu partenerii din mediul public \u015fi privat\u201d, se arat\u0103 \u00een comunicatul de pres\u0103 remis de OMD Municipiul Tulcea.<\/p>\n<\/blockquote>\n<p>Citi\u0163i continuarea \u00een edi\u0163ia tip\u0103rit\u0103 a ziarului Delta.<\/p>\n<\/div>\n<\/div>\n<div class=\"post-footer\">\n<div class=\"social-icons ed-social-share-icons\">\n<p class=\"share-title\">Share:<\/p>\n<\/div>\n<div class=\"rating-stars\">\n<p id=\"rate-title\" class=\"rate-title\">Rate:<\/p>\n<\/div>\n<\/div>\n<\/article>\n<div class=\"post-content entry-content\">\n<p>OMD Municipiul Tulcea \u015fi-a ales un nou Consiliu Director \u00een cadrul Adun\u0103rii Generale Ordinare desf\u0103\u015furate pe 25 februarie \u00een sala de \u015fedin\u0163e a Prim\u0103riei Tulcea. De asemenea, toate deciziile importante pentru activitatea organiza\u0163iei au fost adoptate \u00een unanimitate.<\/p>\n<p>Astfel, noul Consiliu Director este format din Elena Arn\u0103utu, reprezentant al Hotelului Esplanada, care a fost aleas\u0103 pre\u015fedinte, Adrian Gem\u0103naru, reprezentant al Restaurantului La Liman, \u00een calitate de vicepre\u015fedinte, iar membrii sunt Argentina Stamm, reprezentant al Hotelului Insula,\u00a0 Geoga Iorgoveanu, reprezentant al Hotelului City, Victor Radu, reprezentant al Hotelului Europolis,\u00a0 Bogdan Corbeanu, reprezentant al Restaurantului Passo Doble, \u015fi Mihai Baciu, reprezentant al Societ\u0103\u0163ii Wild Travel.<\/p>\n<p>Managerul OMD Municipiul Tulcea, Alexandru Filip, a declarat c\u0103 le mul\u0163ume\u015fte membrilor Consiliului Director care au f\u0103cut parte din conducerea organiza\u0163iei \u00eenc\u0103 de la \u00eenfiin\u0163are, pentru implicarea \u015fi asumarea lor, \u015fi c\u0103 le este recunosc\u0103tor noilor membri care \u015fi-au asumat aceast\u0103 responsabilitate, exprim\u00e2nd \u00eencrederea c\u0103, lucr\u00e2nd \u00eempreun\u0103, vor putea continua proiectele \u00eencepute \u015fi vor ajuta Tulcea s\u0103 \u00ee\u015fi ating\u0103 poten\u0163ialul turistic.<\/p>\n<blockquote>\n<p>\u201eLe mul\u0163umesc membrilor Consiliului Director care au f\u0103cut parte din conducerea OMD-ului \u00eenc\u0103 de la \u00eenfiin\u0163are. A fost o perioad\u0103 de \u00eenceput, deloc u\u015foar\u0103, \u00een care implicarea \u015fi asumarea lor au fost decisive pentru func\u0163ionarea \u015fi consolidarea organiza\u0163iei. Le sunt recunosc\u0103tor pentru timpul \u015fi energia investite \u00een acest proiect. \u00cen acela\u015fi timp, le mul\u0163umesc noilor membri ai Consiliului Director pentru c\u0103 au ales s\u0103 \u00ee\u015fi asume aceast\u0103 responsabilitate. Sunt convins c\u0103, lucr\u00e2nd \u00een echip\u0103, cu \u00eencredere \u015fi colaborare, vom reu\u015fi s\u0103 ducem mai departe proiectele \u00eencepute \u015fi s\u0103 ajut\u0103m Tulcea s\u0103 \u00ee\u015fi ating\u0103 pe deplin poten\u0163ialul turistic\u201d, a declarat managerul OMD Municipiul Tulcea, Alexandru Filip.<\/p>\n<\/blockquote>\n<p>Primarul Municipiului Tulcea, \u015etefan Ilie, prezent la Adunarea General\u0103, a afirmat c\u0103, de\u015fi nu va mai ocupa func\u0163ia de pre\u015fedinte al Consiliului Director, sus\u0163inerea Prim\u0103riei pentru OMD r\u0103m\u00e2ne la fel de puternic\u0103 \u015fi c\u0103 experien\u0163a \u015fi implicarea noilor membri vor contribui la succesul organiza\u0163iei.<\/p>\n<blockquote>\n<p>\u201eChiar dac\u0103 nu voi mai ocupa func\u0163ia de pre\u015fedinte al Consiliului Director, sus\u0163inerea mea pentru OMD Municipiul Tulcea r\u0103m\u00e2ne la fel de puternic\u0103. Toat\u0103 activitatea de p\u00e2n\u0103 acum a OMD-ului \u00eemi arat\u0103 c\u0103 nu m-am \u00een\u015felat atunci c\u00e2nd \u00een 2023 mi-am propus s\u0103 pun la aceea\u015fi mas\u0103, \u00een acest parteneriat public-privat, Prim\u0103ria Municipiului Tulcea \u015fi antreprenorii din sectorul HoReCa, cu scopul de a ajuta ora\u015ful nostru s\u0103-\u015fi valorifice poten\u0163ialul turistic. Sunt sigur c\u0103 noii membri ai Consiliului Director pot ajuta din plin OMD-ul \u015fi au \u015fi mai mult timp dec\u00e2t mine pentru a o face. Prim\u0103ria Tulcea r\u0103m\u00e2ne acela\u015fi partener de \u00eencredere al proiectului \u015fi sunt sigur c\u0103 prin reprezentarea institu\u0163iei de c\u0103tre Bogdan Moldoveanu OMD-ul va avea mult de c\u00e2\u015ftigat\u201d, a precizat primarul municipiului Tulcea, \u015etefan Ilie.<\/p>\n<\/blockquote>\n<p>Noul pre\u015fedinte al Consiliului Director, Elena Arn\u0103utu, a declarat c\u0103 este convins\u0103 de poten\u0163ialul turistic al Tulcei \u015fi c\u0103 dezvoltarea turismului local trebuie s\u0103 se bazeze pe colaborare, viziune \u015fi promovarea coerent\u0103 a identit\u0103\u0163ii jude\u0163ului.<\/p>\n<blockquote>\n<p>\u201eCred cu t\u0103rie \u00een poten\u0163ialul turistic al Tulcei \u015fi consider c\u0103 dezvoltarea turismului local trebuie s\u0103 se bazeze pe colaborare, viziune \u015fi promovare coerent\u0103 a identit\u0103\u0163ii jude\u0163ului nostru. Astfel, din postura de pre\u015fedinte al OMD Tulcea, \u00eemi exprim deschiderea de a contribui activ, al\u0103turi de autorit\u0103\u0163ile locale \u015fi partenerii priva\u0163i, la consolidarea pozi\u0163iei Tulcei ca destina\u0163ie turistic\u0103 relevant\u0103 \u015fi competitiv\u0103. \u00cemi doresc s\u0103 construim \u00eempreun\u0103 proiecte care s\u0103 pun\u0103 \u00een valoare autenticitatea, ospitalitatea \u015fi frumuse\u0163ea acestei zone unice\u201d, a men\u0163ionat noul pre\u015fedinte al Consiliului Director al OMD Municipiul Tulcea, Elena Arn\u0103utu.<\/p>\n<\/blockquote>\n<p>Totodat\u0103, Adunarea General\u0103 a aprobat numirea lui Bogdan Moldoveanu ca nou reprezentant al Prim\u0103riei Municipiului Tulcea \u00een cadrul AGA, experien\u0163a sa profesional\u0103 \u00een domeniul comunic\u0103rii \u015fi al organiz\u0103rii de evenimente urm\u00e2nd s\u0103 reprezinte un plus important pentru activitatea organiza\u0163iei \u015fi pentru consolidarea proiectelor de promovare turistic\u0103.<\/p>\n<p>\u00cen cadrul \u015fedin\u0163ei a fost aprobat\u0103 \u015fi cooptarea unui nou membru \u00een asocia\u0163ie, Hotel Delta, reprezentat de Hristu Caraman, una dintre unit\u0103\u0163ile de cazare importante ale Municipiului Tulcea, fapt care consolideaz\u0103 parteneriatul public-privat din jurul OMD-ului \u015fi \u00eent\u0103re\u015fte reprezentativitatea organiza\u0163iei \u00een r\u00e2ndul actorilor din turismul local.<\/p>\n<p>\u00cen linie cu obiectivele asumate \u00eenc\u0103 de la \u00eenfiin\u0163are, membrii au aprobat planul de ac\u0163iuni pentru anul 2026, document care contureaz\u0103 direc\u0163iile strategice de dezvoltare \u015fi promovare a destina\u0163iei.<\/p>\n<blockquote>\n<p>\u201eAcesta vizeaz\u0103 consolidarea instrumentelor de promovare a ora\u015fului, dezvoltarea produselor turistice locale, cre\u015fterea vizibilit\u0103\u0163ii la nivel na\u0163ional \u015fi \u00eent\u0103rirea colabor\u0103rii cu partenerii din mediul public \u015fi privat\u201d, se arat\u0103 \u00een comunicatul de pres\u0103 remis de OMD Municipiul Tulcea.<\/p>\n<\/blockquote>\n<p>Citi\u0163i continuarea \u00een edi\u0163ia tip\u0103rit\u0103 a ziarului Delta.<\/p>\n<\/div>\n<div class=\"post-content entry-content\">\n<p>OMD Municipiul Tulcea \u015fi-a ales un nou Consiliu Director \u00een cadrul Adun\u0103rii Generale Ordinare desf\u0103\u015furate pe 25 februarie \u00een sala de \u015fedin\u0163e a Prim\u0103riei Tulcea. De asemenea, toate deciziile importante pentru activitatea organiza\u0163iei au fost adoptate \u00een unanimitate.<\/p>\n<p>Astfel, noul Consiliu Director este format din Elena Arn\u0103utu, reprezentant al Hotelului Esplanada, care a fost aleas\u0103 pre\u015fedinte, Adrian Gem\u0103naru, reprezentant al Restaurantului La Liman, \u00een calitate de vicepre\u015fedinte, iar membrii sunt Argentina Stamm, reprezentant al Hotelului Insula,\u00a0 Geoga Iorgoveanu, reprezentant al Hotelului City, Victor Radu, reprezentant al Hotelului Europolis,\u00a0 Bogdan Corbeanu, reprezentant al Restaurantului Passo Doble, \u015fi Mihai Baciu, reprezentant al Societ\u0103\u0163ii Wild Travel.<\/p>\n<p>Managerul OMD Municipiul Tulcea, Alexandru Filip, a declarat c\u0103 le mul\u0163ume\u015fte membrilor Consiliului Director care au f\u0103cut parte din conducerea organiza\u0163iei \u00eenc\u0103 de la \u00eenfiin\u0163are, pentru implicarea \u015fi asumarea lor, \u015fi c\u0103 le este recunosc\u0103tor noilor membri care \u015fi-au asumat aceast\u0103 responsabilitate, exprim\u00e2nd \u00eencrederea c\u0103, lucr\u00e2nd \u00eempreun\u0103, vor putea continua proiectele \u00eencepute \u015fi vor ajuta Tulcea s\u0103 \u00ee\u015fi ating\u0103 poten\u0163ialul turistic.<\/p>\n<blockquote>\n<p>\u201eLe mul\u0163umesc membrilor Consiliului Director care au f\u0103cut parte din conducerea OMD-ului \u00eenc\u0103 de la \u00eenfiin\u0163are. A fost o perioad\u0103 de \u00eenceput, deloc u\u015foar\u0103, \u00een care implicarea \u015fi asumarea lor au fost decisive pentru func\u0163ionarea \u015fi consolidarea organiza\u0163iei. Le sunt recunosc\u0103tor pentru timpul \u015fi energia investite \u00een acest proiect. \u00cen acela\u015fi timp, le mul\u0163umesc noilor membri ai Consiliului Director pentru c\u0103 au ales s\u0103 \u00ee\u015fi asume aceast\u0103 responsabilitate. Sunt convins c\u0103, lucr\u00e2nd \u00een echip\u0103, cu \u00eencredere \u015fi colaborare, vom reu\u015fi s\u0103 ducem mai departe proiectele \u00eencepute \u015fi s\u0103 ajut\u0103m Tulcea s\u0103 \u00ee\u015fi ating\u0103 pe deplin poten\u0163ialul turistic\u201d, a declarat managerul OMD Municipiul Tulcea, Alexandru Filip.<\/p>\n<\/blockquote>\n<p>Primarul Municipiului Tulcea, \u015etefan Ilie, prezent la Adunarea General\u0103, a afirmat c\u0103, de\u015fi nu va mai ocupa func\u0163ia de pre\u015fedinte al Consiliului Director, sus\u0163inerea Prim\u0103riei pentru OMD r\u0103m\u00e2ne la fel de puternic\u0103 \u015fi c\u0103 experien\u0163a \u015fi implicarea noilor membri vor contribui la succesul organiza\u0163iei.<\/p>\n<blockquote>\n<p>\u201eChiar dac\u0103 nu voi mai ocupa func\u0163ia de pre\u015fedinte al Consiliului Director, sus\u0163inerea mea pentru OMD Municipiul Tulcea r\u0103m\u00e2ne la fel de puternic\u0103. Toat\u0103 activitatea de p\u00e2n\u0103 acum a OMD-ului \u00eemi arat\u0103 c\u0103 nu m-am \u00een\u015felat atunci c\u00e2nd \u00een 2023 mi-am propus s\u0103 pun la aceea\u015fi mas\u0103, \u00een acest parteneriat public-privat, Prim\u0103ria Municipiului Tulcea \u015fi antreprenorii din sectorul HoReCa, cu scopul de a ajuta ora\u015ful nostru s\u0103-\u015fi valorifice poten\u0163ialul turistic. Sunt sigur c\u0103 noii membri ai Consiliului Director pot ajuta din plin OMD-ul \u015fi au \u015fi mai mult timp dec\u00e2t mine pentru a o face. Prim\u0103ria Tulcea r\u0103m\u00e2ne acela\u015fi partener de \u00eencredere al proiectului \u015fi sunt sigur c\u0103 prin reprezentarea institu\u0163iei de c\u0103tre Bogdan Moldoveanu OMD-ul va avea mult de c\u00e2\u015ftigat\u201d, a precizat primarul municipiului Tulcea, \u015etefan Ilie.<\/p>\n<\/blockquote>\n<p>Noul pre\u015fedinte al Consiliului Director, Elena Arn\u0103utu, a declarat c\u0103 este convins\u0103 de poten\u0163ialul turistic al Tulcei \u015fi c\u0103 dezvoltarea turismului local trebuie s\u0103 se bazeze pe colaborare, viziune \u015fi promovarea coerent\u0103 a identit\u0103\u0163ii jude\u0163ului.<\/p>\n<blockquote>\n<p>\u201eCred cu t\u0103rie \u00een poten\u0163ialul turistic al Tulcei \u015fi consider c\u0103 dezvoltarea turismului local trebuie s\u0103 se bazeze pe colaborare, viziune \u015fi promovare coerent\u0103 a identit\u0103\u0163ii jude\u0163ului nostru. Astfel, din postura de pre\u015fedinte al OMD Tulcea, \u00eemi exprim deschiderea de a contribui activ, al\u0103turi de autorit\u0103\u0163ile locale \u015fi partenerii priva\u0163i, la consolidarea pozi\u0163iei Tulcei ca destina\u0163ie turistic\u0103 relevant\u0103 \u015fi competitiv\u0103. \u00cemi doresc s\u0103 construim \u00eempreun\u0103 proiecte care s\u0103 pun\u0103 \u00een valoare autenticitatea, ospitalitatea \u015fi frumuse\u0163ea acestei zone unice\u201d, a men\u0163ionat noul pre\u015fedinte al Consiliului Director al OMD Municipiul Tulcea, Elena Arn\u0103utu.<\/p>\n<\/blockquote>\n<p>Totodat\u0103, Adunarea General\u0103 a aprobat numirea lui Bogdan Moldoveanu ca nou reprezentant al Prim\u0103riei Municipiului Tulcea \u00een cadrul AGA, experien\u0163a sa profesional\u0103 \u00een domeniul comunic\u0103rii \u015fi al organiz\u0103rii de evenimente urm\u00e2nd s\u0103 reprezinte un plus important pentru activitatea organiza\u0163iei \u015fi pentru consolidarea proiectelor de promovare turistic\u0103.<\/p>\n<p>\u00cen cadrul \u015fedin\u0163ei a fost aprobat\u0103 \u015fi cooptarea unui nou membru \u00een asocia\u0163ie, Hotel Delta, reprezentat de Hristu Caraman, una dintre unit\u0103\u0163ile de cazare importante ale Municipiului Tulcea, fapt care consolideaz\u0103 parteneriatul public-privat din jurul OMD-ului \u015fi \u00eent\u0103re\u015fte reprezentativitatea organiza\u0163iei \u00een r\u00e2ndul actorilor din turismul local.<\/p>\n<p>\u00cen linie cu obiectivele asumate \u00eenc\u0103 de la \u00eenfiin\u0163are, membrii au aprobat planul de ac\u0163iuni pentru anul 2026, document care contureaz\u0103 direc\u0163iile strategice de dezvoltare \u015fi promovare a destina\u0163iei.<\/p>\n<blockquote>\n<p>\u201eAcesta vizeaz\u0103 consolidarea instrumentelor de promovare a ora\u015fului, dezvoltarea produselor turistice locale, cre\u015fterea vizibilit\u0103\u0163ii la nivel na\u0163ional \u015fi \u00eent\u0103rirea colabor\u0103rii cu partenerii din mediul public \u015fi privat\u201d, se arat\u0103 \u00een comunicatul de pres\u0103 remis de OMD Municipiul Tulcea.<\/p>\n<\/blockquote>\n<p>Citi\u0163i continuarea \u00een edi\u0163ia tip\u0103rit\u0103 a ziarului Delta.<\/p>\n<\/div>\n<p>[analyse_source url=&#8221;https:\/\/ziaruldelta.ro\/2026\/03\/02\/omd-municipiul-tulcea-are-un-nou-consiliu-director-elena-arnautu-a-fost-aleasa-presedinte\/&#8221;]<\/p>\n","protected":false},"excerpt":{"rendered":"<p>[analyse_image type=&#8221;featured&#8221; src=&#8221;https:\/\/ziaruldelta.ro\/wp-content\/uploads\/2026\/02\/OMD-1.jpg&#8221;] OMD Municipiul Tulcea are un nou Consiliu Director: Elena Arn\u0103utu a fost aleas\u0103 pre\u015fedinte Posted by Nicoleta URMUZ | Mar 2, 2026 | Actualitate | OMD Municipiul Tulcea \u015fi-a ales un nou Consiliu Director \u00een cadrul Adun\u0103rii Generale Ordinare desf\u0103\u015furate pe 25 februarie \u00een sala de \u015fedin\u0163e a Prim\u0103riei Tulcea. De asemenea, [&hellip;]<\/p>\n","protected":false},"author":1,"featured_media":0,"comment_status":"open","ping_status":"","sticky":false,"template":"","format":"standard","meta":{"footnotes":""},"categories":[89],"tags":[226,206],"class_list":["post-1804985","post","type-post","status-publish","format-standard","hentry","category-romania","tag-crawlmanager","tag-ziaruldelta-ro"],"_links":{"self":[{"href":"https:\/\/analyse.optim.biz\/index.php?rest_route=\/wp\/v2\/posts\/1804985","targetHints":{"allow":["GET"]}}],"collection":[{"href":"https:\/\/analyse.optim.biz\/index.php?rest_route=\/wp\/v2\/posts"}],"about":[{"href":"https:\/\/analyse.optim.biz\/index.php?rest_route=\/wp\/v2\/types\/post"}],"author":[{"embeddable":true,"href":"https:\/\/analyse.optim.biz\/index.php?rest_route=\/wp\/v2\/users\/1"}],"replies":[{"embeddable":true,"href":"https:\/\/analyse.optim.biz\/index.php?rest_route=%2Fwp%2Fv2%2Fcomments&post=1804985"}],"version-history":[{"count":0,"href":"https:\/\/analyse.optim.biz\/index.php?rest_route=\/wp\/v2\/posts\/1804985\/revisions"}],"wp:attachment":[{"href":"https:\/\/analyse.optim.biz\/index.php?rest_route=%2Fwp%2Fv2%2Fmedia&parent=1804985"}],"wp:term":[{"taxonomy":"category","embeddable":true,"href":"https:\/\/analyse.optim.biz\/index.php?rest_route=%2Fwp%2Fv2%2Fcategories&post=1804985"},{"taxonomy":"post_tag","embeddable":true,"href":"https:\/\/analyse.optim.biz\/index.php?rest_route=%2Fwp%2Fv2%2Ftags&post=1804985"}],"curies":[{"name":"wp","href":"https:\/\/api.w.org\/{rel}","templated":true}]}}