{"id":1804983,"date":"2026-03-03T07:00:34","date_gmt":"2026-03-03T04:00:34","guid":{"rendered":"https:\/\/analyse.optim.biz\/?p=1804983"},"modified":"2026-03-03T07:00:34","modified_gmt":"2026-03-03T04:00:34","slug":"sarbatoarea-evreiasca-purim-celebrata-la-templul-israelit-din-tulcea-ziarul-delta-tulcea","status":"publish","type":"post","link":"https:\/\/analyse.optim.biz\/?p=1804983","title":{"rendered":"S\u0103rb\u0103toarea evreiasc\u0103 Purim, celebrat\u0103 la Templul Israelit din Tulcea &#8211; Ziarul Delta Tulcea"},"content":{"rendered":"<p>[analyse_image type=&#8221;featured&#8221; src=&#8221;https:\/\/ziaruldelta.ro\/wp-content\/uploads\/2026\/03\/sarbatoare-evreiasca.jpg&#8221;]<\/p>\n<article id=\"post-35599\" class=\"module single-post-module post-35599 post type-post status-publish format-standard has-post-thumbnail hentry category-social et-has-post-format-content et_post_format-et-post-format-standard\">\n<div class=\"post-header\">\n<h1 class=\"entry-title\">S\u0103rb\u0103toarea evreiasc\u0103 Purim, celebrat\u0103 la Templul Israelit din Tulcea<\/h1>\n<div class=\"post-meta vcard\">\n<p>Posted by <a href=\"https:\/\/ziaruldelta.ro\/author\/adela-darie\/\" class=\"url fn\" title=\"Posts by Adela Darie\" rel=\"author\">Adela Darie<\/a> | <span class=\"updated\">Mar 3, 2026<\/span> | <a href=\"https:\/\/ziaruldelta.ro\/category\/social\/\" rel=\"tag\">Social<\/a> | <\/p>\n<\/div>\n<\/div>\n<div class=\"post-thumbnail header\"><img decoding=\"async\" src=\"https:\/\/ziaruldelta.ro\/wp-content\/uploads\/2026\/03\/sarbatoare-evreiasca.jpg\" alt=\"S\u0103rb\u0103toarea evreiasc\u0103 Purim, celebrat\u0103 la Templul Israelit din Tulcea\"><\/div>\n<div class=\"post-wrap\">\n<div class=\"post-content entry-content\">\n<p>Un eveniment de celebrare a s\u0103rb\u0103torii evreie\u015fti Purim va avea loc la Templul Israelit din municipiu, ast\u0103zi, 3 martie, de la ora 12:00, a anun\u0163at\u00a0 Comunitatea Evreilor din Tulcea.<\/p>\n<p>Purim este o s\u0103rb\u0103toare evreiasca care comemoreaz\u0103 eliberarea poporului evreu din Imperiul Persan-Babi-lonian.<\/p>\n<p>Denumirea s\u0103rb\u0103torii vine de la cuv\u00e2ntul persan \u201epur\u201d, care \u00eenseamn\u0103 \u201esor\u0163i\u201d. Cartea Esterei\u00a0 este temeiul instituirii acestor zile de veselie, deoarece ne aminte\u015fte cum \u00eentreg poporul evreu a fost salvat datorit\u0103 Esterei \u015fi a unchiului ei, Mordehai. Purimul s-a serbat \u00eenc\u0103 din momentul acestei biruin\u0163e, iar tradi\u0163ia iudaic\u0103 spune c\u0103 se va s\u0103rb\u0103tori chiar dac\u0103 toate celelalte s\u0103rb\u0103tori vor disp\u0103rea.<\/p>\n<p>Citi\u0163i continuarea \u00een edi\u0163ia tip\u0103rit\u0103 a ziarului Delta.<\/p>\n<\/div>\n<\/div>\n<div class=\"post-footer\">\n<div class=\"social-icons ed-social-share-icons\">\n<p class=\"share-title\">Share:<\/p>\n<\/div>\n<div class=\"rating-stars\">\n<p id=\"rate-title\" class=\"rate-title\">Rate:<\/p>\n<\/div>\n<\/div>\n<\/article>\n<div class=\"post-content entry-content\">\n<p>Un eveniment de celebrare a s\u0103rb\u0103torii evreie\u015fti Purim va avea loc la Templul Israelit din municipiu, ast\u0103zi, 3 martie, de la ora 12:00, a anun\u0163at\u00a0 Comunitatea Evreilor din Tulcea.<\/p>\n<p>Purim este o s\u0103rb\u0103toare evreiasca care comemoreaz\u0103 eliberarea poporului evreu din Imperiul Persan-Babi-lonian.<\/p>\n<p>Denumirea s\u0103rb\u0103torii vine de la cuv\u00e2ntul persan \u201epur\u201d, care \u00eenseamn\u0103 \u201esor\u0163i\u201d. Cartea Esterei\u00a0 este temeiul instituirii acestor zile de veselie, deoarece ne aminte\u015fte cum \u00eentreg poporul evreu a fost salvat datorit\u0103 Esterei \u015fi a unchiului ei, Mordehai. Purimul s-a serbat \u00eenc\u0103 din momentul acestei biruin\u0163e, iar tradi\u0163ia iudaic\u0103 spune c\u0103 se va s\u0103rb\u0103tori chiar dac\u0103 toate celelalte s\u0103rb\u0103tori vor disp\u0103rea.<\/p>\n<p>Citi\u0163i continuarea \u00een edi\u0163ia tip\u0103rit\u0103 a ziarului Delta.<\/p>\n<\/div>\n<div class=\"post-content entry-content\">\n<p>Un eveniment de celebrare a s\u0103rb\u0103torii evreie\u015fti Purim va avea loc la Templul Israelit din municipiu, ast\u0103zi, 3 martie, de la ora 12:00, a anun\u0163at\u00a0 Comunitatea Evreilor din Tulcea.<\/p>\n<p>Purim este o s\u0103rb\u0103toare evreiasca care comemoreaz\u0103 eliberarea poporului evreu din Imperiul Persan-Babi-lonian.<\/p>\n<p>Denumirea s\u0103rb\u0103torii vine de la cuv\u00e2ntul persan \u201epur\u201d, care \u00eenseamn\u0103 \u201esor\u0163i\u201d. Cartea Esterei\u00a0 este temeiul instituirii acestor zile de veselie, deoarece ne aminte\u015fte cum \u00eentreg poporul evreu a fost salvat datorit\u0103 Esterei \u015fi a unchiului ei, Mordehai. Purimul s-a serbat \u00eenc\u0103 din momentul acestei biruin\u0163e, iar tradi\u0163ia iudaic\u0103 spune c\u0103 se va s\u0103rb\u0103tori chiar dac\u0103 toate celelalte s\u0103rb\u0103tori vor disp\u0103rea.<\/p>\n<p>Citi\u0163i continuarea \u00een edi\u0163ia tip\u0103rit\u0103 a ziarului Delta.<\/p>\n<\/div>\n<p>[analyse_source url=&#8221;https:\/\/ziaruldelta.ro\/2026\/03\/03\/sarbatoarea-evreiasca-purim-celebrata-la-templul-israelit-din-tulcea\/&#8221;]<\/p>\n","protected":false},"excerpt":{"rendered":"<p>[analyse_image type=&#8221;featured&#8221; src=&#8221;https:\/\/ziaruldelta.ro\/wp-content\/uploads\/2026\/03\/sarbatoare-evreiasca.jpg&#8221;] S\u0103rb\u0103toarea evreiasc\u0103 Purim, celebrat\u0103 la Templul Israelit din Tulcea Posted by Adela Darie | Mar 3, 2026 | Social | Un eveniment de celebrare a s\u0103rb\u0103torii evreie\u015fti Purim va avea loc la Templul Israelit din municipiu, ast\u0103zi, 3 martie, de la ora 12:00, a anun\u0163at\u00a0 Comunitatea Evreilor din Tulcea. Purim este o [&hellip;]<\/p>\n","protected":false},"author":1,"featured_media":0,"comment_status":"open","ping_status":"","sticky":false,"template":"","format":"standard","meta":{"footnotes":""},"categories":[89],"tags":[226,206],"class_list":["post-1804983","post","type-post","status-publish","format-standard","hentry","category-romania","tag-crawlmanager","tag-ziaruldelta-ro"],"_links":{"self":[{"href":"https:\/\/analyse.optim.biz\/index.php?rest_route=\/wp\/v2\/posts\/1804983","targetHints":{"allow":["GET"]}}],"collection":[{"href":"https:\/\/analyse.optim.biz\/index.php?rest_route=\/wp\/v2\/posts"}],"about":[{"href":"https:\/\/analyse.optim.biz\/index.php?rest_route=\/wp\/v2\/types\/post"}],"author":[{"embeddable":true,"href":"https:\/\/analyse.optim.biz\/index.php?rest_route=\/wp\/v2\/users\/1"}],"replies":[{"embeddable":true,"href":"https:\/\/analyse.optim.biz\/index.php?rest_route=%2Fwp%2Fv2%2Fcomments&post=1804983"}],"version-history":[{"count":0,"href":"https:\/\/analyse.optim.biz\/index.php?rest_route=\/wp\/v2\/posts\/1804983\/revisions"}],"wp:attachment":[{"href":"https:\/\/analyse.optim.biz\/index.php?rest_route=%2Fwp%2Fv2%2Fmedia&parent=1804983"}],"wp:term":[{"taxonomy":"category","embeddable":true,"href":"https:\/\/analyse.optim.biz\/index.php?rest_route=%2Fwp%2Fv2%2Fcategories&post=1804983"},{"taxonomy":"post_tag","embeddable":true,"href":"https:\/\/analyse.optim.biz\/index.php?rest_route=%2Fwp%2Fv2%2Ftags&post=1804983"}],"curies":[{"name":"wp","href":"https:\/\/api.w.org\/{rel}","templated":true}]}}