{"id":1804982,"date":"2026-03-03T07:00:12","date_gmt":"2026-03-03T04:00:12","guid":{"rendered":"https:\/\/analyse.optim.biz\/?p=1804982"},"modified":"2026-03-03T07:00:12","modified_gmt":"2026-03-03T04:00:12","slug":"primaria-jurilovca-organizeaza-petrecere-dedicata-zilei-femeii-ziarul-delta-tulcea","status":"publish","type":"post","link":"https:\/\/analyse.optim.biz\/?p=1804982","title":{"rendered":"Prim\u0103ria Jurilovca organizeaz\u0103 petrecere dedicat\u0103 Zilei Femeii &#8211; Ziarul Delta Tulcea"},"content":{"rendered":"<p>[analyse_image type=&#8221;featured&#8221; src=&#8221;https:\/\/ziaruldelta.ro\/wp-content\/uploads\/2026\/03\/primaria-jurilovca.jpg&#8221;]<\/p>\n<article id=\"post-35597\" class=\"module single-post-module post-35597 post type-post status-publish format-standard has-post-thumbnail hentry category-eveniment et-has-post-format-content et_post_format-et-post-format-standard\">\n<div class=\"post-header\">\n<h1 class=\"entry-title\">Prim\u0103ria Jurilovca organizeaz\u0103 petrecere dedicat\u0103 Zilei Femeii<\/h1>\n<div class=\"post-meta vcard\">\n<p>Posted by <a href=\"https:\/\/ziaruldelta.ro\/author\/claudia-ionescu\/\" class=\"url fn\" title=\"Posts by Claudia Ionescu\" rel=\"author\">Claudia Ionescu<\/a> | <span class=\"updated\">Mar 3, 2026<\/span> | <a href=\"https:\/\/ziaruldelta.ro\/category\/eveniment\/\" rel=\"tag\">Eveniment<\/a> | <\/p>\n<\/div>\n<\/div>\n<div class=\"post-thumbnail header\"><img decoding=\"async\" src=\"https:\/\/ziaruldelta.ro\/wp-content\/uploads\/2026\/03\/primaria-jurilovca.jpg\" alt=\"Prim\u0103ria Jurilovca organizeaz\u0103 petrecere dedicat\u0103 Zilei Femeii\"><\/div>\n<div class=\"post-wrap\">\n<div class=\"post-content entry-content\">\n<p>Pentru prim\u0103ria Jurilovca, organizarea unei petreceri de Ziua Femeii a devenit deja o tradi\u0163ie. \u015ei anul acesta, doamnele \u015fi domni\u015foarele din comun\u0103 sunt invitate s\u0103 s\u0103rb\u0103toreasc\u0103 \u00eentr-un cadru festiv.<\/p>\n<p>Evenimentul va avea loc s\u00e2mb\u0103t\u0103, 7 martie, \u00eencep\u00e2nd cu ora 13.00, la Sala de Sport \u201eVasile D\u00eeba\u201d din Jurilovca, petrecerea fiind dedicat\u0103 exclusiv femeilor. Pentru participantele din satele Vi\u015fina \u015fi S\u0103lcioara, Prim\u0103ria a pus la dispozi\u0163ie microbuze care vor circula din 20 \u00een 20 de minute, \u00eentre orele 12.30 \u015fi 14.10, din sta\u0163iile de autobuz. \u00centoarcerea se va face tot la intervale de 20 de minute, \u00eentre orele 17.00 \u015fi 19.00. Atmosfera va fi \u00eentre\u0163inut\u0103 de forma\u0163ia Audio Band din Tulcea.<\/p>\n<blockquote>\n<p>\u201ePentru noi a devenit deja o tradi\u0163ie s\u0103 s\u0103rb\u0103torim \u00een comunitate venirea prim\u0103verii, al\u0103turi de femeile din vie\u0163ile noastre. V\u0103 a\u015ftept\u0103m, deci, s\u00e2mb\u0103t\u0103, 7 martie, s\u0103 ne bucur\u0103m \u00eempreun\u0103 de prim\u0103var\u0103, pe muzica forma\u0163iei Audio Band din Tulcea\u201d, a transmis primarul comunei Jurilovca, Eugen Ion.<\/p>\n<\/blockquote>\n<\/div>\n<\/div>\n<div class=\"post-footer\">\n<div class=\"social-icons ed-social-share-icons\">\n<p class=\"share-title\">Share:<\/p>\n<\/div>\n<div class=\"rating-stars\">\n<p id=\"rate-title\" class=\"rate-title\">Rate:<\/p>\n<\/div>\n<\/div>\n<\/article>\n<div class=\"post-content entry-content\">\n<p>Pentru prim\u0103ria Jurilovca, organizarea unei petreceri de Ziua Femeii a devenit deja o tradi\u0163ie. \u015ei anul acesta, doamnele \u015fi domni\u015foarele din comun\u0103 sunt invitate s\u0103 s\u0103rb\u0103toreasc\u0103 \u00eentr-un cadru festiv.<\/p>\n<p>Evenimentul va avea loc s\u00e2mb\u0103t\u0103, 7 martie, \u00eencep\u00e2nd cu ora 13.00, la Sala de Sport \u201eVasile D\u00eeba\u201d din Jurilovca, petrecerea fiind dedicat\u0103 exclusiv femeilor. Pentru participantele din satele Vi\u015fina \u015fi S\u0103lcioara, Prim\u0103ria a pus la dispozi\u0163ie microbuze care vor circula din 20 \u00een 20 de minute, \u00eentre orele 12.30 \u015fi 14.10, din sta\u0163iile de autobuz. \u00centoarcerea se va face tot la intervale de 20 de minute, \u00eentre orele 17.00 \u015fi 19.00. Atmosfera va fi \u00eentre\u0163inut\u0103 de forma\u0163ia Audio Band din Tulcea.<\/p>\n<blockquote>\n<p>\u201ePentru noi a devenit deja o tradi\u0163ie s\u0103 s\u0103rb\u0103torim \u00een comunitate venirea prim\u0103verii, al\u0103turi de femeile din vie\u0163ile noastre. V\u0103 a\u015ftept\u0103m, deci, s\u00e2mb\u0103t\u0103, 7 martie, s\u0103 ne bucur\u0103m \u00eempreun\u0103 de prim\u0103var\u0103, pe muzica forma\u0163iei Audio Band din Tulcea\u201d, a transmis primarul comunei Jurilovca, Eugen Ion.<\/p>\n<\/blockquote>\n<\/div>\n<div class=\"post-content entry-content\">\n<p>Pentru prim\u0103ria Jurilovca, organizarea unei petreceri de Ziua Femeii a devenit deja o tradi\u0163ie. \u015ei anul acesta, doamnele \u015fi domni\u015foarele din comun\u0103 sunt invitate s\u0103 s\u0103rb\u0103toreasc\u0103 \u00eentr-un cadru festiv.<\/p>\n<p>Evenimentul va avea loc s\u00e2mb\u0103t\u0103, 7 martie, \u00eencep\u00e2nd cu ora 13.00, la Sala de Sport \u201eVasile D\u00eeba\u201d din Jurilovca, petrecerea fiind dedicat\u0103 exclusiv femeilor. Pentru participantele din satele Vi\u015fina \u015fi S\u0103lcioara, Prim\u0103ria a pus la dispozi\u0163ie microbuze care vor circula din 20 \u00een 20 de minute, \u00eentre orele 12.30 \u015fi 14.10, din sta\u0163iile de autobuz. \u00centoarcerea se va face tot la intervale de 20 de minute, \u00eentre orele 17.00 \u015fi 19.00. Atmosfera va fi \u00eentre\u0163inut\u0103 de forma\u0163ia Audio Band din Tulcea.<\/p>\n<blockquote>\n<p>\u201ePentru noi a devenit deja o tradi\u0163ie s\u0103 s\u0103rb\u0103torim \u00een comunitate venirea prim\u0103verii, al\u0103turi de femeile din vie\u0163ile noastre. V\u0103 a\u015ftept\u0103m, deci, s\u00e2mb\u0103t\u0103, 7 martie, s\u0103 ne bucur\u0103m \u00eempreun\u0103 de prim\u0103var\u0103, pe muzica forma\u0163iei Audio Band din Tulcea\u201d, a transmis primarul comunei Jurilovca, Eugen Ion.<\/p>\n<\/blockquote>\n<\/div>\n<p>[analyse_source url=&#8221;https:\/\/ziaruldelta.ro\/2026\/03\/03\/primaria-jurilovca-organizeaza-petrecere-dedicata-zilei-femeii\/&#8221;]<\/p>\n","protected":false},"excerpt":{"rendered":"<p>[analyse_image type=&#8221;featured&#8221; src=&#8221;https:\/\/ziaruldelta.ro\/wp-content\/uploads\/2026\/03\/primaria-jurilovca.jpg&#8221;] Prim\u0103ria Jurilovca organizeaz\u0103 petrecere dedicat\u0103 Zilei Femeii Posted by Claudia Ionescu | Mar 3, 2026 | Eveniment | Pentru prim\u0103ria Jurilovca, organizarea unei petreceri de Ziua Femeii a devenit deja o tradi\u0163ie. \u015ei anul acesta, doamnele \u015fi domni\u015foarele din comun\u0103 sunt invitate s\u0103 s\u0103rb\u0103toreasc\u0103 \u00eentr-un cadru festiv. Evenimentul va avea loc s\u00e2mb\u0103t\u0103, [&hellip;]<\/p>\n","protected":false},"author":1,"featured_media":0,"comment_status":"open","ping_status":"","sticky":false,"template":"","format":"standard","meta":{"footnotes":""},"categories":[89],"tags":[226,206],"class_list":["post-1804982","post","type-post","status-publish","format-standard","hentry","category-romania","tag-crawlmanager","tag-ziaruldelta-ro"],"_links":{"self":[{"href":"https:\/\/analyse.optim.biz\/index.php?rest_route=\/wp\/v2\/posts\/1804982","targetHints":{"allow":["GET"]}}],"collection":[{"href":"https:\/\/analyse.optim.biz\/index.php?rest_route=\/wp\/v2\/posts"}],"about":[{"href":"https:\/\/analyse.optim.biz\/index.php?rest_route=\/wp\/v2\/types\/post"}],"author":[{"embeddable":true,"href":"https:\/\/analyse.optim.biz\/index.php?rest_route=\/wp\/v2\/users\/1"}],"replies":[{"embeddable":true,"href":"https:\/\/analyse.optim.biz\/index.php?rest_route=%2Fwp%2Fv2%2Fcomments&post=1804982"}],"version-history":[{"count":0,"href":"https:\/\/analyse.optim.biz\/index.php?rest_route=\/wp\/v2\/posts\/1804982\/revisions"}],"wp:attachment":[{"href":"https:\/\/analyse.optim.biz\/index.php?rest_route=%2Fwp%2Fv2%2Fmedia&parent=1804982"}],"wp:term":[{"taxonomy":"category","embeddable":true,"href":"https:\/\/analyse.optim.biz\/index.php?rest_route=%2Fwp%2Fv2%2Fcategories&post=1804982"},{"taxonomy":"post_tag","embeddable":true,"href":"https:\/\/analyse.optim.biz\/index.php?rest_route=%2Fwp%2Fv2%2Ftags&post=1804982"}],"curies":[{"name":"wp","href":"https:\/\/api.w.org\/{rel}","templated":true}]}}