{"id":1804057,"date":"2026-03-03T14:12:41","date_gmt":"2026-03-03T11:12:41","guid":{"rendered":"https:\/\/analyse.optim.biz\/?p=1804057"},"modified":"2026-03-03T14:12:41","modified_gmt":"2026-03-03T11:12:41","slug":"foto-o-tanara-jandarm-din-valcea-l-a-prins-pe-barbatul-care-a-furat-din-cutia-milei-la-o-manastire-vezi","status":"publish","type":"post","link":"https:\/\/analyse.optim.biz\/?p=1804057","title":{"rendered":"FOTO. O t\u00e2n\u0103r\u0103 jandarm din V\u00e2lcea l-a prins pe b\u0103rbatul care a furat din cutia milei la o m\u0103n\u0103stire. VEZI"},"content":{"rendered":"<p>[analyse_image type=&#8221;featured&#8221; src=&#8221;https:\/\/www.gazeta-valceana.ro\/wp-content\/uploads\/2026\/03\/Jandarm-Hot-Iasi-1.jpg&#8221;]<\/p>\n<article id=\"template-id-91645\" class=\"post-91645 tdb_templates type-tdb_templates status-publish post\">\n<div id=\"tdi_49\" class=\"tdc-zone\">\n<div class=\"tdc_zone tdi_50  wpb_row td-pb-row\">\n<div id=\"tdi_51\" class=\"tdc-row stretch_row_1200 td-stretch-content\">\n<div class=\"vc_row tdi_52  wpb_row td-pb-row\">\n<div class=\"vc_column tdi_54  wpb_column vc_column_container tdc-column td-pb-span8\">\n<div class=\"wpb_wrapper\">\n<div class=\"td_block_wrap tdb_title tdi_55 tdb-single-title td-pb-border-top td_block_template_1\" data-td-block-uid=\"tdi_55\">\n<div class=\"tdb-block-inner td-fix-index\">\n<h1 class=\"tdb-title-text\">FOTO. O t\u00e2n\u0103r\u0103 jandarm din V\u00e2lcea l-a prins pe b\u0103rbatul care a furat din cutia milei la o m\u0103n\u0103stire. VEZI unde s-a petrecut incidentul<\/h1>\n<\/div>\n<\/div>\n<div class=\"vc_row_inner tdi_58  vc_row vc_inner wpb_row td-pb-row tdc-row-content-vert-center\">\n<div class=\"vc_column_inner tdi_60  wpb_column vc_column_container tdc-inner-column td-pb-span12\">\n<div class=\"vc_column-inner\">\n<div class=\"wpb_wrapper\">\n<div class=\"td_block_wrap tdb_single_categories tdi_61 td-pb-border-top td_block_template_1 \" data-td-block-uid=\"tdi_61\">\n<div class=\"tdb-category td-fix-index\"><a class=\"tdb-entry-category\" href=\"https:\/\/www.gazeta-valceana.ro\/category\/anchetedezvaluri\/\">Anchete\/Dezv\u0103luri<\/a><a class=\"tdb-entry-category\" href=\"https:\/\/www.gazeta-valceana.ro\/category\/i\/\">I<\/a><\/div>\n<\/div>\n<div class=\"td_block_wrap tdb_single_date tdi_62 td-pb-border-top td_block_template_1 tdb-post-meta\" data-td-block-uid=\"tdi_62\">\n<div class=\"tdb-block-inner td-fix-index\"><time class=\"entry-date updated td-module-date\" datetime=\"2026-03-03T16:12:41+02:00\">3 martie 2026<\/time><\/div>\n<\/div>\n<\/div>\n<\/div>\n<\/div>\n<\/div>\n<\/div>\n<\/div>\n<\/div>\n<\/div>\n<div id=\"tdi_65\" class=\"tdc-row stretch_row_1200 td-stretch-content\">\n<div class=\"vc_row tdi_66  wpb_row td-pb-row\">\n<div class=\"vc_column tdi_68  wpb_column vc_column_container tdc-column td-pb-span8\">\n<div class=\"wpb_wrapper\">\n<div class=\"td_block_wrap tdb_single_featured_image tdi_69 tdb-content-horiz-left td-pb-border-top td_block_template_1\" data-td-block-uid=\"tdi_69\">\n<div class=\"tdb-block-inner td-fix-index\"><img loading=\"lazy\" decoding=\"async\" width=\"696\" height=\"405\" class=\"entry-thumb\" src=\"https:\/\/www.gazeta-valceana.ro\/wp-content\/uploads\/2026\/03\/Jandarm-Hot-Iasi-1-696x405.jpg\" alt title=\"Jandarm Hot Iasi 1\"><\/div>\n<\/div>\n<div class=\"td_block_wrap tdb_single_post_share tdi_70  td-pb-border-top td_block_template_1\" data-td-block-uid=\"tdi_70\">\n<div id=\"tdi_70\" class=\"td-post-sharing tdb-block td-ps-border td-ps-border-grey td-ps-notext td-ps-icon-color td-ps-text-color td-post-sharing-style16 \">\n<div class=\"td-post-sharing-visible\">\n<div class=\"td-social-sharing-button td-social-sharing-button-js td-social-handler td-social-share-text\">\n<div class=\"td-social-but-text\">Ac\u021biune<\/div>\n<\/div>\n<p><a class=\"td-social-sharing-button td-social-sharing-button-js td-social-network td-social-facebook\" href=\"https:\/\/www.facebook.com\/sharer.php?u=https%3A%2F%2Fwww.gazeta-valceana.ro%2Fanchetedezvaluri%2Ffoto-o-tanara-jandarm-din-valcea-l-a-prins-pe-barbatul-care-a-furat-din-cutia-milei-la-o-manastire-vezi-unde-s-a-petrecut-incidentul%2F\" title=\"Facebook\"><\/p>\n<div class=\"td-social-but-text\">Facebook<\/div>\n<p><\/a><a class=\"td-social-sharing-button td-social-sharing-button-js td-social-network td-social-twitter\" href=\"https:\/\/twitter.com\/intent\/tweet?text=FOTO.+O+t%C3%A2n%C4%83r%C4%83+jandarm+din+V%C3%A2lcea+l-a+prins+pe+b%C4%83rbatul+care+a+furat+din+cutia+milei+la+o+m%C4%83n%C4%83stire.+VEZI+unde+s-a+petrecut+incidentul&amp;url=https%3A%2F%2Fwww.gazeta-valceana.ro%2Fanchetedezvaluri%2Ffoto-o-tanara-jandarm-din-valcea-l-a-prins-pe-barbatul-care-a-furat-din-cutia-milei-la-o-manastire-vezi-unde-s-a-petrecut-incidentul%2F&amp;via=Gazeta+V%C3%A2lcean%C4%83\" title=\"Twitter\"><\/p>\n<div class=\"td-social-but-text\">Twitter<\/div>\n<p><\/a><a class=\"td-social-sharing-button td-social-sharing-button-js td-social-network td-social-pinterest\" href=\"https:\/\/pinterest.com\/pin\/create\/button\/?url=https:\/\/www.gazeta-valceana.ro\/anchetedezvaluri\/foto-o-tanara-jandarm-din-valcea-l-a-prins-pe-barbatul-care-a-furat-din-cutia-milei-la-o-manastire-vezi-unde-s-a-petrecut-incidentul\/&amp;media=https:\/\/www.gazeta-valceana.ro\/wp-content\/uploads\/2026\/03\/Jandarm-Hot-Iasi-1.jpg&amp;description=FOTO.+O+t%C3%A2n%C4%83r%C4%83+jandarm+din+V%C3%A2lcea+l-a+prins+pe+b%C4%83rbatul+care+a+furat+din+cutia+milei+la+o+m%C4%83n%C4%83stire.+VEZI+unde+s-a+petrecut+incidentul\" title=\"Pinterest\"><\/p>\n<div class=\"td-social-but-text\">Pinterest<\/div>\n<p><\/a><a class=\"td-social-sharing-button td-social-sharing-button-js td-social-network td-social-whatsapp\" href=\"https:\/\/api.whatsapp.com\/send?text=FOTO.+O+t%C3%A2n%C4%83r%C4%83+jandarm+din+V%C3%A2lcea+l-a+prins+pe+b%C4%83rbatul+care+a+furat+din+cutia+milei+la+o+m%C4%83n%C4%83stire.+VEZI+unde+s-a+petrecut+incidentul%20%0A%0A%20https:\/\/www.gazeta-valceana.ro\/anchetedezvaluri\/foto-o-tanara-jandarm-din-valcea-l-a-prins-pe-barbatul-care-a-furat-din-cutia-milei-la-o-manastire-vezi-unde-s-a-petrecut-incidentul\/\" title=\"WhatsApp\"><\/p>\n<div class=\"td-social-but-text\">WhatsApp<\/div>\n<p><\/a><\/div>\n<\/div>\n<\/div>\n<div class=\"td_block_wrap tdb_single_content tdi_71 td-pb-border-top td_block_template_1 td-post-content tagdiv-type\" data-td-block-uid=\"tdi_71\">\n<div class=\"tdb-block-inner td-fix-index\">\n<p>Duminic\u0103, 1 martie 2026, Andreea, jandarm \u00een cadrul IJJ V\u00e2lcea, a demonstrat c\u0103 responsabilitatea \u0219i curajul nu \u021bin cont de program. Aflat\u0103 \u00een timpul liber la M\u0103n\u0103stirea Surpatele, \u00een jurul orei 17.00, ea a fost informat\u0103 de o maic\u0103 despre faptul c\u0103 un b\u0103rbat a desf\u0103cut cutia milei \u0219i a sustras banii din interior. F\u0103r\u0103 ezitare, Andreea l-a identificat \u0219i interceptat pe b\u0103rbatul de 45 de ani, domiciliat \u00een jude\u021bul Ia\u0219i, \u00een timp ce \u00eencerca s\u0103 p\u0103r\u0103seasc\u0103 zona, solicit\u00e2nd totodat\u0103 sprijinul colegilor jandarmi afla\u021bi \u00een serviciu.<\/p>\n<p><em>\u201e\u00cen momentul intercept\u0103rii, b\u0103rbatul a devenit agresiv verbal \u0219i a sus\u021binut c\u0103 are asupra sa arme albe, \u00eencerc\u00e2nd s\u0103 o intimideze pentru a-\u0219i asigura sc\u0103parea. Pentru a preveni escaladarea situa\u021biei, Andreea a solicitat sprijinul unei patrule din cadrul Poli\u021biei Ora\u0219ului B\u0103beni, aflat\u0103 \u00een zon\u0103. Ulterior, s-a stabilit c\u0103 acesta nu avea asupra sa arme albe, afirma\u021bia fiind f\u0103cut\u0103 doar pentru a crea team\u0103. \u00centreaga sum\u0103 de bani a fost recuperat\u0103 \u0219i restituit\u0103 conducerii m\u0103n\u0103stirii, iar actele de sesizare au fost \u00eenaintate organelor de poli\u021bie pentru continuarea cercet\u0103rilor. B\u0103rbatul a declarat jandarmilor c\u0103 dificult\u0103\u021bile financiare l-au determinat s\u0103 comit\u0103 fapta\u201d<\/em>, au anun\u021bat jandarmii v\u00e2lceni.<\/p>\n<p><em>\u201eAndreea ne-a reamintit c\u0103 meseria de jandarm este un mod de via\u021b\u0103. De\u0219i s-a \u00eencercat intimidarea sa, a demonstrat profesionalism \u0219i st\u0103p\u00e2nire de sine. \u00ce\u021bi mul\u021bumim pentru promptitudine \u0219i devotament!\u201d<\/em>, a mai transmis conducerea Inspectoratului de Jandarmi Jude\u021bean V\u00e2lcea.<\/p>\n<figure class=\"wp-block-image size-large\"><img loading=\"lazy\" decoding=\"async\" width=\"1024\" height=\"694\" src=\"https:\/\/www.gazeta-valceana.ro\/wp-content\/uploads\/2026\/03\/Manastirea-Surpate-noaptea-2026-1024x694.jpg\" alt class=\"wp-image-103548\"><\/figure>\n<\/div>\n<\/div>\n<div class=\"tdb-author-box td_block_wrap tdb_single_author_box tdi_72 tdb-content-vert-top td-pb-border-top td_block_template_1\" data-td-block-uid=\"tdi_72\">\n<div class=\"tdb-block-inner td-fix-index\"><a href=\"https:\/\/www.gazeta-valceana.ro\/author\/redactia\/\" class=\"tdb-author-photo\" title=\"Redactia\"><img decoding=\"async\" alt=\"Redactia\" src=\"https:\/\/secure.gravatar.com\/avatar\/d9699bfd17d7f55fcf6bbdfb0214d48a942c5fd23a1db27f4a803a8d0651670f?s=500&amp;d=mm&amp;r=g\" class=\"avatar avatar-500 photo\" height=\"500\" width=\"500\" loading=\"lazy\"><\/a><\/p>\n<div class=\"tdb-author-info\"><a href=\"https:\/\/www.gazeta-valceana.ro\/author\/redactia\/\" class=\"tdb-author-name\">Redactia<\/a><\/div>\n<\/div>\n<\/div>\n<\/div>\n<\/div>\n<div class=\"vc_column tdi_76  wpb_column vc_column_container tdc-column td-pb-span4 td-is-sticky\">\n<div class=\"wpb_wrapper\" data-sticky-enabled-on=\"W3RydWUsdHJ1ZSx0cnVlLHRydWVd\" data-sticky-offset=\"20\" data-sticky-is-width-auto=\"W2ZhbHNlLGZhbHNlLGZhbHNlLGZhbHNlXQ==\">\n<div class=\"vc_row_inner tdi_81  vc_row vc_inner wpb_row td-pb-row tdc-row-content-vert-center\">\n<div class=\"vc_column_inner tdi_83  wpb_column vc_column_container tdc-inner-column td-pb-span12\">\n<div class=\"vc_column-inner\">\n<div class=\"wpb_wrapper\">\n<div class=\"tdm_block td_block_wrap tdm_block_inline_text tdi_86 tdm-inline-block td-pb-border-top td_block_template_1\" data-td-block-uid=\"tdi_86\">\n<p class=\"tdm-descr\">Ultimele articole<\/p>\n<\/div>\n<\/div>\n<\/div>\n<\/div>\n<\/div>\n<div class=\"td_block_wrap td_flex_block_1 tdi_87 td-pb-border-top td_block_template_1 td_flex_block\" data-td-block-uid=\"tdi_87\">\n<div id=\"tdi_87\" class=\"td_block_inner td-mc1-wrap\">\n<div class=\"td_module_flex td_module_flex_1 td_module_wrap td-animation-stack td-cpt-post\">\n<div class=\"td-module-container td-category-pos-\">\n<div class=\"td-module-meta-info\">\n<h3 class=\"entry-title td-module-title\"><a href=\"https:\/\/www.gazeta-valceana.ro\/administratie\/pensionar-din-valcea-jefuit-la-sibiu-dupa-o-luna-politistii-au-depistat-vinovatul\/\" rel=\"bookmark\" title=\"Pensionar din V\u00e2lcea, jefuit la Sibiu. Dup\u0103 o lun\u0103, POLI\u021aI\u0218TII au depistat vinovatul\">Pensionar din V\u00e2lcea, jefuit la Sibiu. Dup\u0103 o lun\u0103, POLI\u021aI\u0218TII au depistat vinovatul<\/a><\/h3>\n<div class=\"td-editor-date\"><span class=\"td-author-date\"><span class=\"td-post-date\"><time class=\"entry-date updated td-module-date\" datetime=\"2026-03-03T13:01:46+02:00\">3 martie 2026<\/time><\/span><\/span><\/div>\n<\/div>\n<\/div>\n<\/div>\n<div class=\"td_module_flex td_module_flex_1 td_module_wrap td-animation-stack td-cpt-post\">\n<div class=\"td-module-container td-category-pos-\">\n<div class=\"td-module-meta-info\">\n<h3 class=\"entry-title td-module-title\"><a href=\"https:\/\/www.gazeta-valceana.ro\/fapt-divers\/important-exercitiul-de-alarmare-publica-miercurea-sirenelor-a-fost-amanat\/\" rel=\"bookmark\" title=\"IMPORTANT! Exerci\u021biul de alarmare public\u0103 \u201eMiercurea Sirenelor\u201d a fost am\u00e2nat\">IMPORTANT! Exerci\u021biul de alarmare public\u0103 \u201eMiercurea Sirenelor\u201d a fost am\u00e2nat<\/a><\/h3>\n<div class=\"td-editor-date\"><span class=\"td-author-date\"><span class=\"td-post-date\"><time class=\"entry-date updated td-module-date\" datetime=\"2026-03-03T11:28:57+02:00\">3 martie 2026<\/time><\/span><\/span><\/div>\n<\/div>\n<\/div>\n<\/div>\n<div class=\"td_module_flex td_module_flex_1 td_module_wrap td-animation-stack td-cpt-post\">\n<div class=\"td-module-container td-category-pos-\">\n<div class=\"td-module-meta-info\">\n<h3 class=\"entry-title td-module-title\"><a href=\"https:\/\/www.gazeta-valceana.ro\/anchetedezvaluri\/video-in-articol-ei-sunt-hotii-adusi-de-politie-din-alt-judet-pentru-a-fi-incarcerati-preventiv-la-valcea\/\" rel=\"bookmark\" title=\"VIDEO \u00een articol. Ei sunt ho\u021bii adu\u0219i de Poli\u021bie din alt jude\u021b pentru a fi \u00eencarcera\u021bi preventiv la V\u00e2lcea\">VIDEO \u00een articol. Ei sunt ho\u021bii adu\u0219i de Poli\u021bie din alt jude\u021b pentru a fi \u00eencarcera\u021bi preventiv la V\u00e2lcea<\/a><\/h3>\n<div class=\"td-editor-date\"><span class=\"td-author-date\"><span class=\"td-post-date\"><time class=\"entry-date updated td-module-date\" datetime=\"2026-03-03T10:39:20+02:00\">3 martie 2026<\/time><\/span><\/span><\/div>\n<\/div>\n<\/div>\n<\/div>\n<div class=\"td_module_flex td_module_flex_1 td_module_wrap td-animation-stack td-cpt-post\">\n<div class=\"td-module-container td-category-pos-\">\n<div class=\"td-module-meta-info\">\n<h3 class=\"entry-title td-module-title\"><a href=\"https:\/\/www.gazeta-valceana.ro\/fapt-divers\/imagini-parohia-mihaesti-ii-a-oferit-daruri-bolnavilor-de-la-spitalul-de-pneumoftiziologie-c-anastasatu\/\" rel=\"bookmark\" title=\"IMAGINI. Parohia Mih\u0103e\u0219ti II a oferit daruri bolnavilor de la Spitalul de Pneumoftiziologie \u201eC. Anastasatu\u201d\">IMAGINI. Parohia Mih\u0103e\u0219ti II a oferit daruri bolnavilor de la Spitalul de Pneumoftiziologie \u201eC. Anastasatu\u201d<\/a><\/h3>\n<div class=\"td-editor-date\"><span class=\"td-author-date\"><span class=\"td-post-date\"><time class=\"entry-date updated td-module-date\" datetime=\"2026-03-03T09:26:29+02:00\">3 martie 2026<\/time><\/span><\/span><\/div>\n<\/div>\n<\/div>\n<\/div>\n<\/div>\n<\/div>\n<div class=\"td_block_wrap td-a-rec td-a-rec-id-custom-spot td-a-rec-img tdi_88 td_block_template_1\">\n<div><a href=\"https:\/\/www.gazeta-valceana.ro\/anchetedezvaluri\/foto-o-tanara-jandarm-din-valcea-l-a-prins-pe-barbatul-care-a-furat-din-cutia-milei-la-o-manastire-vezi-unde-s-a-petrecut-incidentul\/\" class=\"td_spot_img_all\"><img loading=\"lazy\" decoding=\"async\" src=\"https:\/\/www.gazeta-valceana.ro\/wp-content\/uploads\/2025\/01\/image-5.jpg\" alt=\"spot_img\" width=\"347\" height=\"277\"><\/a><a href=\"https:\/\/www.gazeta-valceana.ro\/anchetedezvaluri\/foto-o-tanara-jandarm-din-valcea-l-a-prins-pe-barbatul-care-a-furat-din-cutia-milei-la-o-manastire-vezi-unde-s-a-petrecut-incidentul\/\" class=\"td_spot_img_mob\"><img loading=\"lazy\" decoding=\"async\" src=\"https:\/\/www.gazeta-valceana.ro\/wp-content\/uploads\/2025\/01\/image-5.jpg\" alt=\"spot_img\" width=\"347\" height=\"247\"><\/a><\/div>\n<\/div>\n<div class=\"td_block_wrap td-a-rec td-a-rec-id-custom-spot td-a-rec-img tdi_89 td_block_template_1\">\n<div><a href=\"https:\/\/www.gazeta-valceana.ro\/anchetedezvaluri\/foto-o-tanara-jandarm-din-valcea-l-a-prins-pe-barbatul-care-a-furat-din-cutia-milei-la-o-manastire-vezi-unde-s-a-petrecut-incidentul\/\" class=\"td_spot_img_all\"><img loading=\"lazy\" decoding=\"async\" src=\"https:\/\/www.gazeta-valceana.ro\/wp-content\/uploads\/2025\/01\/image-3.jpeg\" alt=\"spot_img\" width=\"347\" height=\"277\"><\/a><a href=\"https:\/\/www.gazeta-valceana.ro\/anchetedezvaluri\/foto-o-tanara-jandarm-din-valcea-l-a-prins-pe-barbatul-care-a-furat-din-cutia-milei-la-o-manastire-vezi-unde-s-a-petrecut-incidentul\/\" class=\"td_spot_img_mob\"><img loading=\"lazy\" decoding=\"async\" src=\"https:\/\/www.gazeta-valceana.ro\/wp-content\/uploads\/2025\/01\/image-3.jpeg\" alt=\"spot_img\" width=\"347\" height=\"247\"><\/a><\/div>\n<\/div>\n<\/div>\n<\/div>\n<\/div>\n<\/div>\n<div id=\"tdi_97\" class=\"tdc-row stretch_row_1200 td-stretch-content\">\n<div class=\"vc_row tdi_98  wpb_row td-pb-row\">\n<div class=\"vc_column tdi_100  wpb_column vc_column_container tdc-column td-pb-span12\">\n<div class=\"wpb_wrapper\">\n<div class=\"td_block_wrap tdb_single_next_prev tdi_101 td-pb-border-top td_block_template_1\" data-td-block-uid=\"tdi_101\">\n<div class=\"tdb-block-inner td-fix-index\">\n<div class=\"tdb-next-post tdb-next-post-bg tdb-post-prev\"><span>Articolul precedent<\/span><\/p>\n<div class=\"td-module-container\">\n<div class=\"next-prev-title\"><a href=\"https:\/\/www.gazeta-valceana.ro\/administratie\/pensionar-din-valcea-jefuit-la-sibiu-dupa-o-luna-politistii-au-depistat-vinovatul\/\">Pensionar din V\u00e2lcea, jefuit la Sibiu. Dup\u0103 o lun\u0103, POLI\u021aI\u0218TII au depistat vinovatul<\/a><\/div>\n<\/div>\n<\/div>\n<\/div>\n<\/div>\n<div class=\"vc_row_inner tdi_103  vc_row vc_inner wpb_row td-pb-row tdc-row-content-vert-center\">\n<div class=\"vc_column_inner tdi_105  wpb_column vc_column_container tdc-inner-column td-pb-span12\">\n<div class=\"vc_column-inner\">\n<div class=\"wpb_wrapper\">\n<div class=\"tdm_block td_block_wrap tdm_block_inline_text tdi_108 tdm-inline-block td-pb-border-top td_block_template_1\" data-td-block-uid=\"tdi_108\">\n<p class=\"tdm-descr\">Related articles<\/p>\n<\/div>\n<\/div>\n<\/div>\n<\/div>\n<\/div>\n<div class=\"td_block_wrap tdb_single_related tdi_109 td_with_ajax_pagination td-pb-border-top td_block_template_1 tdb-single-related-posts\" data-td-block-uid=\"tdi_109\">\n<div id=\"tdi_109\" class=\"td_block_inner tdb-block-inner td-fix-index\">\n<div class=\"tdb_module_related td_module_wrap td-animation-stack\">\n<div class=\"td-module-container td-category-pos-\">\n<div class=\"td-module-meta-info\">\n<h3 class=\"entry-title td-module-title\"><a href=\"https:\/\/www.gazeta-valceana.ro\/administratie\/pensionar-din-valcea-jefuit-la-sibiu-dupa-o-luna-politistii-au-depistat-vinovatul\/\" rel=\"bookmark\" title=\"Pensionar din V\u00e2lcea, jefuit la Sibiu. Dup\u0103 o lun\u0103, POLI\u021aI\u0218TII au depistat vinovatul\">Pensionar din V\u00e2lcea, jefuit la Sibiu. Dup\u0103 o lun\u0103, POLI\u021aI\u0218TII au depistat vinovatul<\/a><\/h3>\n<div class=\"td-editor-date\"><a href=\"https:\/\/www.gazeta-valceana.ro\/category\/administratie\/\" class=\"td-post-category\">Administra\u0163ie<\/a><span class=\"td-author-date\"><span class=\"td-post-date\"><time class=\"entry-date updated td-module-date\" datetime=\"2026-03-03T13:01:46+02:00\">3 martie 2026<\/time><\/span><\/span><\/div>\n<\/div>\n<\/div>\n<\/div>\n<div class=\"tdb_module_related td_module_wrap td-animation-stack\">\n<div class=\"td-module-container td-category-pos-\">\n<div class=\"td-module-meta-info\">\n<h3 class=\"entry-title td-module-title\"><a href=\"https:\/\/www.gazeta-valceana.ro\/fapt-divers\/important-exercitiul-de-alarmare-publica-miercurea-sirenelor-a-fost-amanat\/\" rel=\"bookmark\" title=\"IMPORTANT! Exerci\u021biul de alarmare public\u0103 \u201eMiercurea Sirenelor\u201d a fost am\u00e2nat\">IMPORTANT! Exerci\u021biul de alarmare public\u0103 \u201eMiercurea Sirenelor\u201d a fost am\u00e2nat<\/a><\/h3>\n<div class=\"td-editor-date\"><a href=\"https:\/\/www.gazeta-valceana.ro\/category\/fapt-divers\/\" class=\"td-post-category\">Fapt divers<\/a><span class=\"td-author-date\"><span class=\"td-post-date\"><time class=\"entry-date updated td-module-date\" datetime=\"2026-03-03T11:28:57+02:00\">3 martie 2026<\/time><\/span><\/span><\/div>\n<\/div>\n<\/div>\n<\/div>\n<div class=\"tdb_module_related td_module_wrap td-animation-stack\">\n<div class=\"td-module-container td-category-pos-\">\n<div class=\"td-module-meta-info\">\n<h3 class=\"entry-title td-module-title\"><a href=\"https:\/\/www.gazeta-valceana.ro\/anchetedezvaluri\/video-in-articol-ei-sunt-hotii-adusi-de-politie-din-alt-judet-pentru-a-fi-incarcerati-preventiv-la-valcea\/\" rel=\"bookmark\" title=\"VIDEO \u00een articol. Ei sunt ho\u021bii adu\u0219i de Poli\u021bie din alt jude\u021b pentru a fi \u00eencarcera\u021bi preventiv la V\u00e2lcea\">VIDEO \u00een articol. Ei sunt ho\u021bii adu\u0219i de Poli\u021bie din alt jude\u021b pentru a fi \u00eencarcera\u021bi preventiv la V\u00e2lcea<\/a><\/h3>\n<div class=\"td-editor-date\"><a href=\"https:\/\/www.gazeta-valceana.ro\/category\/anchetedezvaluri\/\" class=\"td-post-category\">Anchete\/Dezv\u0103luri<\/a><span class=\"td-author-date\"><span class=\"td-post-date\"><time class=\"entry-date updated td-module-date\" datetime=\"2026-03-03T10:39:20+02:00\">3 martie 2026<\/time><\/span><\/span><\/div>\n<\/div>\n<\/div>\n<\/div>\n<\/div>\n<\/div>\n<\/div>\n<\/div>\n<\/div>\n<\/div>\n<div id=\"tdi_116\" class=\"tdc-row stretch_row_1200 td-stretch-content\">\n<div class=\"vc_row tdi_117  wpb_row td-pb-row\">\n<div class=\"vc_column tdi_122  wpb_column vc_column_container tdc-column td-pb-span4 td-is-sticky\">\n<div class=\"wpb_wrapper\" data-sticky-enabled-on=\"W3RydWUsdHJ1ZSx0cnVlLHRydWVd\" data-sticky-offset=\"20\" data-sticky-is-width-auto=\"W2ZhbHNlLGZhbHNlLGZhbHNlLGZhbHNlXQ==\">\n<div class=\"td_block_wrap td-a-rec td-a-rec-id-custom-spot td-a-rec-img tdi_123 td_block_template_1\">\n<div><a href=\"https:\/\/www.gazeta-valceana.ro\/anchetedezvaluri\/foto-o-tanara-jandarm-din-valcea-l-a-prins-pe-barbatul-care-a-furat-din-cutia-milei-la-o-manastire-vezi-unde-s-a-petrecut-incidentul\/\" class=\"td_spot_img_all\"><img loading=\"lazy\" decoding=\"async\" src=\"https:\/\/www.gazeta-valceana.ro\/wp-content\/uploads\/2025\/01\/image-4.jpg\" alt=\"spot_img\" width=\"347\" height=\"277\"><\/a><a href=\"https:\/\/www.gazeta-valceana.ro\/anchetedezvaluri\/foto-o-tanara-jandarm-din-valcea-l-a-prins-pe-barbatul-care-a-furat-din-cutia-milei-la-o-manastire-vezi-unde-s-a-petrecut-incidentul\/\" class=\"td_spot_img_mob\"><img loading=\"lazy\" decoding=\"async\" src=\"https:\/\/www.gazeta-valceana.ro\/wp-content\/uploads\/2025\/01\/image-4.jpg\" alt=\"spot_img\" width=\"347\" height=\"247\"><\/a><\/div>\n<\/div>\n<div class=\"td_block_wrap td-a-rec td-a-rec-id-custom-spot td-a-rec-img tdi_124 td_block_template_1\">\n<div><a href=\"https:\/\/www.gazeta-valceana.ro\/anchetedezvaluri\/foto-o-tanara-jandarm-din-valcea-l-a-prins-pe-barbatul-care-a-furat-din-cutia-milei-la-o-manastire-vezi-unde-s-a-petrecut-incidentul\/\" class=\"td_spot_img_all\"><img loading=\"lazy\" decoding=\"async\" src=\"https:\/\/www.gazeta-valceana.ro\/wp-content\/uploads\/2025\/01\/image-5.jpg\" alt=\"spot_img\" width=\"347\" height=\"277\"><\/a><a href=\"https:\/\/www.gazeta-valceana.ro\/anchetedezvaluri\/foto-o-tanara-jandarm-din-valcea-l-a-prins-pe-barbatul-care-a-furat-din-cutia-milei-la-o-manastire-vezi-unde-s-a-petrecut-incidentul\/\" class=\"td_spot_img_mob\"><img loading=\"lazy\" decoding=\"async\" src=\"https:\/\/www.gazeta-valceana.ro\/wp-content\/uploads\/2025\/01\/image-5.jpg\" alt=\"spot_img\" width=\"347\" height=\"247\"><\/a><\/div>\n<\/div>\n<div class=\"td_block_wrap td-a-rec td-a-rec-id-custom-spot td-a-rec-img tdi_125 td_block_template_1\">\n<div><a href=\"https:\/\/www.gazeta-valceana.ro\/anchetedezvaluri\/foto-o-tanara-jandarm-din-valcea-l-a-prins-pe-barbatul-care-a-furat-din-cutia-milei-la-o-manastire-vezi-unde-s-a-petrecut-incidentul\/\" class=\"td_spot_img_all\"><img loading=\"lazy\" decoding=\"async\" src=\"https:\/\/www.gazeta-valceana.ro\/wp-content\/uploads\/2025\/01\/image-3.jpeg\" alt=\"spot_img\" width=\"347\" height=\"277\"><\/a><a href=\"https:\/\/www.gazeta-valceana.ro\/anchetedezvaluri\/foto-o-tanara-jandarm-din-valcea-l-a-prins-pe-barbatul-care-a-furat-din-cutia-milei-la-o-manastire-vezi-unde-s-a-petrecut-incidentul\/\" class=\"td_spot_img_mob\"><img loading=\"lazy\" decoding=\"async\" src=\"https:\/\/www.gazeta-valceana.ro\/wp-content\/uploads\/2025\/01\/image-3.jpeg\" alt=\"spot_img\" width=\"347\" height=\"247\"><\/a><\/div>\n<\/div>\n<\/div>\n<\/div>\n<\/div>\n<\/div>\n<\/div>\n<\/div>\n<p><span class=\"td-page-meta\"><\/span><span class=\"td-page-meta\"><span class=\"td-page-meta\"><\/span><\/span><span class=\"td-page-meta\"><\/span><\/article>\n<\/p>\n<div class=\"td_block_wrap tdb_single_content tdi_71 td-pb-border-top td_block_template_1 td-post-content tagdiv-type\" data-td-block-uid=\"tdi_71\">\n<div class=\"tdb-block-inner td-fix-index\">\n<p>Duminic\u0103, 1 martie 2026, Andreea, jandarm \u00een cadrul IJJ V\u00e2lcea, a demonstrat c\u0103 responsabilitatea \u0219i curajul nu \u021bin cont de program. Aflat\u0103 \u00een timpul liber la M\u0103n\u0103stirea Surpatele, \u00een jurul orei 17.00, ea a fost informat\u0103 de o maic\u0103 despre faptul c\u0103 un b\u0103rbat a desf\u0103cut cutia milei \u0219i a sustras banii din interior. F\u0103r\u0103 ezitare, Andreea l-a identificat \u0219i interceptat pe b\u0103rbatul de 45 de ani, domiciliat \u00een jude\u021bul Ia\u0219i, \u00een timp ce \u00eencerca s\u0103 p\u0103r\u0103seasc\u0103 zona, solicit\u00e2nd totodat\u0103 sprijinul colegilor jandarmi afla\u021bi \u00een serviciu.<\/p>\n<p><em>\u201e\u00cen momentul intercept\u0103rii, b\u0103rbatul a devenit agresiv verbal \u0219i a sus\u021binut c\u0103 are asupra sa arme albe, \u00eencerc\u00e2nd s\u0103 o intimideze pentru a-\u0219i asigura sc\u0103parea. Pentru a preveni escaladarea situa\u021biei, Andreea a solicitat sprijinul unei patrule din cadrul Poli\u021biei Ora\u0219ului B\u0103beni, aflat\u0103 \u00een zon\u0103. Ulterior, s-a stabilit c\u0103 acesta nu avea asupra sa arme albe, afirma\u021bia fiind f\u0103cut\u0103 doar pentru a crea team\u0103. \u00centreaga sum\u0103 de bani a fost recuperat\u0103 \u0219i restituit\u0103 conducerii m\u0103n\u0103stirii, iar actele de sesizare au fost \u00eenaintate organelor de poli\u021bie pentru continuarea cercet\u0103rilor. B\u0103rbatul a declarat jandarmilor c\u0103 dificult\u0103\u021bile financiare l-au determinat s\u0103 comit\u0103 fapta\u201d<\/em>, au anun\u021bat jandarmii v\u00e2lceni.<\/p>\n<p><em>\u201eAndreea ne-a reamintit c\u0103 meseria de jandarm este un mod de via\u021b\u0103. De\u0219i s-a \u00eencercat intimidarea sa, a demonstrat profesionalism \u0219i st\u0103p\u00e2nire de sine. \u00ce\u021bi mul\u021bumim pentru promptitudine \u0219i devotament!\u201d<\/em>, a mai transmis conducerea Inspectoratului de Jandarmi Jude\u021bean V\u00e2lcea.<\/p>\n<figure class=\"wp-block-image size-large\"><img loading=\"lazy\" decoding=\"async\" width=\"1024\" height=\"694\" src=\"https:\/\/www.gazeta-valceana.ro\/wp-content\/uploads\/2026\/03\/Manastirea-Surpate-noaptea-2026-1024x694.jpg\" alt class=\"wp-image-103548\"><\/figure>\n<\/div>\n<\/div>\n<p>Duminic\u0103, 1 martie 2026, Andreea, jandarm \u00een cadrul IJJ V\u00e2lcea, a demonstrat c\u0103 responsabilitatea \u0219i curajul nu \u021bin cont de program. Aflat\u0103 \u00een timpul liber la M\u0103n\u0103stirea Surpatele, \u00een jurul orei 17.00, ea a fost informat\u0103 de o maic\u0103 despre faptul c\u0103 un b\u0103rbat a desf\u0103cut cutia milei \u0219i a sustras banii din interior. F\u0103r\u0103 ezitare, Andreea l-a identificat \u0219i interceptat pe b\u0103rbatul de 45 de ani, domiciliat \u00een jude\u021bul Ia\u0219i, \u00een timp ce \u00eencerca s\u0103 p\u0103r\u0103seasc\u0103 zona, solicit\u00e2nd totodat\u0103 sprijinul colegilor jandarmi afla\u021bi \u00een serviciu.<\/p>\n<p><em>\u201e\u00cen momentul intercept\u0103rii, b\u0103rbatul a devenit agresiv verbal \u0219i a sus\u021binut c\u0103 are asupra sa arme albe, \u00eencerc\u00e2nd s\u0103 o intimideze pentru a-\u0219i asigura sc\u0103parea. Pentru a preveni escaladarea situa\u021biei, Andreea a solicitat sprijinul unei patrule din cadrul Poli\u021biei Ora\u0219ului B\u0103beni, aflat\u0103 \u00een zon\u0103. Ulterior, s-a stabilit c\u0103 acesta nu avea asupra sa arme albe, afirma\u021bia fiind f\u0103cut\u0103 doar pentru a crea team\u0103. \u00centreaga sum\u0103 de bani a fost recuperat\u0103 \u0219i restituit\u0103 conducerii m\u0103n\u0103stirii, iar actele de sesizare au fost \u00eenaintate organelor de poli\u021bie pentru continuarea cercet\u0103rilor. B\u0103rbatul a declarat jandarmilor c\u0103 dificult\u0103\u021bile financiare l-au determinat s\u0103 comit\u0103 fapta\u201d<\/em>, au anun\u021bat jandarmii v\u00e2lceni.<\/p>\n<p><em>\u201eAndreea ne-a reamintit c\u0103 meseria de jandarm este un mod de via\u021b\u0103. De\u0219i s-a \u00eencercat intimidarea sa, a demonstrat profesionalism \u0219i st\u0103p\u00e2nire de sine. \u00ce\u021bi mul\u021bumim pentru promptitudine \u0219i devotament!\u201d<\/em>, a mai transmis conducerea Inspectoratului de Jandarmi Jude\u021bean V\u00e2lcea.<\/p>\n<p>[analyse_source url=&#8221;https:\/\/www.gazeta-valceana.ro\/anchetedezvaluri\/foto-o-tanara-jandarm-din-valcea-l-a-prins-pe-barbatul-care-a-furat-din-cutia-milei-la-o-manastire-vezi-unde-s-a-petrecut-incidentul\/&#8221;]<\/p>\n","protected":false},"excerpt":{"rendered":"<p>[analyse_image type=&#8221;featured&#8221; src=&#8221;https:\/\/www.gazeta-valceana.ro\/wp-content\/uploads\/2026\/03\/Jandarm-Hot-Iasi-1.jpg&#8221;] FOTO. O t\u00e2n\u0103r\u0103 jandarm din V\u00e2lcea l-a prins pe b\u0103rbatul care a furat din cutia milei la o m\u0103n\u0103stire. VEZI unde s-a petrecut incidentul Anchete\/Dezv\u0103luriI 3 martie 2026 Ac\u021biune Facebook Twitter Pinterest WhatsApp Duminic\u0103, 1 martie 2026, Andreea, jandarm \u00een cadrul IJJ V\u00e2lcea, a demonstrat c\u0103 responsabilitatea \u0219i curajul nu \u021bin cont [&hellip;]<\/p>\n","protected":false},"author":1,"featured_media":0,"comment_status":"open","ping_status":"","sticky":false,"template":"","format":"standard","meta":{"footnotes":""},"categories":[89],"tags":[226,214],"class_list":["post-1804057","post","type-post","status-publish","format-standard","hentry","category-romania","tag-crawlmanager","tag-gazetavalceana-ro"],"_links":{"self":[{"href":"https:\/\/analyse.optim.biz\/index.php?rest_route=\/wp\/v2\/posts\/1804057","targetHints":{"allow":["GET"]}}],"collection":[{"href":"https:\/\/analyse.optim.biz\/index.php?rest_route=\/wp\/v2\/posts"}],"about":[{"href":"https:\/\/analyse.optim.biz\/index.php?rest_route=\/wp\/v2\/types\/post"}],"author":[{"embeddable":true,"href":"https:\/\/analyse.optim.biz\/index.php?rest_route=\/wp\/v2\/users\/1"}],"replies":[{"embeddable":true,"href":"https:\/\/analyse.optim.biz\/index.php?rest_route=%2Fwp%2Fv2%2Fcomments&post=1804057"}],"version-history":[{"count":0,"href":"https:\/\/analyse.optim.biz\/index.php?rest_route=\/wp\/v2\/posts\/1804057\/revisions"}],"wp:attachment":[{"href":"https:\/\/analyse.optim.biz\/index.php?rest_route=%2Fwp%2Fv2%2Fmedia&parent=1804057"}],"wp:term":[{"taxonomy":"category","embeddable":true,"href":"https:\/\/analyse.optim.biz\/index.php?rest_route=%2Fwp%2Fv2%2Fcategories&post=1804057"},{"taxonomy":"post_tag","embeddable":true,"href":"https:\/\/analyse.optim.biz\/index.php?rest_route=%2Fwp%2Fv2%2Ftags&post=1804057"}],"curies":[{"name":"wp","href":"https:\/\/api.w.org\/{rel}","templated":true}]}}