{"id":1803448,"date":"2026-03-03T07:00:35","date_gmt":"2026-03-03T04:00:35","guid":{"rendered":"https:\/\/analyse.optim.biz\/?p=1803448"},"modified":"2026-03-03T07:00:35","modified_gmt":"2026-03-03T04:00:35","slug":"dumitru-enache-primarul-comunei-stejaru-fara-reforma-administrativ-teritoriala-a-tarii-romania","status":"publish","type":"post","link":"https:\/\/analyse.optim.biz\/?p=1803448","title":{"rendered":"Dumitru Enache, primarul comunei Stejaru: \u201eF\u0103r\u0103 reforma administrativ-teritorial\u0103 a \u0163\u0103rii, Rom\u00e2nia,"},"content":{"rendered":"<p>[analyse_image type=&#8221;featured&#8221; src=&#8221;https:\/\/ziaruldelta.ro\/wp-content\/uploads\/2026\/03\/dumitru-enache.jpg&#8221;]<\/p>\n<article id=\"post-35601\" class=\"module single-post-module post-35601 post type-post status-publish format-standard has-post-thumbnail hentry category-politica-administratie et-has-post-format-content et_post_format-et-post-format-standard\">\n<div class=\"post-header\">\n<h1 class=\"entry-title\">Dumitru Enache, primarul comunei Stejaru: \u201eF\u0103r\u0103 reforma administrativ-teritorial\u0103 a \u0163\u0103rii, Rom\u00e2nia, \u00eencet-\u00eencet, va claca\u201d<\/h1>\n<div class=\"post-meta vcard\">\n<p>Posted by <a href=\"https:\/\/ziaruldelta.ro\/author\/nicoleta-urmuz\/\" class=\"url fn\" title=\"Posts by Nicoleta URMUZ\" rel=\"author\">Nicoleta URMUZ<\/a> | <span class=\"updated\">Mar 3, 2026<\/span> | <a href=\"https:\/\/ziaruldelta.ro\/category\/politica-administratie\/\" rel=\"tag\">Politica &#8211; Administratie<\/a> | <\/p>\n<\/div>\n<\/div>\n<div class=\"post-thumbnail header\"><img decoding=\"async\" src=\"https:\/\/ziaruldelta.ro\/wp-content\/uploads\/2026\/03\/dumitru-enache.jpg\" alt=\"Dumitru Enache, primarul comunei Stejaru: \u201eF\u0103r\u0103 reforma administrativ-teritorial\u0103 a \u0163\u0103rii, Rom\u00e2nia, \u00eencet-\u00eencet, va claca\u201d\"><\/div>\n<div class=\"post-wrap\">\n<div class=\"post-content entry-content\">\n<p>Reforma administra\u0163iei publice, prezentat\u0103 de Guvern drept o solu\u0163ie pentru eficientizarea statului \u015fi reducerea cheltuielilor bugetare, scoate la iveal\u0103 probleme vechi \u00een administra\u0163ia local\u0103, mai ales \u00een comunele mici. De la lipsa personalului \u015fi necorelarea atribu\u0163iilor cu resursele existente, p\u00e2n\u0103 la dificultatea colect\u0103rii amenzilor, blocajele din accesarea fondurilor europene \u015fi o baz\u0103 de impozitare erodat\u0103 prin decizii legislative, realitatea din teritoriu contrazice adesea obiectivele reformei.<\/p>\n<p>Aceast\u0103 reform\u0103 este privit\u0103 cu rezerve de primarul comunei Stejaru, Dumitru Enache. Edilul consider\u0103 c\u0103 multe dintre m\u0103surile anun\u0163ate nu produc efecte reale \u00een comunele mici, deoarece acestea func\u0163ioneaz\u0103 deja subdimensionat.<\/p>\n<p><strong>Prim\u0103ria Stejaru nu va fi afectat\u0103 de reducerile de personal anun\u0163ate<\/strong><\/p>\n<p>Unul dintre principalele puncte ale ordonan\u0163ei care vizeaz\u0103 reforma administra\u0163iei este cel legat de reducerea num\u0103rului de posturi din administra\u0163ia local\u0103.<\/p>\n<p>\u00cen anul 2026, autorit\u0103\u0163ile locale vor putea decide temporar dac\u0103 reduc num\u0103rul de posturi sau doar cheltuielile salariale. \u00cencep\u00e2nd cu anul 2027, \u00eens\u0103, 30% din totalul posturilor (ocupate \u015fi vacante) va trebui desfiin\u0163at.<\/p>\n<p>Primarul Dumitru Enache afirm\u0103, totu\u015fi, c\u0103 m\u0103surile privind reducerea personalului \u015fi a cheltuielilor salariale nu produc efecte \u00een cazul comunei Stejaru, deoarece administra\u0163ia func\u0163ioneaz\u0103 deja sub nivelul maxim prev\u0103zut \u00een organigram\u0103.<\/p>\n<blockquote>\n<p>\u201eNu m\u0103 afecteaz\u0103 absolut deloc nici reducerile de personal, nici cele de cheltuieli cu 10%, pentru c\u0103 eu, din 16 angaja\u0163i c\u00e2t \u00eemi permite organigrama, am doar 9, incluz\u00e2nd primarul \u015fi viceprimarul. Anul trecut am bugetat 1,8 milioane de lei pentru salarizarea angaja\u0163ilor \u015fi am cheltuit doar 1,1 milioane. Nu mai am ce \u015fi de unde s\u0103 scad. Nu vreau s\u0103-mi pun niciun coleg primar \u00een cap, dar doresc s\u0103 le ar\u0103t \u015fi s\u0103 le spun celor care conduc vremelnic guvernele Rom\u00e2niei c\u0103, \u00eenc\u0103 din 2009, \u00eentr-o emisiune TV, am ridicat aceast\u0103 problem\u0103. F\u0103r\u0103 reforma administrativ-teritorial\u0103 a \u0163\u0103rii, Rom\u00e2nia, \u00eencet-\u00eencet, va claca. Am tras semnalul de alarm\u0103 \u00eenc\u0103 de atunci \u015fi m\u0103 refeream \u00een primul r\u00e2nd la comuna mea, pentru c\u0103 sim\u0163eam c\u0103 dezvoltarea acesteia depinde \u00een principal de bugetul de stat \u015fi nu de ceea ce poate oferi comuna. \u00cenc\u0103 de atunci spuneam c\u0103 f\u0103r\u0103 o echilibrare a bugetelor locale nu ai cum s\u0103 dezvol\u0163i o \u0163ar\u0103\u201d, ne-a declarat primarul comunei Stejaru, Dumitru Enache.<\/p>\n<\/blockquote>\n<p>Cu toate c\u0103 \u00een ultimii ani administra\u0163iile publice locale s-au digitalizat, primarul din Stejaru atrage aten\u0163ia asupra lipsei resursei umane calificate.<\/p>\n<blockquote>\n<p>\u201eReferitor la num\u0103rul de angaja\u0163i, \u00eencet-\u00eencet s-au produs schimb\u0103ri \u015fi pe zona digitaliz\u0103rii. Noi ne-am dotat cu calculatoare, wireless \u015fi tot felul de tehnologii moderne, astfel \u00eenc\u00e2t num\u0103rul de angaja\u0163i mi se pare acum pu\u0163in mai mare fa\u0163\u0103 de nevoile reale pe care le au comunele. Este adev\u0103rat \u00eens\u0103 c\u0103 ne lipse\u015fte resursa uman\u0103 necesar\u0103 pentru a implementa programele de digitalizare pe toate segmentele. Nu avem personal preg\u0103tit la nivelul a ceea ce se poate face ast\u0103zi online\u201d, ne-a mai spus primarul comunei Stejaru.<\/p>\n<\/blockquote>\n<p>Cu toate acestea, edilul este de acord cu reforma aparatului administrativ, dar avertizeaz\u0103 asupra riscului unei restructur\u0103ri f\u0103cute f\u0103r\u0103 consultare. \u00cen prezent, comuna Stejaru func\u0163ioneaz\u0103 cu un num\u0103r foarte mic de func\u0163ionari publici, competen\u0163i \u015fi f\u0103r\u0103 de care administra\u0163ia public\u0103 nu ar putea func\u0163iona.<\/p>\n<blockquote>\n<p>\u201eSunt de acord, \u00een principiu, cu restructurarea, dar s\u0103 nu se intre cu bocancii \u00een reorganizarea aparatului de specialitate al primarului, respectiv \u00een func\u0163ionarii capabili. La ora actual\u0103 am doar patru func\u0163ionari publici pe care m\u0103 bazez. De\u015fi reu\u015fesc s\u0103 duc la bun sf\u00e2r\u015fit toate documentele \u015fi coresponden\u0163a cu institu\u0163iile statului, totu\u015fi patru func\u0163ionari publici mi se par pu\u0163ini\u201d, a afirmat edilul.<\/p>\n<\/blockquote>\n<p>De\u015fi cei patru func\u0163ionari reu\u015fesc s\u0103 gestioneze documenta\u0163ia \u015fi coresponden\u0163a cu institu\u0163iile statului, ace\u015ftia sunt suprasolicita\u0163i, \u00een condi\u0163iile \u00een care Guvernul cere reduceri de personal, dar, prin intermediul Prefecturii, transfer\u0103 constant noi competen\u0163e c\u0103tre autorit\u0103\u0163ile locale.<\/p>\n<blockquote>\n<p>\u201eNoi trebuie s\u0103 respect\u0103m legea, nu doar s\u0103 facem economie, pentru c\u0103, pe de o parte, Guvernul vrea economii \u015fi restructur\u0103ri de posturi, iar pe de alt\u0103 parte, prin Prefectur\u0103, ne transmite competen\u0163e \u00een fiecare zi. La nivelul competen\u0163elor pe care le avem prin descentralizarea administrativ\u0103, ar trebui s\u0103 avem aproximativ 40 de angaja\u0163i, la o comun\u0103 cu 1.000 de locuitori. Prefectura \u00ee\u0163i cere s\u0103 ai comisii pe etic\u0103, angaja\u0163i pentru ISU \u015fi multe altele. Exist\u0103 ni\u015fte necorel\u0103ri grave \u00eentre ceea ce vrea Guvernul \u015fi realitatea din teren. Mai este mult de lucru. Dac\u0103 nu se g\u00e2nde\u015fte, \u00een cei mai serio\u015fi termeni, ca \u00een urm\u0103torii trei ani s\u0103 se aplice reforma administrativ-teritorial\u0103 \u2013 s\u0103 se reduc\u0103 num\u0103rul de comune \u015fi jude\u0163e, s\u0103 se fac\u0103 regiuni, f\u0103r\u0103 at\u00e2tea prefecturi, prim\u0103rii \u015fi consilii jude\u0163ene \u2013 nu vom avea un stat suplu, care s\u0103 lucreze \u00een interesul cet\u0103\u0163eanului\u201d, a precizat Dumitru Enache.<\/p>\n<\/blockquote>\n<p><strong>\u015eoferii r\u0103m\u00e2n f\u0103r\u0103 permis dac\u0103 nu-\u015fi pl\u0103tesc amenzile de circula\u0163ie<\/strong><\/p>\n<p>Dreptul de a conduce se va suspenda \u00een cazul \u015foferilor care nu achit\u0103 amenzile de circula\u0163ie \u00een termen de 90 de zile de la comunicarea\/\u00eenm\u00e2narea procesului-verbal.<\/p>\n<p>Ordonan\u0163a prevede c\u0103 pentru a se reduce cu o treime perioada de suspendare a permisului auto, contravenientul trebuie s\u0103 achite la bugetul local toate obliga\u0163iile de plat\u0103 din amenzile contraven\u0163ionale care i-au fost aplicate \u00een calitate de conduc\u0103tori de autovehicule, tractoare agricole sau forestiere \u015fi tramvaie.<\/p>\n<p>Ministrul Dezvolt\u0103rii, Cseke Attila, a declarat s\u0103pt\u0103m\u00e2na trecut\u0103 c\u0103 suspendarea permisului se va face \u00een termen de 105 zile de la constatarea prin proces verbal a contraven\u0163iei.<\/p>\n<p>Primarul comunei Stejaru a ar\u0103tat c\u0103, de\u015fi doar aproximativ 40% dintre cet\u0103\u0163eni \u00ee\u015fi achit\u0103 amenzile, iar m\u0103sura ar fi binevenit\u0103 pentru cre\u015fterea veniturilor la bugetul local, aplicarea ei este dificil\u0103.<\/p>\n<blockquote>\n<p>\u201eDin c\u00e2te \u015ftiu, acest model se practic\u0103 \u00een \u015fase \u0163\u0103ri din Uniunea European\u0103. Este un adev\u0103r c\u0103 aceste amenzi nu sunt pl\u0103tite. \u00cen jur de 40% dintre cet\u0103\u0163enii Rom\u00e2niei le achit\u0103, iar restul nu. Este o neloialitate fa\u0163\u0103 de ceilal\u0163i cet\u0103\u0163eni. Ideea, \u00een principiu, este bun\u0103 pentru autorit\u0103\u0163ile locale, ca prim\u0103riile s\u0103 \u00eencaseze aceste sume pentru a-\u015fi crea venituri la bugetul local, dar at\u00e2ta timp c\u00e2t nu \u00eei dai p\u00e2rghii primarului s\u0103 le poat\u0103 \u00eencasa efectiv, acest lucru nu este posibil. Oamenii care au decedat sau cei pleca\u0163i \u00een str\u0103in\u0103tate \u015fi care au amenzi \u2013 cum \u00eei identifici, cum le g\u0103se\u015fti adresa pentru a-i executa? Acum, greutatea cade pe \u015foferi, dar nu numai ei primesc amenzi. Pe celelalte categorii de cet\u0103\u0163eni care au amenzi, cum \u00eei convingem s\u0103 pl\u0103teasc\u0103? S\u0103 nu se cread\u0103 c\u0103 sunt cet\u0103\u0163eni care nu vor s\u0103-\u015fi pl\u0103teasc\u0103 amenzile; sunt oameni foarte s\u0103raci, care pur \u015fi simplu nu le pot achita\u201d, a afirmat edilul.<\/p>\n<\/blockquote>\n<p>Primarul a vorbit \u015fi despre dificult\u0103\u0163ile financiare gene-rate de modul \u00een care sunt gestionate fondurile europene. Acesta a explicat c\u0103 multe comune se angajeaz\u0103 \u00een cheltuieli pentru realizarea de proiecte, \u00een condi\u0163iile \u00een care sunt depuse mult mai multe cereri de finan\u0163are dec\u00e2t fonduri disponibile.<\/p>\n<blockquote>\n<p>\u201eToate comunele au deficit, pentru c\u0103 ne baz\u0103m pe un buget care func\u0163ioneaz\u0103 ca un organism viu. Ne angaj\u0103m \u00een anumite cheltuieli pentru a accesa fonduri europene \u015fi depunem proiecte. Guvernul ar trebui s\u0103 constate c\u0103 sunt cu 70% mai multe proiecte depuse dec\u00e2t fondurile disponibile. Atunci c\u00e2nd s-au f\u0103cut ghidurile trebuia s\u0103 se \u015ftie c\u00e2te proiecte pot fi finan\u0163ate pe fiecare ax\u0103. Se putea \u00eenchide apelul la timp, pentru a nu se mai cheltui bani inutil. S-au cheltuit zeci de milioane de euro pentru proiecte \u015fi consultan\u0163\u0103, iar \u00een august 2025 te treze\u015fti c\u0103 nu mai po\u0163i continua proiectul. Pe acele h\u00e2rtii s-au cheltuit bani. Acei bani nu erau ai Rom\u00e2niei? Sunt mii de proiecte pl\u0103tite la nivelul \u0163\u0103rii, firme de consultan\u0163\u0103 care \u015fi-au \u00eencasat banii. De exemplu, pentru Stejaru s-a eliminat din PNRR proiectul gropilor de gunoi de grajd. \u00cen 2024 a fost pesta micilor rumeg\u0103toare, iar la Stejaru nu s-a aprobat acest proiect. Acolo trebuia s\u0103 depozit\u0103m gunoiul de grajd provenit de la animale bolnave, care trebuia neutralizat. Boala se r\u0103sp\u00e2nde\u015fte \u015fi prin gunoiul de grajd. Noi \u00eel arunc\u0103m pe c\u00e2mp, vin p\u0103s\u0103rile cerului \u015fi r\u0103sp\u00e2ndesc boala\u201d, a ad\u0103ugat primarul Enache.<\/p>\n<\/blockquote>\n<p><strong>Fuziunea comunelor, solu\u0163ie asumat\u0103 de primar<\/strong><\/p>\n<p>\u00cen ceea ce prive\u015fte reorganizarea administrativ\u0103, primarul a declarat c\u0103 a ridicat \u00eenc\u0103 de acum trei ani problema comas\u0103rii comunei Stejaru cu alte localit\u0103\u0163i din jude\u0163, precum Baia, Beidaud, Casimcea sau Topolog. El consider\u0103 c\u0103 Stejaru nu mai poate func\u0163iona de una singur\u0103 \u015fi sus\u0163ine ideea fuziunii chiar \u015fi cu riscul pierderii propriului mandat, apreciind c\u0103 aceasta ar fi o solu\u0163ie necesar\u0103 pentru eficientizarea administra\u0163iei.<\/p>\n<blockquote>\n<p>\u201eAm ridicat acest subiect \u00eenc\u0103 de acum trei ani, pentru c\u0103 situa\u0163ia comunei Stejaru este unic\u0103 \u00een jude\u0163ul Tulcea. Am spus c\u0103 ar trebui s\u0103 se lipeasc\u0103 de Baia, Beidaud, Casimcea sau Topolog, pentru c\u0103 singur\u0103 nu mai poate supravie\u0163ui. Am deschis subiectul fuziunii \u015fi \u00een comun\u0103 \u015fi o s\u0103-l propun \u015fi primarilor vecini. Trebuie s\u0103 vedem cum g\u00e2ndim o comasare sau o alipire la nivel de jude\u0163. Eu sunt primul care a\u015f vrea s\u0103 m\u0103 unesc cu Beidaud, chiar cu riscul de a-mi pierde mandatul de primar. Sunt de acord cu aceast\u0103 fuziune\u201d, a subliniat primarul comunei Stejaru.<\/p>\n<\/blockquote>\n<p>De\u015fi Stejaru este una dintre comunele cu un grad ridicat de autofinan\u0163are din jude\u0163ul Tulcea, cu peste 60% venituri proprii, primarul a subliniat c\u0103 baza de impozitare este sever afectat\u0103 de legisla\u0163ia na\u0163ional\u0103.<\/p>\n<blockquote>\n<p>\u201eDin 2022, comuna a fost nevoit\u0103 s\u0103 supravie\u0163uiasc\u0103 de una singur\u0103, de\u015fi este al patrulea UAT ca dezvoltare economic\u0103 din jude\u0163ul Tulcea \u015fi se autofinan\u0163eaz\u0103 \u00een propor\u0163ie de peste 60%. Bugetul propriu este format \u00een propor\u0163ie de peste 60% din venituri proprii, taxe \u015fi impozite locale. Cu toate acestea, comuna Stejaru nu poate func\u0163iona normal, deoarece baza de impozitare este decimat\u0103 prin legi date de Parlamentul Rom\u00e2niei \u015fi puse \u00een aplicare de Guvern. De ce trebuie ca bugetul local s\u0103 suporte toate compensa\u0163iile pentru arom\u00e2nii scuti\u0163i de taxe \u015fi impozite locale? De asemenea, satul Mina Alt\u00e2n-Tepe apar\u0163ine companiei Minvest Deva, iar de 24 de ani nu \u00eencas\u0103m niciun leu. \u00cen plus, to\u0163i cei care \u00eenmagazineaz\u0103 produc\u0163ia de cereale sunt scuti\u0163i de plata impozitului pe construc\u0163ii. Pentru UAT Stejaru, acest lucru \u00eenseamn\u0103 aproximativ 35% din veniturile proprii ne\u00eencasate din impozitarea acestor construc\u0163ii\u201d, a conchis Dumitru Enache.<\/p>\n<\/blockquote>\n<p>M\u0103surile de reform\u0103 din administra\u0163ia public\u0103 central\u0103 \u015fi local\u0103 au fost adoptate s\u0103pt\u0103m\u00e2na trecut\u0103 prin ordonan\u0163\u0103 de urgen\u0163\u0103 de guvernul condus de Ilie Bolojan. Acestea vor duce la eliminarea a peste 45.600 de posturi din administra\u0163ia local\u0103, din care aproape 12.800 sunt ocupate. Ordonan\u0163a mai prevede sc\u0103derea sporului de doctorat, cre\u015fterea progresiv\u0103 a v\u00e2rstei de pensionare la militari, precum \u015fi schimb\u0103ri la cump\u0103rarea de imobile \u015fi ma\u015fini ori la amenzile de circula\u0163ie.<\/p>\n<\/div>\n<\/div>\n<div class=\"post-footer\">\n<div class=\"social-icons ed-social-share-icons\">\n<p class=\"share-title\">Share:<\/p>\n<\/div>\n<div class=\"rating-stars\">\n<p id=\"rate-title\" class=\"rate-title\">Rate:<\/p>\n<\/div>\n<\/div>\n<\/article>\n<div class=\"post-content entry-content\">\n<p>Reforma administra\u0163iei publice, prezentat\u0103 de Guvern drept o solu\u0163ie pentru eficientizarea statului \u015fi reducerea cheltuielilor bugetare, scoate la iveal\u0103 probleme vechi \u00een administra\u0163ia local\u0103, mai ales \u00een comunele mici. De la lipsa personalului \u015fi necorelarea atribu\u0163iilor cu resursele existente, p\u00e2n\u0103 la dificultatea colect\u0103rii amenzilor, blocajele din accesarea fondurilor europene \u015fi o baz\u0103 de impozitare erodat\u0103 prin decizii legislative, realitatea din teritoriu contrazice adesea obiectivele reformei.<\/p>\n<p>Aceast\u0103 reform\u0103 este privit\u0103 cu rezerve de primarul comunei Stejaru, Dumitru Enache. Edilul consider\u0103 c\u0103 multe dintre m\u0103surile anun\u0163ate nu produc efecte reale \u00een comunele mici, deoarece acestea func\u0163ioneaz\u0103 deja subdimensionat.<\/p>\n<p><strong>Prim\u0103ria Stejaru nu va fi afectat\u0103 de reducerile de personal anun\u0163ate<\/strong><\/p>\n<p>Unul dintre principalele puncte ale ordonan\u0163ei care vizeaz\u0103 reforma administra\u0163iei este cel legat de reducerea num\u0103rului de posturi din administra\u0163ia local\u0103.<\/p>\n<p>\u00cen anul 2026, autorit\u0103\u0163ile locale vor putea decide temporar dac\u0103 reduc num\u0103rul de posturi sau doar cheltuielile salariale. \u00cencep\u00e2nd cu anul 2027, \u00eens\u0103, 30% din totalul posturilor (ocupate \u015fi vacante) va trebui desfiin\u0163at.<\/p>\n<p>Primarul Dumitru Enache afirm\u0103, totu\u015fi, c\u0103 m\u0103surile privind reducerea personalului \u015fi a cheltuielilor salariale nu produc efecte \u00een cazul comunei Stejaru, deoarece administra\u0163ia func\u0163ioneaz\u0103 deja sub nivelul maxim prev\u0103zut \u00een organigram\u0103.<\/p>\n<blockquote>\n<p>\u201eNu m\u0103 afecteaz\u0103 absolut deloc nici reducerile de personal, nici cele de cheltuieli cu 10%, pentru c\u0103 eu, din 16 angaja\u0163i c\u00e2t \u00eemi permite organigrama, am doar 9, incluz\u00e2nd primarul \u015fi viceprimarul. Anul trecut am bugetat 1,8 milioane de lei pentru salarizarea angaja\u0163ilor \u015fi am cheltuit doar 1,1 milioane. Nu mai am ce \u015fi de unde s\u0103 scad. Nu vreau s\u0103-mi pun niciun coleg primar \u00een cap, dar doresc s\u0103 le ar\u0103t \u015fi s\u0103 le spun celor care conduc vremelnic guvernele Rom\u00e2niei c\u0103, \u00eenc\u0103 din 2009, \u00eentr-o emisiune TV, am ridicat aceast\u0103 problem\u0103. F\u0103r\u0103 reforma administrativ-teritorial\u0103 a \u0163\u0103rii, Rom\u00e2nia, \u00eencet-\u00eencet, va claca. Am tras semnalul de alarm\u0103 \u00eenc\u0103 de atunci \u015fi m\u0103 refeream \u00een primul r\u00e2nd la comuna mea, pentru c\u0103 sim\u0163eam c\u0103 dezvoltarea acesteia depinde \u00een principal de bugetul de stat \u015fi nu de ceea ce poate oferi comuna. \u00cenc\u0103 de atunci spuneam c\u0103 f\u0103r\u0103 o echilibrare a bugetelor locale nu ai cum s\u0103 dezvol\u0163i o \u0163ar\u0103\u201d, ne-a declarat primarul comunei Stejaru, Dumitru Enache.<\/p>\n<\/blockquote>\n<p>Cu toate c\u0103 \u00een ultimii ani administra\u0163iile publice locale s-au digitalizat, primarul din Stejaru atrage aten\u0163ia asupra lipsei resursei umane calificate.<\/p>\n<blockquote>\n<p>\u201eReferitor la num\u0103rul de angaja\u0163i, \u00eencet-\u00eencet s-au produs schimb\u0103ri \u015fi pe zona digitaliz\u0103rii. Noi ne-am dotat cu calculatoare, wireless \u015fi tot felul de tehnologii moderne, astfel \u00eenc\u00e2t num\u0103rul de angaja\u0163i mi se pare acum pu\u0163in mai mare fa\u0163\u0103 de nevoile reale pe care le au comunele. Este adev\u0103rat \u00eens\u0103 c\u0103 ne lipse\u015fte resursa uman\u0103 necesar\u0103 pentru a implementa programele de digitalizare pe toate segmentele. Nu avem personal preg\u0103tit la nivelul a ceea ce se poate face ast\u0103zi online\u201d, ne-a mai spus primarul comunei Stejaru.<\/p>\n<\/blockquote>\n<p>Cu toate acestea, edilul este de acord cu reforma aparatului administrativ, dar avertizeaz\u0103 asupra riscului unei restructur\u0103ri f\u0103cute f\u0103r\u0103 consultare. \u00cen prezent, comuna Stejaru func\u0163ioneaz\u0103 cu un num\u0103r foarte mic de func\u0163ionari publici, competen\u0163i \u015fi f\u0103r\u0103 de care administra\u0163ia public\u0103 nu ar putea func\u0163iona.<\/p>\n<blockquote>\n<p>\u201eSunt de acord, \u00een principiu, cu restructurarea, dar s\u0103 nu se intre cu bocancii \u00een reorganizarea aparatului de specialitate al primarului, respectiv \u00een func\u0163ionarii capabili. La ora actual\u0103 am doar patru func\u0163ionari publici pe care m\u0103 bazez. De\u015fi reu\u015fesc s\u0103 duc la bun sf\u00e2r\u015fit toate documentele \u015fi coresponden\u0163a cu institu\u0163iile statului, totu\u015fi patru func\u0163ionari publici mi se par pu\u0163ini\u201d, a afirmat edilul.<\/p>\n<\/blockquote>\n<p>De\u015fi cei patru func\u0163ionari reu\u015fesc s\u0103 gestioneze documenta\u0163ia \u015fi coresponden\u0163a cu institu\u0163iile statului, ace\u015ftia sunt suprasolicita\u0163i, \u00een condi\u0163iile \u00een care Guvernul cere reduceri de personal, dar, prin intermediul Prefecturii, transfer\u0103 constant noi competen\u0163e c\u0103tre autorit\u0103\u0163ile locale.<\/p>\n<blockquote>\n<p>\u201eNoi trebuie s\u0103 respect\u0103m legea, nu doar s\u0103 facem economie, pentru c\u0103, pe de o parte, Guvernul vrea economii \u015fi restructur\u0103ri de posturi, iar pe de alt\u0103 parte, prin Prefectur\u0103, ne transmite competen\u0163e \u00een fiecare zi. La nivelul competen\u0163elor pe care le avem prin descentralizarea administrativ\u0103, ar trebui s\u0103 avem aproximativ 40 de angaja\u0163i, la o comun\u0103 cu 1.000 de locuitori. Prefectura \u00ee\u0163i cere s\u0103 ai comisii pe etic\u0103, angaja\u0163i pentru ISU \u015fi multe altele. Exist\u0103 ni\u015fte necorel\u0103ri grave \u00eentre ceea ce vrea Guvernul \u015fi realitatea din teren. Mai este mult de lucru. Dac\u0103 nu se g\u00e2nde\u015fte, \u00een cei mai serio\u015fi termeni, ca \u00een urm\u0103torii trei ani s\u0103 se aplice reforma administrativ-teritorial\u0103 \u2013 s\u0103 se reduc\u0103 num\u0103rul de comune \u015fi jude\u0163e, s\u0103 se fac\u0103 regiuni, f\u0103r\u0103 at\u00e2tea prefecturi, prim\u0103rii \u015fi consilii jude\u0163ene \u2013 nu vom avea un stat suplu, care s\u0103 lucreze \u00een interesul cet\u0103\u0163eanului\u201d, a precizat Dumitru Enache.<\/p>\n<\/blockquote>\n<p><strong>\u015eoferii r\u0103m\u00e2n f\u0103r\u0103 permis dac\u0103 nu-\u015fi pl\u0103tesc amenzile de circula\u0163ie<\/strong><\/p>\n<p>Dreptul de a conduce se va suspenda \u00een cazul \u015foferilor care nu achit\u0103 amenzile de circula\u0163ie \u00een termen de 90 de zile de la comunicarea\/\u00eenm\u00e2narea procesului-verbal.<\/p>\n<p>Ordonan\u0163a prevede c\u0103 pentru a se reduce cu o treime perioada de suspendare a permisului auto, contravenientul trebuie s\u0103 achite la bugetul local toate obliga\u0163iile de plat\u0103 din amenzile contraven\u0163ionale care i-au fost aplicate \u00een calitate de conduc\u0103tori de autovehicule, tractoare agricole sau forestiere \u015fi tramvaie.<\/p>\n<p>Ministrul Dezvolt\u0103rii, Cseke Attila, a declarat s\u0103pt\u0103m\u00e2na trecut\u0103 c\u0103 suspendarea permisului se va face \u00een termen de 105 zile de la constatarea prin proces verbal a contraven\u0163iei.<\/p>\n<p>Primarul comunei Stejaru a ar\u0103tat c\u0103, de\u015fi doar aproximativ 40% dintre cet\u0103\u0163eni \u00ee\u015fi achit\u0103 amenzile, iar m\u0103sura ar fi binevenit\u0103 pentru cre\u015fterea veniturilor la bugetul local, aplicarea ei este dificil\u0103.<\/p>\n<blockquote>\n<p>\u201eDin c\u00e2te \u015ftiu, acest model se practic\u0103 \u00een \u015fase \u0163\u0103ri din Uniunea European\u0103. Este un adev\u0103r c\u0103 aceste amenzi nu sunt pl\u0103tite. \u00cen jur de 40% dintre cet\u0103\u0163enii Rom\u00e2niei le achit\u0103, iar restul nu. Este o neloialitate fa\u0163\u0103 de ceilal\u0163i cet\u0103\u0163eni. Ideea, \u00een principiu, este bun\u0103 pentru autorit\u0103\u0163ile locale, ca prim\u0103riile s\u0103 \u00eencaseze aceste sume pentru a-\u015fi crea venituri la bugetul local, dar at\u00e2ta timp c\u00e2t nu \u00eei dai p\u00e2rghii primarului s\u0103 le poat\u0103 \u00eencasa efectiv, acest lucru nu este posibil. Oamenii care au decedat sau cei pleca\u0163i \u00een str\u0103in\u0103tate \u015fi care au amenzi \u2013 cum \u00eei identifici, cum le g\u0103se\u015fti adresa pentru a-i executa? Acum, greutatea cade pe \u015foferi, dar nu numai ei primesc amenzi. Pe celelalte categorii de cet\u0103\u0163eni care au amenzi, cum \u00eei convingem s\u0103 pl\u0103teasc\u0103? S\u0103 nu se cread\u0103 c\u0103 sunt cet\u0103\u0163eni care nu vor s\u0103-\u015fi pl\u0103teasc\u0103 amenzile; sunt oameni foarte s\u0103raci, care pur \u015fi simplu nu le pot achita\u201d, a afirmat edilul.<\/p>\n<\/blockquote>\n<p>Primarul a vorbit \u015fi despre dificult\u0103\u0163ile financiare gene-rate de modul \u00een care sunt gestionate fondurile europene. Acesta a explicat c\u0103 multe comune se angajeaz\u0103 \u00een cheltuieli pentru realizarea de proiecte, \u00een condi\u0163iile \u00een care sunt depuse mult mai multe cereri de finan\u0163are dec\u00e2t fonduri disponibile.<\/p>\n<blockquote>\n<p>\u201eToate comunele au deficit, pentru c\u0103 ne baz\u0103m pe un buget care func\u0163ioneaz\u0103 ca un organism viu. Ne angaj\u0103m \u00een anumite cheltuieli pentru a accesa fonduri europene \u015fi depunem proiecte. Guvernul ar trebui s\u0103 constate c\u0103 sunt cu 70% mai multe proiecte depuse dec\u00e2t fondurile disponibile. Atunci c\u00e2nd s-au f\u0103cut ghidurile trebuia s\u0103 se \u015ftie c\u00e2te proiecte pot fi finan\u0163ate pe fiecare ax\u0103. Se putea \u00eenchide apelul la timp, pentru a nu se mai cheltui bani inutil. S-au cheltuit zeci de milioane de euro pentru proiecte \u015fi consultan\u0163\u0103, iar \u00een august 2025 te treze\u015fti c\u0103 nu mai po\u0163i continua proiectul. Pe acele h\u00e2rtii s-au cheltuit bani. Acei bani nu erau ai Rom\u00e2niei? Sunt mii de proiecte pl\u0103tite la nivelul \u0163\u0103rii, firme de consultan\u0163\u0103 care \u015fi-au \u00eencasat banii. De exemplu, pentru Stejaru s-a eliminat din PNRR proiectul gropilor de gunoi de grajd. \u00cen 2024 a fost pesta micilor rumeg\u0103toare, iar la Stejaru nu s-a aprobat acest proiect. Acolo trebuia s\u0103 depozit\u0103m gunoiul de grajd provenit de la animale bolnave, care trebuia neutralizat. Boala se r\u0103sp\u00e2nde\u015fte \u015fi prin gunoiul de grajd. Noi \u00eel arunc\u0103m pe c\u00e2mp, vin p\u0103s\u0103rile cerului \u015fi r\u0103sp\u00e2ndesc boala\u201d, a ad\u0103ugat primarul Enache.<\/p>\n<\/blockquote>\n<p><strong>Fuziunea comunelor, solu\u0163ie asumat\u0103 de primar<\/strong><\/p>\n<p>\u00cen ceea ce prive\u015fte reorganizarea administrativ\u0103, primarul a declarat c\u0103 a ridicat \u00eenc\u0103 de acum trei ani problema comas\u0103rii comunei Stejaru cu alte localit\u0103\u0163i din jude\u0163, precum Baia, Beidaud, Casimcea sau Topolog. El consider\u0103 c\u0103 Stejaru nu mai poate func\u0163iona de una singur\u0103 \u015fi sus\u0163ine ideea fuziunii chiar \u015fi cu riscul pierderii propriului mandat, apreciind c\u0103 aceasta ar fi o solu\u0163ie necesar\u0103 pentru eficientizarea administra\u0163iei.<\/p>\n<blockquote>\n<p>\u201eAm ridicat acest subiect \u00eenc\u0103 de acum trei ani, pentru c\u0103 situa\u0163ia comunei Stejaru este unic\u0103 \u00een jude\u0163ul Tulcea. Am spus c\u0103 ar trebui s\u0103 se lipeasc\u0103 de Baia, Beidaud, Casimcea sau Topolog, pentru c\u0103 singur\u0103 nu mai poate supravie\u0163ui. Am deschis subiectul fuziunii \u015fi \u00een comun\u0103 \u015fi o s\u0103-l propun \u015fi primarilor vecini. Trebuie s\u0103 vedem cum g\u00e2ndim o comasare sau o alipire la nivel de jude\u0163. Eu sunt primul care a\u015f vrea s\u0103 m\u0103 unesc cu Beidaud, chiar cu riscul de a-mi pierde mandatul de primar. Sunt de acord cu aceast\u0103 fuziune\u201d, a subliniat primarul comunei Stejaru.<\/p>\n<\/blockquote>\n<p>De\u015fi Stejaru este una dintre comunele cu un grad ridicat de autofinan\u0163are din jude\u0163ul Tulcea, cu peste 60% venituri proprii, primarul a subliniat c\u0103 baza de impozitare este sever afectat\u0103 de legisla\u0163ia na\u0163ional\u0103.<\/p>\n<blockquote>\n<p>\u201eDin 2022, comuna a fost nevoit\u0103 s\u0103 supravie\u0163uiasc\u0103 de una singur\u0103, de\u015fi este al patrulea UAT ca dezvoltare economic\u0103 din jude\u0163ul Tulcea \u015fi se autofinan\u0163eaz\u0103 \u00een propor\u0163ie de peste 60%. Bugetul propriu este format \u00een propor\u0163ie de peste 60% din venituri proprii, taxe \u015fi impozite locale. Cu toate acestea, comuna Stejaru nu poate func\u0163iona normal, deoarece baza de impozitare este decimat\u0103 prin legi date de Parlamentul Rom\u00e2niei \u015fi puse \u00een aplicare de Guvern. De ce trebuie ca bugetul local s\u0103 suporte toate compensa\u0163iile pentru arom\u00e2nii scuti\u0163i de taxe \u015fi impozite locale? De asemenea, satul Mina Alt\u00e2n-Tepe apar\u0163ine companiei Minvest Deva, iar de 24 de ani nu \u00eencas\u0103m niciun leu. \u00cen plus, to\u0163i cei care \u00eenmagazineaz\u0103 produc\u0163ia de cereale sunt scuti\u0163i de plata impozitului pe construc\u0163ii. Pentru UAT Stejaru, acest lucru \u00eenseamn\u0103 aproximativ 35% din veniturile proprii ne\u00eencasate din impozitarea acestor construc\u0163ii\u201d, a conchis Dumitru Enache.<\/p>\n<\/blockquote>\n<p>M\u0103surile de reform\u0103 din administra\u0163ia public\u0103 central\u0103 \u015fi local\u0103 au fost adoptate s\u0103pt\u0103m\u00e2na trecut\u0103 prin ordonan\u0163\u0103 de urgen\u0163\u0103 de guvernul condus de Ilie Bolojan. Acestea vor duce la eliminarea a peste 45.600 de posturi din administra\u0163ia local\u0103, din care aproape 12.800 sunt ocupate. Ordonan\u0163a mai prevede sc\u0103derea sporului de doctorat, cre\u015fterea progresiv\u0103 a v\u00e2rstei de pensionare la militari, precum \u015fi schimb\u0103ri la cump\u0103rarea de imobile \u015fi ma\u015fini ori la amenzile de circula\u0163ie.<\/p>\n<\/div>\n<div class=\"post-content entry-content\">\n<p>Reforma administra\u0163iei publice, prezentat\u0103 de Guvern drept o solu\u0163ie pentru eficientizarea statului \u015fi reducerea cheltuielilor bugetare, scoate la iveal\u0103 probleme vechi \u00een administra\u0163ia local\u0103, mai ales \u00een comunele mici. De la lipsa personalului \u015fi necorelarea atribu\u0163iilor cu resursele existente, p\u00e2n\u0103 la dificultatea colect\u0103rii amenzilor, blocajele din accesarea fondurilor europene \u015fi o baz\u0103 de impozitare erodat\u0103 prin decizii legislative, realitatea din teritoriu contrazice adesea obiectivele reformei.<\/p>\n<p>Aceast\u0103 reform\u0103 este privit\u0103 cu rezerve de primarul comunei Stejaru, Dumitru Enache. Edilul consider\u0103 c\u0103 multe dintre m\u0103surile anun\u0163ate nu produc efecte reale \u00een comunele mici, deoarece acestea func\u0163ioneaz\u0103 deja subdimensionat.<\/p>\n<p><strong>Prim\u0103ria Stejaru nu va fi afectat\u0103 de reducerile de personal anun\u0163ate<\/strong><\/p>\n<p>Unul dintre principalele puncte ale ordonan\u0163ei care vizeaz\u0103 reforma administra\u0163iei este cel legat de reducerea num\u0103rului de posturi din administra\u0163ia local\u0103.<\/p>\n<p>\u00cen anul 2026, autorit\u0103\u0163ile locale vor putea decide temporar dac\u0103 reduc num\u0103rul de posturi sau doar cheltuielile salariale. \u00cencep\u00e2nd cu anul 2027, \u00eens\u0103, 30% din totalul posturilor (ocupate \u015fi vacante) va trebui desfiin\u0163at.<\/p>\n<p>Primarul Dumitru Enache afirm\u0103, totu\u015fi, c\u0103 m\u0103surile privind reducerea personalului \u015fi a cheltuielilor salariale nu produc efecte \u00een cazul comunei Stejaru, deoarece administra\u0163ia func\u0163ioneaz\u0103 deja sub nivelul maxim prev\u0103zut \u00een organigram\u0103.<\/p>\n<blockquote>\n<p>\u201eNu m\u0103 afecteaz\u0103 absolut deloc nici reducerile de personal, nici cele de cheltuieli cu 10%, pentru c\u0103 eu, din 16 angaja\u0163i c\u00e2t \u00eemi permite organigrama, am doar 9, incluz\u00e2nd primarul \u015fi viceprimarul. Anul trecut am bugetat 1,8 milioane de lei pentru salarizarea angaja\u0163ilor \u015fi am cheltuit doar 1,1 milioane. Nu mai am ce \u015fi de unde s\u0103 scad. Nu vreau s\u0103-mi pun niciun coleg primar \u00een cap, dar doresc s\u0103 le ar\u0103t \u015fi s\u0103 le spun celor care conduc vremelnic guvernele Rom\u00e2niei c\u0103, \u00eenc\u0103 din 2009, \u00eentr-o emisiune TV, am ridicat aceast\u0103 problem\u0103. F\u0103r\u0103 reforma administrativ-teritorial\u0103 a \u0163\u0103rii, Rom\u00e2nia, \u00eencet-\u00eencet, va claca. Am tras semnalul de alarm\u0103 \u00eenc\u0103 de atunci \u015fi m\u0103 refeream \u00een primul r\u00e2nd la comuna mea, pentru c\u0103 sim\u0163eam c\u0103 dezvoltarea acesteia depinde \u00een principal de bugetul de stat \u015fi nu de ceea ce poate oferi comuna. \u00cenc\u0103 de atunci spuneam c\u0103 f\u0103r\u0103 o echilibrare a bugetelor locale nu ai cum s\u0103 dezvol\u0163i o \u0163ar\u0103\u201d, ne-a declarat primarul comunei Stejaru, Dumitru Enache.<\/p>\n<\/blockquote>\n<p>Cu toate c\u0103 \u00een ultimii ani administra\u0163iile publice locale s-au digitalizat, primarul din Stejaru atrage aten\u0163ia asupra lipsei resursei umane calificate.<\/p>\n<blockquote>\n<p>\u201eReferitor la num\u0103rul de angaja\u0163i, \u00eencet-\u00eencet s-au produs schimb\u0103ri \u015fi pe zona digitaliz\u0103rii. Noi ne-am dotat cu calculatoare, wireless \u015fi tot felul de tehnologii moderne, astfel \u00eenc\u00e2t num\u0103rul de angaja\u0163i mi se pare acum pu\u0163in mai mare fa\u0163\u0103 de nevoile reale pe care le au comunele. Este adev\u0103rat \u00eens\u0103 c\u0103 ne lipse\u015fte resursa uman\u0103 necesar\u0103 pentru a implementa programele de digitalizare pe toate segmentele. Nu avem personal preg\u0103tit la nivelul a ceea ce se poate face ast\u0103zi online\u201d, ne-a mai spus primarul comunei Stejaru.<\/p>\n<\/blockquote>\n<p>Cu toate acestea, edilul este de acord cu reforma aparatului administrativ, dar avertizeaz\u0103 asupra riscului unei restructur\u0103ri f\u0103cute f\u0103r\u0103 consultare. \u00cen prezent, comuna Stejaru func\u0163ioneaz\u0103 cu un num\u0103r foarte mic de func\u0163ionari publici, competen\u0163i \u015fi f\u0103r\u0103 de care administra\u0163ia public\u0103 nu ar putea func\u0163iona.<\/p>\n<blockquote>\n<p>\u201eSunt de acord, \u00een principiu, cu restructurarea, dar s\u0103 nu se intre cu bocancii \u00een reorganizarea aparatului de specialitate al primarului, respectiv \u00een func\u0163ionarii capabili. La ora actual\u0103 am doar patru func\u0163ionari publici pe care m\u0103 bazez. De\u015fi reu\u015fesc s\u0103 duc la bun sf\u00e2r\u015fit toate documentele \u015fi coresponden\u0163a cu institu\u0163iile statului, totu\u015fi patru func\u0163ionari publici mi se par pu\u0163ini\u201d, a afirmat edilul.<\/p>\n<\/blockquote>\n<p>De\u015fi cei patru func\u0163ionari reu\u015fesc s\u0103 gestioneze documenta\u0163ia \u015fi coresponden\u0163a cu institu\u0163iile statului, ace\u015ftia sunt suprasolicita\u0163i, \u00een condi\u0163iile \u00een care Guvernul cere reduceri de personal, dar, prin intermediul Prefecturii, transfer\u0103 constant noi competen\u0163e c\u0103tre autorit\u0103\u0163ile locale.<\/p>\n<blockquote>\n<p>\u201eNoi trebuie s\u0103 respect\u0103m legea, nu doar s\u0103 facem economie, pentru c\u0103, pe de o parte, Guvernul vrea economii \u015fi restructur\u0103ri de posturi, iar pe de alt\u0103 parte, prin Prefectur\u0103, ne transmite competen\u0163e \u00een fiecare zi. La nivelul competen\u0163elor pe care le avem prin descentralizarea administrativ\u0103, ar trebui s\u0103 avem aproximativ 40 de angaja\u0163i, la o comun\u0103 cu 1.000 de locuitori. Prefectura \u00ee\u0163i cere s\u0103 ai comisii pe etic\u0103, angaja\u0163i pentru ISU \u015fi multe altele. Exist\u0103 ni\u015fte necorel\u0103ri grave \u00eentre ceea ce vrea Guvernul \u015fi realitatea din teren. Mai este mult de lucru. Dac\u0103 nu se g\u00e2nde\u015fte, \u00een cei mai serio\u015fi termeni, ca \u00een urm\u0103torii trei ani s\u0103 se aplice reforma administrativ-teritorial\u0103 \u2013 s\u0103 se reduc\u0103 num\u0103rul de comune \u015fi jude\u0163e, s\u0103 se fac\u0103 regiuni, f\u0103r\u0103 at\u00e2tea prefecturi, prim\u0103rii \u015fi consilii jude\u0163ene \u2013 nu vom avea un stat suplu, care s\u0103 lucreze \u00een interesul cet\u0103\u0163eanului\u201d, a precizat Dumitru Enache.<\/p>\n<\/blockquote>\n<p><strong>\u015eoferii r\u0103m\u00e2n f\u0103r\u0103 permis dac\u0103 nu-\u015fi pl\u0103tesc amenzile de circula\u0163ie<\/strong><\/p>\n<p>Dreptul de a conduce se va suspenda \u00een cazul \u015foferilor care nu achit\u0103 amenzile de circula\u0163ie \u00een termen de 90 de zile de la comunicarea\/\u00eenm\u00e2narea procesului-verbal.<\/p>\n<p>Ordonan\u0163a prevede c\u0103 pentru a se reduce cu o treime perioada de suspendare a permisului auto, contravenientul trebuie s\u0103 achite la bugetul local toate obliga\u0163iile de plat\u0103 din amenzile contraven\u0163ionale care i-au fost aplicate \u00een calitate de conduc\u0103tori de autovehicule, tractoare agricole sau forestiere \u015fi tramvaie.<\/p>\n<p>Ministrul Dezvolt\u0103rii, Cseke Attila, a declarat s\u0103pt\u0103m\u00e2na trecut\u0103 c\u0103 suspendarea permisului se va face \u00een termen de 105 zile de la constatarea prin proces verbal a contraven\u0163iei.<\/p>\n<p>Primarul comunei Stejaru a ar\u0103tat c\u0103, de\u015fi doar aproximativ 40% dintre cet\u0103\u0163eni \u00ee\u015fi achit\u0103 amenzile, iar m\u0103sura ar fi binevenit\u0103 pentru cre\u015fterea veniturilor la bugetul local, aplicarea ei este dificil\u0103.<\/p>\n<blockquote>\n<p>\u201eDin c\u00e2te \u015ftiu, acest model se practic\u0103 \u00een \u015fase \u0163\u0103ri din Uniunea European\u0103. Este un adev\u0103r c\u0103 aceste amenzi nu sunt pl\u0103tite. \u00cen jur de 40% dintre cet\u0103\u0163enii Rom\u00e2niei le achit\u0103, iar restul nu. Este o neloialitate fa\u0163\u0103 de ceilal\u0163i cet\u0103\u0163eni. Ideea, \u00een principiu, este bun\u0103 pentru autorit\u0103\u0163ile locale, ca prim\u0103riile s\u0103 \u00eencaseze aceste sume pentru a-\u015fi crea venituri la bugetul local, dar at\u00e2ta timp c\u00e2t nu \u00eei dai p\u00e2rghii primarului s\u0103 le poat\u0103 \u00eencasa efectiv, acest lucru nu este posibil. Oamenii care au decedat sau cei pleca\u0163i \u00een str\u0103in\u0103tate \u015fi care au amenzi \u2013 cum \u00eei identifici, cum le g\u0103se\u015fti adresa pentru a-i executa? Acum, greutatea cade pe \u015foferi, dar nu numai ei primesc amenzi. Pe celelalte categorii de cet\u0103\u0163eni care au amenzi, cum \u00eei convingem s\u0103 pl\u0103teasc\u0103? S\u0103 nu se cread\u0103 c\u0103 sunt cet\u0103\u0163eni care nu vor s\u0103-\u015fi pl\u0103teasc\u0103 amenzile; sunt oameni foarte s\u0103raci, care pur \u015fi simplu nu le pot achita\u201d, a afirmat edilul.<\/p>\n<\/blockquote>\n<p>Primarul a vorbit \u015fi despre dificult\u0103\u0163ile financiare gene-rate de modul \u00een care sunt gestionate fondurile europene. Acesta a explicat c\u0103 multe comune se angajeaz\u0103 \u00een cheltuieli pentru realizarea de proiecte, \u00een condi\u0163iile \u00een care sunt depuse mult mai multe cereri de finan\u0163are dec\u00e2t fonduri disponibile.<\/p>\n<blockquote>\n<p>\u201eToate comunele au deficit, pentru c\u0103 ne baz\u0103m pe un buget care func\u0163ioneaz\u0103 ca un organism viu. Ne angaj\u0103m \u00een anumite cheltuieli pentru a accesa fonduri europene \u015fi depunem proiecte. Guvernul ar trebui s\u0103 constate c\u0103 sunt cu 70% mai multe proiecte depuse dec\u00e2t fondurile disponibile. Atunci c\u00e2nd s-au f\u0103cut ghidurile trebuia s\u0103 se \u015ftie c\u00e2te proiecte pot fi finan\u0163ate pe fiecare ax\u0103. Se putea \u00eenchide apelul la timp, pentru a nu se mai cheltui bani inutil. S-au cheltuit zeci de milioane de euro pentru proiecte \u015fi consultan\u0163\u0103, iar \u00een august 2025 te treze\u015fti c\u0103 nu mai po\u0163i continua proiectul. Pe acele h\u00e2rtii s-au cheltuit bani. Acei bani nu erau ai Rom\u00e2niei? Sunt mii de proiecte pl\u0103tite la nivelul \u0163\u0103rii, firme de consultan\u0163\u0103 care \u015fi-au \u00eencasat banii. De exemplu, pentru Stejaru s-a eliminat din PNRR proiectul gropilor de gunoi de grajd. \u00cen 2024 a fost pesta micilor rumeg\u0103toare, iar la Stejaru nu s-a aprobat acest proiect. Acolo trebuia s\u0103 depozit\u0103m gunoiul de grajd provenit de la animale bolnave, care trebuia neutralizat. Boala se r\u0103sp\u00e2nde\u015fte \u015fi prin gunoiul de grajd. Noi \u00eel arunc\u0103m pe c\u00e2mp, vin p\u0103s\u0103rile cerului \u015fi r\u0103sp\u00e2ndesc boala\u201d, a ad\u0103ugat primarul Enache.<\/p>\n<\/blockquote>\n<p><strong>Fuziunea comunelor, solu\u0163ie asumat\u0103 de primar<\/strong><\/p>\n<p>\u00cen ceea ce prive\u015fte reorganizarea administrativ\u0103, primarul a declarat c\u0103 a ridicat \u00eenc\u0103 de acum trei ani problema comas\u0103rii comunei Stejaru cu alte localit\u0103\u0163i din jude\u0163, precum Baia, Beidaud, Casimcea sau Topolog. El consider\u0103 c\u0103 Stejaru nu mai poate func\u0163iona de una singur\u0103 \u015fi sus\u0163ine ideea fuziunii chiar \u015fi cu riscul pierderii propriului mandat, apreciind c\u0103 aceasta ar fi o solu\u0163ie necesar\u0103 pentru eficientizarea administra\u0163iei.<\/p>\n<blockquote>\n<p>\u201eAm ridicat acest subiect \u00eenc\u0103 de acum trei ani, pentru c\u0103 situa\u0163ia comunei Stejaru este unic\u0103 \u00een jude\u0163ul Tulcea. Am spus c\u0103 ar trebui s\u0103 se lipeasc\u0103 de Baia, Beidaud, Casimcea sau Topolog, pentru c\u0103 singur\u0103 nu mai poate supravie\u0163ui. Am deschis subiectul fuziunii \u015fi \u00een comun\u0103 \u015fi o s\u0103-l propun \u015fi primarilor vecini. Trebuie s\u0103 vedem cum g\u00e2ndim o comasare sau o alipire la nivel de jude\u0163. Eu sunt primul care a\u015f vrea s\u0103 m\u0103 unesc cu Beidaud, chiar cu riscul de a-mi pierde mandatul de primar. Sunt de acord cu aceast\u0103 fuziune\u201d, a subliniat primarul comunei Stejaru.<\/p>\n<\/blockquote>\n<p>De\u015fi Stejaru este una dintre comunele cu un grad ridicat de autofinan\u0163are din jude\u0163ul Tulcea, cu peste 60% venituri proprii, primarul a subliniat c\u0103 baza de impozitare este sever afectat\u0103 de legisla\u0163ia na\u0163ional\u0103.<\/p>\n<blockquote>\n<p>\u201eDin 2022, comuna a fost nevoit\u0103 s\u0103 supravie\u0163uiasc\u0103 de una singur\u0103, de\u015fi este al patrulea UAT ca dezvoltare economic\u0103 din jude\u0163ul Tulcea \u015fi se autofinan\u0163eaz\u0103 \u00een propor\u0163ie de peste 60%. Bugetul propriu este format \u00een propor\u0163ie de peste 60% din venituri proprii, taxe \u015fi impozite locale. Cu toate acestea, comuna Stejaru nu poate func\u0163iona normal, deoarece baza de impozitare este decimat\u0103 prin legi date de Parlamentul Rom\u00e2niei \u015fi puse \u00een aplicare de Guvern. De ce trebuie ca bugetul local s\u0103 suporte toate compensa\u0163iile pentru arom\u00e2nii scuti\u0163i de taxe \u015fi impozite locale? De asemenea, satul Mina Alt\u00e2n-Tepe apar\u0163ine companiei Minvest Deva, iar de 24 de ani nu \u00eencas\u0103m niciun leu. \u00cen plus, to\u0163i cei care \u00eenmagazineaz\u0103 produc\u0163ia de cereale sunt scuti\u0163i de plata impozitului pe construc\u0163ii. Pentru UAT Stejaru, acest lucru \u00eenseamn\u0103 aproximativ 35% din veniturile proprii ne\u00eencasate din impozitarea acestor construc\u0163ii\u201d, a conchis Dumitru Enache.<\/p>\n<\/blockquote>\n<p>M\u0103surile de reform\u0103 din administra\u0163ia public\u0103 central\u0103 \u015fi local\u0103 au fost adoptate s\u0103pt\u0103m\u00e2na trecut\u0103 prin ordonan\u0163\u0103 de urgen\u0163\u0103 de guvernul condus de Ilie Bolojan. Acestea vor duce la eliminarea a peste 45.600 de posturi din administra\u0163ia local\u0103, din care aproape 12.800 sunt ocupate. Ordonan\u0163a mai prevede sc\u0103derea sporului de doctorat, cre\u015fterea progresiv\u0103 a v\u00e2rstei de pensionare la militari, precum \u015fi schimb\u0103ri la cump\u0103rarea de imobile \u015fi ma\u015fini ori la amenzile de circula\u0163ie.<\/p>\n<\/div>\n<p>[analyse_source url=&#8221;https:\/\/ziaruldelta.ro\/2026\/03\/03\/dumitru-enache-primarul-comunei-stejaru-fara-reforma-administrativ-teritoriala-a-tarii-romania-incet-incet-va-claca\/&#8221;]<\/p>\n","protected":false},"excerpt":{"rendered":"<p>[analyse_image type=&#8221;featured&#8221; src=&#8221;https:\/\/ziaruldelta.ro\/wp-content\/uploads\/2026\/03\/dumitru-enache.jpg&#8221;] Dumitru Enache, primarul comunei Stejaru: \u201eF\u0103r\u0103 reforma administrativ-teritorial\u0103 a \u0163\u0103rii, Rom\u00e2nia, \u00eencet-\u00eencet, va claca\u201d Posted by Nicoleta URMUZ | Mar 3, 2026 | Politica &#8211; Administratie | Reforma administra\u0163iei publice, prezentat\u0103 de Guvern drept o solu\u0163ie pentru eficientizarea statului \u015fi reducerea cheltuielilor bugetare, scoate la iveal\u0103 probleme vechi \u00een administra\u0163ia local\u0103, mai [&hellip;]<\/p>\n","protected":false},"author":1,"featured_media":0,"comment_status":"open","ping_status":"","sticky":false,"template":"","format":"standard","meta":{"footnotes":""},"categories":[89],"tags":[226,206],"class_list":["post-1803448","post","type-post","status-publish","format-standard","hentry","category-romania","tag-crawlmanager","tag-ziaruldelta-ro"],"_links":{"self":[{"href":"https:\/\/analyse.optim.biz\/index.php?rest_route=\/wp\/v2\/posts\/1803448","targetHints":{"allow":["GET"]}}],"collection":[{"href":"https:\/\/analyse.optim.biz\/index.php?rest_route=\/wp\/v2\/posts"}],"about":[{"href":"https:\/\/analyse.optim.biz\/index.php?rest_route=\/wp\/v2\/types\/post"}],"author":[{"embeddable":true,"href":"https:\/\/analyse.optim.biz\/index.php?rest_route=\/wp\/v2\/users\/1"}],"replies":[{"embeddable":true,"href":"https:\/\/analyse.optim.biz\/index.php?rest_route=%2Fwp%2Fv2%2Fcomments&post=1803448"}],"version-history":[{"count":0,"href":"https:\/\/analyse.optim.biz\/index.php?rest_route=\/wp\/v2\/posts\/1803448\/revisions"}],"wp:attachment":[{"href":"https:\/\/analyse.optim.biz\/index.php?rest_route=%2Fwp%2Fv2%2Fmedia&parent=1803448"}],"wp:term":[{"taxonomy":"category","embeddable":true,"href":"https:\/\/analyse.optim.biz\/index.php?rest_route=%2Fwp%2Fv2%2Fcategories&post=1803448"},{"taxonomy":"post_tag","embeddable":true,"href":"https:\/\/analyse.optim.biz\/index.php?rest_route=%2Fwp%2Fv2%2Ftags&post=1803448"}],"curies":[{"name":"wp","href":"https:\/\/api.w.org\/{rel}","templated":true}]}}