{"id":1803425,"date":"2026-03-03T10:34:55","date_gmt":"2026-03-03T07:34:55","guid":{"rendered":"https:\/\/analyse.optim.biz\/?p=1803425"},"modified":"2026-03-03T10:34:55","modified_gmt":"2026-03-03T07:34:55","slug":"proiect-aur-victimele-violentei-domestice-vor-fi-informate-obligatoriu-in-scris-despre-drepturile-lor-inca-de-la-primul-contact-cu-autoritatile","status":"publish","type":"post","link":"https:\/\/analyse.optim.biz\/?p=1803425","title":{"rendered":"Proiect AUR: Victimele violen\u0163ei domestice vor fi informate obligatoriu, \u00een scris, despre drepturile lor \u00eenc\u0103 de la primul contact cu autorit\u0103\u0163ile"},"content":{"rendered":"<p>[analyse_image type=&#8221;featured&#8221; src=&#8221;https:\/\/gazetadinvest.ro\/wp-content\/uploads\/2026\/01\/AUR.jpg&#8221;]<\/p>\n<div class=\"td-post-content tagdiv-type\">\n<div class=\"td-post-featured-image\"><a href=\"https:\/\/gazetadinvest.ro\/wp-content\/uploads\/2026\/01\/AUR.jpg\" data-caption><img loading=\"lazy\" decoding=\"async\" width=\"696\" height=\"452\" class=\"entry-thumb td-modal-image\" src=\"https:\/\/gazetadinvest.ro\/wp-content\/uploads\/2026\/01\/AUR-696x452.jpg\" alt title=\"AUR\"><\/a><\/div>\n<p><strong>Alian\u0163a pentru Unirea Rom\u00e2nilor (AUR) a depus mar\u0163i un proiect de lege pentru completarea art. 6 din Legea nr. 217\/2003 privind prevenirea \u015fi combaterea violen\u0163ei domestice, cu scopul de a introduce obliga\u0163ia expres\u0103 de informare a victimelor cu privire la drepturile lor, \u00eenc\u0103 din primul moment al interac\u0163iunii cu autorit\u0103\u0163ile statului.<\/strong><\/p>\n<p>Ini\u0163iativa legislativ\u0103 prevede c\u0103, la primul contact al victimei cu o autoritate competent\u0103 sau cu un organ judiciar, precum \u015fi anterior primei audieri ori declara\u0163ii \u00een leg\u0103tur\u0103 cu faptele de violen\u0163\u0103 domestic\u0103 sau cu cererea de ordin de protec\u0163ie, aceasta trebuie informat\u0103, \u00een mod clar \u015fi accesibil, despre dreptul la protec\u0163ie special\u0103, la servicii de consiliere, reabilitare, reintegrare social\u0103 \u015fi asisten\u0163\u0103 medical\u0103 gratuit\u0103, precum \u015fi despre dreptul la consiliere \u015fi asisten\u0163\u0103 juridic\u0103 gratuit\u0103, arat\u0103 AUR \u00eentr-un comunicat oficial.<\/p>\n<p>Potrivit ini\u0163iatorilor, de\u015fi legea enumer\u0103 aceste drepturi, \u00een prezent nu exist\u0103 un mecanism procedural care s\u0103 garanteze c\u0103 victima este efectiv informat\u0103 \u015fi c\u0103 aceast\u0103 informare este documentat\u0103.<\/p>\n<p>\u201dSimpla consacrare a unor drepturi \u00een textul legii nu este suficient\u0103 dac\u0103 persoana aflat\u0103 \u00eentr-o situa\u0163ie de vulnerabilitate extrem\u0103 nu \u015ftie c\u0103 le are \u015fi nu le poate exercita. Lipsa inform\u0103rii reale transform\u0103 drepturile \u00een formule teoretice\u201d, se arat\u0103 \u00een expunerea de motive.<\/p>\n<p>\u201ePrin prezenta ini\u0163iativ\u0103 se urm\u0103re\u015fte transformarea drepturilor victimelor din simple enun\u0163uri legale \u00een instrumente efective de protec\u0163ie. Informarea clar\u0103, documentat\u0103 \u015fi realizat\u0103 la timp reprezint\u0103 premisa esen\u0163ial\u0103 pentru \u00eentreruperea ciclului violen\u0163ei \u015fi pentru rec\u00e2\u015ftigarea demnit\u0103\u0163ii \u015fi siguran\u0163ei personale\u201d, men\u0163ioneaz\u0103 AUR.<\/p>\n<p>Proiectul introduce o fi\u015f\u0103 de informare, document distinct \u00een care se consemneaz\u0103 \u00eendeplinirea obliga\u0163iei de informare. Fi\u015fa va fi semnat\u0103 de victim\u0103, iar refuzul sau imposibilitatea obiectiv\u0103 de semnare vor fi consemnate motivat. Modelul fi\u015fei \u015fi procedura de utilizare vor fi aprobate prin ordin comun al ministrului afacerilor interne \u015fi al ministrului justi\u0163iei, \u00een termen de 60 de zile de la intrarea \u00een vigoare a legii.<\/p>\n<p>\u201dPuterea unui stat st\u0103 \u00een capacitatea acestuia de a asigura protec\u0163ie celor mai vulnerabili, celor care nu se pot proteja singuri. De aceea am considerat necesar s\u0103 venim cu o completare la o lege deja existent\u0103, legea 217 pe 2003, privind prevenirea \u015fi combaterea violen\u0163ei domestice. Dup\u0103 cum am v\u0103zut \u00een ultimele sondaje, la nivel european suntem pe locul 4 \u00een ceea ce prive\u015fte violen\u0163a domestic\u0103 \u015fi, din p\u0103cate, una din dou\u0103 femei \u00een timpul unei rela\u0163ii \u00een Rom\u00e2nia a fost abuzat\u0103 at\u00e2t emo\u0163ional c\u00e2t \u015fi fizic. Pentru a putea ajuta aceste victime, pentru a le da puterea de a merge mai departe, am considerat necesar s\u0103 modific\u0103m \u00een aceast\u0103 lege \u015fi s\u0103 trecem obligativitatea autorit\u0103\u0163ilor locale de a informa victima cu privire la drepturile pe care aceasta le are \u015fi anume dreptul la o consiliere juridic\u0103, dreptul la o consiliere psihologic\u0103 \u015fi, acolo unde este cazul \u015fi este at\u00e2t de grav, dreptul la internarea \u00eentr-un centru specializat unde s\u0103 fie \u0163inut\u0103 deoparte \u015fi departe de agresor\u201d, a declarat Antonio Popescu, deputat AUR.<\/p>\n<p>Ini\u0163iativa este \u00een concordan\u0163\u0103 cu Directiva 2012\/29\/UE, care consacr\u0103 dreptul victimelor de a primi informa\u0163ii f\u0103r\u0103 \u00eent\u00e2rzieri inutile, \u00eenc\u0103 de la primul contact cu o autoritate competent\u0103, precum \u015fi cu Directiva (UE) 2024\/1385 privind combaterea violen\u0163ei \u00eempotriva femeilor \u015fi a violen\u0163ei domestice.<\/p>\n<p>Totodat\u0103, proiectul respect\u0103 obliga\u0163iile asumate de Rom\u00e2nia prin Conven\u0163ia de la Istanbul, care impune statelor s\u0103 asigure informarea adecvat\u0103 \u015fi la timp a victimelor cu privire la serviciile de sprijin \u015fi la m\u0103surile juridice disponibile, subliniaz\u0103 AUR.<\/p>\n<p>\u201dAUR reafirm\u0103 c\u0103 protejarea victimelor violen\u0163ei domestice trebuie s\u0103 fie o prioritate real\u0103 a statului rom\u00e2n, iar mecanismele legale trebuie s\u0103 func\u0163ioneze efectiv, nu doar formal\u201d, mai afirm\u0103 forma\u0163iunea.<\/p>\n<p>Mai multe despre transparen\u021ba articolului\u2013&gt;<a href=\"https:\/\/gazetadinvest.ro\/wp-content\/uploads\/2026\/02\/VEDETI-AICI.txt\">VEDE\u021aI AICI<\/a><\/p>\n<\/div>\n<div class=\"td-post-content tagdiv-type\">\n<div class=\"td-post-featured-image\"><a href=\"https:\/\/gazetadinvest.ro\/wp-content\/uploads\/2026\/01\/AUR.jpg\" data-caption><img loading=\"lazy\" decoding=\"async\" width=\"696\" height=\"452\" class=\"entry-thumb td-modal-image\" src=\"https:\/\/gazetadinvest.ro\/wp-content\/uploads\/2026\/01\/AUR-696x452.jpg\" alt title=\"AUR\"><\/a><\/div>\n<p><strong>Alian\u0163a pentru Unirea Rom\u00e2nilor (AUR) a depus mar\u0163i un proiect de lege pentru completarea art. 6 din Legea nr. 217\/2003 privind prevenirea \u015fi combaterea violen\u0163ei domestice, cu scopul de a introduce obliga\u0163ia expres\u0103 de informare a victimelor cu privire la drepturile lor, \u00eenc\u0103 din primul moment al interac\u0163iunii cu autorit\u0103\u0163ile statului.<\/strong><\/p>\n<p>Ini\u0163iativa legislativ\u0103 prevede c\u0103, la primul contact al victimei cu o autoritate competent\u0103 sau cu un organ judiciar, precum \u015fi anterior primei audieri ori declara\u0163ii \u00een leg\u0103tur\u0103 cu faptele de violen\u0163\u0103 domestic\u0103 sau cu cererea de ordin de protec\u0163ie, aceasta trebuie informat\u0103, \u00een mod clar \u015fi accesibil, despre dreptul la protec\u0163ie special\u0103, la servicii de consiliere, reabilitare, reintegrare social\u0103 \u015fi asisten\u0163\u0103 medical\u0103 gratuit\u0103, precum \u015fi despre dreptul la consiliere \u015fi asisten\u0163\u0103 juridic\u0103 gratuit\u0103, arat\u0103 AUR \u00eentr-un comunicat oficial.<\/p>\n<p>Potrivit ini\u0163iatorilor, de\u015fi legea enumer\u0103 aceste drepturi, \u00een prezent nu exist\u0103 un mecanism procedural care s\u0103 garanteze c\u0103 victima este efectiv informat\u0103 \u015fi c\u0103 aceast\u0103 informare este documentat\u0103.<\/p>\n<p>\u201dSimpla consacrare a unor drepturi \u00een textul legii nu este suficient\u0103 dac\u0103 persoana aflat\u0103 \u00eentr-o situa\u0163ie de vulnerabilitate extrem\u0103 nu \u015ftie c\u0103 le are \u015fi nu le poate exercita. Lipsa inform\u0103rii reale transform\u0103 drepturile \u00een formule teoretice\u201d, se arat\u0103 \u00een expunerea de motive.<\/p>\n<p>\u201ePrin prezenta ini\u0163iativ\u0103 se urm\u0103re\u015fte transformarea drepturilor victimelor din simple enun\u0163uri legale \u00een instrumente efective de protec\u0163ie. Informarea clar\u0103, documentat\u0103 \u015fi realizat\u0103 la timp reprezint\u0103 premisa esen\u0163ial\u0103 pentru \u00eentreruperea ciclului violen\u0163ei \u015fi pentru rec\u00e2\u015ftigarea demnit\u0103\u0163ii \u015fi siguran\u0163ei personale\u201d, men\u0163ioneaz\u0103 AUR.<\/p>\n<p>Proiectul introduce o fi\u015f\u0103 de informare, document distinct \u00een care se consemneaz\u0103 \u00eendeplinirea obliga\u0163iei de informare. Fi\u015fa va fi semnat\u0103 de victim\u0103, iar refuzul sau imposibilitatea obiectiv\u0103 de semnare vor fi consemnate motivat. Modelul fi\u015fei \u015fi procedura de utilizare vor fi aprobate prin ordin comun al ministrului afacerilor interne \u015fi al ministrului justi\u0163iei, \u00een termen de 60 de zile de la intrarea \u00een vigoare a legii.<\/p>\n<p>\u201dPuterea unui stat st\u0103 \u00een capacitatea acestuia de a asigura protec\u0163ie celor mai vulnerabili, celor care nu se pot proteja singuri. De aceea am considerat necesar s\u0103 venim cu o completare la o lege deja existent\u0103, legea 217 pe 2003, privind prevenirea \u015fi combaterea violen\u0163ei domestice. Dup\u0103 cum am v\u0103zut \u00een ultimele sondaje, la nivel european suntem pe locul 4 \u00een ceea ce prive\u015fte violen\u0163a domestic\u0103 \u015fi, din p\u0103cate, una din dou\u0103 femei \u00een timpul unei rela\u0163ii \u00een Rom\u00e2nia a fost abuzat\u0103 at\u00e2t emo\u0163ional c\u00e2t \u015fi fizic. Pentru a putea ajuta aceste victime, pentru a le da puterea de a merge mai departe, am considerat necesar s\u0103 modific\u0103m \u00een aceast\u0103 lege \u015fi s\u0103 trecem obligativitatea autorit\u0103\u0163ilor locale de a informa victima cu privire la drepturile pe care aceasta le are \u015fi anume dreptul la o consiliere juridic\u0103, dreptul la o consiliere psihologic\u0103 \u015fi, acolo unde este cazul \u015fi este at\u00e2t de grav, dreptul la internarea \u00eentr-un centru specializat unde s\u0103 fie \u0163inut\u0103 deoparte \u015fi departe de agresor\u201d, a declarat Antonio Popescu, deputat AUR.<\/p>\n<p>Ini\u0163iativa este \u00een concordan\u0163\u0103 cu Directiva 2012\/29\/UE, care consacr\u0103 dreptul victimelor de a primi informa\u0163ii f\u0103r\u0103 \u00eent\u00e2rzieri inutile, \u00eenc\u0103 de la primul contact cu o autoritate competent\u0103, precum \u015fi cu Directiva (UE) 2024\/1385 privind combaterea violen\u0163ei \u00eempotriva femeilor \u015fi a violen\u0163ei domestice.<\/p>\n<p>Totodat\u0103, proiectul respect\u0103 obliga\u0163iile asumate de Rom\u00e2nia prin Conven\u0163ia de la Istanbul, care impune statelor s\u0103 asigure informarea adecvat\u0103 \u015fi la timp a victimelor cu privire la serviciile de sprijin \u015fi la m\u0103surile juridice disponibile, subliniaz\u0103 AUR.<\/p>\n<p>\u201dAUR reafirm\u0103 c\u0103 protejarea victimelor violen\u0163ei domestice trebuie s\u0103 fie o prioritate real\u0103 a statului rom\u00e2n, iar mecanismele legale trebuie s\u0103 func\u0163ioneze efectiv, nu doar formal\u201d, mai afirm\u0103 forma\u0163iunea.<\/p>\n<p>Mai multe despre transparen\u021ba articolului\u2013&gt;<a href=\"https:\/\/gazetadinvest.ro\/wp-content\/uploads\/2026\/02\/VEDETI-AICI.txt\">VEDE\u021aI AICI<\/a><\/p>\n<\/div>\n<p>[analyse_source url=&#8221;https:\/\/gazetadinvest.ro\/proiect-aur-victimele-violentei-domestice-vor-fi-informate-obligatoriu-in-scris-despre-drepturile-lor-inca-de-la-primul-contact-cu-autoritatile\/&#8221;]<\/p>\n","protected":false},"excerpt":{"rendered":"<p>[analyse_image type=&#8221;featured&#8221; src=&#8221;https:\/\/gazetadinvest.ro\/wp-content\/uploads\/2026\/01\/AUR.jpg&#8221;] Alian\u0163a pentru Unirea Rom\u00e2nilor (AUR) a depus mar\u0163i un proiect de lege pentru completarea art. 6 din Legea nr. 217\/2003 privind prevenirea \u015fi combaterea violen\u0163ei domestice, cu scopul de a introduce obliga\u0163ia expres\u0103 de informare a victimelor cu privire la drepturile lor, \u00eenc\u0103 din primul moment al interac\u0163iunii cu autorit\u0103\u0163ile statului. Ini\u0163iativa [&hellip;]<\/p>\n","protected":false},"author":1,"featured_media":0,"comment_status":"open","ping_status":"","sticky":false,"template":"","format":"standard","meta":{"footnotes":""},"categories":[89],"tags":[226,203],"class_list":["post-1803425","post","type-post","status-publish","format-standard","hentry","category-romania","tag-crawlmanager","tag-gazetadinvest-ro"],"_links":{"self":[{"href":"https:\/\/analyse.optim.biz\/index.php?rest_route=\/wp\/v2\/posts\/1803425","targetHints":{"allow":["GET"]}}],"collection":[{"href":"https:\/\/analyse.optim.biz\/index.php?rest_route=\/wp\/v2\/posts"}],"about":[{"href":"https:\/\/analyse.optim.biz\/index.php?rest_route=\/wp\/v2\/types\/post"}],"author":[{"embeddable":true,"href":"https:\/\/analyse.optim.biz\/index.php?rest_route=\/wp\/v2\/users\/1"}],"replies":[{"embeddable":true,"href":"https:\/\/analyse.optim.biz\/index.php?rest_route=%2Fwp%2Fv2%2Fcomments&post=1803425"}],"version-history":[{"count":0,"href":"https:\/\/analyse.optim.biz\/index.php?rest_route=\/wp\/v2\/posts\/1803425\/revisions"}],"wp:attachment":[{"href":"https:\/\/analyse.optim.biz\/index.php?rest_route=%2Fwp%2Fv2%2Fmedia&parent=1803425"}],"wp:term":[{"taxonomy":"category","embeddable":true,"href":"https:\/\/analyse.optim.biz\/index.php?rest_route=%2Fwp%2Fv2%2Fcategories&post=1803425"},{"taxonomy":"post_tag","embeddable":true,"href":"https:\/\/analyse.optim.biz\/index.php?rest_route=%2Fwp%2Fv2%2Ftags&post=1803425"}],"curies":[{"name":"wp","href":"https:\/\/api.w.org\/{rel}","templated":true}]}}