{"id":1803423,"date":"2026-03-03T06:19:31","date_gmt":"2026-03-03T03:19:31","guid":{"rendered":"https:\/\/analyse.optim.biz\/?p=1803423"},"modified":"2026-03-03T06:19:31","modified_gmt":"2026-03-03T03:19:31","slug":"selectia-comerciantilor-pentru-targul-de-paste","status":"publish","type":"post","link":"https:\/\/analyse.optim.biz\/?p=1803423","title":{"rendered":"Selec\u021bia comercian\u021bilor pentru T\u00e2rgul de Pa\u0219te"},"content":{"rendered":"<p>[analyse_image type=&#8221;featured&#8221; src=&#8221;https:\/\/www.banatulazi.ro\/wp-content\/uploads\/2026\/03\/ZELE6104.jpg&#8221;]<\/p>\n<div class=\"td_block_wrap tdb_single_content tdi_64 td-pb-border-top td_block_template_1 td-post-content tagdiv-type\" data-td-block-uid=\"tdi_64\">\n<div class=\"tdb-block-inner td-fix-index\">\n<p><strong>Prim\u0103ria Municipiului Timi\u015foara, prin Casa de Cultur\u0103 a Municipiului Timi\u015foara, \u00een parteneriat cu Centrul de Proiecte \u0219i Organiza\u021bia de Management al Destina\u021biei (Visit Timi\u0219oara), organizeaz\u0103, \u00een perioada 27 martie \u2013 14 aprilie 2026, cea de-a XVII-a edi\u021bie a T\u00e2rgului de Pa\u0219te.<\/strong><\/p>\n<p>Activit\u0103\u021bile comerciale se vor desf\u0103\u0219ura \u00een Pia\u021ba Libert\u0103\u021bii, unde vor fi amplasate 30 de c\u0103su\u021be destinate me\u0219te\u0219ugarilor \u0219i comercian\u021bilor de produse diverse \u0219i 7 food-truck-uri.<\/p>\n<p>\u00cen vederea selec\u021biei, Casa de Cultur\u0103 a Municipiului Timi\u0219oara \u00eei \u00eendeamn\u0103 pe cei interesa\u021bi s\u0103 depun\u0103 dosarele de \u00eenscriere \u00een perioada 25 februarie \u2013 2 martie 2026. \u00censcrierile se primesc \u00een format fizic, la sediul institu\u021biei din strada Miron Costin nr. 2, \u00eentre orele 10:00-13:00, sau pot fi transmise pe adresa de e-mail boe@ccmt.ro, p\u00e2n\u0103 \u00een data de 2 martie.<\/p>\n<p>Pot participa:<br \/>\n\uf0d8 Persoane juridice (ONG, SRL, PFA, PFI, IF, \u00ceI) \u2013 produc\u0103tori sau comercian\u021bi de produse nealimentare, cu specific pascal \u0219i de prim\u0103var\u0103 (produse handmade \u0219i de art\u0103 me\u0219te\u0219ug\u0103reasc\u0103, ou\u0103 \u00eencondeiate, icoane pe sticl\u0103 \u0219i lemn, sculpturi \u00een lemn \u0219i piatr\u0103, flori \u0219i aranjamente florale, obiecte decorative, obiecte de ceramic\u0103, produse artizanale, obiecte din sticl\u0103 etc.);<br \/>\n\uf0d8 Persoane juridice (ONG, SRL, PFA, PFI, IF, \u00ceI) \u2013 produc\u0103tori sau comercian\u021bi de produse alimentare (pasc\u0103, cozonac, kurtos, pl\u0103cinte, lango\u0219i, cl\u0103tite, gogo\u0219i, pr\u0103jituri, dulce\u021buri de cas\u0103, siropuri, produse apicole, vin, cafea, sucuri, preparate fast-food, br\u00e2nzeturi \u0219i produse tradi\u021bionale din carne, ciocolat\u0103, bomboane, zacusc\u0103, conserve de cas\u0103 etc.);<br \/>\n\uf0d8 Persoane juridice (ONG, SRL, PFA, PFI, IF, \u00ceI) \u2013 prestatori servicii de activit\u0103\u021bi recreative (photobooth \u0219i carusel).<\/p>\n<p>Formularul-tip de \u00eenscriere \u0219i regulamentul t\u00e2rgului se pot desc\u0103rca de pe site-ul Casei de Cultur\u0103 a Municipiului Timi\u0219oara (www.casadeculturatm.ro), precum \u0219i de pe pagina noastr\u0103 de Facebook, \u00eencep\u00e2nd de miercuri, 25 februarie 2026.<\/p>\n<p>Calendar procedur\u0103 de selec\u021bie:<br \/>\n\uf0d8 Depunerea cererilor de \u00eenscriere la t\u00e2rg: 25 februarie \u2013 2 martie 2026<br \/>\n\uf0d8 Analiza cererilor (secretariat): 3 \u2013 4 martie 2026<br \/>\n\uf0d8 Procedura de selec\u021bie: 5 \u2013 6 martie 2026<br \/>\n\uf0d8 Afi\u0219area rezultatelor: 9 martie 2026<br \/>\n\uf0d8 Depunerea contesta\u021biilor: 10 martie 2026<br \/>\n\uf0d8 Solu\u021bionarea contesta\u021biilor: 11 martie 2026<br \/>\n\uf0d8 Afi\u0219area rezultatelor finale: 12 martie 2026<br \/>\n\uf0d8 \u00cencheierea contractelor cu agen\u021bii economici selecta\u021bi: 12-16 martie 2026, conform unui interval orar ce va fi comunicat ulterior.<\/p>\n<p>Pentru detalii \u0219i pentru orice informa\u021bii suplimentare v\u0103 st\u0103m la dispozi\u021bie pe pagina de Facebook a Casei de Cultur\u0103 sau la telefon 0711 056 054.<br \/><a href=\"https:\/\/www.banatulazi.ro\/wp-content\/uploads\/2026\/03\/ZELE6026.jpg\"><img loading=\"lazy\" decoding=\"async\" src=\"https:\/\/www.banatulazi.ro\/wp-content\/uploads\/2026\/03\/ZELE6026-300x200.jpg\" alt width=\"300\" height=\"200\" class=\"alignnone size-medium wp-image-407943\"><\/a><\/p>\n<p><a href=\"https:\/\/www.banatulazi.ro\/wp-content\/uploads\/2026\/03\/ZELE6039.jpg\"><img loading=\"lazy\" decoding=\"async\" src=\"https:\/\/www.banatulazi.ro\/wp-content\/uploads\/2026\/03\/ZELE6039-300x200.jpg\" alt width=\"300\" height=\"200\" class=\"alignnone size-medium wp-image-407942\"><\/a><\/p>\n<\/div>\n<\/div>\n<p>[analyse_source url=&#8221;https:\/\/www.banatulazi.ro\/selectia-comerciantilor-pentru-targul-de-paste\/&#8221;]<\/p>\n","protected":false},"excerpt":{"rendered":"<p>[analyse_image type=&#8221;featured&#8221; src=&#8221;https:\/\/www.banatulazi.ro\/wp-content\/uploads\/2026\/03\/ZELE6104.jpg&#8221;] Prim\u0103ria Municipiului Timi\u015foara, prin Casa de Cultur\u0103 a Municipiului Timi\u015foara, \u00een parteneriat cu Centrul de Proiecte \u0219i Organiza\u021bia de Management al Destina\u021biei (Visit Timi\u0219oara), organizeaz\u0103, \u00een perioada 27 martie \u2013 14 aprilie 2026, cea de-a XVII-a edi\u021bie a T\u00e2rgului de Pa\u0219te. Activit\u0103\u021bile comerciale se vor desf\u0103\u0219ura \u00een Pia\u021ba Libert\u0103\u021bii, unde vor fi [&hellip;]<\/p>\n","protected":false},"author":1,"featured_media":0,"comment_status":"open","ping_status":"","sticky":false,"template":"","format":"standard","meta":{"footnotes":""},"categories":[89],"tags":[185,226],"class_list":["post-1803423","post","type-post","status-publish","format-standard","hentry","category-romania","tag-banatulazi-ro","tag-crawlmanager"],"_links":{"self":[{"href":"https:\/\/analyse.optim.biz\/index.php?rest_route=\/wp\/v2\/posts\/1803423","targetHints":{"allow":["GET"]}}],"collection":[{"href":"https:\/\/analyse.optim.biz\/index.php?rest_route=\/wp\/v2\/posts"}],"about":[{"href":"https:\/\/analyse.optim.biz\/index.php?rest_route=\/wp\/v2\/types\/post"}],"author":[{"embeddable":true,"href":"https:\/\/analyse.optim.biz\/index.php?rest_route=\/wp\/v2\/users\/1"}],"replies":[{"embeddable":true,"href":"https:\/\/analyse.optim.biz\/index.php?rest_route=%2Fwp%2Fv2%2Fcomments&post=1803423"}],"version-history":[{"count":0,"href":"https:\/\/analyse.optim.biz\/index.php?rest_route=\/wp\/v2\/posts\/1803423\/revisions"}],"wp:attachment":[{"href":"https:\/\/analyse.optim.biz\/index.php?rest_route=%2Fwp%2Fv2%2Fmedia&parent=1803423"}],"wp:term":[{"taxonomy":"category","embeddable":true,"href":"https:\/\/analyse.optim.biz\/index.php?rest_route=%2Fwp%2Fv2%2Fcategories&post=1803423"},{"taxonomy":"post_tag","embeddable":true,"href":"https:\/\/analyse.optim.biz\/index.php?rest_route=%2Fwp%2Fv2%2Ftags&post=1803423"}],"curies":[{"name":"wp","href":"https:\/\/api.w.org\/{rel}","templated":true}]}}