{"id":1803406,"date":"2026-03-03T08:04:52","date_gmt":"2026-03-03T05:04:52","guid":{"rendered":"https:\/\/analyse.optim.biz\/?p=1803406"},"modified":"2026-03-03T08:04:52","modified_gmt":"2026-03-03T05:04:52","slug":"final-de-capitol-pentru-ruta-suceava-viena-o-conexiune-de-vacanta-care-a-unit-inima-bucovinei-de-magia","status":"publish","type":"post","link":"https:\/\/analyse.optim.biz\/?p=1803406","title":{"rendered":"Final de capitol pentru ruta Suceava \u2013 Viena: O conexiune de vacan\u021b\u0103 care a unit inima Bucovinei de magia"},"content":{"rendered":"<p>[analyse_image type=&#8221;featured&#8221; src=&#8221;https:\/\/suceavalive.ro\/wp-content\/uploads\/2026\/03\/viena-bucovina-1024&#215;749.jpghttps:\/\/suceavalive.ro\/wp-content\/uploads\/2026\/03\/viena-bucovina-scaled.jpg&#8221;]<\/p>\n<article id=\"post-288298\" class=\"clearfix post-288298 post type-post status-publish format-standard has-post-thumbnail hentry category-slide category-categoria-social category-turism\">\n<header id=\"cb-standard-featured\">\n<div id=\"cb-fis-wrap\" class=\"cb-entry-header cb-fis cb-style-standard\"><span class=\"cb-title-fi\"><\/p>\n<h1 class=\"entry-title cb-entry-title cb-single-title\">Final de capitol pentru ruta Suceava \u2013 Viena: O conexiune de vacan\u021b\u0103 care a unit inima Bucovinei de magia austriac\u0103<\/h1>\n<div class=\"cb-byline cb-font-header\">\n<div class=\"cb-date cb-byline-element\"><time datetime=\"2026-03-03\">3 martie 2026<\/time><\/div>\n<\/div>\n<p><\/span><\/div>\n<\/header>\n<section class=\"cb-entry-content entry-content clearfix\">\n<p data-path-to-node=\"1\"><span>Conexiunea aerian\u0103 direct\u0103 dintre Suceava \u0219i Viena s-a \u00eencheiat oficial, marc\u00e2nd finalul unei perioade \u00een care c\u0103l\u0103torii din nord-estul \u021b\u0103rii au putut explora rapid farmecul capitalei austriece. Retragerea operatorului Wizz Air de pe aceast\u0103 rut\u0103 vine ca urmare a \u00eenchiderii bazei sale din Viena, ultima aeronav\u0103 ating\u00e2nd pista Aeroportului \u201e\u0218tefan cel Mare\u201d pe data de 28 februarie 2026, la ora local\u0103 23:31, pentru ca ulterior, pe 1 martie la ora 00:48, s\u0103 decoleze spre ultima destina\u021bie oficial\u0103 a acestui traseu.<\/span><\/p>\n<p class=\"ds-markdown-paragraph\"><span><strong>De la por\u021bile Bucovinei, direct \u00een inima Imperiului: C\u00e2nd Viena era la doar o or\u0103 de zbor<\/strong><\/span><\/p>\n<p data-path-to-node=\"2\"><span>De\u0219i a fost perceput\u0103 \u00een principal ca o <b data-path-to-node=\"2\" data-index-in-node=\"40\">curs\u0103 de vacan\u021b\u0103<\/b>, leg\u0103tura a fost extrem de apreciat\u0103 pentru oportunit\u0103\u021bile turistice pe care le-a oferit, \u00een special \u00een perioada s\u0103rb\u0103torilor de iarn\u0103. Numero\u0219i turi\u0219ti au profitat de aceste zboruri pentru a vizita faimosul <b data-path-to-node=\"2\" data-index-in-node=\"265\">T\u00e2rg de Cr\u0103ciun de la Viena<\/b>, fapt reflectat \u00een num\u0103rul mare de pasageri din luna decembrie a anului 2025, c\u00e2nd s-a \u00eenregistrat un flux de peste 3.000 de c\u0103l\u0103tori. Aceast\u0103 efervescen\u021b\u0103 a fost sus\u021binut\u0103 de o <b data-path-to-node=\"2\" data-index-in-node=\"471\">evolu\u021bie avantajoas\u0103 a pre\u021burilor<\/b>, biletele fiind accesibile pentru o gam\u0103 larg\u0103 de pasageri, oferind astfel o alternativ\u0103 economic\u0103 \u0219i rapid\u0103 pentru escapadele culturale \u00een Europa Central\u0103.<\/span><\/p>\n<p data-path-to-node=\"3\"><span>Totu\u0219i, men\u021binerea rutei a reprezentat o provocare pentru pasageri din cauza unui <b data-path-to-node=\"3\" data-index-in-node=\"82\">orar de operare care nu a fost \u00eentotdeauna facil<\/b>. Zborurile erau programate adesea la ore t\u00e2rzii sau foarte devreme, cu ateriz\u0103ri \u00een miez de noapte (cum a fost \u0219i cazul ultimului zbor la ora 23:31) sau decol\u0103ri la primele ore ale dimine\u021bii, precum plec\u0103rile de la ora 01:02. \u00cen ciuda acestui program solicitant, interesul a r\u0103mas constant. \u00cen anul 2025, de la debutul rutei \u00een septembrie \u0219i p\u00e2n\u0103 la sf\u00e2r\u0219itul anului, peste 8.900 de pasageri au tranzitat acest traseu prin intermediul a 52 de mi\u0219c\u0103ri de aeronave.<\/span><\/p>\n<p data-path-to-node=\"4\"><span>De\u0219i zborul direct spre capitala Austriei dispare din orarul actual, succesul acestor city-break-uri men\u021bine vie speran\u021ba c\u0103 destina\u021bia va r\u0103m\u00e2ne accesibil\u0103 c\u0103l\u0103torilor suceveni prin rute alternative, odat\u0103 cu poten\u021biala deschidere a unei noi baze aeriene \u00een Bratislava, aflat\u0103 la doar o arunc\u0103tur\u0103 de b\u0103\u021b de Viena.<\/span><\/p>\n<p>Perspectivele aeroportului sucevean r\u0103m\u00e2n \u00eens\u0103 extrem de optimiste, gra\u021bie implic\u0103rii active a administra\u021biei jude\u021bene. Reamintim c\u0103 dialogul constant dintre conducerea Consiliului Jude\u021bean \u0219i operatorul low-cost a fost decisiv pentru revenirea bazei Wizz Air la Suceava \u00een perioada septembrie -decembrie 2025, moment care a adus noi aeronave \u0219i destina\u021bii europene. Mai mult, dezvoltarea infrastructurii face un pas uria\u0219 prin anun\u021bul recent al pre\u0219edintelui Consiliului Jude\u021bean privind lansarea licita\u021biei pentru noul <b data-path-to-node=\"6\" data-index-in-node=\"500\">Terminal 3<\/b>. Aceast\u0103 investi\u021bie major\u0103 va aduce o aerogar\u0103 modern\u0103 de aproape 10.000 de metri p\u0103tra\u021bi, de trei ori mai mare dec\u00e2t spa\u021biile actuale, fiind proiectat\u0103 s\u0103 deserveasc\u0103 peste dou\u0103 milioane de pasageri anual \u0219i s\u0103 atrag\u0103 noi companii aeriene pe Aeroportul \u201e\u0218tefan cel Mare\u201d.<\/p>\n<\/section>\n<footer class=\"article-footer\">\n<div class=\"cb-social-sharing cb-post-footer-block cb-beside clearfix\">\n<div class=\"cb-title-subtle\">Share On:<\/div>\n<div class=\"cb-twitter\"><a href=\"https:\/\/twitter.com\/share\" class=\"twitter-share-button\" data-dnt=\"true\" data-count=\"horizontal\">Tweet<\/a><\/div>\n<\/div>\n<div id=\"cb-previous-next-links\" class=\"cb-post-footer-block clearfix\">\n<div id=\"cb-previous-link\"><a href=\"https:\/\/suceavalive.ro\/parintele-constantin-oprea-instalat-protoiereu-al-protopopiatului-radauti\/\" rel=\"prev\">P\u0103rintele Constantin Oprea, instalat protoiereu al Protopopiatului R\u0103d\u0103u\u021bi<\/a><\/div>\n<div id=\"cb-next-link\"><a href=\"https:\/\/suceavalive.ro\/doliu-dupa-moartea-andreei-anita-tanara-din-falticeni-care-a-mobilizat-romania-in-lupta-cu-o-forma-rara-de-cancer\/\" rel=\"next\">Doliu dup\u0103 moartea Andreei Ani\u021ba. T\u00e2n\u0103ra din F\u0103lticeni care a mobilizat Rom\u00e2nia \u00een lupta cu o form\u0103 rar\u0103 de cancer<\/a><\/div>\n<\/div>\n<div id=\"cb-author-box\" class=\"clearfix\">\n<h3 class=\"cb-block-title\">Despre autor<\/h3>\n<div class=\"cb-meta\">\n<div class=\"cb-info\">\n<div class=\"cb-author-title vcard\"><a href=\"https:\/\/suceavalive.ro\/author\/suceavalive\/\"><span class=\"fn\">SuceavaLive<\/span><\/a><\/div>\n<\/div>\n<\/div>\n<\/div>\n<div id=\"cb-related-posts\" class=\"cb-related-posts-block cb-post-end-block clearfix\">\n<h3 class=\"cb-block-title\">Postari asemanatoare<\/h3>\n<ul>\n<li class=\"cb-style-overlay cb-grid-entry cb-related-post no-1\">\n<div class=\"cb-meta cb-article-meta\">\n<h4 class=\"h3 cb-post-title\"><a href=\"https:\/\/suceavalive.ro\/pretul-unui-implant-dentar-la-clinica-stomatologica-dental-on-din-suceava\/\">Pre\u021bul unui implant dentar la clinica stomatologic\u0103 DENTAL-ON din Suceava\u00a0<\/a><\/h4>\n<div class=\"cb-byline cb-font-header\">\n<div class=\"cb-date cb-byline-element\"><time datetime=\"2026-03-03\">3 martie 2026<\/time><\/div>\n<\/div>\n<\/div>\n<\/li>\n<li class=\"cb-style-overlay cb-grid-entry cb-related-post no-2\">\n<div class=\"cb-meta cb-article-meta\">\n<h4 class=\"h3 cb-post-title\"><a href=\"https:\/\/suceavalive.ro\/75-de-elevi-si-16-profesori-din-judet-nu-se-pot-intoarce-in-tara-din-cauza-inchederii-spatiului-aerian-din-orientul-mijlociu-isj-cauta-solutii-pentru-profesorii-absenti\/\">75 de elevi \u0219i 16 profesori din jude\u021b nu se pot \u00eentoarce \u00een \u021bar\u0103 din cauza \u00eenchederii spa\u021biului aerian din Orientul Mijlociu. ISJ caut\u0103 solu\u021bii pentru profesorii absen\u021bi<\/a><\/h4>\n<div class=\"cb-byline cb-font-header\">\n<div class=\"cb-date cb-byline-element\"><time datetime=\"2026-03-03\">3 martie 2026<\/time><\/div>\n<\/div>\n<\/div>\n<\/li>\n<\/ul>\n<\/div>\n<\/footer>\n<div id=\"respond\" class=\"comment-respond\">\n<h3 id=\"reply-title\" class=\"comment-reply-title\">Lasa un raspuns <small><a rel=\"nofollow\" id=\"cancel-comment-reply-link\" href=\"https:\/\/suceavalive.ro\/final-de-capitol-pentru-ruta-suceava-viena-o-conexiune-de-vacanta-care-a-unit-inima-bucovinei-de-magia-austriaca\/?fbclid=IwY2xjawQTm7VleHRuA2FlbQIxMABicmlkETJyWHJFY1lyVnpjVzF0aEVDc3J0YwZhcHBfaWQQMjIyMDM5MTc4ODIwMDg5MgABHmR-KOzgA08eOEMBlBz94Gl3N8WHShK4a6Z8uVPFm8JrYyiVx4xfK1m69ov2_aem_KXGARrAW_ySIA8GZUWCyGw#respond\">Anuleaza raspunsul<\/a><\/small><\/h3>\n<p class=\"comment-notes\">Adresa ta de email nu va fi publicat\u0103.<\/p>\n<\/div>\n<\/article>\n<section class=\"cb-entry-content entry-content clearfix\">\n<p data-path-to-node=\"1\"><span>Conexiunea aerian\u0103 direct\u0103 dintre Suceava \u0219i Viena s-a \u00eencheiat oficial, marc\u00e2nd finalul unei perioade \u00een care c\u0103l\u0103torii din nord-estul \u021b\u0103rii au putut explora rapid farmecul capitalei austriece. Retragerea operatorului Wizz Air de pe aceast\u0103 rut\u0103 vine ca urmare a \u00eenchiderii bazei sale din Viena, ultima aeronav\u0103 ating\u00e2nd pista Aeroportului \u201e\u0218tefan cel Mare\u201d pe data de 28 februarie 2026, la ora local\u0103 23:31, pentru ca ulterior, pe 1 martie la ora 00:48, s\u0103 decoleze spre ultima destina\u021bie oficial\u0103 a acestui traseu.<\/span><\/p>\n<p class=\"ds-markdown-paragraph\"><span><strong>De la por\u021bile Bucovinei, direct \u00een inima Imperiului: C\u00e2nd Viena era la doar o or\u0103 de zbor<\/strong><\/span><\/p>\n<p data-path-to-node=\"2\"><span>De\u0219i a fost perceput\u0103 \u00een principal ca o <b data-path-to-node=\"2\" data-index-in-node=\"40\">curs\u0103 de vacan\u021b\u0103<\/b>, leg\u0103tura a fost extrem de apreciat\u0103 pentru oportunit\u0103\u021bile turistice pe care le-a oferit, \u00een special \u00een perioada s\u0103rb\u0103torilor de iarn\u0103. Numero\u0219i turi\u0219ti au profitat de aceste zboruri pentru a vizita faimosul <b data-path-to-node=\"2\" data-index-in-node=\"265\">T\u00e2rg de Cr\u0103ciun de la Viena<\/b>, fapt reflectat \u00een num\u0103rul mare de pasageri din luna decembrie a anului 2025, c\u00e2nd s-a \u00eenregistrat un flux de peste 3.000 de c\u0103l\u0103tori. Aceast\u0103 efervescen\u021b\u0103 a fost sus\u021binut\u0103 de o <b data-path-to-node=\"2\" data-index-in-node=\"471\">evolu\u021bie avantajoas\u0103 a pre\u021burilor<\/b>, biletele fiind accesibile pentru o gam\u0103 larg\u0103 de pasageri, oferind astfel o alternativ\u0103 economic\u0103 \u0219i rapid\u0103 pentru escapadele culturale \u00een Europa Central\u0103.<\/span><\/p>\n<p data-path-to-node=\"3\"><span>Totu\u0219i, men\u021binerea rutei a reprezentat o provocare pentru pasageri din cauza unui <b data-path-to-node=\"3\" data-index-in-node=\"82\">orar de operare care nu a fost \u00eentotdeauna facil<\/b>. Zborurile erau programate adesea la ore t\u00e2rzii sau foarte devreme, cu ateriz\u0103ri \u00een miez de noapte (cum a fost \u0219i cazul ultimului zbor la ora 23:31) sau decol\u0103ri la primele ore ale dimine\u021bii, precum plec\u0103rile de la ora 01:02. \u00cen ciuda acestui program solicitant, interesul a r\u0103mas constant. \u00cen anul 2025, de la debutul rutei \u00een septembrie \u0219i p\u00e2n\u0103 la sf\u00e2r\u0219itul anului, peste 8.900 de pasageri au tranzitat acest traseu prin intermediul a 52 de mi\u0219c\u0103ri de aeronave.<\/span><\/p>\n<p data-path-to-node=\"4\"><span>De\u0219i zborul direct spre capitala Austriei dispare din orarul actual, succesul acestor city-break-uri men\u021bine vie speran\u021ba c\u0103 destina\u021bia va r\u0103m\u00e2ne accesibil\u0103 c\u0103l\u0103torilor suceveni prin rute alternative, odat\u0103 cu poten\u021biala deschidere a unei noi baze aeriene \u00een Bratislava, aflat\u0103 la doar o arunc\u0103tur\u0103 de b\u0103\u021b de Viena.<\/span><\/p>\n<p>Perspectivele aeroportului sucevean r\u0103m\u00e2n \u00eens\u0103 extrem de optimiste, gra\u021bie implic\u0103rii active a administra\u021biei jude\u021bene. Reamintim c\u0103 dialogul constant dintre conducerea Consiliului Jude\u021bean \u0219i operatorul low-cost a fost decisiv pentru revenirea bazei Wizz Air la Suceava \u00een perioada septembrie -decembrie 2025, moment care a adus noi aeronave \u0219i destina\u021bii europene. Mai mult, dezvoltarea infrastructurii face un pas uria\u0219 prin anun\u021bul recent al pre\u0219edintelui Consiliului Jude\u021bean privind lansarea licita\u021biei pentru noul <b data-path-to-node=\"6\" data-index-in-node=\"500\">Terminal 3<\/b>. Aceast\u0103 investi\u021bie major\u0103 va aduce o aerogar\u0103 modern\u0103 de aproape 10.000 de metri p\u0103tra\u021bi, de trei ori mai mare dec\u00e2t spa\u021biile actuale, fiind proiectat\u0103 s\u0103 deserveasc\u0103 peste dou\u0103 milioane de pasageri anual \u0219i s\u0103 atrag\u0103 noi companii aeriene pe Aeroportul \u201e\u0218tefan cel Mare\u201d.<\/p>\n<\/section>\n<section class=\"cb-entry-content entry-content clearfix\">\n<p data-path-to-node=\"1\"><span>Conexiunea aerian\u0103 direct\u0103 dintre Suceava \u0219i Viena s-a \u00eencheiat oficial, marc\u00e2nd finalul unei perioade \u00een care c\u0103l\u0103torii din nord-estul \u021b\u0103rii au putut explora rapid farmecul capitalei austriece. Retragerea operatorului Wizz Air de pe aceast\u0103 rut\u0103 vine ca urmare a \u00eenchiderii bazei sale din Viena, ultima aeronav\u0103 ating\u00e2nd pista Aeroportului \u201e\u0218tefan cel Mare\u201d pe data de 28 februarie 2026, la ora local\u0103 23:31, pentru ca ulterior, pe 1 martie la ora 00:48, s\u0103 decoleze spre ultima destina\u021bie oficial\u0103 a acestui traseu.<\/span><\/p>\n<p class=\"ds-markdown-paragraph\"><span><strong>De la por\u021bile Bucovinei, direct \u00een inima Imperiului: C\u00e2nd Viena era la doar o or\u0103 de zbor<\/strong><\/span><\/p>\n<p data-path-to-node=\"2\"><span>De\u0219i a fost perceput\u0103 \u00een principal ca o <b data-path-to-node=\"2\" data-index-in-node=\"40\">curs\u0103 de vacan\u021b\u0103<\/b>, leg\u0103tura a fost extrem de apreciat\u0103 pentru oportunit\u0103\u021bile turistice pe care le-a oferit, \u00een special \u00een perioada s\u0103rb\u0103torilor de iarn\u0103. Numero\u0219i turi\u0219ti au profitat de aceste zboruri pentru a vizita faimosul <b data-path-to-node=\"2\" data-index-in-node=\"265\">T\u00e2rg de Cr\u0103ciun de la Viena<\/b>, fapt reflectat \u00een num\u0103rul mare de pasageri din luna decembrie a anului 2025, c\u00e2nd s-a \u00eenregistrat un flux de peste 3.000 de c\u0103l\u0103tori. Aceast\u0103 efervescen\u021b\u0103 a fost sus\u021binut\u0103 de o <b data-path-to-node=\"2\" data-index-in-node=\"471\">evolu\u021bie avantajoas\u0103 a pre\u021burilor<\/b>, biletele fiind accesibile pentru o gam\u0103 larg\u0103 de pasageri, oferind astfel o alternativ\u0103 economic\u0103 \u0219i rapid\u0103 pentru escapadele culturale \u00een Europa Central\u0103.<\/span><\/p>\n<p data-path-to-node=\"3\"><span>Totu\u0219i, men\u021binerea rutei a reprezentat o provocare pentru pasageri din cauza unui <b data-path-to-node=\"3\" data-index-in-node=\"82\">orar de operare care nu a fost \u00eentotdeauna facil<\/b>. Zborurile erau programate adesea la ore t\u00e2rzii sau foarte devreme, cu ateriz\u0103ri \u00een miez de noapte (cum a fost \u0219i cazul ultimului zbor la ora 23:31) sau decol\u0103ri la primele ore ale dimine\u021bii, precum plec\u0103rile de la ora 01:02. \u00cen ciuda acestui program solicitant, interesul a r\u0103mas constant. \u00cen anul 2025, de la debutul rutei \u00een septembrie \u0219i p\u00e2n\u0103 la sf\u00e2r\u0219itul anului, peste 8.900 de pasageri au tranzitat acest traseu prin intermediul a 52 de mi\u0219c\u0103ri de aeronave.<\/span><\/p>\n<p data-path-to-node=\"4\"><span>De\u0219i zborul direct spre capitala Austriei dispare din orarul actual, succesul acestor city-break-uri men\u021bine vie speran\u021ba c\u0103 destina\u021bia va r\u0103m\u00e2ne accesibil\u0103 c\u0103l\u0103torilor suceveni prin rute alternative, odat\u0103 cu poten\u021biala deschidere a unei noi baze aeriene \u00een Bratislava, aflat\u0103 la doar o arunc\u0103tur\u0103 de b\u0103\u021b de Viena.<\/span><\/p>\n<p>Perspectivele aeroportului sucevean r\u0103m\u00e2n \u00eens\u0103 extrem de optimiste, gra\u021bie implic\u0103rii active a administra\u021biei jude\u021bene. Reamintim c\u0103 dialogul constant dintre conducerea Consiliului Jude\u021bean \u0219i operatorul low-cost a fost decisiv pentru revenirea bazei Wizz Air la Suceava \u00een perioada septembrie -decembrie 2025, moment care a adus noi aeronave \u0219i destina\u021bii europene. Mai mult, dezvoltarea infrastructurii face un pas uria\u0219 prin anun\u021bul recent al pre\u0219edintelui Consiliului Jude\u021bean privind lansarea licita\u021biei pentru noul <b data-path-to-node=\"6\" data-index-in-node=\"500\">Terminal 3<\/b>. Aceast\u0103 investi\u021bie major\u0103 va aduce o aerogar\u0103 modern\u0103 de aproape 10.000 de metri p\u0103tra\u021bi, de trei ori mai mare dec\u00e2t spa\u021biile actuale, fiind proiectat\u0103 s\u0103 deserveasc\u0103 peste dou\u0103 milioane de pasageri anual \u0219i s\u0103 atrag\u0103 noi companii aeriene pe Aeroportul \u201e\u0218tefan cel Mare\u201d.<\/p>\n<\/section>\n<p>[analyse_source url=&#8221;https:\/\/suceavalive.ro\/final-de-capitol-pentru-ruta-suceava-viena-o-conexiune-de-vacanta-care-a-unit-inima-bucovinei-de-magia-austriaca\/&#8221;]<\/p>\n","protected":false},"excerpt":{"rendered":"<p>[analyse_image type=&#8221;featured&#8221; src=&#8221;https:\/\/suceavalive.ro\/wp-content\/uploads\/2026\/03\/viena-bucovina-1024&#215;749.jpghttps:\/\/suceavalive.ro\/wp-content\/uploads\/2026\/03\/viena-bucovina-scaled.jpg&#8221;] Final de capitol pentru ruta Suceava \u2013 Viena: O conexiune de vacan\u021b\u0103 care a unit inima Bucovinei de magia austriac\u0103 3 martie 2026 Conexiunea aerian\u0103 direct\u0103 dintre Suceava \u0219i Viena s-a \u00eencheiat oficial, marc\u00e2nd finalul unei perioade \u00een care c\u0103l\u0103torii din nord-estul \u021b\u0103rii au putut explora rapid farmecul capitalei austriece. Retragerea operatorului [&hellip;]<\/p>\n","protected":false},"author":1,"featured_media":0,"comment_status":"open","ping_status":"","sticky":false,"template":"","format":"standard","meta":{"footnotes":""},"categories":[89],"tags":[226,173],"class_list":["post-1803406","post","type-post","status-publish","format-standard","hentry","category-romania","tag-crawlmanager","tag-suceavalive-ro"],"_links":{"self":[{"href":"https:\/\/analyse.optim.biz\/index.php?rest_route=\/wp\/v2\/posts\/1803406","targetHints":{"allow":["GET"]}}],"collection":[{"href":"https:\/\/analyse.optim.biz\/index.php?rest_route=\/wp\/v2\/posts"}],"about":[{"href":"https:\/\/analyse.optim.biz\/index.php?rest_route=\/wp\/v2\/types\/post"}],"author":[{"embeddable":true,"href":"https:\/\/analyse.optim.biz\/index.php?rest_route=\/wp\/v2\/users\/1"}],"replies":[{"embeddable":true,"href":"https:\/\/analyse.optim.biz\/index.php?rest_route=%2Fwp%2Fv2%2Fcomments&post=1803406"}],"version-history":[{"count":0,"href":"https:\/\/analyse.optim.biz\/index.php?rest_route=\/wp\/v2\/posts\/1803406\/revisions"}],"wp:attachment":[{"href":"https:\/\/analyse.optim.biz\/index.php?rest_route=%2Fwp%2Fv2%2Fmedia&parent=1803406"}],"wp:term":[{"taxonomy":"category","embeddable":true,"href":"https:\/\/analyse.optim.biz\/index.php?rest_route=%2Fwp%2Fv2%2Fcategories&post=1803406"},{"taxonomy":"post_tag","embeddable":true,"href":"https:\/\/analyse.optim.biz\/index.php?rest_route=%2Fwp%2Fv2%2Ftags&post=1803406"}],"curies":[{"name":"wp","href":"https:\/\/api.w.org\/{rel}","templated":true}]}}