{"id":1803405,"date":"2026-03-03T10:14:31","date_gmt":"2026-03-03T07:14:31","guid":{"rendered":"https:\/\/analyse.optim.biz\/?p=1803405"},"modified":"2026-03-03T10:14:31","modified_gmt":"2026-03-03T07:14:31","slug":"tanar-fara-permis-prins-conducand-un-autoturism-la-dorna-arini-suceavalive","status":"publish","type":"post","link":"https:\/\/analyse.optim.biz\/?p=1803405","title":{"rendered":"T\u00e2n\u0103r f\u0103r\u0103 permis, prins conduc\u00e2nd un autoturism, la Dorna Arini &#8211; SuceavaLIVE"},"content":{"rendered":"<p>[analyse_image type=&#8221;featured&#8221; src=&#8221;https:\/\/suceavalive.ro\/wp-content\/uploads\/2025\/10\/politia3.jpghttps:\/\/suceavalive.ro\/wp-content\/uploads\/2025\/10\/politia3.jpg&#8221;]<\/p>\n<article id=\"post-288317\" class=\"clearfix post-288317 post type-post status-publish format-standard has-post-thumbnail hentry category-comunicate\">\n<header id=\"cb-standard-featured\">\n<div id=\"cb-fis-wrap\" class=\"cb-entry-header cb-fis cb-style-standard\"><span class=\"cb-title-fi\"><\/p>\n<h1 class=\"entry-title cb-entry-title cb-single-title\">T\u00e2n\u0103r f\u0103r\u0103 permis, prins conduc\u00e2nd un autoturism, la Dorna Arini<\/h1>\n<div class=\"cb-byline cb-font-header\">\n<div class=\"cb-date cb-byline-element\"><time datetime=\"2026-03-03\">3 martie 2026<\/time><\/div>\n<\/div>\n<p><\/span><\/div>\n<\/header>\n<section class=\"cb-entry-content entry-content clearfix\">\n<p data-path-to-node=\"2\"><span>Un echipaj al Sec\u021biei 15 Poli\u021bie Rural\u0103 Vatra Dornei, aflat \u00een misiune de monitorizare a traficului \u00een comuna Dorna Arini, a decis s\u0103 verifice un autoturism Chevrolet care rula prin localitate \u00een jurul orei 11:00.<\/span><\/p>\n<p data-path-to-node=\"3\"><span>La volanul ma\u0219inii a fost legitimat B. A., un b\u0103rbat de 33 de ani venit tocmai din jude\u021bul Maramure\u0219. De\u0219i acesta p\u0103rea un simplu participant la trafic, verific\u0103rile am\u0103nun\u021bite \u00een bazele de date au scos la iveal\u0103 o realitate periculoas\u0103: t\u00e2n\u0103rul din T\u00e2rgu L\u0103pu\u0219 nu a ob\u021binut niciodat\u0103 dreptul de a conduce vreo categorie de vehicule.<\/span><\/p>\n<p data-path-to-node=\"4\"><span>\u00cen ciuda faptului c\u0103 testarea cu aparatul etilometru a ar\u0103tat c\u0103 maramure\u0219eanul nu consumase alcool, acesta nu a mai fost l\u0103sat s\u0103 \u00ee\u0219i continue drumul la volan. Poli\u021bi\u0219tii din Dorna Arini au \u00eentocmit imediat un dosar de cercetare penal\u0103 sub aspectul s\u0103v\u00e2r\u0219irii infrac\u021biunii de conducere f\u0103r\u0103 permis, fapt\u0103 ce se pedepse\u0219te conform reglement\u0103rilor rutiere stricte.<\/span><\/p>\n<\/section>\n<footer class=\"article-footer\">\n<div class=\"cb-social-sharing cb-post-footer-block cb-beside clearfix\">\n<div class=\"cb-title-subtle\">Share On:<\/div>\n<div class=\"cb-twitter\"><a href=\"https:\/\/twitter.com\/share\" class=\"twitter-share-button\" data-dnt=\"true\" data-count=\"horizontal\">Tweet<\/a><\/div>\n<\/div>\n<div id=\"cb-previous-next-links\" class=\"cb-post-footer-block clearfix\">\n<div id=\"cb-previous-link\"><a href=\"https:\/\/suceavalive.ro\/un-barbat-din-frasin-a-fost-retinut-dupa-ce-a-fost-prins-la-volan-cu-permisul-suspendat-pentru-a-treia-oara\/\" rel=\"prev\">Un b\u0103rbat din Frasin a fost re\u021binut dup\u0103 ce a fost prins la volan cu permisul suspendat pentru a treia oar\u0103<\/a><\/div>\n<div id=\"cb-next-link\"><a href=\"https:\/\/suceavalive.ro\/presedintele-romaniei-a-semnat-decretul-de-numire-a-rectorului-mihai-dimian-in-functia-de-ministru-al-educatiei\/\" rel=\"next\">Pre\u0219edintele Rom\u00e2niei a semnat decretul de numire a rectorului Mihai Dimian \u00een func\u021bia de ministru al Educa\u021biei<\/a><\/div>\n<\/div>\n<div id=\"cb-author-box\" class=\"clearfix\">\n<h3 class=\"cb-block-title\">Despre autor<\/h3>\n<div class=\"cb-meta\">\n<div class=\"cb-info\">\n<div class=\"cb-author-title vcard\"><a href=\"https:\/\/suceavalive.ro\/author\/suceavalive\/\"><span class=\"fn\">SuceavaLive<\/span><\/a><\/div>\n<\/div>\n<\/div>\n<\/div>\n<div id=\"cb-related-posts\" class=\"cb-related-posts-block cb-post-end-block clearfix\">\n<h3 class=\"cb-block-title\">Postari asemanatoare<\/h3>\n<ul>\n<li class=\"cb-style-overlay cb-grid-entry cb-related-post no-1\">\n<div class=\"cb-meta cb-article-meta\">\n<h4 class=\"h3 cb-post-title\"><a href=\"https:\/\/suceavalive.ro\/un-barbat-din-frasin-a-fost-retinut-dupa-ce-a-fost-prins-la-volan-cu-permisul-suspendat-pentru-a-treia-oara\/\">Un b\u0103rbat din Frasin a fost re\u021binut dup\u0103 ce a fost prins la volan cu permisul suspendat pentru a treia oar\u0103<\/a><\/h4>\n<div class=\"cb-byline cb-font-header\">\n<div class=\"cb-date cb-byline-element\"><time datetime=\"2026-03-03\">3 martie 2026<\/time><\/div>\n<\/div>\n<\/div>\n<\/li>\n<li class=\"cb-style-overlay cb-grid-entry cb-related-post no-2\">\n<div class=\"cb-meta cb-article-meta\">\n<h4 class=\"h3 cb-post-title\"><a href=\"https:\/\/suceavalive.ro\/pretul-gazelor-in-europa-a-explodat-cu-40-qatarul-a-oprit-productia-de-gaz-natural-lichefiat\/\">Pre\u021bul gazelor \u00een Europa a explodat cu 40%. Qatarul a oprit produc\u021bia de gaz natural lichefiat<\/a><\/h4>\n<div class=\"cb-byline cb-font-header\">\n<div class=\"cb-date cb-byline-element\"><time datetime=\"2026-03-02\">2 martie 2026<\/time><\/div>\n<\/div>\n<\/div>\n<\/li>\n<\/ul>\n<\/div>\n<\/footer>\n<div id=\"respond\" class=\"comment-respond\">\n<h3 id=\"reply-title\" class=\"comment-reply-title\">Lasa un raspuns <small><a rel=\"nofollow\" id=\"cancel-comment-reply-link\" href=\"https:\/\/suceavalive.ro\/tanar-fara-permis-prins-conducand-un-autoturism-la-dorna-arini\/?fbclid=IwY2xjawQTnAhleHRuA2FlbQIxMABicmlkETBIcTViUDRSZHNWN0cwTnNuc3J0YwZhcHBfaWQQMjIyMDM5MTc4ODIwMDg5MgABHgSs4dC60YU_TOhgVf7ui2Zdzgv_EEkGGVrfHn5ppmBzbsVUFm82BF472pYa_aem_xnaYhW4BIQ5K3AiJVKq9lQ#respond\">Anuleaza raspunsul<\/a><\/small><\/h3>\n<p class=\"comment-notes\">Adresa ta de email nu va fi publicat\u0103.<\/p>\n<\/div>\n<\/article>\n<section class=\"cb-entry-content entry-content clearfix\">\n<p data-path-to-node=\"2\"><span>Un echipaj al Sec\u021biei 15 Poli\u021bie Rural\u0103 Vatra Dornei, aflat \u00een misiune de monitorizare a traficului \u00een comuna Dorna Arini, a decis s\u0103 verifice un autoturism Chevrolet care rula prin localitate \u00een jurul orei 11:00.<\/span><\/p>\n<p data-path-to-node=\"3\"><span>La volanul ma\u0219inii a fost legitimat B. A., un b\u0103rbat de 33 de ani venit tocmai din jude\u021bul Maramure\u0219. De\u0219i acesta p\u0103rea un simplu participant la trafic, verific\u0103rile am\u0103nun\u021bite \u00een bazele de date au scos la iveal\u0103 o realitate periculoas\u0103: t\u00e2n\u0103rul din T\u00e2rgu L\u0103pu\u0219 nu a ob\u021binut niciodat\u0103 dreptul de a conduce vreo categorie de vehicule.<\/span><\/p>\n<p data-path-to-node=\"4\"><span>\u00cen ciuda faptului c\u0103 testarea cu aparatul etilometru a ar\u0103tat c\u0103 maramure\u0219eanul nu consumase alcool, acesta nu a mai fost l\u0103sat s\u0103 \u00ee\u0219i continue drumul la volan. Poli\u021bi\u0219tii din Dorna Arini au \u00eentocmit imediat un dosar de cercetare penal\u0103 sub aspectul s\u0103v\u00e2r\u0219irii infrac\u021biunii de conducere f\u0103r\u0103 permis, fapt\u0103 ce se pedepse\u0219te conform reglement\u0103rilor rutiere stricte.<\/span><\/p>\n<\/section>\n<section class=\"cb-entry-content entry-content clearfix\">\n<p data-path-to-node=\"2\"><span>Un echipaj al Sec\u021biei 15 Poli\u021bie Rural\u0103 Vatra Dornei, aflat \u00een misiune de monitorizare a traficului \u00een comuna Dorna Arini, a decis s\u0103 verifice un autoturism Chevrolet care rula prin localitate \u00een jurul orei 11:00.<\/span><\/p>\n<p data-path-to-node=\"3\"><span>La volanul ma\u0219inii a fost legitimat B. A., un b\u0103rbat de 33 de ani venit tocmai din jude\u021bul Maramure\u0219. De\u0219i acesta p\u0103rea un simplu participant la trafic, verific\u0103rile am\u0103nun\u021bite \u00een bazele de date au scos la iveal\u0103 o realitate periculoas\u0103: t\u00e2n\u0103rul din T\u00e2rgu L\u0103pu\u0219 nu a ob\u021binut niciodat\u0103 dreptul de a conduce vreo categorie de vehicule.<\/span><\/p>\n<p data-path-to-node=\"4\"><span>\u00cen ciuda faptului c\u0103 testarea cu aparatul etilometru a ar\u0103tat c\u0103 maramure\u0219eanul nu consumase alcool, acesta nu a mai fost l\u0103sat s\u0103 \u00ee\u0219i continue drumul la volan. Poli\u021bi\u0219tii din Dorna Arini au \u00eentocmit imediat un dosar de cercetare penal\u0103 sub aspectul s\u0103v\u00e2r\u0219irii infrac\u021biunii de conducere f\u0103r\u0103 permis, fapt\u0103 ce se pedepse\u0219te conform reglement\u0103rilor rutiere stricte.<\/span><\/p>\n<\/section>\n<p>[analyse_source url=&#8221;https:\/\/suceavalive.ro\/tanar-fara-permis-prins-conducand-un-autoturism-la-dorna-arini\/&#8221;]<\/p>\n","protected":false},"excerpt":{"rendered":"<p>[analyse_image type=&#8221;featured&#8221; src=&#8221;https:\/\/suceavalive.ro\/wp-content\/uploads\/2025\/10\/politia3.jpghttps:\/\/suceavalive.ro\/wp-content\/uploads\/2025\/10\/politia3.jpg&#8221;] T\u00e2n\u0103r f\u0103r\u0103 permis, prins conduc\u00e2nd un autoturism, la Dorna Arini 3 martie 2026 Un echipaj al Sec\u021biei 15 Poli\u021bie Rural\u0103 Vatra Dornei, aflat \u00een misiune de monitorizare a traficului \u00een comuna Dorna Arini, a decis s\u0103 verifice un autoturism Chevrolet care rula prin localitate \u00een jurul orei 11:00. La volanul ma\u0219inii a [&hellip;]<\/p>\n","protected":false},"author":1,"featured_media":0,"comment_status":"open","ping_status":"","sticky":false,"template":"","format":"standard","meta":{"footnotes":""},"categories":[89],"tags":[226,173],"class_list":["post-1803405","post","type-post","status-publish","format-standard","hentry","category-romania","tag-crawlmanager","tag-suceavalive-ro"],"_links":{"self":[{"href":"https:\/\/analyse.optim.biz\/index.php?rest_route=\/wp\/v2\/posts\/1803405","targetHints":{"allow":["GET"]}}],"collection":[{"href":"https:\/\/analyse.optim.biz\/index.php?rest_route=\/wp\/v2\/posts"}],"about":[{"href":"https:\/\/analyse.optim.biz\/index.php?rest_route=\/wp\/v2\/types\/post"}],"author":[{"embeddable":true,"href":"https:\/\/analyse.optim.biz\/index.php?rest_route=\/wp\/v2\/users\/1"}],"replies":[{"embeddable":true,"href":"https:\/\/analyse.optim.biz\/index.php?rest_route=%2Fwp%2Fv2%2Fcomments&post=1803405"}],"version-history":[{"count":0,"href":"https:\/\/analyse.optim.biz\/index.php?rest_route=\/wp\/v2\/posts\/1803405\/revisions"}],"wp:attachment":[{"href":"https:\/\/analyse.optim.biz\/index.php?rest_route=%2Fwp%2Fv2%2Fmedia&parent=1803405"}],"wp:term":[{"taxonomy":"category","embeddable":true,"href":"https:\/\/analyse.optim.biz\/index.php?rest_route=%2Fwp%2Fv2%2Fcategories&post=1803405"},{"taxonomy":"post_tag","embeddable":true,"href":"https:\/\/analyse.optim.biz\/index.php?rest_route=%2Fwp%2Fv2%2Ftags&post=1803405"}],"curies":[{"name":"wp","href":"https:\/\/api.w.org\/{rel}","templated":true}]}}