{"id":1803402,"date":"2026-03-02T13:26:40","date_gmt":"2026-03-02T10:26:40","guid":{"rendered":"https:\/\/analyse.optim.biz\/?p=1803402"},"modified":"2026-03-02T13:26:40","modified_gmt":"2026-03-02T10:26:40","slug":"un-batran-de-82-de-ani-din-comuna-satu-mare-a-ajuns-la-spital-dupa-ce-s-a-rasturnat-cu-triciclul-electric","status":"publish","type":"post","link":"https:\/\/analyse.optim.biz\/?p=1803402","title":{"rendered":"Un b\u0103tr\u00e2n de 82 de ani din comuna Satu Mare a ajuns la spital dup\u0103 ce s-a r\u0103sturnat cu triciclul electric &#8211;"},"content":{"rendered":"<p>[analyse_image type=&#8221;featured&#8221; src=&#8221;https:\/\/suceavalive.ro\/wp-content\/uploads\/2020\/04\/ambulanta.pnghttps:\/\/suceavalive.ro\/wp-content\/uploads\/2020\/04\/ambulanta.png&#8221;]<\/p>\n<article id=\"post-288265\" class=\"clearfix post-288265 post type-post status-publish format-standard has-post-thumbnail hentry category-comunicate\">\n<header id=\"cb-standard-featured\">\n<div id=\"cb-fis-wrap\" class=\"cb-entry-header cb-fis cb-style-standard\"><span class=\"cb-title-fi\"><\/p>\n<h1 class=\"entry-title cb-entry-title cb-single-title\">Un b\u0103tr\u00e2n de 82 de ani din comuna Satu Mare a ajuns la spital dup\u0103 ce s-a r\u0103sturnat cu triciclul electric<\/h1>\n<div class=\"cb-byline cb-font-header\">\n<div class=\"cb-date cb-byline-element\"><time datetime=\"2026-03-02\">2 martie 2026<\/time><\/div>\n<\/div>\n<p><\/span><\/div>\n<\/header>\n<section class=\"cb-entry-content entry-content clearfix\">\n<p data-path-to-node=\"2\"><span>Un eveniment rutier nefericit a avut loc duminic\u0103 la pr\u00e2nz pe raza localit\u0103\u021bii \u021aibeni, comuna Satu Mare, unde un localnic \u00een v\u00e2rst\u0103 de 82 de ani a fost r\u0103nit \u00een timp ce conducea un triciclu electric. \u00cen jurul orei 12:15, M. M. se deplasa pe drumul comunal DC41 c\u00e2nd a \u00eencercat s\u0103 efectueze o manevr\u0103 de \u00eentoarcere. Din cauza v\u00e2rstei \u00eenaintate \u0219i a unei clipe de neaten\u021bie, b\u0103rbatul s-a dezechilibrat, iar vehiculul s-a r\u0103sturnat, acesta c\u0103z\u00e2nd violent pe sol.<\/span><\/p>\n<p data-path-to-node=\"3\"><span>La fa\u021ba locului a intervenit prompt un echipaj SMURD, care i-a acordat primele \u00eengrijiri medicale \u0219i l-a transportat la Spitalul Municipal R\u0103d\u0103u\u021bi. \u00cen urma investiga\u021biilor, octogenarul a fost diagnosticat cu un traumatism cranio-facial \u0219i traumatisme la nivelul membrelor superior \u0219i inferior drept, fiind \u00eenregistrat ca \u201er\u0103nit u\u0219or\u201d. Poli\u021bi\u0219tii sosi\u021bi la locul incidentului l-au testat pe b\u0103rbat cu aparatul etilotest, rezultatul fiind negativ.<\/span><\/p>\n<p data-path-to-node=\"4\"><span>Verific\u0103rile tehnice efectuate asupra vehiculului marca Volta au stabilit c\u0103 acesta are o vitez\u0103 maxim\u0103 de rulare de 25 km\/h, motiv pentru care, conform legisla\u021biei \u00een vigoare, nu este necesar\u0103 de\u021binerea unui permis de conducere pentru a-l utiliza pe drumurile publice. De\u0219i a fost vorba despre o autoaccidentare, poli\u021bi\u0219tii au \u00eentocmit conform procedurii un dosar penal sub aspectul s\u0103v\u00e2r\u0219irii infrac\u021biunii de v\u0103t\u0103mare corporal\u0103 din culp\u0103, pentru a clarifica toate circumstan\u021bele producerii evenimentului.<\/span><\/p>\n<\/section>\n<footer class=\"article-footer\">\n<div class=\"cb-social-sharing cb-post-footer-block cb-beside clearfix\">\n<div class=\"cb-title-subtle\">Share On:<\/div>\n<div class=\"cb-twitter\"><a href=\"https:\/\/twitter.com\/share\" class=\"twitter-share-button\" data-dnt=\"true\" data-count=\"horizontal\">Tweet<\/a><\/div>\n<\/div>\n<div id=\"cb-previous-next-links\" class=\"cb-post-footer-block clearfix\">\n<div id=\"cb-previous-link\"><a href=\"https:\/\/suceavalive.ro\/trei-prieteni-bauti-si-fara-permis-au-condus-pe-rand-aceeasi-masina-pana-cand-au-fost-opriti-de-politie\/\" rel=\"prev\">Trei prieteni b\u0103u\u021bi \u0219i f\u0103r\u0103 permis au condus pe r\u00e2nd aceea\u0219i ma\u0219in\u0103 p\u00e2n\u0103 c\u00e2nd au fost opri\u021bi de poli\u021bie<\/a><\/div>\n<div id=\"cb-next-link\"><a href=\"https:\/\/suceavalive.ro\/pretul-gazelor-in-europa-a-explodat-cu-40-qatarul-a-oprit-productia-de-gaz-natural-lichefiat\/\" rel=\"next\">Pre\u021bul gazelor \u00een Europa a explodat cu 40%. Qatarul a oprit produc\u021bia de gaz natural lichefiat<\/a><\/div>\n<\/div>\n<div id=\"cb-author-box\" class=\"clearfix\">\n<h3 class=\"cb-block-title\">Despre autor<\/h3>\n<div class=\"cb-meta\">\n<div class=\"cb-info\">\n<div class=\"cb-author-title vcard\"><a href=\"https:\/\/suceavalive.ro\/author\/suceavalive\/\"><span class=\"fn\">SuceavaLive<\/span><\/a><\/div>\n<\/div>\n<\/div>\n<\/div>\n<div id=\"cb-related-posts\" class=\"cb-related-posts-block cb-post-end-block clearfix\">\n<h3 class=\"cb-block-title\">Postari asemanatoare<\/h3>\n<ul>\n<li class=\"cb-style-overlay cb-grid-entry cb-related-post no-1\">\n<div class=\"cb-meta cb-article-meta\">\n<h4 class=\"h3 cb-post-title\"><a href=\"https:\/\/suceavalive.ro\/tanar-fara-permis-prins-conducand-un-autoturism-la-dorna-arini\/\">T\u00e2n\u0103r f\u0103r\u0103 permis, prins conduc\u00e2nd un autoturism, la Dorna Arini<\/a><\/h4>\n<div class=\"cb-byline cb-font-header\">\n<div class=\"cb-date cb-byline-element\"><time datetime=\"2026-03-03\">3 martie 2026<\/time><\/div>\n<\/div>\n<\/div>\n<\/li>\n<li class=\"cb-style-overlay cb-grid-entry cb-related-post no-2\">\n<div class=\"cb-meta cb-article-meta\">\n<h4 class=\"h3 cb-post-title\"><a href=\"https:\/\/suceavalive.ro\/un-barbat-din-frasin-a-fost-retinut-dupa-ce-a-fost-prins-la-volan-cu-permisul-suspendat-pentru-a-treia-oara\/\">Un b\u0103rbat din Frasin a fost re\u021binut dup\u0103 ce a fost prins la volan cu permisul suspendat pentru a treia oar\u0103<\/a><\/h4>\n<div class=\"cb-byline cb-font-header\">\n<div class=\"cb-date cb-byline-element\"><time datetime=\"2026-03-03\">3 martie 2026<\/time><\/div>\n<\/div>\n<\/div>\n<\/li>\n<\/ul>\n<\/div>\n<\/footer>\n<div id=\"respond\" class=\"comment-respond\">\n<h3 id=\"reply-title\" class=\"comment-reply-title\">Lasa un raspuns <small><a rel=\"nofollow\" id=\"cancel-comment-reply-link\" href=\"https:\/\/suceavalive.ro\/un-batran-de-82-de-ani-din-comuna-satu-mare-a-ajuns-la-spital-dupa-ce-s-a-rasturnat-cu-triciclul-electric\/#respond\">Anuleaza raspunsul<\/a><\/small><\/h3>\n<p class=\"comment-notes\">Adresa ta de email nu va fi publicat\u0103.<\/p>\n<\/div>\n<\/article>\n<section class=\"cb-entry-content entry-content clearfix\">\n<p data-path-to-node=\"2\"><span>Un eveniment rutier nefericit a avut loc duminic\u0103 la pr\u00e2nz pe raza localit\u0103\u021bii \u021aibeni, comuna Satu Mare, unde un localnic \u00een v\u00e2rst\u0103 de 82 de ani a fost r\u0103nit \u00een timp ce conducea un triciclu electric. \u00cen jurul orei 12:15, M. M. se deplasa pe drumul comunal DC41 c\u00e2nd a \u00eencercat s\u0103 efectueze o manevr\u0103 de \u00eentoarcere. Din cauza v\u00e2rstei \u00eenaintate \u0219i a unei clipe de neaten\u021bie, b\u0103rbatul s-a dezechilibrat, iar vehiculul s-a r\u0103sturnat, acesta c\u0103z\u00e2nd violent pe sol.<\/span><\/p>\n<p data-path-to-node=\"3\"><span>La fa\u021ba locului a intervenit prompt un echipaj SMURD, care i-a acordat primele \u00eengrijiri medicale \u0219i l-a transportat la Spitalul Municipal R\u0103d\u0103u\u021bi. \u00cen urma investiga\u021biilor, octogenarul a fost diagnosticat cu un traumatism cranio-facial \u0219i traumatisme la nivelul membrelor superior \u0219i inferior drept, fiind \u00eenregistrat ca \u201er\u0103nit u\u0219or\u201d. Poli\u021bi\u0219tii sosi\u021bi la locul incidentului l-au testat pe b\u0103rbat cu aparatul etilotest, rezultatul fiind negativ.<\/span><\/p>\n<p data-path-to-node=\"4\"><span>Verific\u0103rile tehnice efectuate asupra vehiculului marca Volta au stabilit c\u0103 acesta are o vitez\u0103 maxim\u0103 de rulare de 25 km\/h, motiv pentru care, conform legisla\u021biei \u00een vigoare, nu este necesar\u0103 de\u021binerea unui permis de conducere pentru a-l utiliza pe drumurile publice. De\u0219i a fost vorba despre o autoaccidentare, poli\u021bi\u0219tii au \u00eentocmit conform procedurii un dosar penal sub aspectul s\u0103v\u00e2r\u0219irii infrac\u021biunii de v\u0103t\u0103mare corporal\u0103 din culp\u0103, pentru a clarifica toate circumstan\u021bele producerii evenimentului.<\/span><\/p>\n<\/section>\n<section class=\"cb-entry-content entry-content clearfix\">\n<p data-path-to-node=\"2\"><span>Un eveniment rutier nefericit a avut loc duminic\u0103 la pr\u00e2nz pe raza localit\u0103\u021bii \u021aibeni, comuna Satu Mare, unde un localnic \u00een v\u00e2rst\u0103 de 82 de ani a fost r\u0103nit \u00een timp ce conducea un triciclu electric. \u00cen jurul orei 12:15, M. M. se deplasa pe drumul comunal DC41 c\u00e2nd a \u00eencercat s\u0103 efectueze o manevr\u0103 de \u00eentoarcere. Din cauza v\u00e2rstei \u00eenaintate \u0219i a unei clipe de neaten\u021bie, b\u0103rbatul s-a dezechilibrat, iar vehiculul s-a r\u0103sturnat, acesta c\u0103z\u00e2nd violent pe sol.<\/span><\/p>\n<p data-path-to-node=\"3\"><span>La fa\u021ba locului a intervenit prompt un echipaj SMURD, care i-a acordat primele \u00eengrijiri medicale \u0219i l-a transportat la Spitalul Municipal R\u0103d\u0103u\u021bi. \u00cen urma investiga\u021biilor, octogenarul a fost diagnosticat cu un traumatism cranio-facial \u0219i traumatisme la nivelul membrelor superior \u0219i inferior drept, fiind \u00eenregistrat ca \u201er\u0103nit u\u0219or\u201d. Poli\u021bi\u0219tii sosi\u021bi la locul incidentului l-au testat pe b\u0103rbat cu aparatul etilotest, rezultatul fiind negativ.<\/span><\/p>\n<p data-path-to-node=\"4\"><span>Verific\u0103rile tehnice efectuate asupra vehiculului marca Volta au stabilit c\u0103 acesta are o vitez\u0103 maxim\u0103 de rulare de 25 km\/h, motiv pentru care, conform legisla\u021biei \u00een vigoare, nu este necesar\u0103 de\u021binerea unui permis de conducere pentru a-l utiliza pe drumurile publice. De\u0219i a fost vorba despre o autoaccidentare, poli\u021bi\u0219tii au \u00eentocmit conform procedurii un dosar penal sub aspectul s\u0103v\u00e2r\u0219irii infrac\u021biunii de v\u0103t\u0103mare corporal\u0103 din culp\u0103, pentru a clarifica toate circumstan\u021bele producerii evenimentului.<\/span><\/p>\n<\/section>\n<p>[analyse_source url=&#8221;https:\/\/suceavalive.ro\/un-batran-de-82-de-ani-din-comuna-satu-mare-a-ajuns-la-spital-dupa-ce-s-a-rasturnat-cu-triciclul-electric\/&#8221;]<\/p>\n","protected":false},"excerpt":{"rendered":"<p>[analyse_image type=&#8221;featured&#8221; src=&#8221;https:\/\/suceavalive.ro\/wp-content\/uploads\/2020\/04\/ambulanta.pnghttps:\/\/suceavalive.ro\/wp-content\/uploads\/2020\/04\/ambulanta.png&#8221;] Un b\u0103tr\u00e2n de 82 de ani din comuna Satu Mare a ajuns la spital dup\u0103 ce s-a r\u0103sturnat cu triciclul electric 2 martie 2026 Un eveniment rutier nefericit a avut loc duminic\u0103 la pr\u00e2nz pe raza localit\u0103\u021bii \u021aibeni, comuna Satu Mare, unde un localnic \u00een v\u00e2rst\u0103 de 82 de ani a fost [&hellip;]<\/p>\n","protected":false},"author":1,"featured_media":0,"comment_status":"open","ping_status":"","sticky":false,"template":"","format":"standard","meta":{"footnotes":""},"categories":[89],"tags":[226,173],"class_list":["post-1803402","post","type-post","status-publish","format-standard","hentry","category-romania","tag-crawlmanager","tag-suceavalive-ro"],"_links":{"self":[{"href":"https:\/\/analyse.optim.biz\/index.php?rest_route=\/wp\/v2\/posts\/1803402","targetHints":{"allow":["GET"]}}],"collection":[{"href":"https:\/\/analyse.optim.biz\/index.php?rest_route=\/wp\/v2\/posts"}],"about":[{"href":"https:\/\/analyse.optim.biz\/index.php?rest_route=\/wp\/v2\/types\/post"}],"author":[{"embeddable":true,"href":"https:\/\/analyse.optim.biz\/index.php?rest_route=\/wp\/v2\/users\/1"}],"replies":[{"embeddable":true,"href":"https:\/\/analyse.optim.biz\/index.php?rest_route=%2Fwp%2Fv2%2Fcomments&post=1803402"}],"version-history":[{"count":0,"href":"https:\/\/analyse.optim.biz\/index.php?rest_route=\/wp\/v2\/posts\/1803402\/revisions"}],"wp:attachment":[{"href":"https:\/\/analyse.optim.biz\/index.php?rest_route=%2Fwp%2Fv2%2Fmedia&parent=1803402"}],"wp:term":[{"taxonomy":"category","embeddable":true,"href":"https:\/\/analyse.optim.biz\/index.php?rest_route=%2Fwp%2Fv2%2Fcategories&post=1803402"},{"taxonomy":"post_tag","embeddable":true,"href":"https:\/\/analyse.optim.biz\/index.php?rest_route=%2Fwp%2Fv2%2Ftags&post=1803402"}],"curies":[{"name":"wp","href":"https:\/\/api.w.org\/{rel}","templated":true}]}}