{"id":1803400,"date":"2026-03-02T12:47:15","date_gmt":"2026-03-02T09:47:15","guid":{"rendered":"https:\/\/analyse.optim.biz\/?p=1803400"},"modified":"2026-03-02T12:47:15","modified_gmt":"2026-03-02T09:47:15","slug":"un-biciclist-de-72-de-ani-din-moldovita-a-ajuns-la-spital-dupa-ce-s-a-prabusit-pe-sosea-era-prea-baut","status":"publish","type":"post","link":"https:\/\/analyse.optim.biz\/?p=1803400","title":{"rendered":"Un biciclist de 72 de ani din Moldovi\u021ba a ajuns la spital dup\u0103 ce s-a pr\u0103bu\u0219it pe \u0219osea. Era prea b\u0103ut"},"content":{"rendered":"<p>[analyse_image type=&#8221;featured&#8221; src=&#8221;https:\/\/suceavalive.ro\/wp-content\/uploads\/2019\/05\/ambulanta1-1.jpghttps:\/\/suceavalive.ro\/wp-content\/uploads\/2019\/05\/ambulanta1-1.jpg&#8221;]<\/p>\n<article id=\"post-288254\" class=\"clearfix post-288254 post type-post status-publish format-standard has-post-thumbnail hentry category-comunicate\">\n<header id=\"cb-standard-featured\">\n<div id=\"cb-fis-wrap\" class=\"cb-entry-header cb-fis cb-style-standard\"><span class=\"cb-title-fi\"><\/p>\n<h1 class=\"entry-title cb-entry-title cb-single-title\">Un biciclist de 72 de ani din Moldovi\u021ba a ajuns la spital dup\u0103 ce s-a pr\u0103bu\u0219it pe \u0219osea. Era prea b\u0103ut pentru a putea fi testat<\/h1>\n<div class=\"cb-byline cb-font-header\">\n<div class=\"cb-date cb-byline-element\"><time datetime=\"2026-03-02\">2 martie 2026<\/time><\/div>\n<\/div>\n<p><\/span><\/div>\n<\/header>\n<section class=\"cb-entry-content entry-content clearfix\">\n<p data-path-to-node=\"2\"><span>Un b\u0103rbat \u00een v\u00e2rst\u0103 de 72 de ani a fost protagonistul unui eveniment rutier nefericit duminic\u0103 sear\u0103, pe raza comunei Moldovi\u021ba. \u00cen jurul orei 18:50, \u00een timp ce se deplasa cu bicicleta pe drumul jude\u021bean DJ 176, M. D. s-a dezechilibrat \u0219i a c\u0103zut direct pe partea carosabil\u0103, suferind mai multe leziuni. Poli\u021bi\u0219tii Sec\u021biei de Poli\u021bie Rural\u0103 Vama, alerta\u021bi despre incident, au solicitat sprijinul echipei operative din cadrul Compartimentului Rutier, care a identificat victima la Spitalul Municipal C\u00e2mpulung Moldovenesc.<\/span><\/p>\n<p data-path-to-node=\"3\"><span>\u00cen momentul interac\u021biunii cu for\u021bele de ordine, septuagenarul prezenta o vorbire incoerent\u0103, fiind evident faptul c\u0103 se afla sub influen\u021ba b\u0103uturilor alcoolice. Poli\u021bi\u0219tii au \u00eencercat s\u0103 \u00eel testeze cu aparatul etilotest, \u00eens\u0103 procedura nu a putut fi dus\u0103 la bun sf\u00e2r\u0219it; starea avansat\u0103 de ebrietate, combinat\u0103 cu unele afec\u021biuni cronice de tip respirator (astm), a f\u0103cut imposibil\u0103 ob\u021binerea unei probe valide. \u00cen urma investiga\u021biilor medicale, b\u0103rbatul a primit diagnosticul de \u201eu\u0219oar\u0103 contuzie la um\u0103rul drept\u201d. De\u0219i a fost vorba despre o autoaccidentare, \u00een cauz\u0103 a fost \u00eentocmit un dosar penal sub aspectul s\u0103v\u00e2r\u0219irii infrac\u021biunii de v\u0103t\u0103mare corporal\u0103 din culp\u0103, cazul urm\u00e2nd s\u0103 fie analizat de Parchetul de pe l\u00e2ng\u0103 Judec\u0103toria C\u00e2mpulung Moldovenesc.<\/span><\/p>\n<\/section>\n<footer class=\"article-footer\">\n<div class=\"cb-social-sharing cb-post-footer-block cb-beside clearfix\">\n<div class=\"cb-title-subtle\">Share On:<\/div>\n<div class=\"cb-twitter\"><a href=\"https:\/\/twitter.com\/share\" class=\"twitter-share-button\" data-dnt=\"true\" data-count=\"horizontal\">Tweet<\/a><\/div>\n<\/div>\n<div id=\"cb-previous-next-links\" class=\"cb-post-footer-block clearfix\">\n<div id=\"cb-previous-link\"><a href=\"https:\/\/suceavalive.ro\/parcul-balnear-din-vatra-dornei-modernizat-cu-fonduri-europene-marius-ripan-continuam-dezvoltarea-orasului-nostru\/\" rel=\"prev\">Parcul Balnear din Vatra Dornei, modernizat cu fonduri europene. Marius R\u00eepan: \u201eContinu\u0103m dezvoltarea ora\u0219ului nostru\u201d<\/a><\/div>\n<div id=\"cb-next-link\"><a href=\"https:\/\/suceavalive.ro\/minune-semn-neasteptat-la-mormantul-parintelui-iustin-parvu\/\" rel=\"next\">Minune? Semn nea\u0219teptat la morm\u00e2ntul P\u0103rintelui Iustin P\u00e2rvu<\/a><\/div>\n<\/div>\n<div id=\"cb-author-box\" class=\"clearfix\">\n<h3 class=\"cb-block-title\">Despre autor<\/h3>\n<div class=\"cb-meta\">\n<div class=\"cb-info\">\n<div class=\"cb-author-title vcard\"><a href=\"https:\/\/suceavalive.ro\/author\/suceavalive\/\"><span class=\"fn\">SuceavaLive<\/span><\/a><\/div>\n<\/div>\n<\/div>\n<\/div>\n<div id=\"cb-related-posts\" class=\"cb-related-posts-block cb-post-end-block clearfix\">\n<h3 class=\"cb-block-title\">Postari asemanatoare<\/h3>\n<ul>\n<li class=\"cb-style-overlay cb-grid-entry cb-related-post no-1\">\n<div class=\"cb-meta cb-article-meta\">\n<h4 class=\"h3 cb-post-title\"><a href=\"https:\/\/suceavalive.ro\/tanar-fara-permis-prins-conducand-un-autoturism-la-dorna-arini\/\">T\u00e2n\u0103r f\u0103r\u0103 permis, prins conduc\u00e2nd un autoturism, la Dorna Arini<\/a><\/h4>\n<div class=\"cb-byline cb-font-header\">\n<div class=\"cb-date cb-byline-element\"><time datetime=\"2026-03-03\">3 martie 2026<\/time><\/div>\n<\/div>\n<\/div>\n<\/li>\n<li class=\"cb-style-overlay cb-grid-entry cb-related-post no-2\">\n<div class=\"cb-meta cb-article-meta\">\n<h4 class=\"h3 cb-post-title\"><a href=\"https:\/\/suceavalive.ro\/un-barbat-din-frasin-a-fost-retinut-dupa-ce-a-fost-prins-la-volan-cu-permisul-suspendat-pentru-a-treia-oara\/\">Un b\u0103rbat din Frasin a fost re\u021binut dup\u0103 ce a fost prins la volan cu permisul suspendat pentru a treia oar\u0103<\/a><\/h4>\n<div class=\"cb-byline cb-font-header\">\n<div class=\"cb-date cb-byline-element\"><time datetime=\"2026-03-03\">3 martie 2026<\/time><\/div>\n<\/div>\n<\/div>\n<\/li>\n<\/ul>\n<\/div>\n<\/footer>\n<div id=\"respond\" class=\"comment-respond\">\n<h3 id=\"reply-title\" class=\"comment-reply-title\">Lasa un raspuns <small><a rel=\"nofollow\" id=\"cancel-comment-reply-link\" href=\"https:\/\/suceavalive.ro\/un-biciclist-de-72-de-ani-din-moldovita-a-ajuns-la-spital-dupa-ce-s-a-prabusit-pe-sosea-era-prea-baut-pentru-a-putea-fi-testat\/#respond\">Anuleaza raspunsul<\/a><\/small><\/h3>\n<p class=\"comment-notes\">Adresa ta de email nu va fi publicat\u0103.<\/p>\n<\/div>\n<\/article>\n<section class=\"cb-entry-content entry-content clearfix\">\n<p data-path-to-node=\"2\"><span>Un b\u0103rbat \u00een v\u00e2rst\u0103 de 72 de ani a fost protagonistul unui eveniment rutier nefericit duminic\u0103 sear\u0103, pe raza comunei Moldovi\u021ba. \u00cen jurul orei 18:50, \u00een timp ce se deplasa cu bicicleta pe drumul jude\u021bean DJ 176, M. D. s-a dezechilibrat \u0219i a c\u0103zut direct pe partea carosabil\u0103, suferind mai multe leziuni. Poli\u021bi\u0219tii Sec\u021biei de Poli\u021bie Rural\u0103 Vama, alerta\u021bi despre incident, au solicitat sprijinul echipei operative din cadrul Compartimentului Rutier, care a identificat victima la Spitalul Municipal C\u00e2mpulung Moldovenesc.<\/span><\/p>\n<p data-path-to-node=\"3\"><span>\u00cen momentul interac\u021biunii cu for\u021bele de ordine, septuagenarul prezenta o vorbire incoerent\u0103, fiind evident faptul c\u0103 se afla sub influen\u021ba b\u0103uturilor alcoolice. Poli\u021bi\u0219tii au \u00eencercat s\u0103 \u00eel testeze cu aparatul etilotest, \u00eens\u0103 procedura nu a putut fi dus\u0103 la bun sf\u00e2r\u0219it; starea avansat\u0103 de ebrietate, combinat\u0103 cu unele afec\u021biuni cronice de tip respirator (astm), a f\u0103cut imposibil\u0103 ob\u021binerea unei probe valide. \u00cen urma investiga\u021biilor medicale, b\u0103rbatul a primit diagnosticul de \u201eu\u0219oar\u0103 contuzie la um\u0103rul drept\u201d. De\u0219i a fost vorba despre o autoaccidentare, \u00een cauz\u0103 a fost \u00eentocmit un dosar penal sub aspectul s\u0103v\u00e2r\u0219irii infrac\u021biunii de v\u0103t\u0103mare corporal\u0103 din culp\u0103, cazul urm\u00e2nd s\u0103 fie analizat de Parchetul de pe l\u00e2ng\u0103 Judec\u0103toria C\u00e2mpulung Moldovenesc.<\/span><\/p>\n<\/section>\n<section class=\"cb-entry-content entry-content clearfix\">\n<p data-path-to-node=\"2\"><span>Un b\u0103rbat \u00een v\u00e2rst\u0103 de 72 de ani a fost protagonistul unui eveniment rutier nefericit duminic\u0103 sear\u0103, pe raza comunei Moldovi\u021ba. \u00cen jurul orei 18:50, \u00een timp ce se deplasa cu bicicleta pe drumul jude\u021bean DJ 176, M. D. s-a dezechilibrat \u0219i a c\u0103zut direct pe partea carosabil\u0103, suferind mai multe leziuni. Poli\u021bi\u0219tii Sec\u021biei de Poli\u021bie Rural\u0103 Vama, alerta\u021bi despre incident, au solicitat sprijinul echipei operative din cadrul Compartimentului Rutier, care a identificat victima la Spitalul Municipal C\u00e2mpulung Moldovenesc.<\/span><\/p>\n<p data-path-to-node=\"3\"><span>\u00cen momentul interac\u021biunii cu for\u021bele de ordine, septuagenarul prezenta o vorbire incoerent\u0103, fiind evident faptul c\u0103 se afla sub influen\u021ba b\u0103uturilor alcoolice. Poli\u021bi\u0219tii au \u00eencercat s\u0103 \u00eel testeze cu aparatul etilotest, \u00eens\u0103 procedura nu a putut fi dus\u0103 la bun sf\u00e2r\u0219it; starea avansat\u0103 de ebrietate, combinat\u0103 cu unele afec\u021biuni cronice de tip respirator (astm), a f\u0103cut imposibil\u0103 ob\u021binerea unei probe valide. \u00cen urma investiga\u021biilor medicale, b\u0103rbatul a primit diagnosticul de \u201eu\u0219oar\u0103 contuzie la um\u0103rul drept\u201d. De\u0219i a fost vorba despre o autoaccidentare, \u00een cauz\u0103 a fost \u00eentocmit un dosar penal sub aspectul s\u0103v\u00e2r\u0219irii infrac\u021biunii de v\u0103t\u0103mare corporal\u0103 din culp\u0103, cazul urm\u00e2nd s\u0103 fie analizat de Parchetul de pe l\u00e2ng\u0103 Judec\u0103toria C\u00e2mpulung Moldovenesc.<\/span><\/p>\n<\/section>\n<p>[analyse_source url=&#8221;https:\/\/suceavalive.ro\/un-biciclist-de-72-de-ani-din-moldovita-a-ajuns-la-spital-dupa-ce-s-a-prabusit-pe-sosea-era-prea-baut-pentru-a-putea-fi-testat\/&#8221;]<\/p>\n","protected":false},"excerpt":{"rendered":"<p>[analyse_image type=&#8221;featured&#8221; src=&#8221;https:\/\/suceavalive.ro\/wp-content\/uploads\/2019\/05\/ambulanta1-1.jpghttps:\/\/suceavalive.ro\/wp-content\/uploads\/2019\/05\/ambulanta1-1.jpg&#8221;] Un biciclist de 72 de ani din Moldovi\u021ba a ajuns la spital dup\u0103 ce s-a pr\u0103bu\u0219it pe \u0219osea. Era prea b\u0103ut pentru a putea fi testat 2 martie 2026 Un b\u0103rbat \u00een v\u00e2rst\u0103 de 72 de ani a fost protagonistul unui eveniment rutier nefericit duminic\u0103 sear\u0103, pe raza comunei Moldovi\u021ba. \u00cen jurul [&hellip;]<\/p>\n","protected":false},"author":1,"featured_media":0,"comment_status":"open","ping_status":"","sticky":false,"template":"","format":"standard","meta":{"footnotes":""},"categories":[89],"tags":[226,173],"class_list":["post-1803400","post","type-post","status-publish","format-standard","hentry","category-romania","tag-crawlmanager","tag-suceavalive-ro"],"_links":{"self":[{"href":"https:\/\/analyse.optim.biz\/index.php?rest_route=\/wp\/v2\/posts\/1803400","targetHints":{"allow":["GET"]}}],"collection":[{"href":"https:\/\/analyse.optim.biz\/index.php?rest_route=\/wp\/v2\/posts"}],"about":[{"href":"https:\/\/analyse.optim.biz\/index.php?rest_route=\/wp\/v2\/types\/post"}],"author":[{"embeddable":true,"href":"https:\/\/analyse.optim.biz\/index.php?rest_route=\/wp\/v2\/users\/1"}],"replies":[{"embeddable":true,"href":"https:\/\/analyse.optim.biz\/index.php?rest_route=%2Fwp%2Fv2%2Fcomments&post=1803400"}],"version-history":[{"count":0,"href":"https:\/\/analyse.optim.biz\/index.php?rest_route=\/wp\/v2\/posts\/1803400\/revisions"}],"wp:attachment":[{"href":"https:\/\/analyse.optim.biz\/index.php?rest_route=%2Fwp%2Fv2%2Fmedia&parent=1803400"}],"wp:term":[{"taxonomy":"category","embeddable":true,"href":"https:\/\/analyse.optim.biz\/index.php?rest_route=%2Fwp%2Fv2%2Fcategories&post=1803400"},{"taxonomy":"post_tag","embeddable":true,"href":"https:\/\/analyse.optim.biz\/index.php?rest_route=%2Fwp%2Fv2%2Ftags&post=1803400"}],"curies":[{"name":"wp","href":"https:\/\/api.w.org\/{rel}","templated":true}]}}